{"id":820425,"date":"2025-05-21T11:02:17","date_gmt":"2025-05-21T08:02:17","guid":{"rendered":"https:\/\/analyse.optim.biz\/?p=820425"},"modified":"2025-05-21T11:02:17","modified_gmt":"2025-05-21T08:02:17","slug":"tradare-si-eroism-in-parlament-israel-sau-romania-incorect-politic","status":"publish","type":"post","link":"https:\/\/analyse.optim.biz\/?p=820425","title":{"rendered":"Tr\u0103dare \u0219i Eroism \u00een Parlament &#8211; Israel sau Rom\u00e2nia? &#8211; Incorect Politic"},"content":{"rendered":"<article class=\"post-listing post-79424 post type-post status-publish format-standard has-post-thumbnail  category-chestiunea-jidaneasca category-stirea-zilei tag-tradare-si-eroism-in-parlament-israel-sau-romania\" id=\"the-post\">\n<div class=\"post-inner\">\n<h1 class=\"name post-title entry-title\"><span>Tr\u0103dare \u0219i Eroism \u00een Parlament \u2013 Israel sau Rom\u00e2nia?<\/span><\/h1>\n<div class=\"entry\">\n<p>Sterie Ciumetti<strong><br \/>\nIncorect Politic<\/strong><br \/>\nMai 21, 2o25<\/p>\n<p><a href=\"https:\/\/www.incorectpolitic.com\/tradare-si-eroism-in-parlament-israel-sau-romania\/tradare\/\" rel=\"attachment wp-att-79427\"><img loading=\"lazy\" decoding=\"async\" class=\"size-full wp-image-79427 aligncenter\" src=\"https:\/\/analyse.optim.biz\/wp-content\/uploads\/2025\/12\/tradare-1.jpg\" width=\"1052\" height=\"648\" title=\"tradare-1\"><\/a><\/p>\n<h2><strong>Tr\u0103dare \u0219i Eroism \u00een Parlament \u2013 Israel sau Rom\u00e2nia?<\/strong><\/h2>\n<p>\u00a0<\/p>\n\n<p>Intr\u0103m direct \u00een chestiune:<\/p>\n<h1><strong>TR\u0102D\u0102TORII<\/strong><\/h1>\n<p><strong>C\u0103t\u0103lin Predoiu (PNL)<\/strong>, prim-ministru interimar, a povestit c\u0103 a avut onoarea de a se fi \u00eent\u00e2lnit cu o fost\u0103 ostatec\u0103. Predoiu a descris regimul de apartheid in Israel ca \u201eo democra\u021bie vibrant\u0103\u201d. Premierul a spus c\u0103 \u201e<strong>guvernul r\u0103m\u00e2ne ferm \u00een lupta sa \u00eempotriva antisemtismului, xenofobiei, a radicaliz\u0103rii \u0219i a discursului instigator la ur\u0103, flageluri care erodeaz\u0103 fundamentul democratic al oric\u0103rei societ\u0103\u021bi\u201d.<\/strong><\/p>\n<p><strong>Deputatul Silviu Vexler<\/strong> (Comunitatea Jidoveasc\u0103)<strong> a descris armata israelian\u0103 ca fiind \u201emoral\u0103 \u0219i demn\u0103\u201d<\/strong>, f\u0103c\u00e2nd tot ce e posibil \u0219i imposibil pentru a minimiza victimele civile. Parlamentarul a salutat prezen\u021ba doctorului Herman Berkovits, reprezentantul premierului Netanyahu, membru \u00een toate ultimele \u0219apte guverne ale Rom\u00e2niei.<\/p>\n<p><strong>Marius Umelnicu<\/strong> (pentru grupul PSD) a remarcat c\u0103 <strong>suntem singura \u021bar\u0103 din Uniunea European\u0103, care a f\u0103cut din predarea holocaustului \u00een liceu o materie obligatorie \u0219i a l\u0103udat adoptarea celei de-a doua strategii de combatere a antisemitismului \u0219i xenofobiei pentru etapa 2024-2027.<\/strong><\/p>\n<p><strong>Petri\u0219or Peiu<\/strong> (\u00een numele <span><strong>AUR<\/strong><\/span>) a vorbit despre c\u00e2t de grea a fost \u00eenfiin\u021barea statului Israel \u00eentre 22 de \u021b\u0103ri arabe. A \u021binut s\u0103 sublinieze c\u0103 e <strong>\u201esingura democra\u021bie \u00een sensul clasic\u201d<\/strong> din regiune. \u0218i a \u00eencheiat cu <strong>\u201esperan\u021b\u0103 c\u0103 viitorul prim-ministru al Rom\u00e2niei, indiferent cine ar fi el, \u00eel va invita la Bucure\u0219ti pe premierul Beniamin Netanyahu\u201d<\/strong> (care are un mandat de arestare pentru genocid din partea Cur\u021bii Penale Interna\u021bionale).<\/p>\n<p>Propunerea de premier a partidului AUR a mai ad\u0103ugat emo\u021bionat \u0219i c\u0103 \u00ee\u0219i dore\u0219te ca Netanyahu \u201es\u0103 ne vorbeasc\u0103 liber de la tribuna acestui parlament. \u00cen speran\u021ba c\u0103 acea zi va veni c\u00e2t mai cur\u00e2nd, \u0219i eu spun la mul\u021bi ani statului Israel de 77 de ori.\u201d (Preciz\u0103m c\u0103 liderul suveranist nu a rostit de 77 de ori urarea, ci o singur\u0103 dat\u0103. A fost o figur\u0103 de stil.)<\/p>\n<p><strong>Alexandru Muraru (PNL)<\/strong> a vorbit despre <strong>necesitatea de a sus\u021bine educa\u021bia despre Holocaust \u0219i de un Muzeu al Holocaustului la Bucure\u0219ti<\/strong>, dup\u0103 cel deschis la Ia\u0219i. Fratele ambasadorului de la Washington a amintit c\u0103 jidanii cu origini \u00een Rom\u00e2nia reprezint\u0103 a doua comunitate din Israel \u0219i c\u0103 10.000 de israelieni au primit cet\u0103\u021benia rom\u00e2n\u0103 \u00een ultimii ani.)<\/p>\n<p><strong>George Gima (USR)<\/strong> a venit cu o ce\u0219cu\u021b\u0103 de lut \u00een care a b\u0103ut o cafea \u00eentr-un sat din Israel, \u201ef\u0103cut\u0103 din p\u0103m\u00e2nt sf\u00e2nt\u201d. (Misticism insolit pentru un userist.) Tot ca o surpriz\u0103, a fost \u0219i singurul care a pronun\u021bat numele Palestina \u00eentr-o or\u0103 \u0219i jum\u0103tate de discursuri, men\u021bion\u00e2nd \u201esolu\u021bia celor dou\u0103 state\u201d \u0219i \u201eat\u00e2t de necesarele culoare umanitare\u201d. Gima a f\u0103cut de la tribun\u0103 mai multe promisiuni solemne, despre cum se va face scut \u00eempotriva urii \u0219i va fi prezent s\u0103 cure\u021be orice cimitir vandalizat, dac\u0103 se va mai \u00eent\u00e2mpla un asemenea act reprobabil.<\/p>\n<p><strong>Turos Lorand (UDMR)<\/strong> s-a declarat oripilat de cele petrecute, dar \u0219i de alegerile recente c\u00e2nd \u201e<strong>ne-a trecut glon\u021bul legionar pe la ureche\u201d.<\/strong><\/p>\n<p><strong>Varujan Pambuccina (Grupul Minorit\u0103\u021bilor)<\/strong> a salutat prezen\u021ba \u00een sal\u0103 a actri\u021bei Maia Morgenstern \u0219i a vorbit despre<strong> contribu\u021bia kibu\u021burilor \u0219i a inova\u021biei la economia Israelului.<\/strong><\/p>\n<h1><strong>EROII<\/strong><\/h1>\n<p><strong>Dumitru Manea (Miron Manega \u2013 SOS)<\/strong> a \u00eenceput prin a le cere colegilor parlamentari s\u0103 \u021bin\u0103 un moment de reculegere pentru victimele regimului comunist, comemorate \u00een aceea\u0219i zi. Lucru pe care parlamentarii l-au f\u0103cut. Apoi a \u00eencercat s\u0103 citeasc\u0103 acela\u0219i discurs, pe care \u00eel citise \u00een Camera Deputa\u021bilor cu c\u00e2teva zile \u00eenainte. Dup\u0103 doar dou\u0103 fraze, <strong>c\u00e2nd a rostit c\u00e2teva nume de conduc\u0103tori comuni\u0219ti de origine jidoveasc\u0103, i-a fost t\u0103iat microfonul de c\u0103tre pre\u0219edintele Senatului.<\/strong><\/p>\n<p>Acesta a continuat s\u0103 vorbeasc\u0103, f\u0103r\u0103 a se mai auzi \u00een sal\u0103, \u00een timp ce restul parlmantarilor SOS au urcat pe podium cu fotografii ale unor martiri ai temni\u021belor comuniste. \u00centre portrete erau \u0219i persoane recent canonizate de Biserica Ortodox\u0103, ca Arsenie Boca, dar \u0219i Iuliu Maniu \u0219i Nicu Steinhardt. Cel care conducea \u0219edin\u021ba l-a invitat pe vorbitorul cu microfonul t\u0103iat s\u0103 reintre \u00een solemnitatea \u0219edin\u021bei sau s\u0103 p\u0103r\u0103seasc\u0103 sala.<\/p>\n<div class=\"wp-video\"><video class=\"wp-video-shortcode\" id=\"video-79424-1\" width=\"360\" height=\"640\" preload=\"metadata\" controls=\"controls\"><source type=\"video\/mp4\" src=\"https:\/\/www.incorectpolitic.com\/wp-content\/uploads\/2025\/05\/tradare-in-parlam.mp4?_=1\" \/><\/video><\/div>\n<p>\u00a0<\/p>\n\n<p>Oamenilor au ajuns s\u0103 le fie sc\u00e2rb\u0103 de AUR dup\u0103 incredibilul act de servilism din Parlament. Iar non-combat-ul dup\u0103 fraudarea alegerilor indic\u0103 posibilitatea ca AUR s\u0103 fie opozi\u021bie controlat\u0103.<\/p>\n<p>Iat\u0103 un mesaj clar, r\u0103spicat, drept \u0219i ne\u00eendoit \u00een fa\u021ba colonialismului jidovesc, din partea Dianei \u0218o\u0219oac\u0103:<\/p>\n<p>Via <a href=\"https:\/\/www.facebook.com\/share\/v\/16F6DoAcmk\/\">Diana\u0218o\u0219oac\u0103<\/a>:<\/p>\n<p><strong>S.O.S. ROM\u00c2NIA CERE DREPTATE PT SFIN\u021aII \u00ceNCHISORILOR COMUNISTE OMOR\u00c2TI DE IUDEO-BOL\u0218EVICI!<\/strong><\/p>\n<p><strong>AST\u0102ZI ERA OBLIGATORIE O \u0218EDIN\u021a\u0102 PENTRU MEMORIA LOR, NU PENTRU A CELEBRA INDEPENDENTA ISRAELULUI,<\/strong><strong>C\u0102 NU VOM ACCEPTA IN VECI JUGUL COLONIALISMULUI ISRAELIAN!<\/strong><\/p>\n<p>SOLICIT\u0102M CONDAMNAREA ISRAELULUI PT CRIME \u00ceMPOTRIVA UMANIT\u0102\u021aII \u00ceN F\u00c2\u0218IA GAZA!<\/p>\n<p>FREE ROMANIA! FREE PALESTINA!<\/p>\n<p>PARLAMENTARII S.O.S. ROM\u00c2NIA AU DEFILAT CU CHIPURILE MARTIRILOR DIN \u00ceNCHISORILE COMUNISTE! RESTUL PARTIDELOR , INCLUSIV AUR SI POT, AU PUPAT IN FUND,ISRAELUL! RU\u0218INE, TR\u0102D\u0102TORILOR!<\/p>\n<p>\u203c\ufe0f S.O.S. Rom\u00e2nia cere LIBERTATE pentru PALESTINA!<\/p>\n<p>Rom\u00e2nia nu poate r\u0103m\u00e2ne indiferent\u0103 c\u00e2nd copiii, femeile \u0219i b\u0103tr\u00e2nii unei na\u021biuni sunt bombarda\u021bi \u0219i \u00eenfometa\u021bi.<\/p>\n<p><strong>CE CAUTA STEAGUL ISRAELULUI IN PARLAMENTUL ROM\u00c2NIEI? RU\u0218INE!<\/strong><\/p>\n<p>#SOSRom\u00e2nia #PalestinaLiber\u0103 #NuT\u0103cerii #Demnitate\u0218iRezisten\u021b\u0103 #freepalestina<\/p>\n<p>*<\/p>\n<p>Pute\u021bi spune orice despre presta\u021bia doamnei \u0218o\u0219oac\u0103 \u00een aceste alegeri \u0219i despre cum s-a raportat la liderii suverani\u0219ti, dar niciunul dintre ace\u0219ti lideri nu au luat taurul de coarne \u0219i nu s-au opus cotropirii iudaice din Rom\u00e2nia, ba din contr\u0103, vorbeau despre invitarea lui Netanyahu \u00een Rom\u00e2nia. Benjamin Netanyahu este un criminal de r\u0103zboi, r\u0103spunz\u0103tor de genocid \u0219i crime \u00eempotriva omenirii, iar Curtea Penal\u0103 Interna\u021bional\u0103 a emis un mandat de arestare pe numele lui.<\/p>\n<\/div>\n<div class=\"share-post\"><span class=\"share-text\">Share<\/span><\/p>\n<ul class=\"flat-social\">\n<li><a href=\"http:\/\/www.facebook.com\/sharer.php?u=https:\/\/www.incorectpolitic.com\/?p=79424\" class=\"social-facebook\" rel=\"external\" target=\"_blank\"><span>Facebook<\/span><\/a><\/li>\n<li><a href=\"https:\/\/twitter.com\/intent\/tweet?text=Tr%C4%83dare+%C8%99i+Eroism+%C3%AEn+Parlament+%E2%80%93+Israel+sau+Rom%C3%A2nia%3F&amp;url=https:\/\/www.incorectpolitic.com\/?p=79424\" class=\"social-twitter\" rel=\"external\" target=\"_blank\"><span>Twitter<\/span><\/a><\/li>\n<li><a href=\"http:\/\/pinterest.com\/pin\/create\/button\/?url=https:\/\/www.incorectpolitic.com\/?p=79424&amp;description=Tr%C4%83dare+%C8%99i+Eroism+%C3%AEn+Parlament+%E2%80%93+Israel+sau+Rom%C3%A2nia%3F&amp;media=https:\/\/analyse.optim.biz\/wp-content\/uploads\/2025\/12\/tradare-1.jpg\" class=\"social-pinterest\" rel=\"external\" target=\"_blank\"><span>Pinterest<\/span><\/a><\/li>\n<\/ul>\n<\/div>\n<\/div>\n<\/article>\n<p> Source URL: https:\/\/www.incorectpolitic.com\/tradare-si-eroism-in-parlament-israel-sau-romania\/<\/p>\n","protected":false},"excerpt":{"rendered":"<p>Tr\u0103dare \u0219i Eroism \u00een Parlament \u2013 Israel sau Rom\u00e2nia? Sterie Ciumetti Incorect Politic Mai 21, 2o25 Tr\u0103dare \u0219i Eroism \u00een Parlament \u2013 Israel sau Rom\u00e2nia? \u00a0 Intr\u0103m direct \u00een chestiune: TR\u0102D\u0102TORII C\u0103t\u0103lin Predoiu (PNL), prim-ministru interimar, a povestit c\u0103 a avut onoarea de a se fi \u00eent\u00e2lnit cu o fost\u0103 ostatec\u0103. Predoiu a descris regimul [&hellip;]<\/p>\n","protected":false},"author":1,"featured_media":820426,"comment_status":"open","ping_status":"","sticky":false,"template":"","format":"standard","meta":{"footnotes":""},"categories":[89],"tags":[95],"class_list":["post-820425","post","type-post","status-publish","format-standard","has-post-thumbnail","hentry","category-romania","tag-incorectpolitic-com"],"_links":{"self":[{"href":"https:\/\/analyse.optim.biz\/index.php?rest_route=\/wp\/v2\/posts\/820425","targetHints":{"allow":["GET"]}}],"collection":[{"href":"https:\/\/analyse.optim.biz\/index.php?rest_route=\/wp\/v2\/posts"}],"about":[{"href":"https:\/\/analyse.optim.biz\/index.php?rest_route=\/wp\/v2\/types\/post"}],"author":[{"embeddable":true,"href":"https:\/\/analyse.optim.biz\/index.php?rest_route=\/wp\/v2\/users\/1"}],"replies":[{"embeddable":true,"href":"https:\/\/analyse.optim.biz\/index.php?rest_route=%2Fwp%2Fv2%2Fcomments&post=820425"}],"version-history":[{"count":0,"href":"https:\/\/analyse.optim.biz\/index.php?rest_route=\/wp\/v2\/posts\/820425\/revisions"}],"wp:featuredmedia":[{"embeddable":true,"href":"https:\/\/analyse.optim.biz\/index.php?rest_route=\/wp\/v2\/media\/820426"}],"wp:attachment":[{"href":"https:\/\/analyse.optim.biz\/index.php?rest_route=%2Fwp%2Fv2%2Fmedia&parent=820425"}],"wp:term":[{"taxonomy":"category","embeddable":true,"href":"https:\/\/analyse.optim.biz\/index.php?rest_route=%2Fwp%2Fv2%2Fcategories&post=820425"},{"taxonomy":"post_tag","embeddable":true,"href":"https:\/\/analyse.optim.biz\/index.php?rest_route=%2Fwp%2Fv2%2Ftags&post=820425"}],"curies":[{"name":"wp","href":"https:\/\/api.w.org\/{rel}","templated":true}]}}