{"id":820398,"date":"2025-07-21T06:32:29","date_gmt":"2025-07-21T03:32:29","guid":{"rendered":"https:\/\/analyse.optim.biz\/?p=820398"},"modified":"2025-07-21T06:32:29","modified_gmt":"2025-07-21T03:32:29","slug":"senatorul-sorin-lavric-distruge-institutul-elie-wiesel-poarta-numele-unui-impostor-incorect-politic","status":"publish","type":"post","link":"https:\/\/analyse.optim.biz\/?p=820398","title":{"rendered":"Senatorul Sorin Lavric DISTRUGE institutul Elie Wiesel: &#8220;Poart\u0103 numele unui impostor!&#8221; &#8211; Incorect Politic"},"content":{"rendered":"<article class=\"post-listing post-79723 post type-post status-publish format-standard has-post-thumbnail  category-chestiunea-jidaneasca category-stirea-zilei tag-senatorul-sorin-lavric-distruge-institutul-elie-wiesel-poarta-numele-unui-impostor\" id=\"the-post\">\n<div class=\"post-inner\">\n<h1 class=\"name post-title entry-title\"><span>Senatorul Sorin Lavric DISTRUGE institutul Elie Wiesel: \u201cPoart\u0103 numele unui impostor!\u201d<\/span><\/h1>\n<div class=\"entry\">\n<p><strong>Incorect Politic<\/strong><br \/>\nIulie 21, 2025<\/p>\n<p><a href=\"https:\/\/www.incorectpolitic.com\/sorin-lavric-il-elogiaza-pe-haiducul-gogu-puiu-luptator-in-rezistenta-armata-anticomunista\/laser-sorin-lavric\/\" rel=\"attachment wp-att-48442\"><img loading=\"lazy\" decoding=\"async\" class=\"size-full wp-image-48442 aligncenter lazyload\" width=\"696\" height=\"371\" src=\"https:\/\/analyse.optim.biz\/wp-content\/uploads\/2025\/12\/laser-sorin-lavric-1.jpg\" title=\"laser-sorin-lavric-1\"><\/a><\/p>\n<p><img loading=\"lazy\" decoding=\"async\" class=\"size-full wp-image-48442 aligncenter\" src=\"https:\/\/analyse.optim.biz\/wp-content\/uploads\/2025\/12\/laser-sorin-lavric-1.jpg\" width=\"696\" height=\"371\" data-eio=\"l\" title=\"laser-sorin-lavric-1\"><\/p>\n<h2><strong>Senatorul Sorin Lavric DISTRUGE institutul Elie Wiesel: \u201cPoart\u0103 numele unui impostor!\u201d<\/strong><\/h2>\n<p><em>Via <a href=\"https:\/\/www.activenews.ro\/stiri\/Senatorul-Lavric-da-de-pamant-cu-patronul-Institutului-%E2%80%9EElie-Wiesel-A-fost-un-impostor-ordinar-care-nu-a-trecut-o-secunda-pe-la-Auschwitz-198692\">ActiveNews<\/a>:<\/em><\/p>\n<p>Prezent la Zilele Rezisten\u021bei \u0219i aniversarea a 30 de ani de la inaugurarea Crucii Partizanilor de la M\u0103n\u0103stirea S\u00e2mb\u0103ta de Sus (foto mai jos), senatorul AUR Sorin Lavric a f\u0103cut o afirma\u021bie grea:<\/p>\n<p><strong>\u201eInstitutul de represiune iudaic\u0103 asupra valorilor de dreapta din Rom\u00e2nia poart\u0103 numele unui impostor ordinar: Elie Wiesel.<\/strong><\/p>\n<p>Acest cameleon nu a trecut o secund\u0103 pe la Auschwitz, dar \u0219i-a m\u0103sluit biografia p\u00een\u0103 \u00eentr-acolo \u00eenc\u00e2t a preluat identitatea unui alt Wiesel, ungur trecut \u00eentr-adev\u0103r pe acolo (foto).<\/p>\n<p><a href=\"https:\/\/www.incorectpolitic.com\/senatorul-sorin-lavric-distruge-institutul-elie-wiesel-poarta-numele-unui-impostor\/elie-wiesel-or-lazar-wiesel-at-auschwitz-international-fraud\/\" rel=\"attachment wp-att-79725\"><img loading=\"lazy\" decoding=\"async\" class=\"size-large wp-image-79725 aligncenter lazyload\" src=\"https:\/\/analyse.optim.biz\/wp-content\/uploads\/2025\/12\/elie-wiesel-or-lazar-wiesel-at-auschwitz-international-fraud.jpg\" width=\"424\" height=\"366\" title=\"elie-wiesel-or-lazar-wiesel-at-auschwitz-international-fraud\"><\/a><\/p>\n<p><img loading=\"lazy\" decoding=\"async\" class=\"size-large wp-image-79725 aligncenter\" src=\"https:\/\/analyse.optim.biz\/wp-content\/uploads\/2025\/12\/elie-wiesel-or-lazar-wiesel-at-auschwitz-international-fraud.jpg\" width=\"424\" height=\"366\" data-eio=\"l\" title=\"elie-wiesel-or-lazar-wiesel-at-auschwitz-international-fraud\"><\/p>\n<p><a href=\"https:\/\/www.incorectpolitic.com\/senatorul-sorin-lavric-distruge-institutul-elie-wiesel-poarta-numele-unui-impostor\/fake-pic-holo\/\" rel=\"attachment wp-att-79727\"><img loading=\"lazy\" decoding=\"async\" class=\"size-full wp-image-79727 aligncenter lazyload\" src=\"https:\/\/analyse.optim.biz\/wp-content\/uploads\/2025\/12\/fake-pic-holo.jpg\" width=\"650\" height=\"572\" title=\"fake-pic-holo\"><\/a><\/p>\n<p><img loading=\"lazy\" decoding=\"async\" class=\"size-full wp-image-79727 aligncenter\" src=\"https:\/\/analyse.optim.biz\/wp-content\/uploads\/2025\/12\/fake-pic-holo.jpg\" width=\"650\" height=\"572\" data-eio=\"l\" title=\"fake-pic-holo\"><\/p>\n<p>Ba chiar mincinosul de Wiesel a scris o carte de memorii despre c\u00e2t a suferit la v\u00e2rsta copil\u0103riei \u00een lag\u0103rul mor\u021bii.<\/p>\n<p>At\u00e2ta doar c\u0103 adev\u0103ratul Wiesel l-a denun\u021bat pe pu\u0219lama (<a href=\"http:\/\/www.eliewieseltattoo.com\/\">link aici<\/a>). Urmarea? Pu\u0219lamaua a luat premiul Nobel pentru Pace, devenind un simbol al concordiei universale. Mai mult, a intrat \u00een pielea unui v\u00e2n\u0103tor de \u201ecriminali\u201d de legionari. Tocmai el, care \u0219i-a falsificat via\u021ba p\u00e2n\u0103 la a face din ea o minciun\u0103 criminal\u0103. Iar numele lui st\u0103 pe frontispiciul institu\u021biei care \u0219i-a f\u0103cut o menire din a-i discredita pe Vulc\u0103nescu, Gafencu, Ianolide, Ogoranu.<\/p>\n<p><strong>Voi, masore\u021bi marxi\u0219ti, c\u00e2t crede\u021bi c\u0103 v\u0103 vom mai r\u0103bda?\u201d<\/strong>, a \u00eencheiat Sorin Lavric.<\/p>\n<p><a href=\"https:\/\/www.incorectpolitic.com\/senatorul-sorin-lavric-distruge-institutul-elie-wiesel-poarta-numele-unui-impostor\/crucea-rezistentei-2025\/\" rel=\"attachment wp-att-79724\"><img loading=\"lazy\" decoding=\"async\" class=\"size-full wp-image-79724 aligncenter lazyload\" src=\"https:\/\/analyse.optim.biz\/wp-content\/uploads\/2025\/12\/crucea-rezistentei-2025.jpg\" width=\"1080\" height=\"958\" title=\"crucea-rezistentei-2025\"><\/a><\/p>\n<p><img loading=\"lazy\" decoding=\"async\" class=\"size-full wp-image-79724 aligncenter\" src=\"https:\/\/analyse.optim.biz\/wp-content\/uploads\/2025\/12\/crucea-rezistentei-2025.jpg\" width=\"1080\" height=\"958\" data-eio=\"l\" title=\"crucea-rezistentei-2025\"><em>FOTO: CMZ RO: \u201cN-au lini\u0219te mor\u021bii acestui popor..\u201d Dup\u0103 ce \u00een via\u021b\u0103 au fost persecuta\u021bi de c\u0103tre comuni\u0219tii antirom\u00e2ni \u0219i atei, nici dup\u0103 moarte nu sunt l\u0103sa\u021bi \u00een pace, ci sunt persecuta\u021bi de c\u0103tre comuni\u0219tii de azi. Zilele Rezistentei, 2025<\/em><\/p>\n<p>\u00a0<\/p>\n<\/div>\n<div class=\"share-post\"><span class=\"share-text\">Share<\/span><\/p>\n<ul class=\"flat-social\">\n<li><a href=\"http:\/\/www.facebook.com\/sharer.php?u=https:\/\/www.incorectpolitic.com\/?p=79723\" class=\"social-facebook\" rel=\"external\" target=\"_blank\"><span>Facebook<\/span><\/a><\/li>\n<li><a href=\"https:\/\/twitter.com\/intent\/tweet?text=Senatorul+Sorin+Lavric+DISTRUGE+institutul+Elie+Wiesel%3A+%E2%80%9CPoart%C4%83+numele+unui+impostor%21%E2%80%9D&amp;url=https:\/\/www.incorectpolitic.com\/?p=79723\" class=\"social-twitter\" rel=\"external\" target=\"_blank\"><span>Twitter<\/span><\/a><\/li>\n<li><a href=\"http:\/\/pinterest.com\/pin\/create\/button\/?url=https:\/\/www.incorectpolitic.com\/?p=79723&amp;description=Senatorul+Sorin+Lavric+DISTRUGE+institutul+Elie+Wiesel%3A+%E2%80%9CPoart%C4%83+numele+unui+impostor%21%E2%80%9D&amp;media=https:\/\/www.incorectpolitic.com\/wp-content\/uploads\/2021\/04\/laser-sorin-lavric-660x330.jpg\" class=\"social-pinterest\" rel=\"external\" target=\"_blank\"><span>Pinterest<\/span><\/a><\/li>\n<\/ul>\n<\/div>\n<\/div>\n<\/article>\n<p> Source URL: https:\/\/www.incorectpolitic.com\/senatorul-sorin-lavric-distruge-institutul-elie-wiesel-poarta-numele-unui-impostor\/<\/p>\n","protected":false},"excerpt":{"rendered":"<p>Senatorul Sorin Lavric DISTRUGE institutul Elie Wiesel: \u201cPoart\u0103 numele unui impostor!\u201d Incorect Politic Iulie 21, 2025 Senatorul Sorin Lavric DISTRUGE institutul Elie Wiesel: \u201cPoart\u0103 numele unui impostor!\u201d Via ActiveNews: Prezent la Zilele Rezisten\u021bei \u0219i aniversarea a 30 de ani de la inaugurarea Crucii Partizanilor de la M\u0103n\u0103stirea S\u00e2mb\u0103ta de Sus (foto mai jos), senatorul AUR [&hellip;]<\/p>\n","protected":false},"author":1,"featured_media":820399,"comment_status":"open","ping_status":"","sticky":false,"template":"","format":"standard","meta":{"footnotes":""},"categories":[89],"tags":[95],"class_list":["post-820398","post","type-post","status-publish","format-standard","has-post-thumbnail","hentry","category-romania","tag-incorectpolitic-com"],"_links":{"self":[{"href":"https:\/\/analyse.optim.biz\/index.php?rest_route=\/wp\/v2\/posts\/820398","targetHints":{"allow":["GET"]}}],"collection":[{"href":"https:\/\/analyse.optim.biz\/index.php?rest_route=\/wp\/v2\/posts"}],"about":[{"href":"https:\/\/analyse.optim.biz\/index.php?rest_route=\/wp\/v2\/types\/post"}],"author":[{"embeddable":true,"href":"https:\/\/analyse.optim.biz\/index.php?rest_route=\/wp\/v2\/users\/1"}],"replies":[{"embeddable":true,"href":"https:\/\/analyse.optim.biz\/index.php?rest_route=%2Fwp%2Fv2%2Fcomments&post=820398"}],"version-history":[{"count":0,"href":"https:\/\/analyse.optim.biz\/index.php?rest_route=\/wp\/v2\/posts\/820398\/revisions"}],"wp:featuredmedia":[{"embeddable":true,"href":"https:\/\/analyse.optim.biz\/index.php?rest_route=\/wp\/v2\/media\/820399"}],"wp:attachment":[{"href":"https:\/\/analyse.optim.biz\/index.php?rest_route=%2Fwp%2Fv2%2Fmedia&parent=820398"}],"wp:term":[{"taxonomy":"category","embeddable":true,"href":"https:\/\/analyse.optim.biz\/index.php?rest_route=%2Fwp%2Fv2%2Fcategories&post=820398"},{"taxonomy":"post_tag","embeddable":true,"href":"https:\/\/analyse.optim.biz\/index.php?rest_route=%2Fwp%2Fv2%2Ftags&post=820398"}],"curies":[{"name":"wp","href":"https:\/\/api.w.org\/{rel}","templated":true}]}}