{"id":820385,"date":"2025-07-22T12:16:27","date_gmt":"2025-07-22T09:16:27","guid":{"rendered":"https:\/\/analyse.optim.biz\/?p=820385"},"modified":"2025-07-22T12:16:27","modified_gmt":"2025-07-22T09:16:27","slug":"sorin-lavric-scrisoare-deschisa-catre-premierul-romaniei-in-subordinea-guvernului-se-afla-o-institutie-cu-totul-parazitara-al-carei-nume-este-institutul-elie-wiesel-incorec","status":"publish","type":"post","link":"https:\/\/analyse.optim.biz\/?p=820385","title":{"rendered":"Sorin Lavric &#8211; Scrisoare deschis\u0103 c\u0103tre Premierul Rom\u00e2niei: &#8220;\u00cen subordinea Guvernului se afl\u0103 o institu\u021bie cu totul parazitar\u0103, al c\u0103rei nume este Institutul \u201eElie Wiesel\u201d&#8221; &#8211; Incorect Politic"},"content":{"rendered":"<article class=\"post-listing post-79750 post type-post status-publish format-standard has-post-thumbnail  category-chestiunea-jidaneasca category-stirea-zilei tag-alexandru-florian tag-in-subordinea-guvernului-se-afla-o-institutie-cu-totul-parazitara tag-institut-parazitar-elie-wiesel tag-institutul-terorist-elie-wiesel tag-sorin-lavric tag-sorin-lavric-scrisoare-deschisa-catre-premierul-romaniei tag-sorin-lavric-alexandru-florian tag-sorin-lavric-elie-wiesel tag-sorin-lavric-scrisoare-deschisa\" id=\"the-post\">\n<div class=\"post-inner\">\n<h1 class=\"name post-title entry-title\"><span>Sorin Lavric \u2013 Scrisoare deschis\u0103 c\u0103tre Premierul Rom\u00e2niei: \u201c\u00cen subordinea Guvernului se afl\u0103 o institu\u021bie cu totul parazitar\u0103, al c\u0103rei nume este Institutul \u201eElie Wiesel\u201d\u201d<\/span><\/h1>\n<div class=\"entry\">\n<p><strong>Incorect Politic<\/strong><br \/>\nIulie 22, 2025<\/p>\n<p><a href=\"https:\/\/www.incorectpolitic.com\/sorin-lavric-scrisoare-deschisa-catre-premierul-romaniei-in-subordinea-guvernului-se-afla-o-institutie-cu-totul-parazitara-al-carei-nume-este-institutul-elie-wiesel\/lavric_2207202502\/\" rel=\"attachment wp-att-79753\"><img loading=\"lazy\" decoding=\"async\" class=\"size-full wp-image-79753 aligncenter\" src=\"https:\/\/analyse.optim.biz\/wp-content\/uploads\/2025\/12\/lavric_2207202502-1.png\" width=\"1271\" height=\"708\" title=\"lavric_2207202502-1\"><\/a><\/p>\n<h2><strong>Sorin Lavric \u2013 scrisoare deschis\u0103 c\u0103tre Premierul Rom\u00e2niei:<\/strong><\/h2>\n<h2><strong> \u201c\u00cen subordinea Guvernului se afl\u0103 o institu\u021bie cu totul parazitar\u0103, al c\u0103rei nume este Institutul \u201eElie Wiesel\u201d\u201d<\/strong><\/h2>\n<p><em>Via <a href=\"https:\/\/t.me\/casusbelli2021\">CasusBelli<\/a>:<\/em><\/p>\n<p><em>Stimate domnule Prim-ministru Ilie Bolojan,<\/em><\/p>\n<p>Inten\u021bia dumneavoastr\u0103 de a reduce risipa financiar\u0103 din Guvern am \u00eent\u00e2mpinat-o cu mult\u0103 \u00eencredere. Multe voci v-au repro\u0219at c\u0103 a\u021bi \u00eenceput cura de austeritate cu p\u0103turile de jos \u0219i nu cu cele privilegiate. Tocmai de aceea, t\u0103ierea sinecurilor din Guvern este binevenit\u0103. Aceast\u0103 t\u0103iere nu trebuie s\u0103 cru\u021be pe nimeni dintre cei oplo\u0219i\u021bi sub pulpana institu\u021biei pe care o conduce\u021bi.<\/p>\n<p>Din acest motiv, v\u0103 amintesc c\u0103 \u00een subordinea Guvernului se afl\u0103 o institu\u021bie cu totul parazitar\u0103, al c\u0103rei nume este Institutul \u201eElie Wiesel\u201d.<\/p>\n<p>Sunt patru argumente pentru rolul s\u0103u malefic:<\/p>\n<p>1. <strong>Numele pe care \u00eel poart\u0103 este al unui impostor care nu a trecut o secund\u0103 pe la Auschwitz<\/strong>, detaliu care nu l-a \u00eempiedicat s\u0103-\u0219i m\u0103sluiasc\u0103 biografia p\u00e2n\u0103 \u00eentr-acolo \u00eenc\u00e2t, \u00eensu\u0219indu-\u0219i via\u021ba altui Wiesel, a pozat mereu \u00eentr-o victim\u0103 a lag\u0103rului mor\u021bii. Este o fars\u0103 macabr\u0103 ca tocmai institu\u021bia menit\u0103 s\u0103 cerceteze Holocaustul s\u0103 pun\u0103 pe frontispiciul ei numele unui impostor dovedit.<\/p>\n<p>2. <strong>Institutul cu pricina este un factor de represiune asupra valorilor de Dreapta<\/strong>, valori pe care le-au \u00eentruchipat, prin sacrificiu, de\u021binu\u021bii politici din Rom\u00e2nia. Memoria lor este maculat\u0103 perpetuu sub spectrul unui duh r\u0103zbun\u0103tor care nu are nici \u00een clin, nici \u00een m\u00e2nec\u0103 cu duhul cre\u0219tin.<\/p>\n<p>3. <strong>Indemniza\u021biile celor care lucreaz\u0103 \u00een acest institut provin din impozitele pl\u0103tite de noi<\/strong>. Uita\u021bi-v\u0103 la organigrama institu\u021biei: ce fac ace\u0219ti angaja\u021bi? Cerceteaz\u0103 ei cumva Holocaustul? Nici vorb\u0103! Sunt gazetari-mercenari scriind, la comanda domnului Alexandru Florian, articole menite s\u0103 def\u0103imeze posteritatea de\u021binu\u021bilor politici, figuri legendare din r\u00e2ndul c\u0103rora s-au ridicat martirii \u0219i sfin\u021bii din \u00eenchisorile comuniste.<\/p>\n<p>4. De cur\u00e2nd, pre\u0219edintele statului, Nicu\u0219or Dan, a retrimis \u00een Parlament o lege cu totul sinistr\u0103 (\u201elegea Vexler\u201d), al c\u0103rei scop este de a ne reduce la t\u0103cere \u00een privin\u021ba eroilor no\u0219tri. Ce face Alexandru Florian la Institutul \u201eElie Wiesel\u201d este \u00een deplin\u0103 concordan\u021b\u0103 cu ce face Silviu Vexler \u00een Parlament. <strong>E vorba de un dictat sub ap\u0103sarea c\u0103ruia ne vom \u00eentoarce \u00een vremea comunismului.<\/strong> Vom vorbi pe la col\u021buri, \u00eentre patru pere\u021bi, numai \u00eentre prieteni. Aceia dintre noi care nu vor accepta dictatul vor \u00eenghi\u021bi pu\u0219c\u0103ria.<\/p>\n<p>Dintre cele patru argumente, pe dumneavoastr\u0103 v\u0103 preocup\u0103 al treilea: risipa de bani din aceast\u0103 institu\u021bie parazitat\u0103. Din acest motiv, scoate\u021bi-o de sub tutela Guvernului \u0219i reda\u021bi-i statutul de ONG. Reda\u021bi-i lui Alexandru Florian condi\u021bia pe care o merit\u0103: un nimeni, care \u00ee\u0219i umple vidul intelectual cu o ur\u0103 nestins\u0103 fa\u021b\u0103 de rom\u00e2ni, un sarcopt ideologic \u00eencuibat f\u0103r\u0103 scrupule \u00een epiderma financiar\u0103 a Guvernului. Nu-i da\u021bi satisfac\u021bia de a crede c\u0103 v\u0103 poate \u00eenfr\u00e2nge inten\u021bia de a cur\u0103\u021ba Guvernul de parazi\u021bi.<\/p>\n<p>Func\u021biile politice sunt efemere, dar amintirea rom\u00e2nilor fa\u021b\u0103 de presta\u021bia politicienilor r\u0103m\u00e2ne. C\u00e2nd nu ve\u021bi mai fi premier, v\u0103 ve\u021bi \u00eentoarce \u00een forul \u00een care rom\u00e2nii v-au trimis prin vot: Senatul Rom\u00e2niei. Sunte\u021bi senator \u0219i nimeni nu v\u0103 poate lua acest rang. Fi\u021bi la \u00een\u0103l\u021bimea lui! \u00cemi doresc ca, atunci c\u00e2nd ne vom \u00eent\u00e2lni \u00een plenul Senatului, s\u0103 v\u0103 str\u00e2ng m\u00e2na \u0219i s\u0103 v\u0103 mul\u021bumesc pentru actul de \u201edeparazitare\u201d la care a\u021bi supus Guvernul. \u00cen cursul acestui act nu-i pute\u021bi omite pe vindicativii masore\u021bi marxi\u0219ti, c\u0103rora li s-a \u00eentip\u0103rit \u00een minte c\u0103 pot s\u0103v\u00e2r\u0219i abuzuri la infinit, \u00eentr-un institut al c\u0103rui nume este cel al unui farseur istoric.<\/p>\n<p><em>Cu deplin\u0103 considera\u021bie, Sorin Lavric, Senator AUR<\/em><\/p>\n<\/div>\n<div class=\"share-post\"><span class=\"share-text\">Share<\/span><\/p>\n<ul class=\"flat-social\">\n<li><a href=\"http:\/\/www.facebook.com\/sharer.php?u=https:\/\/www.incorectpolitic.com\/?p=79750\" class=\"social-facebook\" rel=\"external\" target=\"_blank\"><span>Facebook<\/span><\/a><\/li>\n<li><a href=\"https:\/\/twitter.com\/intent\/tweet?text=Sorin+Lavric+%E2%80%93+Scrisoare+deschis%C4%83+c%C4%83tre+Premierul+Rom%C3%A2niei%3A+%E2%80%9C%C3%8En+subordinea+Guvernului+se+afl%C4%83+o+institu%C8%9Bie+cu+totul+parazitar%C4%83%2C+al+c%C4%83rei+nume+este+Institutul+%E2%80%9EElie+Wiesel%E2%80%9D%E2%80%9D&amp;url=https:\/\/www.incorectpolitic.com\/?p=79750\" class=\"social-twitter\" rel=\"external\" target=\"_blank\"><span>Twitter<\/span><\/a><\/li>\n<li><a href=\"http:\/\/pinterest.com\/pin\/create\/button\/?url=https:\/\/www.incorectpolitic.com\/?p=79750&amp;description=Sorin+Lavric+%E2%80%93+Scrisoare+deschis%C4%83+c%C4%83tre+Premierul+Rom%C3%A2niei%3A+%E2%80%9C%C3%8En+subordinea+Guvernului+se+afl%C4%83+o+institu%C8%9Bie+cu+totul+parazitar%C4%83%2C+al+c%C4%83rei+nume+este+Institutul+%E2%80%9EElie+Wiesel%E2%80%9D%E2%80%9D&amp;media=https:\/\/analyse.optim.biz\/wp-content\/uploads\/2025\/12\/lavric_2207202502-1.png\" class=\"social-pinterest\" rel=\"external\" target=\"_blank\"><span>Pinterest<\/span><\/a><\/li>\n<\/ul>\n<\/div>\n<\/div>\n<\/article>\n<p> Source URL: https:\/\/www.incorectpolitic.com\/sorin-lavric-scrisoare-deschisa-catre-premierul-romaniei-in-subordinea-guvernului-se-afla-o-institutie-cu-totul-parazitara-al-carei-nume-este-institutul-elie-wiesel\/<\/p>\n","protected":false},"excerpt":{"rendered":"<p>Sorin Lavric \u2013 Scrisoare deschis\u0103 c\u0103tre Premierul Rom\u00e2niei: \u201c\u00cen subordinea Guvernului se afl\u0103 o institu\u021bie cu totul parazitar\u0103, al c\u0103rei nume este Institutul \u201eElie Wiesel\u201d\u201d Incorect Politic Iulie 22, 2025 Sorin Lavric \u2013 scrisoare deschis\u0103 c\u0103tre Premierul Rom\u00e2niei: \u201c\u00cen subordinea Guvernului se afl\u0103 o institu\u021bie cu totul parazitar\u0103, al c\u0103rei nume este Institutul \u201eElie Wiesel\u201d\u201d [&hellip;]<\/p>\n","protected":false},"author":1,"featured_media":820386,"comment_status":"open","ping_status":"","sticky":false,"template":"","format":"standard","meta":{"footnotes":""},"categories":[89],"tags":[95],"class_list":["post-820385","post","type-post","status-publish","format-standard","has-post-thumbnail","hentry","category-romania","tag-incorectpolitic-com"],"_links":{"self":[{"href":"https:\/\/analyse.optim.biz\/index.php?rest_route=\/wp\/v2\/posts\/820385","targetHints":{"allow":["GET"]}}],"collection":[{"href":"https:\/\/analyse.optim.biz\/index.php?rest_route=\/wp\/v2\/posts"}],"about":[{"href":"https:\/\/analyse.optim.biz\/index.php?rest_route=\/wp\/v2\/types\/post"}],"author":[{"embeddable":true,"href":"https:\/\/analyse.optim.biz\/index.php?rest_route=\/wp\/v2\/users\/1"}],"replies":[{"embeddable":true,"href":"https:\/\/analyse.optim.biz\/index.php?rest_route=%2Fwp%2Fv2%2Fcomments&post=820385"}],"version-history":[{"count":0,"href":"https:\/\/analyse.optim.biz\/index.php?rest_route=\/wp\/v2\/posts\/820385\/revisions"}],"wp:featuredmedia":[{"embeddable":true,"href":"https:\/\/analyse.optim.biz\/index.php?rest_route=\/wp\/v2\/media\/820386"}],"wp:attachment":[{"href":"https:\/\/analyse.optim.biz\/index.php?rest_route=%2Fwp%2Fv2%2Fmedia&parent=820385"}],"wp:term":[{"taxonomy":"category","embeddable":true,"href":"https:\/\/analyse.optim.biz\/index.php?rest_route=%2Fwp%2Fv2%2Fcategories&post=820385"},{"taxonomy":"post_tag","embeddable":true,"href":"https:\/\/analyse.optim.biz\/index.php?rest_route=%2Fwp%2Fv2%2Ftags&post=820385"}],"curies":[{"name":"wp","href":"https:\/\/api.w.org\/{rel}","templated":true}]}}