{"id":819748,"date":"2018-04-10T20:53:29","date_gmt":"2018-04-10T17:53:29","guid":{"rendered":"https:\/\/analyse.optim.biz\/?p=819748"},"modified":"2018-04-10T20:53:29","modified_gmt":"2018-04-10T17:53:29","slug":"cultura-tiganeasca-bomba-toxica-pentru-poporul-roman-incorect-politic","status":"publish","type":"post","link":"https:\/\/analyse.optim.biz\/?p=819748","title":{"rendered":"&#8220;Cultura&#8221; \u021aig\u0103neasc\u0103, Bomb\u0103 Toxic\u0103 Pentru Poporul Rom\u00e2n &#8211; Incorect Politic"},"content":{"rendered":"<article class=\"post-listing post-5501 post type-post status-publish format-standard has-post-thumbnail  category-problema-tiganeasca category-stirea-zilei\" id=\"the-post\">\n<div class=\"post-inner\">\n<h1 class=\"name post-title entry-title\"><span>\u201cCultura\u201d \u021aig\u0103neasc\u0103, Bomb\u0103 Toxic\u0103 Pentru Poporul Rom\u00e2n<\/span><\/h1>\n<div class=\"entry\">\n<p>Pandurul<br \/><strong>Incorect Politic<\/strong><br \/>\nAprilie 11, 2018<\/p>\n<p><a href=\"https:\/\/analyse.optim.biz\/wp-content\/uploads\/2025\/12\/rromi_tigani.jpg\"><img loading=\"lazy\" decoding=\"async\" class=\"aligncenter wp-image-5516 size-full lazyload\" alt='\"Cultura\" \u021aig\u0103neasc\u0103, Bomb\u0103 Toxic\u0103 Pentru Poporul Rom\u00e2n' width=\"680\" height=\"359\" src=\"https:\/\/analyse.optim.biz\/wp-content\/uploads\/2025\/12\/rromi_tigani.jpg\" title=\"rromi_tigani\"><\/a><\/p>\n<p><img loading=\"lazy\" decoding=\"async\" class=\"aligncenter wp-image-5516 size-full\" src=\"https:\/\/analyse.optim.biz\/wp-content\/uploads\/2025\/12\/rromi_tigani.jpg\" alt='\"Cultura\" \u021aig\u0103neasc\u0103, Bomb\u0103 Toxic\u0103 Pentru Poporul Rom\u00e2n' width=\"680\" height=\"359\" data-eio=\"l\" title=\"rromi_tigani\"><\/p>\n<p>Dup\u0103 cum bine \u0219tim, \u00een ultimii ani, \u201ccultura\u201d \u021big\u0103neasc\u0103 a acaparat media rom\u00e2neasc\u0103 \u0219i pe plan spiritual \u021biganii au distrus poporul rom\u00e2n.<\/p>\n<p>Mul\u021bi rom\u00e2ni nu au realizat \u00eenc\u0103 faptul \u0103sta, iar al\u021bii au \u00eenceput s\u0103 spun\u0103 \u201cmanelele e via\u021ba me\u201d, desigur, \u00een timp ce se pl\u00e2ng de societatea rom\u00e2neasc\u0103 \u0219i mai auzi pe la vro alimentar\u0103: \u201cRom\u00e2nia domne\u2026Rom\u00e2nia..\u201d.<\/p>\n<p>Pot s\u0103 clarific de la \u00eenceput c\u0103 maneaua este o poluare fonic\u0103, ea nu e \u00een stare s\u0103 produc\u0103 fior. Sigur, manelistul poate sus\u021bine c\u0103 el simte, dar dac\u0103 stai s\u0103 te g\u00e2nde\u0219ti, manelele sunt doar ni\u0219te mizerii de texte cu ritm \u0219i cu c\u00e2t le ascul\u021bi mai mult, cu at\u00e2t te obi\u0219nuie\u0219ti cu ele, dar asta nu \u00eenseamn\u0103 c\u0103 nu e\u0219ti afectat de ele.<\/p>\n<p><a href=\"https:\/\/analyse.optim.biz\/wp-content\/uploads\/2025\/12\/images-1.jpg\"><img loading=\"lazy\" decoding=\"async\" class=\"size-full wp-image-5517 aligncenter lazyload\" src=\"https:\/\/analyse.optim.biz\/wp-content\/uploads\/2025\/12\/images-1.jpg\" width=\"299\" height=\"168\" title=\"images-1\"><\/a><\/p>\n<p><img loading=\"lazy\" decoding=\"async\" class=\"size-full wp-image-5517 aligncenter\" src=\"https:\/\/analyse.optim.biz\/wp-content\/uploads\/2025\/12\/images-1.jpg\" width=\"299\" height=\"168\" data-eio=\"l\" title=\"images-1\"><\/p>\n<p>Ele au asupra ascult\u0103torului un efect negativ, nu-i dezvolt\u0103 cultura, ci \u00eedobitoce\u0219te omul treptat, asta \u00eenseamn\u0103 c\u0103 la nivel de popor, murim din punct de vedere cultural zi de zi, f\u0103r\u0103 s\u0103 ne d\u0103m seama!<\/p>\n<p>Nu, nu sunt singurul care spune c\u0103 a\u0219a zisa \u201ccultur\u0103\u201d \u021big\u0103neasc\u0103 \u0219i \u00een special manelele d\u0103uneaz\u0103 rom\u00e2nilor pe plan spiritual ci \u0219i marele George Pruteanu este de acord cu mine.<\/p>\n<p>Totu\u0219i, rom\u00e2nii au decis s\u0103 ignore intelectualii \u021b\u0103rii, \u0103ia pu\u021bini care au mai r\u0103mas dup\u0103 comunism \u0219i au \u00eenceput s\u0103 mi\u0219te din buric pe ritmuri orientale.<\/p>\n<p><a href=\"https:\/\/analyse.optim.biz\/wp-content\/uploads\/2025\/12\/florin-salam-taiat-de-pe-lista-la-cea-mai-mare-petrecere-din-tiganie-unde-s-au-distrat-toti-lautarii-in-lipsa-regelui-manelelor-2.jpg\"><img loading=\"lazy\" decoding=\"async\" class=\"size-full wp-image-5518 aligncenter lazyload\" width=\"560\" height=\"400\" src=\"https:\/\/analyse.optim.biz\/wp-content\/uploads\/2025\/12\/florin-salam-taiat-de-pe-lista-la-cea-mai-mare-petrecere-din-tiganie-unde-s-au-distrat-toti-lautarii-in-lipsa-regelui-manelelor-2.jpg\" title=\"florin-salam-taiat-de-pe-lista-la-cea-mai-mare-petrecere-din-tiganie-unde-s-au-distrat-toti-lautarii-in-lipsa-regelui-manelelor-2\"><\/a><\/p>\n<p><img loading=\"lazy\" decoding=\"async\" class=\"size-full wp-image-5518 aligncenter\" src=\"https:\/\/analyse.optim.biz\/wp-content\/uploads\/2025\/12\/florin-salam-taiat-de-pe-lista-la-cea-mai-mare-petrecere-din-tiganie-unde-s-au-distrat-toti-lautarii-in-lipsa-regelui-manelelor-2.jpg\" width=\"560\" height=\"400\" data-eio=\"l\" title=\"florin-salam-taiat-de-pe-lista-la-cea-mai-mare-petrecere-din-tiganie-unde-s-au-distrat-toti-lautarii-in-lipsa-regelui-manelelor-2\"><\/p>\n<p>Ne pl\u00e2ngem de situa\u021bia Rom\u00e2niei mai mereu, dar se implic\u0103 cineva politic? Nu! Dar nici n-ai s\u0103 vezi un manelist c\u0103 vrea s\u0103-\u0219i fac\u0103 partid \u0219i s\u0103 guverneze.<\/p>\n<p>Situa\u021bia Rom\u00e2niei e unde e acum pentru c\u0103 am adoptat o cultur\u0103 inferioar\u0103 nou\u0103 \u0219i acum ne pl\u00e2ngem de ce suntem \u00een c\u0103cat. Pofti\u021bi folclorul rom\u00e2nesc, uitat de lume, portul popular? Mai bine dau 5 milioane pe o pereche de blugi \u0219i o geant\u0103 \u201cGucci\u201d, las\u0103 tradi\u021bia s\u0103 moar\u0103 \u0219i a\u0219a \u0219i \u021bara.<\/p>\n<p>Vede\u021bi voi, o \u021bar\u0103 f\u0103r\u0103 tradi\u021bii, f\u0103r\u0103 continuitate, o \u021bar\u0103 neomogen\u0103 din punct de vedere etnic \u0219i rasial, este destinat\u0103 s\u0103 cad\u0103.<\/p>\n<p><a href=\"https:\/\/www.incorectpolitic.com\/wp-content\/uploads\/2018\/04\/5e545-regele-cioaba.jpg\"><img loading=\"lazy\" decoding=\"async\" class=\"aligncenter wp-image-5519 size-medium lazyload\" width=\"300\" height=\"285\" src=\"https:\/\/analyse.optim.biz\/wp-content\/uploads\/2025\/12\/5e545-regele-cioaba-300x285-1.jpg\" title=\"5e545-regele-cioaba-300x285-1\"><\/a><\/p>\n<p><img loading=\"lazy\" decoding=\"async\" class=\"aligncenter wp-image-5519 size-medium\" src=\"https:\/\/analyse.optim.biz\/wp-content\/uploads\/2025\/12\/5e545-regele-cioaba-300x285-1.jpg\" width=\"300\" height=\"285\" data-eio=\"l\" title=\"5e545-regele-cioaba-300x285-1\"><\/p>\n<p>Nu m\u0103 crede\u021bi? Uita\u021bi Suedia, a ajuns s\u0103 aib\u0103 capitala violurilor din Europa \u0219i p\u00e2n\u0103 acum 20 de ani era considerat\u0103 un paradis.<\/p>\n<p>De ce?<\/p>\n<p>Acum 20 de ani Suedia era o \u021bar\u0103 omogen\u0103, nu format\u0103 din arabi, somalezi \u0219i nu mai \u0219tiu c\u00e2te etnii. Doar suedezi, pentru c\u0103 multiculturalismul \u0103sta e, un cancer pentru o societate dezvoltat\u0103, culturile nu sunt egale \u0219i majoritatea nu sunt compatibile, deci trebuie s\u0103 ne ferim.<\/p>\n<p>Continua\u021bi s\u0103 fi\u021bi rom\u00e2ni!<\/p>\n<p><a href=\"https:\/\/analyse.optim.biz\/wp-content\/uploads\/2025\/12\/romania_franta_ghidul_suporterilor_romani_18539658_39123300.jpg\"><img loading=\"lazy\" decoding=\"async\" class=\"size-full wp-image-5520 aligncenter lazyload\" width=\"620\" height=\"348\" src=\"https:\/\/analyse.optim.biz\/wp-content\/uploads\/2025\/12\/romania_franta_ghidul_suporterilor_romani_18539658_39123300.jpg\" title=\"romania_franta_ghidul_suporterilor_romani_18539658_39123300\"><\/a><\/p>\n<p><img loading=\"lazy\" decoding=\"async\" class=\"size-full wp-image-5520 aligncenter\" src=\"https:\/\/analyse.optim.biz\/wp-content\/uploads\/2025\/12\/romania_franta_ghidul_suporterilor_romani_18539658_39123300.jpg\" width=\"620\" height=\"348\" data-eio=\"l\" title=\"romania_franta_ghidul_suporterilor_romani_18539658_39123300\"><\/div>\n<div class=\"share-post\"><span class=\"share-text\">Share<\/span><\/p>\n<ul class=\"flat-social\">\n<li><a href=\"http:\/\/www.facebook.com\/sharer.php?u=https:\/\/www.incorectpolitic.com\/?p=5501\" class=\"social-facebook\" rel=\"external\" target=\"_blank\"><span>Facebook<\/span><\/a><\/li>\n<li><a href=\"https:\/\/twitter.com\/intent\/tweet?text=%E2%80%9CCultura%E2%80%9D+%C8%9Aig%C4%83neasc%C4%83%2C+Bomb%C4%83+Toxic%C4%83+Pentru+Poporul+Rom%C3%A2n&amp;url=https:\/\/www.incorectpolitic.com\/?p=5501\" class=\"social-twitter\" rel=\"external\" target=\"_blank\"><span>Twitter<\/span><\/a><\/li>\n<li><a href=\"http:\/\/pinterest.com\/pin\/create\/button\/?url=https:\/\/www.incorectpolitic.com\/?p=5501&amp;description=%E2%80%9CCultura%E2%80%9D+%C8%9Aig%C4%83neasc%C4%83%2C+Bomb%C4%83+Toxic%C4%83+Pentru+Poporul+Rom%C3%A2n&amp;media=https:\/\/www.incorectpolitic.com\/wp-content\/uploads\/2018\/04\/rromi_tigani-1-660x330.jpg\" class=\"social-pinterest\" rel=\"external\" target=\"_blank\"><span>Pinterest<\/span><\/a><\/li>\n<\/ul>\n<\/div>\n<\/div>\n<\/article>\n<p> Source URL: https:\/\/www.incorectpolitic.com\/cultura-tiganeasca-bomba-toxica-pentru-poporul-roman\/<\/p>\n","protected":false},"excerpt":{"rendered":"<p>\u201cCultura\u201d \u021aig\u0103neasc\u0103, Bomb\u0103 Toxic\u0103 Pentru Poporul Rom\u00e2n PandurulIncorect Politic Aprilie 11, 2018 Dup\u0103 cum bine \u0219tim, \u00een ultimii ani, \u201ccultura\u201d \u021big\u0103neasc\u0103 a acaparat media rom\u00e2neasc\u0103 \u0219i pe plan spiritual \u021biganii au distrus poporul rom\u00e2n. Mul\u021bi rom\u00e2ni nu au realizat \u00eenc\u0103 faptul \u0103sta, iar al\u021bii au \u00eenceput s\u0103 spun\u0103 \u201cmanelele e via\u021ba me\u201d, desigur, \u00een timp [&hellip;]<\/p>\n","protected":false},"author":1,"featured_media":819749,"comment_status":"open","ping_status":"","sticky":false,"template":"","format":"standard","meta":{"footnotes":""},"categories":[89],"tags":[95],"class_list":["post-819748","post","type-post","status-publish","format-standard","has-post-thumbnail","hentry","category-romania","tag-incorectpolitic-com"],"_links":{"self":[{"href":"https:\/\/analyse.optim.biz\/index.php?rest_route=\/wp\/v2\/posts\/819748","targetHints":{"allow":["GET"]}}],"collection":[{"href":"https:\/\/analyse.optim.biz\/index.php?rest_route=\/wp\/v2\/posts"}],"about":[{"href":"https:\/\/analyse.optim.biz\/index.php?rest_route=\/wp\/v2\/types\/post"}],"author":[{"embeddable":true,"href":"https:\/\/analyse.optim.biz\/index.php?rest_route=\/wp\/v2\/users\/1"}],"replies":[{"embeddable":true,"href":"https:\/\/analyse.optim.biz\/index.php?rest_route=%2Fwp%2Fv2%2Fcomments&post=819748"}],"version-history":[{"count":0,"href":"https:\/\/analyse.optim.biz\/index.php?rest_route=\/wp\/v2\/posts\/819748\/revisions"}],"wp:featuredmedia":[{"embeddable":true,"href":"https:\/\/analyse.optim.biz\/index.php?rest_route=\/wp\/v2\/media\/819749"}],"wp:attachment":[{"href":"https:\/\/analyse.optim.biz\/index.php?rest_route=%2Fwp%2Fv2%2Fmedia&parent=819748"}],"wp:term":[{"taxonomy":"category","embeddable":true,"href":"https:\/\/analyse.optim.biz\/index.php?rest_route=%2Fwp%2Fv2%2Fcategories&post=819748"},{"taxonomy":"post_tag","embeddable":true,"href":"https:\/\/analyse.optim.biz\/index.php?rest_route=%2Fwp%2Fv2%2Ftags&post=819748"}],"curies":[{"name":"wp","href":"https:\/\/api.w.org\/{rel}","templated":true}]}}