{"id":817627,"date":"2019-04-15T12:15:08","date_gmt":"2019-04-15T09:15:08","guid":{"rendered":"https:\/\/analyse.optim.biz\/?p=817627"},"modified":"2019-04-15T12:15:08","modified_gmt":"2019-04-15T09:15:08","slug":"doi-tigan-din-anglia-au-tinut-un-roman-ca-sclav-incorect-politic","status":"publish","type":"post","link":"https:\/\/analyse.optim.biz\/?p=817627","title":{"rendered":"Doi \u021aigan din Anglia Au \u021ainut un Rom\u00e2n ca Sclav &#8211; Incorect Politic"},"content":{"rendered":"<article class=\"post-listing post-21650 post type-post status-publish format-standard has-post-thumbnail  category-problema-tiganeasca category-stirea-zilei tag-roman-sclav tag-sclav-in-anglia tag-tigan-tinut-roman-sclav tag-tigani-in-anglia\" id=\"the-post\">\n<div class=\"post-inner\">\n<h1 class=\"name post-title entry-title\"><span>Doi \u021aigan din Anglia Au \u021ainut un Rom\u00e2n ca Sclav<\/span><\/h1>\n<div class=\"entry\">\n<p><strong>Incorect Politic<\/strong><br \/>\nAprilie 15, 2019<\/p>\n<p><em>Via <a href=\"http:\/\/www.nationalisti.ro\/un-cuplu-de-tigani-a-tinut-in-scalvie-un-roman-totul-s-a-intamplat-in-anglia\/\">Na\u021bionali\u0219ti<\/a>:<\/em><\/p>\n<p><a href=\"https:\/\/analyse.optim.biz\/wp-content\/uploads\/2025\/12\/scva-1.jpg\"><img loading=\"lazy\" decoding=\"async\" class=\"aligncenter wp-image-21660 size-full lazyload\" alt=\"Doi \u021aigan din Anglia Au \u021ainut un Rom\u00e2n ca Sclav\" width=\"720\" height=\"480\" src=\"https:\/\/analyse.optim.biz\/wp-content\/uploads\/2025\/12\/scva-1.jpg\" title=\"scva-1\"><\/a><\/p>\n<p><img loading=\"lazy\" decoding=\"async\" class=\"aligncenter wp-image-21660 size-full\" src=\"https:\/\/analyse.optim.biz\/wp-content\/uploads\/2025\/12\/scva-1.jpg\" alt=\"Doi \u021aigan din Anglia Au \u021ainut un Rom\u00e2n ca Sclav\" width=\"720\" height=\"480\" data-eio=\"l\" title=\"scva-1\"><\/p>\n<p><strong>Doi tigani din Anglia, care au \u0163inut un rom\u00e2n ca sclav \u0219i l-au for\u021bat s\u0103 tr\u0103iasc\u0103 \u00eentr-un dulap sub sc\u0103ri au fost \u00eenchi\u015fi pentru un total de opt ani.<\/strong><\/p>\n<p>Ion Boboc, \u00een v\u00e2rst\u0103 de 26 de ani, \u0219i Christiana Tudor-Dobre, \u00een v\u00e2rst\u0103 de 24 de ani, au obligat un rom\u00e2n s\u0103 munceasc\u0103 for\u021bat \u00een Bristol.<\/p>\n<p>Cei doi tigani i-au interzis victimei s\u0103 m\u0103n\u00e2nce sau s\u0103 bea \u00een cas\u0103, l-au obligat s\u0103 bea ap\u0103 de la o teav\u0103 din curte \u015fi s\u0103 foloseasc\u0103 p\u0103durea din spatele casei c\u00e2nd avea nevoie la toalet\u0103.<\/p>\n<p>De asemenea, el a fost obligat s\u0103 m\u0103n\u00e2nce alimente foarte condimentate pentru amuzamentul celor doi \u0219i obligat s\u0103 ordonat s\u0103 danseze la comand\u0103, arunc\u00e2nd ou\u0103 \u0219i f\u0103in\u0103 peste el, tot pentru distrac\u0163ie.<\/p>\n<p>Victima lucra cu norm\u0103 \u00eentreag\u0103 la un abator, unde c\u00e2\u0219tiga \u00eentre 300 \u015fi 350 de lire sterline pe s\u0103pt\u0103m\u00e2n\u0103, dar banii erau opri\u0163i de cei doi tigani \u015fi el primea doar 1 lir\u0103 pe zi, pentru biscui\u0163i. Restul de bani erau opri\u0163i de cei doi, scrie dailymail.co.uk.<\/p>\n<h2>Victima era obligat\u0103 de tigani s\u0103 doarm\u0103 \u00eentr-un dulap<\/h2>\n<p>Cei doi tigani l-au obligat pe b\u0103rbat s\u0103 doarm\u0103 \u00eentr-un dulap, sub sc\u0103ri, acolo unde a fost \u015fi g\u0103sit de poli\u0163i\u015fti c\u00e2nd au intrat \u00een cas\u0103. Vecinii au apelat la poli\u021bie dup\u0103 ce au v\u0103zut victima sp\u0103l\u00e2ndu-se \u00een gr\u0103din\u0103, \u00eentr-o gaur\u0103 format\u0103 dintr-o gr\u0103mad\u0103 de pietre.<\/p>\n<p>Boboc \u0219i Tudor-Dobre au fost condamna\u021bi la 8 ani de pu\u015fc\u0103rie \u00een total, cu Boboc la 4 ani \u015fi 2 luni, iar Tudor-Dobre la 3 ani \u015fi 7 luni.<\/p>\n<p>\u201eA\u0219 dori s\u0103-l felicit pe victima pentru incredibil\u0103 putere \u0219i vitejie pe care a demonstrat-o \u00een a da dovezi \u0219i a sus\u021bine urm\u0103rirea penal\u0103, \u00een ciuda tratamentului degradant pe care l-a suferit din partea inculpa\u021bilor\u201d, a declarat detectivul Ben Samples, de la Serviciul de urm\u0103rire a corup\u021biei.<\/p>\n<\/div>\n<div class=\"share-post\"><span class=\"share-text\">Share<\/span><\/p>\n<ul class=\"flat-social\">\n<li><a href=\"http:\/\/www.facebook.com\/sharer.php?u=https:\/\/www.incorectpolitic.com\/?p=21650\" class=\"social-facebook\" rel=\"external\" target=\"_blank\"><span>Facebook<\/span><\/a><\/li>\n<li><a href=\"https:\/\/twitter.com\/intent\/tweet?text=Doi+%C8%9Aigan+din+Anglia+Au+%C8%9Ainut+un+Rom%C3%A2n+ca+Sclav&amp;url=https:\/\/www.incorectpolitic.com\/?p=21650\" class=\"social-twitter\" rel=\"external\" target=\"_blank\"><span>Twitter<\/span><\/a><\/li>\n<li><a href=\"http:\/\/pinterest.com\/pin\/create\/button\/?url=https:\/\/www.incorectpolitic.com\/?p=21650&amp;description=Doi+%C8%9Aigan+din+Anglia+Au+%C8%9Ainut+un+Rom%C3%A2n+ca+Sclav&amp;media=https:\/\/www.incorectpolitic.com\/wp-content\/uploads\/2019\/04\/scva-660x330.jpg\" class=\"social-pinterest\" rel=\"external\" target=\"_blank\"><span>Pinterest<\/span><\/a><\/li>\n<\/ul>\n<\/div>\n<\/div>\n<\/article>\n<p> Source URL: https:\/\/www.incorectpolitic.com\/doi-tigan-din-anglia-au-tinut-un-roman-ca-sclav\/<\/p>\n","protected":false},"excerpt":{"rendered":"<p>Doi \u021aigan din Anglia Au \u021ainut un Rom\u00e2n ca Sclav Incorect Politic Aprilie 15, 2019 Via Na\u021bionali\u0219ti: Doi tigani din Anglia, care au \u0163inut un rom\u00e2n ca sclav \u0219i l-au for\u021bat s\u0103 tr\u0103iasc\u0103 \u00eentr-un dulap sub sc\u0103ri au fost \u00eenchi\u015fi pentru un total de opt ani. Ion Boboc, \u00een v\u00e2rst\u0103 de 26 de ani, \u0219i [&hellip;]<\/p>\n","protected":false},"author":1,"featured_media":817628,"comment_status":"open","ping_status":"","sticky":false,"template":"","format":"standard","meta":{"footnotes":""},"categories":[89],"tags":[95],"class_list":["post-817627","post","type-post","status-publish","format-standard","has-post-thumbnail","hentry","category-romania","tag-incorectpolitic-com"],"_links":{"self":[{"href":"https:\/\/analyse.optim.biz\/index.php?rest_route=\/wp\/v2\/posts\/817627","targetHints":{"allow":["GET"]}}],"collection":[{"href":"https:\/\/analyse.optim.biz\/index.php?rest_route=\/wp\/v2\/posts"}],"about":[{"href":"https:\/\/analyse.optim.biz\/index.php?rest_route=\/wp\/v2\/types\/post"}],"author":[{"embeddable":true,"href":"https:\/\/analyse.optim.biz\/index.php?rest_route=\/wp\/v2\/users\/1"}],"replies":[{"embeddable":true,"href":"https:\/\/analyse.optim.biz\/index.php?rest_route=%2Fwp%2Fv2%2Fcomments&post=817627"}],"version-history":[{"count":0,"href":"https:\/\/analyse.optim.biz\/index.php?rest_route=\/wp\/v2\/posts\/817627\/revisions"}],"wp:featuredmedia":[{"embeddable":true,"href":"https:\/\/analyse.optim.biz\/index.php?rest_route=\/wp\/v2\/media\/817628"}],"wp:attachment":[{"href":"https:\/\/analyse.optim.biz\/index.php?rest_route=%2Fwp%2Fv2%2Fmedia&parent=817627"}],"wp:term":[{"taxonomy":"category","embeddable":true,"href":"https:\/\/analyse.optim.biz\/index.php?rest_route=%2Fwp%2Fv2%2Fcategories&post=817627"},{"taxonomy":"post_tag","embeddable":true,"href":"https:\/\/analyse.optim.biz\/index.php?rest_route=%2Fwp%2Fv2%2Ftags&post=817627"}],"curies":[{"name":"wp","href":"https:\/\/api.w.org\/{rel}","templated":true}]}}