{"id":812198,"date":"2025-10-24T15:49:00","date_gmt":"2025-10-24T12:49:00","guid":{"rendered":"https:\/\/analyse.optim.biz\/?p=812198"},"modified":"2025-10-24T15:49:00","modified_gmt":"2025-10-24T12:49:00","slug":"stigmatizarea-magistratilor-trebuie-oprita-csm-cere-ca-orice-discutie-ce-afecteaza-statutul-judecatorilor-si-procurorilor-sa-implice-magistratii-sa-nu-transforme-corpul-profesional","status":"publish","type":"post","link":"https:\/\/analyse.optim.biz\/?p=812198","title":{"rendered":"STIGMATIZAREA MAGISTRATILOR TREBUIE OPRITA \u2013 CSM cere ca orice discutie ce afecteaza statutul judecatorilor si procurorilor sa implice magistratii: \u201eSa nu transforme corpul profesional al magistratilor intr-o tinta de presiune publica&#8230; Sa fie evitate stigmatizarea corpului profesional al judecatorilor si procurorilor, precum si consecintele nefaste pe care astfel de abordari le au in privinta increderii publicului in sistemul judiciar\u201d"},"content":{"rendered":"<article id=\"article-content\">\n<h1>STIGMATIZAREA MAGISTRATILOR TREBUIE OPRITA \u2013 CSM cere ca orice discutie ce afecteaza statutul judecatorilor si procurorilor sa implice magistratii: \u201eSa nu transforme corpul profesional al magistratilor intr-o tinta de presiune publica&#8230; Sa fie evitate stigmatizarea corpului profesional al judecatorilor si procurorilor, precum si consecintele nefaste pe care astfel de abordari le au in privinta increderii publicului in sistemul judiciar\u201d<\/h1>\n<section id=\"article-info\">\n<p class=\"author\">Scris de: George TARATA | <a href=\"https:\/\/www.luju.ro\/stigmatizarea-magistratilor-trebuie-oprita-csm-cere-ca-orice-discutie-ce-afecteaza-statutul-judecatorilor-si-procurorilor-sa-implice-magistratii-sa-nu-transforme-corpul-profesional-al-magistratilor-intr-o-tinta-de-presiune-publica-sa-fie-evitate-stigmatiz?pdf\" title=\"PDF\"><img decoding=\"async\" src=\"https:\/\/analyse.optim.biz\/wp-content\/uploads\/2025\/12\/pdf-626.png\" alt=\"pdf\" title=\"pdf-626\"><\/a> | <a href=\"https:\/\/www.luju.ro\/stigmatizarea-magistratilor-trebuie-oprita-csm-cere-ca-orice-discutie-ce-afecteaza-statutul-judecatorilor-si-procurorilor-sa-implice-magistratii-sa-nu-transforme-corpul-profesional-al-magistratilor-intr-o-tinta-de-presiune-publica-sa-fie-evitate-stigmatiz?print=1\" class=\"external\" title=\"Imprimare\"><img decoding=\"async\" src=\"https:\/\/analyse.optim.biz\/wp-content\/uploads\/2025\/12\/print-626.png\" alt=\"print\" title=\"print-626\"><\/a><\/p>\n<div class=\"info flex-container\">\n<div class=\"date\">24 October 2025 15:49<\/div>\n<div>Vizualizari: 3423<\/div>\n<\/div>\n<\/section>\n<section id=\"article-body\">\n<section id=\"page\" class=\"cf\">\n<div>\n<p align=\"JUSTIFY\"><span><span><span lang=\"ro-RO\"><img loading=\"lazy\" decoding=\"async\" height=\"225\" width=\"400\" src=\"https:\/\/analyse.optim.biz\/wp-content\/uploads\/2025\/12\/elena_costache-2.png\" title=\"elena_costache-2\">Orice discutie privind aspecte care tin de statutul judecatorilor si procurorilor trebuie sa implice magistratii. In plus, este obligatoriu ca orice demers care vizeaza activitatea acestora sa respecte independenta justitiei, garantie esentiala a statului de drept. <\/span><\/span><\/span><\/p>\n<hr>\n<p>\u00a0<\/p>\n<p align=\"JUSTIFY\"><span><span><span lang=\"ro-RO\">Solicitarile de mai sus se regasesc in comunicatul de presa dat publicitatii de Consiliul Superior al Magistraturii vineri, 24 octombrie 2025, dupa <\/span><span lang=\"ro-RO\"><b>intalnirea de la Camera Deputatilor in care s-a discutat despre noul proiect de lege privind pensiile de serviciu ale magistratilor <\/b><\/span><span lang=\"ro-RO\"><span>(click<\/span><\/span><span lang=\"ro-RO\"><b><span><a target=\"_blank\" href=\"https:\/\/www.luju.ro\/grup-de-lucru-pentru-pensiile-magistratilor-presedinta-csm-elena-costache-sefa-iccj-lia-savonea-si-procurorul-general-alex-florenta-au-discutat-cu-presedintele-camerei-deputatilor-sorin-grindeanu-ministrul-justitiei-radu-marinescu-ministrul-muncii-florin\">aici<\/a><\/span><\/b><\/span><span lang=\"ro-RO\"><span>si<\/span><\/span><span lang=\"ro-RO\"><b><span><a target=\"_blank\" href=\"https:\/\/www.luju.ro\/mesajul-liei-savonea-dupa-intalnirea-de-la-parlament-in-care-s-a-discutat-despre-pensiile-magistratilor-sefa-iccj-lia-savonea-enunta-cinci-principii-pentru-dialog-corpul-magistratilor-nu-abdica-in-fata-presiunilor-o-justitie-dependenta-de-vointa-politica\">aici<\/a><\/span><\/b><\/span><span lang=\"ro-RO\"><span>pentru a citi)<\/span><\/span><span lang=\"ro-RO\">, intalnire la care au participat <\/span><span lang=\"ro-RO\"><b>presedinta CSM Elena Costache <span>(foto)<\/span>, sefa Inaltei Curti Lia Savonea, Procurorul General Alex Florenta, presedintele Camerei Deputatilor Sorin Grindeanu, ministrul Justitiei Radu Marinescu, ministrul Muncii Florin Manole si vicepremierul Marian Neacsu<\/b><\/span><span lang=\"ro-RO\">. <\/span><\/span><\/span><\/p>\n<p align=\"JUSTIFY\"><span><span><span lang=\"ro-RO\">De asemenea, CSM atrage atentia din nou asupra campaniei de stigmatizare a judecatorilor si procurorilor, subliniind ca magistratii nu trebuie transformati intr-o tinta de presiune publica. <\/span><\/span><\/span><\/p>\n<p align=\"JUSTIFY\"><span><span><br \/><\/span><\/span><\/p>\n<p align=\"JUSTIFY\"><span><span><b><span lang=\"ro-RO\">Prezentam comunicatul CSM:<\/span><\/b><\/span><\/span><\/p>\n<p align=\"JUSTIFY\"><span><span><br \/><\/span><\/span><\/p>\n<p align=\"JUSTIFY\"><i><span><span>\u201e<span lang=\"ro-RO\">La data de 24 octombrie 2025, la invitatia presedintelui Camerei Deputatilor, presedintele Consiliului Superior al Magistraturii a participat impreuna cu presedintele Inaltei Curti de Casatie si Justitie si procurorul generalal Parchetului de pe langa Inalta Curte de Casatie si Justitie la o intalnire organizata la sediul Parlamentului Romaniei, la care au luat parte si reprezentanti ai puterii executive.<\/span><\/span><\/span><\/i><\/p>\n<p align=\"JUSTIFY\"><span><i><span><b>Este esential ca aspectele care privesc statutul magistratilor sa fie discutate cu implicarea efectiva a reprezentantilor autoritatii judecatoresti, astfel incat orice demers in acest sens sa respecte independenta justitiei, garantie esentiala a statului de drept.<\/b><\/span><\/i><\/span><\/p>\n<p align=\"JUSTIFY\"><span><i><span><b>Dezbaterile referitoare la statutul judecatorilor si procurorilor trebuie sa fie in acord cu principiile constitutionale care guverneaza activitatea sistemului judiciar.<\/b><\/span><\/i><\/span><\/p>\n<p align=\"JUSTIFY\"><span><i><span><b>Independenta justitiei, predictibilitatea si stabilitatea cadrului normativ, adoptarea unei reglementari echitabile, care sa tina cont de rolul justitiei intr-un stat democratic, precum \u015fi de realita\u0163ile sistemului judiciar, elaborata in conditii care sa nu transforme corpul profesional al magistratilor intr-o tinta de presiune publica, trebuie sa fie liniile directoare ale oricarui dialog interinstitutional onest, pe care de altfel Consiliul l-a solicitat in mod constant.<\/b><\/span><\/i><\/span><\/p>\n<p align=\"JUSTIFY\"><i><span><span><span><b>Consiliul Superior al Magistraturii reafirma responsabilitatea magistraturii fata de societate, dar si necesitatea unui discurs public echilibrat al tuturor factorilor implicati, in legatura cu puterea judecatoreasca, astfel incat sa fie evitate stigmatizarea corpului profesional al judecatorilor si procurorilor, precum si consecintele nefaste pe care astfel de abordari le au in privinta increderii publicului in sistemul judiciar<\/b><\/span>\u201d.<\/span><\/span><\/i><\/p>\n<\/div>\n<\/section>\n<\/section>\n<section id=\"comments-boxes\">\n<div class=\"heading\">\n<h2>Comentarii<\/h2>\n<\/div>\n<div class=\"comment\" id=\"comentariu-383115\">\n<div class=\"commentBody\">\n<div class=\"commentDate\">\n<p class=\"comment-details cf\"><span class=\"comment-id\"><br \/>\n\t\t\t\t\t\t\t\t#<br \/>\n\t\t\t\t\t\t\t\t<strong>Noe<\/strong><img decoding=\"async\" src=\"https:\/\/analyse.optim.biz\/wp-content\/uploads\/2025\/12\/calendar-534.png\" alt=\"date\" title=\"calendar-534\"><br \/>\n\t\t\t\t\t\t\t\t24 October 2025 20:29<br \/>\n\t\t\t\t\t\t\t<\/span><span class=\"comment-quality cf\"><span class=\"green\">+41<\/span><\/span><\/p>\n<\/div>\n<div class=\"commentContent\">Oare \u0219tie dna c\u0103 \u201e\u00cencrederea nu este ceva ce se d\u0103, ci ceva ce se c\u00e2\u0219tig\u0103\u201d ? Poate c\u00e2teva \u201eabordari in privinta increderii publicului in sistemul judiciar\u201d o vor ajuta s\u0103 \u00een\u021beleag\u0103 :<br \/>\n <img decoding=\"async\" src=\"https:\/\/analyse.optim.biz\/wp-content\/uploads\/2025\/12\/cry-628.gif\" alt=\":cry:\" title=\"cry-628\"> Conform ultimului eurobarometru, peste jum\u0103tate dintre rom\u00e2ni (51%) nu au \u00eencredere \u00een sistemul judiciar. Aceast\u0103 lips\u0103 de \u00eencredere este comparabil\u0103 cu cea din alte institu\u021bii, Pre\u0219edin\u021bia \u0219i Parlamentul &#8211; ne\u00eencredere peste 80%, Guvern, pres\u0103, partide, etc potrivit sondajelor. Aceast\u0103 ne\u00eencredere generalizat\u0103 este legat\u0103 de percep\u021bia potrivit c\u0103reia corup\u021bia afecteaz\u0103 toate puterile statului.<br \/>\n <img decoding=\"async\" src=\"https:\/\/analyse.optim.biz\/wp-content\/uploads\/2025\/12\/cry-628.gif\" alt=\":cry:\" title=\"cry-628\"> Departamentul de Stat al SUA a criticat sistemul judiciar din Rom\u00e2nia, ar\u0103t\u00e2nd c\u0103 e ineficient \u0219i insuficient digitalizat. Oficialii americani atr\u0103geau aten\u021bia c\u0103 lupta anticorup\u021bie a avut de suferit \u00een ultimii ani;<br \/>\n <img decoding=\"async\" src=\"https:\/\/analyse.optim.biz\/wp-content\/uploads\/2025\/12\/cry-628.gif\" alt=\":cry:\" title=\"cry-628\"> \u00eenc\u0103lcarea separ\u0103rii puterilor \u00een stat;<br \/>\n <img decoding=\"async\" src=\"https:\/\/analyse.optim.biz\/wp-content\/uploads\/2025\/12\/cry-628.gif\" alt=\":cry:\" title=\"cry-628\"> durata anumitor procese judiciare ce duce la prescrip\u021bie..<\/p>\n<\/div>\n<ul class=\"cf cactions\">\n<li><a class=\"comment-383115\" href rel=\"raspunde\" title=\"Raspunde\">Raspunde<\/a><\/li>\n<li>|<\/li>\n<li><a href class=\"comment-383115\" rel=\"raspunde-citeaza\" title=\"Raspunde cu citat\">Raspunde cu citat<\/a><\/li>\n<li>|<\/li>\n<li><a href class=\"comment-383115\" title=\"Citat\" rel=\"citeaza\">Citat<\/a><\/li>\n<\/ul>\n<\/div>\n<\/div>\n<div class=\"comment\" id=\"comentariu-383123\">\n<div class=\"commentBody\">\n<div class=\"commentDate\">\n<p class=\"comment-details cf\"><span class=\"comment-id\"><br \/>\n\t\t\t\t\t\t\t\t#<br \/>\n\t\t\t\t\t\t\t\t<strong>Just<\/strong><img decoding=\"async\" src=\"https:\/\/analyse.optim.biz\/wp-content\/uploads\/2025\/12\/calendar-534.png\" alt=\"date\" title=\"calendar-534\"><br \/>\n\t\t\t\t\t\t\t\t24 October 2025 21:58<br \/>\n\t\t\t\t\t\t\t<\/span><span class=\"comment-quality cf\"><span class=\"green\">+56<\/span><\/span><\/p>\n<\/div>\n<div class=\"commentContent\">\u00eei doare undeva pe magistra\u021bi de public \u0219i \u00eencrederea publicului \u00een justi\u021bie. \u0218i ce dac\u0103 publicul nu are \u00eencredere \u00een justi\u021bie ? Ce se \u00een\u0308t\u00e2mpl\u0103? Parc\u0103 ar avea de ales . Ceta\u021beanul simplu dac\u0103 este nevoit s\u0103 ajung\u0103 la justi\u021bie are de ales? Chit c\u0103 are sau nu are \u00eencredere \u00een ea, nu el are ce s\u0103 fac\u0103.<\/div>\n<ul class=\"cf cactions\">\n<li><a class=\"comment-383123\" href rel=\"raspunde\" title=\"Raspunde\">Raspunde<\/a><\/li>\n<li>|<\/li>\n<li><a href class=\"comment-383123\" rel=\"raspunde-citeaza\" title=\"Raspunde cu citat\">Raspunde cu citat<\/a><\/li>\n<li>|<\/li>\n<li><a href class=\"comment-383123\" title=\"Citat\" rel=\"citeaza\">Citat<\/a><\/li>\n<\/ul>\n<\/div>\n<\/div>\n<div class=\"comment\" id=\"comentariu-383134\">\n<div class=\"commentBody\">\n<div class=\"commentDate\">\n<p class=\"comment-details cf\"><span class=\"comment-id\"><br \/>\n\t\t\t\t\t\t\t\t#<br \/>\n\t\t\t\t\t\t\t\t<strong>santinela<\/strong><img decoding=\"async\" src=\"https:\/\/analyse.optim.biz\/wp-content\/uploads\/2025\/12\/calendar-534.png\" alt=\"date\" title=\"calendar-534\"><br \/>\n\t\t\t\t\t\t\t\t25 October 2025 07:37<br \/>\n\t\t\t\t\t\t\t<\/span><span class=\"comment-quality cf\"><span class=\"green\">+49<\/span><\/span><\/p>\n<\/div>\n<div class=\"commentContent\">&#8220;Increderea publicului in sistemul judiciar&#8212;&#8221; ?? Halooo,doamnaaaa,traiti in alta tara si va luati gramada de bani de aici ? Care incredere a publicului, fiindca aceasta s-a facut praf si pulbere prin comportamentul dvs,prin existenta sectiilor Nufarul de la CSM si ICCJ,prin hotararile aberante pe care le dati,prin protocoalele nenorocite pe care le-ati semnat si urmat,prin mortii din penitenciare ,aia care ulterior s-a dovedit a nu avea nici o vina,etc etc etc. <\/div>\n<ul class=\"cf cactions\">\n<li><a class=\"comment-383134\" href rel=\"raspunde\" title=\"Raspunde\">Raspunde<\/a><\/li>\n<li>|<\/li>\n<li><a href class=\"comment-383134\" rel=\"raspunde-citeaza\" title=\"Raspunde cu citat\">Raspunde cu citat<\/a><\/li>\n<li>|<\/li>\n<li><a href class=\"comment-383134\" title=\"Citat\" rel=\"citeaza\">Citat<\/a><\/li>\n<\/ul>\n<\/div>\n<\/div>\n<div class=\"comment\" id=\"comentariu-383136\">\n<div class=\"commentBody\">\n<div class=\"commentDate\">\n<p class=\"comment-details cf\"><span class=\"comment-id\"><br \/>\n\t\t\t\t\t\t\t\t#<br \/>\n\t\t\t\t\t\t\t\t<strong>Panaitescu Florin <\/strong><img decoding=\"async\" src=\"https:\/\/analyse.optim.biz\/wp-content\/uploads\/2025\/12\/calendar-534.png\" alt=\"date\" title=\"calendar-534\"><br \/>\n\t\t\t\t\t\t\t\t25 October 2025 09:02<br \/>\n\t\t\t\t\t\t\t<\/span><span class=\"comment-quality cf\"><span class=\"green\">+41<\/span><\/span><\/p>\n<\/div>\n<div class=\"commentContent\">Pe voi cine va judeca?pentru hot\u0103r\u00e2rile str\u00e2mbe?pentru \u0219pag\u0103 pe care o lua\u021bi,a\u021bi oprit comisia care va putea judeca<img decoding=\"async\" src=\"https:\/\/analyse.optim.biz\/wp-content\/uploads\/2025\/12\/laugh-657.gif\" alt=\":D\" title=\"laugh-657\">ECE DOAMNELOR \u0218I DOMNILOR JUDEC\u0102TORI \u0218I PROCURORI?<\/div>\n<ul class=\"cf cactions\">\n<li><a class=\"comment-383136\" href rel=\"raspunde\" title=\"Raspunde\">Raspunde<\/a><\/li>\n<li>|<\/li>\n<li><a href class=\"comment-383136\" rel=\"raspunde-citeaza\" title=\"Raspunde cu citat\">Raspunde cu citat<\/a><\/li>\n<li>|<\/li>\n<li><a href class=\"comment-383136\" title=\"Citat\" rel=\"citeaza\">Citat<\/a><\/li>\n<\/ul>\n<\/div>\n<\/div>\n<div class=\"comment\" id=\"comentariu-383142\">\n<div class=\"commentBody\">\n<div class=\"commentDate\">\n<p class=\"comment-details cf\"><span class=\"comment-id\"><br \/>\n\t\t\t\t\t\t\t\t#<br \/>\n\t\t\t\t\t\t\t\t<strong>Dimofte costache<\/strong><img decoding=\"async\" src=\"https:\/\/analyse.optim.biz\/wp-content\/uploads\/2025\/12\/calendar-534.png\" alt=\"date\" title=\"calendar-534\"><br \/>\n\t\t\t\t\t\t\t\t25 October 2025 13:48<br \/>\n\t\t\t\t\t\t\t<\/span><span class=\"comment-quality cf\"><span class=\"green\">+92<\/span><\/span><\/p>\n<\/div>\n<div class=\"commentContent\">Tot ce se \u00eent\u00e2mpl\u0103 \u00een societatea rom\u00e2neasc\u0103 , este rezultatul politicilor duse de ace\u0219ti politicieni, ajun\u0219i la putere prin tot felul de mijloace perfideSpun acest lucru c\u00e2nd m\u0103 uit la studiile cu care-\u0219i etaleaz\u0103 cuno\u0219tin\u021bele \u00een domeniile pe care le gestioneaz\u0103.Basescu a \u00eenceput cu \u00eenvr\u0103jbirea pensionarilor unii \u00eempotriva altora,pentru a abate aten\u021bia rom\u00e2nilor asupra lipsurilor (civili \u00eempotriva militarilor, magistra\u021bilor,etc),acum Bolojan cu clica lui , la fel.Toti discut\u0103 acum de magistra\u021bi \u0219i nu de nivelu de trai la care ne-au adus ace\u0219ti indivizi.Oare Tva , En. El.,Gazul, apa , impozitele au crescut din cauza justi\u021biei?Sa fim serio\u0219i , asta este metoda de a orienta mul\u021bimea spre alte abord\u0103ri.Daca justi\u021bia ar fi pl\u0103tit\u0103 dup\u0103 veniturile care le aduc la buget , ar avea pensiile \u0219i salariile mult a mai mari.Asta trebuie spus poporului, nu minciuni \u0219i dezinform\u0103ri.<\/div>\n<ul class=\"cf cactions\">\n<li><a class=\"comment-383142\" href rel=\"raspunde\" title=\"Raspunde\">Raspunde<\/a><\/li>\n<li>|<\/li>\n<li><a href class=\"comment-383142\" rel=\"raspunde-citeaza\" title=\"Raspunde cu citat\">Raspunde cu citat<\/a><\/li>\n<li>|<\/li>\n<li><a href class=\"comment-383142\" title=\"Citat\" rel=\"citeaza\">Citat<\/a><\/li>\n<\/ul>\n<\/div>\n<\/div>\n<div class=\"comment\" id=\"comentariu-383148\">\n<div class=\"commentBody\">\n<div class=\"commentDate\">\n<p class=\"comment-details cf\"><span class=\"comment-id\"><br \/>\n\t\t\t\t\t\t\t\t#<br \/>\n\t\t\t\t\t\t\t\t<strong>Corneliu <\/strong><img decoding=\"async\" src=\"https:\/\/analyse.optim.biz\/wp-content\/uploads\/2025\/12\/calendar-534.png\" alt=\"date\" title=\"calendar-534\"><br \/>\n\t\t\t\t\t\t\t\t25 October 2025 17:04<br \/>\n\t\t\t\t\t\t\t<\/span><span class=\"comment-quality cf\"><span class=\"green\">+21<\/span><\/span><\/p>\n<\/div>\n<div class=\"commentContent\">Problema este absolut gre\u0219it pusa ! Toate drepturile magistra\u021bilor trebuie \u00eenghe\u021bate la situa\u021bia de azi , iar guvernul este obligat \u0219i trebuie obligat sau demis dac\u0103 nu aduce \u0219i restul po******\u021biei la nivelul magistra\u021bilor.presedintele   primul ministru \u0219i mini\u0219trii au jurat \u00een acest sens!<\/div>\n<ul class=\"cf cactions\">\n<li><a class=\"comment-383148\" href rel=\"raspunde\" title=\"Raspunde\">Raspunde<\/a><\/li>\n<li>|<\/li>\n<li><a href class=\"comment-383148\" rel=\"raspunde-citeaza\" title=\"Raspunde cu citat\">Raspunde cu citat<\/a><\/li>\n<li>|<\/li>\n<li><a href class=\"comment-383148\" title=\"Citat\" rel=\"citeaza\">Citat<\/a><\/li>\n<\/ul>\n<\/div>\n<\/div>\n<div class=\"comment\" id=\"comentariu-383161\">\n<div class=\"commentBody\">\n<div class=\"commentDate\">\n<p class=\"comment-details cf\"><span class=\"comment-id\"><br \/>\n\t\t\t\t\t\t\t\t#<br \/>\n\t\t\t\t\t\t\t\t<strong>A\u0219a e<\/strong><img decoding=\"async\" src=\"https:\/\/analyse.optim.biz\/wp-content\/uploads\/2025\/12\/calendar-534.png\" alt=\"date\" title=\"calendar-534\"><br \/>\n\t\t\t\t\t\t\t\t26 October 2025 13:00<br \/>\n\t\t\t\t\t\t\t<\/span><span class=\"comment-quality cf\"><span class=\"green\">+32<\/span><\/span><\/p>\n<\/div>\n<div class=\"commentContent\">Are dreptate Corneliu? Cu ce m\u0103 \u00eenc\u0103lze\u0219te pe mine c\u0103 Bolojan taie pensiile magistra\u021bilor, c\u00e2nd eu efectiv nu c\u00e2\u0219tig nimic? M\u0103i Bolojene, trebuie s\u0103 \u00een\u021belegi c\u0103 exist\u0103 meserii care nu se pot face p\u00e2n\u0103 la 65 de ani. De exemplu, cum ar ar\u0103ta o balerin\u0103 de 60 de ani \u00een Lacul lebedelor? A, nu \u0219tii, c\u0103 tu ai belit \u0219i filarmonica din Oradea. Mai bag\u0103 o cas\u0103 de protocol, c\u0103 s\u0103 le pice bine la gagicile aduse din Oradea, sexos cu pene ce e\u0219ti.<\/div>\n<ul class=\"cf cactions\">\n<li><a class=\"comment-383161\" href rel=\"raspunde\" title=\"Raspunde\">Raspunde<\/a><\/li>\n<li>|<\/li>\n<li><a href class=\"comment-383161\" rel=\"raspunde-citeaza\" title=\"Raspunde cu citat\">Raspunde cu citat<\/a><\/li>\n<li>|<\/li>\n<li><a href class=\"comment-383161\" title=\"Citat\" rel=\"citeaza\">Citat<\/a><\/li>\n<\/ul>\n<\/div>\n<\/div>\n<div class=\"comment\" id=\"comentariu-383170\">\n<div class=\"commentBody\">\n<div class=\"commentDate\">\n<p class=\"comment-details cf\"><span class=\"comment-id\"><br \/>\n\t\t\t\t\t\t\t\t#<br \/>\n\t\t\t\t\t\t\t\t<strong>penibil<\/strong><img decoding=\"async\" src=\"https:\/\/analyse.optim.biz\/wp-content\/uploads\/2025\/12\/calendar-534.png\" alt=\"date\" title=\"calendar-534\"><br \/>\n\t\t\t\t\t\t\t\t26 October 2025 20:51<br \/>\n\t\t\t\t\t\t\t<\/span><span class=\"comment-quality cf\"><span class=\"gray\">0<\/span><\/span><\/p>\n<\/div>\n<div class=\"commentContent\">Deci am ajuns de unde am plecat. Marea victorie a magistra\u021bilor e c\u0103 au r\u0103mas cu sabia lui Damocles deasupra veniturilor \u0219i cu ura\/dispre\u021bul po******\u021biei. a\u021b\u00e2\u021bat\u0103 de politicieni \u0219i presa r\u0103s-pl\u0103tit\u0103.<\/div>\n<ul class=\"cf cactions\">\n<li><a class=\"comment-383170\" href rel=\"raspunde\" title=\"Raspunde\">Raspunde<\/a><\/li>\n<li>|<\/li>\n<li><a href class=\"comment-383170\" rel=\"raspunde-citeaza\" title=\"Raspunde cu citat\">Raspunde cu citat<\/a><\/li>\n<li>|<\/li>\n<li><a href class=\"comment-383170\" title=\"Citat\" rel=\"citeaza\">Citat<\/a><\/li>\n<\/ul>\n<\/div>\n<\/div>\n<div class=\"comment\" id=\"comentariu-383239\">\n<div class=\"commentBody\">\n<div class=\"commentDate\">\n<p class=\"comment-details cf\"><span class=\"comment-id\"><br \/>\n\t\t\t\t\t\t\t\t#<br \/>\n\t\t\t\t\t\t\t\t<strong>Asdepica <\/strong><img decoding=\"async\" src=\"https:\/\/analyse.optim.biz\/wp-content\/uploads\/2025\/12\/calendar-534.png\" alt=\"date\" title=\"calendar-534\"><br \/>\n\t\t\t\t\t\t\t\t28 October 2025 19:20<br \/>\n\t\t\t\t\t\t\t<\/span><span class=\"comment-quality cf\"><span class=\"gray\">0<\/span><\/span><\/p>\n<\/div>\n<div class=\"commentContent\">Un medic intra la medicin\u0103 prin concurs, ca student. Face 6 ani \u0219i apoi, \u00een urma examenului de reziden\u021biat mai face 4-6 ani. A\u0219a se face selec\u021bia. Doamna de la CSM n-a dat admitere c\u0103 i-a fost team\u0103 de admitere. A pl\u0103tit t\u0103ticu la rom\u00e2no-americana. A stat 4 ani in avocatur\u0103, n-a produs nimic \u0219i a intrat f\u0103r\u0103 concurs la INM. Femeia asta n-a dat niciun concurs de admitere \u00een via\u021ba ei, dar este &#8220;unic\u0103&#8221;. Chiar este! P.S. Doctorii, cu admiteri pe bune \u0219i 10-12 ani de studii superioare nu li se pare aiurea s\u0103 ias\u0103 la pensie la 65 ani&#8230; M\u0103 rog, n-au tupeu, deci sunt fraieri, a\u0219a-i doamn\u0103 rom\u00e2no- american\u0103 \ud83d\ude42<\/div>\n<ul class=\"cf cactions\">\n<li><a class=\"comment-383239\" href rel=\"raspunde\" title=\"Raspunde\">Raspunde<\/a><\/li>\n<li>|<\/li>\n<li><a href class=\"comment-383239\" rel=\"raspunde-citeaza\" title=\"Raspunde cu citat\">Raspunde cu citat<\/a><\/li>\n<li>|<\/li>\n<li><a href class=\"comment-383239\" title=\"Citat\" rel=\"citeaza\">Citat<\/a><\/li>\n<\/ul>\n<\/div>\n<\/div>\n<\/section>\n<section id=\"comments\">\n<div class=\"heading\">\n<h2>Adauga comentariu<\/h2>\n<\/div>\n<div>\n<div id=\"emoticons-container\">\n<div id=\"comments-form-smilespanel\"><img decoding=\"async\" src=\"https:\/\/analyse.optim.biz\/wp-content\/uploads\/2025\/12\/laugh-658.gif\" alt=\":D\" class=\"smile\" title=\"laugh-658\"><img decoding=\"async\" src=\"https:\/\/analyse.optim.biz\/wp-content\/uploads\/2025\/12\/lol-673.gif\" alt=\":lol:\" class=\"smile\" title=\"lol-673\"><img decoding=\"async\" src=\"https:\/\/analyse.optim.biz\/wp-content\/uploads\/2025\/12\/smile-631.gif\" alt=\":-)\" class=\"smile\" title=\"smile-631\"><img decoding=\"async\" src=\"https:\/\/analyse.optim.biz\/wp-content\/uploads\/2025\/12\/wink-625.gif\" alt=\";-)\" class=\"smile\" title=\"wink-625\"><img decoding=\"async\" src=\"https:\/\/analyse.optim.biz\/wp-content\/uploads\/2025\/12\/cool-633.gif\" alt=\"8)\" class=\"smile\" title=\"cool-633\"><img decoding=\"async\" src=\"https:\/\/analyse.optim.biz\/wp-content\/uploads\/2025\/12\/normal-616.gif\" alt=\":-|\" class=\"smile\" title=\"normal-616\"><img decoding=\"async\" src=\"https:\/\/analyse.optim.biz\/wp-content\/uploads\/2025\/12\/whistling-639.gif\" alt=\":-*\" class=\"smile\" title=\"whistling-639\"><img decoding=\"async\" src=\"https:\/\/analyse.optim.biz\/wp-content\/uploads\/2025\/12\/redface-623.gif\" alt=\":oops:\" class=\"smile\" title=\"redface-623\"><img decoding=\"async\" src=\"https:\/\/analyse.optim.biz\/wp-content\/uploads\/2025\/12\/sad-624.gif\" alt=\":sad:\" class=\"smile\" title=\"sad-624\"><img decoding=\"async\" src=\"https:\/\/analyse.optim.biz\/wp-content\/uploads\/2025\/12\/cry-629.gif\" alt=\":cry:\" class=\"smile\" title=\"cry-629\"><img decoding=\"async\" src=\"https:\/\/analyse.optim.biz\/wp-content\/uploads\/2025\/12\/surprised-624.gif\" alt=\":o\" class=\"smile\" title=\"surprised-624\"><img decoding=\"async\" src=\"https:\/\/analyse.optim.biz\/wp-content\/uploads\/2025\/12\/confused-615.gif\" alt=\":-?\" class=\"smile\" title=\"confused-615\"><img decoding=\"async\" src=\"https:\/\/analyse.optim.biz\/wp-content\/uploads\/2025\/12\/sick-641.gif\" alt=\":-x\" class=\"smile\" title=\"sick-641\"><img decoding=\"async\" src=\"https:\/\/analyse.optim.biz\/wp-content\/uploads\/2025\/12\/shocked-640.gif\" alt=\":eek:\" class=\"smile\" title=\"shocked-640\"><img decoding=\"async\" src=\"https:\/\/analyse.optim.biz\/wp-content\/uploads\/2025\/12\/sleeping-625.gif\" alt=\":zzz\" class=\"smile\" title=\"sleeping-625\"><img decoding=\"async\" src=\"https:\/\/analyse.optim.biz\/wp-content\/uploads\/2025\/12\/tongue-637.gif\" alt=\":P\" class=\"smile\" title=\"tongue-637\"><img decoding=\"async\" src=\"https:\/\/analyse.optim.biz\/wp-content\/uploads\/2025\/12\/rolleyes-622.gif\" alt=\":roll:\" class=\"smile\" title=\"rolleyes-622\"><img decoding=\"async\" src=\"https:\/\/analyse.optim.biz\/wp-content\/uploads\/2025\/12\/unsure-617.gif\" alt=\":sigh:\" class=\"smile\" title=\"unsure-617\"><\/div>\n<\/div>\n<\/div>\n<div class=\"text-center\">\n<p>DISCLAIMER<\/p>\n<p>Atentie! Postati pe propria raspundere!<br \/> Inainte de a posta, cititi aici regulamentul: <a href=\"https:\/\/www.luju.ro\/termeni-legali-si-conditii\" title=\"Termeni legali si conditii\">Termeni legali si Conditii<\/a><\/p>\n<\/div>\n<\/section>\n<\/article>\n<p> Source URL: https:\/\/www.luju.ro\/stigmatizarea-magistratilor-trebuie-oprita-csm-cere-ca-orice-discutie-ce-afecteaza-statutul-judecatorilor-si-procurorilor-sa-implice-magistratii-sa-nu-transforme-corpul-profesional-al-magistratilor-intr-o-tinta-de-presiune-publica-sa-fie-evitate-stigmatiz<\/p>\n","protected":false},"excerpt":{"rendered":"<p>STIGMATIZAREA MAGISTRATILOR TREBUIE OPRITA \u2013 CSM cere ca orice discutie ce afecteaza statutul judecatorilor si procurorilor sa implice magistratii: \u201eSa nu transforme corpul profesional al magistratilor intr-o tinta de presiune publica&#8230; Sa fie evitate stigmatizarea corpului profesional al judecatorilor si procurorilor, precum si consecintele nefaste pe care astfel de abordari le au in privinta increderii [&hellip;]<\/p>\n","protected":false},"author":1,"featured_media":812199,"comment_status":"open","ping_status":"","sticky":false,"template":"","format":"standard","meta":{"footnotes":""},"categories":[89],"tags":[114],"class_list":["post-812198","post","type-post","status-publish","format-standard","has-post-thumbnail","hentry","category-romania","tag-luju-ro"],"_links":{"self":[{"href":"https:\/\/analyse.optim.biz\/index.php?rest_route=\/wp\/v2\/posts\/812198","targetHints":{"allow":["GET"]}}],"collection":[{"href":"https:\/\/analyse.optim.biz\/index.php?rest_route=\/wp\/v2\/posts"}],"about":[{"href":"https:\/\/analyse.optim.biz\/index.php?rest_route=\/wp\/v2\/types\/post"}],"author":[{"embeddable":true,"href":"https:\/\/analyse.optim.biz\/index.php?rest_route=\/wp\/v2\/users\/1"}],"replies":[{"embeddable":true,"href":"https:\/\/analyse.optim.biz\/index.php?rest_route=%2Fwp%2Fv2%2Fcomments&post=812198"}],"version-history":[{"count":0,"href":"https:\/\/analyse.optim.biz\/index.php?rest_route=\/wp\/v2\/posts\/812198\/revisions"}],"wp:featuredmedia":[{"embeddable":true,"href":"https:\/\/analyse.optim.biz\/index.php?rest_route=\/wp\/v2\/media\/812199"}],"wp:attachment":[{"href":"https:\/\/analyse.optim.biz\/index.php?rest_route=%2Fwp%2Fv2%2Fmedia&parent=812198"}],"wp:term":[{"taxonomy":"category","embeddable":true,"href":"https:\/\/analyse.optim.biz\/index.php?rest_route=%2Fwp%2Fv2%2Fcategories&post=812198"},{"taxonomy":"post_tag","embeddable":true,"href":"https:\/\/analyse.optim.biz\/index.php?rest_route=%2Fwp%2Fv2%2Ftags&post=812198"}],"curies":[{"name":"wp","href":"https:\/\/api.w.org\/{rel}","templated":true}]}}