{"id":812063,"date":"2025-10-28T16:46:00","date_gmt":"2025-10-28T13:46:00","guid":{"rendered":"https:\/\/analyse.optim.biz\/?p=812063"},"modified":"2025-10-28T16:46:00","modified_gmt":"2025-10-28T13:46:00","slug":"optimizarea-litigiilor-constitutionale-judecatorul-csm-alin-ene-reactioneaza-dupa-ce-vicepremierul-kelemen-hunor-a-dezvaluit-ca-proiectul-de-lege-privind-pensiile-magistratilor-a-fost-trimis","status":"publish","type":"post","link":"https:\/\/analyse.optim.biz\/?p=812063","title":{"rendered":"OPTIMIZAREA LITIGIILOR CONSTITUTIONALE \u2013 Judecatorul CSM Alin Ene reactioneaza dupa ce vicepremierul Kelemen Hunor a dezvaluit ca proiectul de lege privind pensiile magistratilor a fost trimis \u201cinformal\u201d la CCR inainte de adoptare: \u201cO incalcare mai flagranta a principiilor statului de drept e greu de imaginat \u2013 poate doar daca proiectul ar fi fost redactat direct de catre un judecator al CCR. Sau&#8230; Cine stie? Poate urmeaza sa aflam oficial si asta\u201d"},"content":{"rendered":"<article id=\"article-content\">\n<h1>OPTIMIZAREA LITIGIILOR CONSTITUTIONALE \u2013 Judecatorul CSM Alin Ene reactioneaza dupa ce vicepremierul Kelemen Hunor a dezvaluit ca proiectul de lege privind pensiile magistratilor a fost trimis \u201cinformal\u201d la CCR inainte de adoptare: \u201cO incalcare mai flagranta a principiilor statului de drept e greu de imaginat \u2013 poate doar daca proiectul ar fi fost redactat direct de catre un judecator al CCR. Sau&#8230; Cine stie? Poate urmeaza sa aflam oficial si asta\u201d<\/h1>\n<section id=\"article-info\">\n<p class=\"author\">Scris de: G.T. | <a href=\"https:\/\/www.luju.ro\/optimizarea-litigiilor-constitutionale-judecatorul-csm-alin-ene-reactioneaza-dupa-ce-vicepremierul-kelemen-hunor-a-dezvaluit-ca-proiectul-de-lege-privind-pensiile-magistratilor-a-fost-trimis-informal-la-ccr-inainte-de-adoptare-o-incalcare-mai-flagranta-a?pdf\" title=\"PDF\"><img decoding=\"async\" src=\"https:\/\/analyse.optim.biz\/wp-content\/uploads\/2025\/12\/pdf-623.png\" alt=\"pdf\" title=\"pdf-623\"><\/a> | <a href=\"https:\/\/www.luju.ro\/optimizarea-litigiilor-constitutionale-judecatorul-csm-alin-ene-reactioneaza-dupa-ce-vicepremierul-kelemen-hunor-a-dezvaluit-ca-proiectul-de-lege-privind-pensiile-magistratilor-a-fost-trimis-informal-la-ccr-inainte-de-adoptare-o-incalcare-mai-flagranta-a?print=1\" class=\"external\" title=\"Imprimare\"><img decoding=\"async\" src=\"https:\/\/analyse.optim.biz\/wp-content\/uploads\/2025\/12\/print-623.png\" alt=\"print\" title=\"print-623\"><\/a><\/p>\n<div class=\"info flex-container\">\n<div class=\"date\">28 October 2025 16:46<\/div>\n<div>Vizualizari: 3423<\/div>\n<\/div>\n<\/section>\n<section id=\"article-body\">\n<section id=\"page\" class=\"cf\">\n<div>\n<p align=\"JUSTIFY\"><span><span><img loading=\"lazy\" decoding=\"async\" src=\"https:\/\/analyse.optim.biz\/wp-content\/uploads\/2025\/12\/judecator_alin_ene-1.jpg\" width=\"400\" height=\"225\" title=\"judecator_alin_ene-1\">E greu de imaginat o incalcare mai flagranta a principiilor statului de drept decat ce s-a intamplat in cazul proiectului de lege privind pensiile de serviciu ale magistratilor, trimis \u201cinformal\u201d la CCR spre analiza, inainte ca acesta sa fie adoptat de Guvern. Mai grav ar fi doar implicarea chiar a unui judecator CCR in redactarea proiectului de lege. Concluzia ii apartine <b>judecatorului Alin Ene <span>(foto)<\/span> din CSM<\/b>.<\/span><\/span><\/p>\n<hr>\n<p>\u00a0<\/p>\n<p align=\"JUSTIFY\"><span><span><span>Intr-o postare pe pagina sa de <b><span><a href=\"https:\/\/www.facebook.com\/reel\/783302728039266\/?__cft__%5B0%5D=AZWXWO7QSiwFUzzwFFcIGP9Xf-L3ye4-bTwyZyGRPF-W3vWK0-jd2o8SBvROVxQRvmNCVxoOWYv4-qWQLfQEoIV2OYfAn-RhjOCsi1Hw-ddQiUKyeYPydvhYJdVhgtVW557HWM6ujx3b_Hz-r_sqSyfA2YnZHd1_3lQ_Zir2hP058DGNx0SICXqwmS0kHOYozECuXBbm424PJYmw28s1W9PK&amp;__tn__=%2CO%2CP-R\" target=\"_blank\">Facebook<\/a><\/span><\/b>, de marti, 28 octombrie 2025, Ene comenteaza declaratia vicepremierului Kelemen Hunor ca proiectul de lege privind pensiile magistratilor a fost trimis\u00a0<\/span><\/span><\/span><span><span>\u201c<\/span><\/span><span><span><span>informal<\/span><\/span><\/span><span><span>\u201d<\/span><\/span><span><span><span>\u00a0spre analiza la CCR inainte de a fi adoptat <b><span><a href=\"https:\/\/www.luju.ro\/pensiile-magistratilor-scanteia-care-arunca-in-aer-guvernul-stupefiant-judecatorii-ccr-au-primit-de-la-guvern-proiectul-de-lege-privind-pensiile-magistratilor-inainte-ca-acesta-sa-fie-adoptat-pentru-a-l-analiza-informal-vicepremierul-kelemen-hunor-a-fost\" target=\"_blank\">(click aici pentru a citi)<\/a><\/span><\/b> si denumeste incidentul drept \u201coptimizarea litigiilor constitutionale\u201d. Ene afirma ca in acest caz CCR a fost transformata practic intr-un consilier juridic al Guvernului, in conditiile in care menirea Curtii este cea de a fi un arbitru independent. Este ca si cum un hot ar cere sfaturi politiei pentru a nu fi prins, subliniaza judecatorul.<\/span><\/span><\/span><\/p>\n<p align=\"JUSTIFY\"><span><span><br \/><\/span><\/span><\/p>\n<p align=\"JUSTIFY\"><span><span><b>Redam comentariul judecatorului CSM Alin Ene:<\/b><\/span><\/span><\/p>\n<p align=\"JUSTIFY\"><span><span><br \/><\/span><\/span><\/p>\n<p align=\"JUSTIFY\"><i><span><span>\u201c<b><span>Guvernul si &#8216;optimizarea&#8217; litigiilor constitutionale<\/span><\/b><\/span><\/span><\/i><\/p>\n<p align=\"JUSTIFY\"><i><span><span><b>In vreme ce unii sunt trimisi in judecata pentru &#8216;optimizarea judiciara&#8217;, altii recunosc fatis &#8216;optimizarea constitutionala&#8217; realizata de guvern. <\/b><\/span><\/span><\/i><\/p>\n<p align=\"JUSTIFY\"><i><span><span><b>Kelemen Hunor, lider al unuia dintre partidele de guvernare, afirma senin ca proiectul de lege privind pensiile magistratilor a fost trimis informal la CCR pentru analiza, inainte de a fi adoptat.<\/b><\/span><\/span><\/i><\/p>\n<p align=\"JUSTIFY\"><span><i><span><b>Cu alte cuvinte, justitia &#8211; cea constitutionala sau cea de drept comun &#8211; ar trebui sa fie un consilier juridic al Guvernului, iar nu un arbitru independent. <\/b><\/span><\/i><\/span><\/p>\n<p align=\"JUSTIFY\"><i><span><span>Pe acelasi rationament, cateva exemple similare: <\/span><\/span><\/i><\/p>\n<p align=\"JUSTIFY\"><i><span><span>Este ca si cum ai trimite lucrarea de control profesorului, ca sa te asiguri ca iti da nota buna.<\/span><\/span><\/i><\/p>\n<p align=\"JUSTIFY\"><i><span><span>Ca si cum un hot ar cere politiei un plan de spargere &#8216;mai legal&#8217;, doar ca sa nu fie prins dupa. <\/span><\/span><\/i><\/p>\n<p align=\"JUSTIFY\"><i><span><span>Ca si cum un sofer ar intreba politia ce rute poate folosi ca sa poata incalca limita de viteza fara a fi amendat.<\/span><\/span><\/i><\/p>\n<p align=\"JUSTIFY\"><i><span><span>Ca si cum un sportiv ar merge la arbitru inainte de competitie sa stabileasca impreuna ce lovituri vor fi permise si apoi s-ar mandri ca a castigat corect. <\/span><\/span><\/i><\/p>\n<p align=\"JUSTIFY\"><span><i><span><b>Acum poate se intelege mai clar si de ce nu vrea guvernul o justitie independenta. Daca judecatorii ar fi complet independenti, n-ar mai putea sa fie consultati preventiv despre cum sa fie facute legile ca sa nu &#8216;pice&#8217; in instanta. <\/b><\/span><\/i><\/span><\/p>\n<p align=\"JUSTIFY\"><span><i><span><b>O incalcare mai flagranta a principiilor statului de drept e greu de imaginat \u2014 poate doar daca proiectul ar fi fost redactat direct de catre un judecator al CCR.<\/b><\/span><\/i><\/span><\/p>\n<p align=\"JUSTIFY\"><i><span><span><span><b>Sau&#8230; Cine stie? Poate urmeaza sa aflam oficial si asta<\/b><\/span>\u201d.<\/span><\/span><\/i><\/p>\n<\/div>\n<\/section>\n<\/section>\n<section id=\"comments-boxes\">\n<div class=\"heading\">\n<h2>Comentarii<\/h2>\n<\/div>\n<div class=\"comment\" id=\"comentariu-383226\">\n<div class=\"commentBody\">\n<div class=\"commentDate\">\n<p class=\"comment-details cf\"><span class=\"comment-id\"><br \/>\n\t\t\t\t\t\t\t\t#<br \/>\n\t\t\t\t\t\t\t\t<strong>Dle Bolojan,<\/strong><img decoding=\"async\" src=\"https:\/\/analyse.optim.biz\/wp-content\/uploads\/2025\/12\/calendar-532.png\" alt=\"date\" title=\"calendar-532\"><br \/>\n\t\t\t\t\t\t\t\t28 October 2025 17:00<br \/>\n\t\t\t\t\t\t\t<\/span><span class=\"comment-quality cf\"><span class=\"green\">+18<\/span><\/span><\/p>\n<\/div>\n<div class=\"commentContent\">A\u0219a va trebe! Vicepremier? Partener de coali\u021bie? iar asta da cu \u021bap tarapul din casa TOT.<\/div>\n<ul class=\"cf cactions\">\n<li><a class=\"comment-383226\" href rel=\"raspunde\" title=\"Raspunde\">Raspunde<\/a><\/li>\n<li>|<\/li>\n<li><a href class=\"comment-383226\" rel=\"raspunde-citeaza\" title=\"Raspunde cu citat\">Raspunde cu citat<\/a><\/li>\n<li>|<\/li>\n<li><a href class=\"comment-383226\" title=\"Citat\" rel=\"citeaza\">Citat<\/a><\/li>\n<\/ul>\n<\/div>\n<\/div>\n<div class=\"comment\" id=\"comentariu-383231\">\n<div class=\"commentBody\">\n<div class=\"commentDate\">\n<p class=\"comment-details cf\"><span class=\"comment-id\"><br \/>\n\t\t\t\t\t\t\t\t#<br \/>\n\t\t\t\t\t\t\t\t<strong>Coco<\/strong><img decoding=\"async\" src=\"https:\/\/analyse.optim.biz\/wp-content\/uploads\/2025\/12\/calendar-532.png\" alt=\"date\" title=\"calendar-532\"><br \/>\n\t\t\t\t\t\t\t\t28 October 2025 17:32<br \/>\n\t\t\t\t\t\t\t<\/span><span class=\"comment-quality cf\"><span class=\"green\">+66<\/span><\/span><\/p>\n<\/div>\n<div class=\"commentContent\">Atac la ordinea constitu\u021bional\u0103. Oare nu se sesizeaz\u0103 nimeni? Poate jurnali\u0219tii de la luju pot face o sesizare cu privire la aceste interferen\u021be.<\/div>\n<ul class=\"cf cactions\">\n<li><a class=\"comment-383231\" href rel=\"raspunde\" title=\"Raspunde\">Raspunde<\/a><\/li>\n<li>|<\/li>\n<li><a href class=\"comment-383231\" rel=\"raspunde-citeaza\" title=\"Raspunde cu citat\">Raspunde cu citat<\/a><\/li>\n<li>|<\/li>\n<li><a href class=\"comment-383231\" title=\"Citat\" rel=\"citeaza\">Citat<\/a><\/li>\n<\/ul>\n<\/div>\n<\/div>\n<div class=\"comment\" id=\"comentariu-383235\">\n<div class=\"commentBody\">\n<div class=\"commentDate\">\n<p class=\"comment-details cf\"><span class=\"comment-id\"><br \/>\n\t\t\t\t\t\t\t\t#<br \/>\n\t\t\t\t\t\t\t\t<strong>Pepe<\/strong><img decoding=\"async\" src=\"https:\/\/analyse.optim.biz\/wp-content\/uploads\/2025\/12\/calendar-532.png\" alt=\"date\" title=\"calendar-532\"><br \/>\n\t\t\t\t\t\t\t\t28 October 2025 18:10<br \/>\n\t\t\t\t\t\t\t<\/span><span class=\"comment-quality cf\"><span class=\"green\">+47<\/span><\/span><\/p>\n<\/div>\n<div class=\"commentContent\">Am inteles ca doamn\u0103 judecator CCR Iulia  Sc\u00e2ntei s-a ocupat personal de redactarea proiectului<\/div>\n<ul class=\"cf cactions\">\n<li><a class=\"comment-383235\" href rel=\"raspunde\" title=\"Raspunde\">Raspunde<\/a><\/li>\n<li>|<\/li>\n<li><a href class=\"comment-383235\" rel=\"raspunde-citeaza\" title=\"Raspunde cu citat\">Raspunde cu citat<\/a><\/li>\n<li>|<\/li>\n<li><a href class=\"comment-383235\" title=\"Citat\" rel=\"citeaza\">Citat<\/a><\/li>\n<\/ul>\n<\/div>\n<\/div>\n<div class=\"comment\" id=\"comentariu-383236\">\n<div class=\"commentBody\">\n<div class=\"commentDate\">\n<p class=\"comment-details cf\"><span class=\"comment-id\"><br \/>\n\t\t\t\t\t\t\t\t#<br \/>\n\t\t\t\t\t\t\t\t<strong>\u0218i tu, Kelemene?<\/strong><img decoding=\"async\" src=\"https:\/\/analyse.optim.biz\/wp-content\/uploads\/2025\/12\/calendar-532.png\" alt=\"date\" title=\"calendar-532\"><br \/>\n\t\t\t\t\t\t\t\t28 October 2025 18:28<br \/>\n\t\t\t\t\t\t\t<\/span><span class=\"comment-quality cf\"><span class=\"green\">+15<\/span><\/span><\/p>\n<\/div>\n<div class=\"commentContent\">E un semn c\u0103 cheliosu&#8217; e pe f\u0103ra\u0219. Hunor nu e a\u0219a de prost, s\u0103 scape a\u0219a ceva f\u0103r\u0103 un interes ascuns, adic\u0103 b\u0103rbierirea spr\u00e2ncenei. Bolojane, aten\u021bie c\u0103 e\u0219ti pe e\u0219afod \u0219i mai mare aten\u021bie c\u0103 c\u0103l\u0103ul a luat securea.<\/div>\n<ul class=\"cf cactions\">\n<li><a class=\"comment-383236\" href rel=\"raspunde\" title=\"Raspunde\">Raspunde<\/a><\/li>\n<li>|<\/li>\n<li><a href class=\"comment-383236\" rel=\"raspunde-citeaza\" title=\"Raspunde cu citat\">Raspunde cu citat<\/a><\/li>\n<li>|<\/li>\n<li><a href class=\"comment-383236\" title=\"Citat\" rel=\"citeaza\">Citat<\/a><\/li>\n<\/ul>\n<\/div>\n<\/div>\n<div class=\"comment\" id=\"comentariu-383237\">\n<div class=\"commentBody\">\n<div class=\"commentDate\">\n<p class=\"comment-details cf\"><span class=\"comment-id\"><br \/>\n\t\t\t\t\t\t\t\t#<br \/>\n\t\t\t\t\t\t\t\t<strong>Asistentul lui Crumpiletz Agametz <\/strong><img decoding=\"async\" src=\"https:\/\/analyse.optim.biz\/wp-content\/uploads\/2025\/12\/calendar-532.png\" alt=\"date\" title=\"calendar-532\"><br \/>\n\t\t\t\t\t\t\t\t28 October 2025 19:09<br \/>\n\t\t\t\t\t\t\t<\/span><span class=\"comment-quality cf\"><span class=\"green\">+1<\/span><\/span><\/p>\n<\/div>\n<div class=\"commentContent\">Vai ce ma bucur. Demisia \/ demiterea judecatorului sau a judecatorilor CCR care s-au putut deda la asa o josnicie! Ce nemernicie sa faci asa ceva, sa trisezi in jocul democratiei. Sper sa se elibereze cel putin un loc la CCR (pentru seful meu, un mare doctrinar si filosof al dreptului si statului de drept). Mai un aspect: e un motiv de demisie si pentru inteligentul sau inteligentii din Guvern care au facut asa ceva, sa trimita la CCR un proiect pentru consultare informala. Trisatul la acest nivel este profund nedemocratic. Ca similitudine e la fel de neetic pentru un SPPist sa si-o traga cu obiectivul pe care trebuie sa-l protejeze, cum este neetic si pentru obiectiv sa si-o traga cu SPPistul. Intr-o tara, daca ar fi functionat jocul democratic multe demisii am fi vazut.<\/div>\n<ul class=\"cf cactions\">\n<li><a class=\"comment-383237\" href rel=\"raspunde\" title=\"Raspunde\">Raspunde<\/a><\/li>\n<li>|<\/li>\n<li><a href class=\"comment-383237\" rel=\"raspunde-citeaza\" title=\"Raspunde cu citat\">Raspunde cu citat<\/a><\/li>\n<li>|<\/li>\n<li><a href class=\"comment-383237\" title=\"Citat\" rel=\"citeaza\">Citat<\/a><\/li>\n<\/ul>\n<\/div>\n<\/div>\n<\/section>\n<section id=\"comments\">\n<div class=\"heading\">\n<h2>Adauga comentariu<\/h2>\n<\/div>\n<div>\n<div id=\"emoticons-container\">\n<div id=\"comments-form-smilespanel\"><img decoding=\"async\" src=\"https:\/\/analyse.optim.biz\/wp-content\/uploads\/2025\/12\/laugh-654.gif\" alt=\":D\" class=\"smile\" title=\"laugh-654\"><img decoding=\"async\" src=\"https:\/\/analyse.optim.biz\/wp-content\/uploads\/2025\/12\/lol-670.gif\" alt=\":lol:\" class=\"smile\" title=\"lol-670\"><img decoding=\"async\" src=\"https:\/\/analyse.optim.biz\/wp-content\/uploads\/2025\/12\/smile-628.gif\" alt=\":-)\" class=\"smile\" title=\"smile-628\"><img decoding=\"async\" src=\"https:\/\/analyse.optim.biz\/wp-content\/uploads\/2025\/12\/wink-622.gif\" alt=\";-)\" class=\"smile\" title=\"wink-622\"><img decoding=\"async\" src=\"https:\/\/analyse.optim.biz\/wp-content\/uploads\/2025\/12\/cool-630.gif\" alt=\"8)\" class=\"smile\" title=\"cool-630\"><img decoding=\"async\" src=\"https:\/\/analyse.optim.biz\/wp-content\/uploads\/2025\/12\/normal-613.gif\" alt=\":-|\" class=\"smile\" title=\"normal-613\"><img decoding=\"async\" src=\"https:\/\/analyse.optim.biz\/wp-content\/uploads\/2025\/12\/whistling-636.gif\" alt=\":-*\" class=\"smile\" title=\"whistling-636\"><img decoding=\"async\" src=\"https:\/\/analyse.optim.biz\/wp-content\/uploads\/2025\/12\/redface-620.gif\" alt=\":oops:\" class=\"smile\" title=\"redface-620\"><img decoding=\"async\" src=\"https:\/\/analyse.optim.biz\/wp-content\/uploads\/2025\/12\/sad-621.gif\" alt=\":sad:\" class=\"smile\" title=\"sad-621\"><img decoding=\"async\" src=\"https:\/\/analyse.optim.biz\/wp-content\/uploads\/2025\/12\/cry-625.gif\" alt=\":cry:\" class=\"smile\" title=\"cry-625\"><img decoding=\"async\" src=\"https:\/\/analyse.optim.biz\/wp-content\/uploads\/2025\/12\/surprised-621.gif\" alt=\":o\" class=\"smile\" title=\"surprised-621\"><img decoding=\"async\" src=\"https:\/\/analyse.optim.biz\/wp-content\/uploads\/2025\/12\/confused-612.gif\" alt=\":-?\" class=\"smile\" title=\"confused-612\"><img decoding=\"async\" src=\"https:\/\/analyse.optim.biz\/wp-content\/uploads\/2025\/12\/sick-638.gif\" alt=\":-x\" class=\"smile\" title=\"sick-638\"><img decoding=\"async\" src=\"https:\/\/analyse.optim.biz\/wp-content\/uploads\/2025\/12\/shocked-637.gif\" alt=\":eek:\" class=\"smile\" title=\"shocked-637\"><img decoding=\"async\" src=\"https:\/\/analyse.optim.biz\/wp-content\/uploads\/2025\/12\/sleeping-622.gif\" alt=\":zzz\" class=\"smile\" title=\"sleeping-622\"><img decoding=\"async\" src=\"https:\/\/analyse.optim.biz\/wp-content\/uploads\/2025\/12\/tongue-634.gif\" alt=\":P\" class=\"smile\" title=\"tongue-634\"><img decoding=\"async\" src=\"https:\/\/analyse.optim.biz\/wp-content\/uploads\/2025\/12\/rolleyes-619.gif\" alt=\":roll:\" class=\"smile\" title=\"rolleyes-619\"><img decoding=\"async\" src=\"https:\/\/analyse.optim.biz\/wp-content\/uploads\/2025\/12\/unsure-614.gif\" alt=\":sigh:\" class=\"smile\" title=\"unsure-614\"><\/div>\n<\/div>\n<\/div>\n<div class=\"text-center\">\n<p>DISCLAIMER<\/p>\n<p>Atentie! Postati pe propria raspundere!<br \/> Inainte de a posta, cititi aici regulamentul: <a href=\"https:\/\/www.luju.ro\/termeni-legali-si-conditii\" title=\"Termeni legali si conditii\">Termeni legali si Conditii<\/a><\/p>\n<\/div>\n<\/section>\n<\/article>\n<p> Source URL: https:\/\/www.luju.ro\/optimizarea-litigiilor-constitutionale-judecatorul-csm-alin-ene-reactioneaza-dupa-ce-vicepremierul-kelemen-hunor-a-dezvaluit-ca-proiectul-de-lege-privind-pensiile-magistratilor-a-fost-trimis-informal-la-ccr-inainte-de-adoptare-o-incalcare-mai-flagranta-a<\/p>\n","protected":false},"excerpt":{"rendered":"<p>OPTIMIZAREA LITIGIILOR CONSTITUTIONALE \u2013 Judecatorul CSM Alin Ene reactioneaza dupa ce vicepremierul Kelemen Hunor a dezvaluit ca proiectul de lege privind pensiile magistratilor a fost trimis \u201cinformal\u201d la CCR inainte de adoptare: \u201cO incalcare mai flagranta a principiilor statului de drept e greu de imaginat \u2013 poate doar daca proiectul ar fi fost redactat direct [&hellip;]<\/p>\n","protected":false},"author":1,"featured_media":812064,"comment_status":"open","ping_status":"","sticky":false,"template":"","format":"standard","meta":{"footnotes":""},"categories":[89],"tags":[114],"class_list":["post-812063","post","type-post","status-publish","format-standard","has-post-thumbnail","hentry","category-romania","tag-luju-ro"],"_links":{"self":[{"href":"https:\/\/analyse.optim.biz\/index.php?rest_route=\/wp\/v2\/posts\/812063","targetHints":{"allow":["GET"]}}],"collection":[{"href":"https:\/\/analyse.optim.biz\/index.php?rest_route=\/wp\/v2\/posts"}],"about":[{"href":"https:\/\/analyse.optim.biz\/index.php?rest_route=\/wp\/v2\/types\/post"}],"author":[{"embeddable":true,"href":"https:\/\/analyse.optim.biz\/index.php?rest_route=\/wp\/v2\/users\/1"}],"replies":[{"embeddable":true,"href":"https:\/\/analyse.optim.biz\/index.php?rest_route=%2Fwp%2Fv2%2Fcomments&post=812063"}],"version-history":[{"count":0,"href":"https:\/\/analyse.optim.biz\/index.php?rest_route=\/wp\/v2\/posts\/812063\/revisions"}],"wp:featuredmedia":[{"embeddable":true,"href":"https:\/\/analyse.optim.biz\/index.php?rest_route=\/wp\/v2\/media\/812064"}],"wp:attachment":[{"href":"https:\/\/analyse.optim.biz\/index.php?rest_route=%2Fwp%2Fv2%2Fmedia&parent=812063"}],"wp:term":[{"taxonomy":"category","embeddable":true,"href":"https:\/\/analyse.optim.biz\/index.php?rest_route=%2Fwp%2Fv2%2Fcategories&post=812063"},{"taxonomy":"post_tag","embeddable":true,"href":"https:\/\/analyse.optim.biz\/index.php?rest_route=%2Fwp%2Fv2%2Ftags&post=812063"}],"curies":[{"name":"wp","href":"https:\/\/api.w.org\/{rel}","templated":true}]}}