{"id":812009,"date":"2025-10-29T15:56:00","date_gmt":"2025-10-29T12:56:00","guid":{"rendered":"https:\/\/analyse.optim.biz\/?p=812009"},"modified":"2025-10-29T15:56:00","modified_gmt":"2025-10-29T12:56:00","slug":"se-cauta-vicepresedinte-pentru-iccj-sectia-pentru-judecatori-a-csm-a-declansat-procedura-de-ocupare-a-unei-functii-de-vicepresedinte-al-inaltei-curti-postul-vizat-de-procedura-este-in-preze","status":"publish","type":"post","link":"https:\/\/analyse.optim.biz\/?p=812009","title":{"rendered":"SE CAUTA VICEPRESEDINTE PENTRU ICCJ \u2013 Sectia pentru judecatori a CSM a declansat procedura de ocupare a unei functii de vicepresedinte al Inaltei Curti. Postul vizat de procedura este in prezent ocupat cu delegare de judecatoarea Hermina Iancu, dupa ce functia a ramas vacanta ca urmare a pensionarii Rodicai Cosma (Document)"},"content":{"rendered":"<article id=\"article-content\">\n<h1>SE CAUTA VICEPRESEDINTE PENTRU ICCJ \u2013 Sectia pentru judecatori a CSM a declansat procedura de ocupare a unei functii de vicepresedinte al Inaltei Curti. Postul vizat de procedura este in prezent ocupat cu delegare de judecatoarea Hermina Iancu, dupa ce functia a ramas vacanta ca urmare a pensionarii Rodicai Cosma (Document)<\/h1>\n<section id=\"article-info\">\n<p class=\"author\">Scris de: G.T. | <a href=\"https:\/\/www.luju.ro\/se-cauta-vicepresedinte-pentru-iccj-sectia-pentru-judecatori-a-csm-a-declansat-procedura-de-ocupare-a-unei-functii-de-vicepresedinte-al-inaltei-curti-postul-vizat-de-procedura-este-in-prezent-ocupat-cu-delegare-de-judecatoarea-hermina-iancu-dupa-ce-functi?pdf\" title=\"PDF\"><img decoding=\"async\" src=\"https:\/\/analyse.optim.biz\/wp-content\/uploads\/2025\/12\/pdf-622.png\" alt=\"pdf\" title=\"pdf-622\"><\/a> | <a href=\"https:\/\/www.luju.ro\/se-cauta-vicepresedinte-pentru-iccj-sectia-pentru-judecatori-a-csm-a-declansat-procedura-de-ocupare-a-unei-functii-de-vicepresedinte-al-inaltei-curti-postul-vizat-de-procedura-este-in-prezent-ocupat-cu-delegare-de-judecatoarea-hermina-iancu-dupa-ce-functi?print=1\" class=\"external\" title=\"Imprimare\"><img decoding=\"async\" src=\"https:\/\/analyse.optim.biz\/wp-content\/uploads\/2025\/12\/print-622.png\" alt=\"print\" title=\"print-622\"><\/a><\/p>\n<div class=\"info flex-container\">\n<div class=\"date\">29 October 2025 15:56<\/div>\n<div>Vizualizari: 2321<\/div>\n<\/div>\n<\/section>\n<section id=\"article-body\">\n<section id=\"page\" class=\"cf\">\n<div>\n<p align=\"JUSTIFY\"><span><span><b><span><img loading=\"lazy\" decoding=\"async\" height=\"225\" width=\"400\" src=\"https:\/\/analyse.optim.biz\/wp-content\/uploads\/2025\/12\/hermina_iancu_judecatoare_iccj-1.jpg\" title=\"hermina_iancu_judecatoare_iccj-1\">A fost declansata procedura de ocupare a unei functii de vicepresedinte la Inalta Curte de Casatie si Justitie.<\/span><\/b> Anuntul a fost facut miercuri, 29 octombrie 2025, de Sectia pentru judecatori a CSM. <\/span><\/span><\/p>\n<hr>\n<p>\u00a0<\/p>\n<p align=\"JUSTIFY\"><span><span><b>Functia vizata de procedura este in prezent ocupata cu delegare, din luna august 2025, de judecatoarea Hermina Iancu <span>(foto)<\/span><\/b>. <b>Postul de vicepresedinte a ICCJ a ramas vacant dupa ce titluarul acestuia, judecatoarea Rodica Cosma, a iesit la pensie, la 1 august 2025.<\/b><\/span><\/span><\/p>\n<p align=\"JUSTIFY\"><span><span>Judecatorii ICCJ interesati sa se inscrie in procedura de ocupare a unei functii de vicepresedinte al instantei supreme isi pot depune <b>candidaturile pana la 19 noiembrie 2025<\/b>. Acestia sunt obligati sa prezinte un proiect referitor la exercitarea atributiilor manageriale, o declaratie pe propria raspundere ca nu au facut parte si nu au colaborat cu serviciile de informatii, precum si o declaratie din care sa rezulte ca nu au niciun interes personal ce ar putea sa influenteze indeplinirea cu obiectivitate si impartialitate a functiei. <\/span><\/span><\/p>\n<p align=\"JUSTIFY\"><span><span>Ulterior, candidatii vor sustine un interviu in fata Sectiei pentru judecatori a CSM. <\/span><\/span><\/p>\n<p align=\"JUSTIFY\"><span><span><br \/><\/span><\/span><\/p>\n<p align=\"JUSTIFY\"><span><span>Cea de-a doua functie de vicepresedinte al Inaltei Curti este detinuta de <b>judecatoarea Mariana Constantinescu<\/b>, numita pe un mandat de trei ani, incepand cu 10 iulie 2023.<\/span><\/span><\/p>\n<p align=\"JUSTIFY\"><span><span><br \/><\/span><\/span><\/p>\n<p align=\"JUSTIFY\"><span><span><b>Iata anuntul CSM privind declansarea procedurii de ocupare a unei functii de vicepresedinte ICCJ:<\/b><\/span><\/span><\/p>\n<p align=\"JUSTIFY\">\u00a0<\/p>\n<p align=\"JUSTIFY\"><span><span><b><img loading=\"lazy\" decoding=\"async\" src=\"https:\/\/analyse.optim.biz\/wp-content\/uploads\/2025\/12\/anunt_csm_vice_iccj.jpg\" width=\"700\" height=\"1043\" title=\"anunt_csm_vice_iccj\"><\/b><\/span><\/span><\/p>\n<\/div>\n<\/section>\n<\/section>\n<section id=\"comments-boxes\">\n<div class=\"heading\">\n<h2>Comentarii<\/h2>\n<\/div>\n<div class=\"comment\" id=\"comentariu-383284\">\n<div class=\"commentBody\">\n<div class=\"commentDate\">\n<p class=\"comment-details cf\"><span class=\"comment-id\"><br \/>\n\t\t\t\t\t\t\t\t#<br \/>\n\t\t\t\t\t\t\t\t<strong>Dr.Botomei Vasile<\/strong><img decoding=\"async\" src=\"https:\/\/analyse.optim.biz\/wp-content\/uploads\/2025\/12\/calendar-531.png\" alt=\"date\" title=\"calendar-531\"><br \/>\n\t\t\t\t\t\t\t\t30 October 2025 02:22<br \/>\n\t\t\t\t\t\t\t<\/span><span class=\"comment-quality cf\"><span class=\"gray\">0<\/span><\/span><\/p>\n<\/div>\n<div class=\"commentContent\">Asociatia Culturala Cealalta Romanie, autorizata cu activitati pentru apararea drepturilor omului, prin presedinte dr.Botomei Vasile, califica discursul dnei vicepre\u0219edinte Iancu Hermina de la Conferinta internationala a judec\u0103torilor din Octombrie 2025 desf\u0103\u0219urat\u0103 la Facultatea de drept din Craiova, angajamentul puterii judec\u0103tore\u0219ti \u00een \u00eendreptarea erorilor judiciare din perioada \u00een care art.7.1 din CEDO era aplicat eronat prin sintagma ,, drept national sau international in loc de traducerea reala ,, drept national si international, cum este publicata pe www.legislatie.just.ro.Pentru vointa, stiinta si curaj  este desemnata membru de ONOARE al asociatiei.Fie ca bunul Dumnezeu sa lucreze prin judecatorii care respecta CEDO, CJUE si Constitutia Romaniei fara discriminare in aplicarea legii mai favorabila pentru oameni!<\/div>\n<ul class=\"cf cactions\">\n<li><a class=\"comment-383284\" href rel=\"raspunde\" title=\"Raspunde\">Raspunde<\/a><\/li>\n<li>|<\/li>\n<li><a href class=\"comment-383284\" rel=\"raspunde-citeaza\" title=\"Raspunde cu citat\">Raspunde cu citat<\/a><\/li>\n<li>|<\/li>\n<li><a href class=\"comment-383284\" title=\"Citat\" rel=\"citeaza\">Citat<\/a><\/li>\n<\/ul>\n<\/div>\n<\/div>\n<\/section>\n<section id=\"comments\">\n<div class=\"heading\">\n<h2>Adauga comentariu<\/h2>\n<\/div>\n<div>\n<div id=\"emoticons-container\">\n<div id=\"comments-form-smilespanel\"><img decoding=\"async\" src=\"https:\/\/analyse.optim.biz\/wp-content\/uploads\/2025\/12\/laugh-653.gif\" alt=\":D\" class=\"smile\" title=\"laugh-653\"><img decoding=\"async\" src=\"https:\/\/analyse.optim.biz\/wp-content\/uploads\/2025\/12\/lol-669.gif\" alt=\":lol:\" class=\"smile\" title=\"lol-669\"><img decoding=\"async\" src=\"https:\/\/analyse.optim.biz\/wp-content\/uploads\/2025\/12\/smile-627.gif\" alt=\":-)\" class=\"smile\" title=\"smile-627\"><img decoding=\"async\" src=\"https:\/\/analyse.optim.biz\/wp-content\/uploads\/2025\/12\/wink-621.gif\" alt=\";-)\" class=\"smile\" title=\"wink-621\"><img decoding=\"async\" src=\"https:\/\/analyse.optim.biz\/wp-content\/uploads\/2025\/12\/cool-629.gif\" alt=\"8)\" class=\"smile\" title=\"cool-629\"><img decoding=\"async\" src=\"https:\/\/analyse.optim.biz\/wp-content\/uploads\/2025\/12\/normal-612.gif\" alt=\":-|\" class=\"smile\" title=\"normal-612\"><img decoding=\"async\" src=\"https:\/\/analyse.optim.biz\/wp-content\/uploads\/2025\/12\/whistling-635.gif\" alt=\":-*\" class=\"smile\" title=\"whistling-635\"><img decoding=\"async\" src=\"https:\/\/analyse.optim.biz\/wp-content\/uploads\/2025\/12\/redface-619.gif\" alt=\":oops:\" class=\"smile\" title=\"redface-619\"><img decoding=\"async\" src=\"https:\/\/analyse.optim.biz\/wp-content\/uploads\/2025\/12\/sad-620.gif\" alt=\":sad:\" class=\"smile\" title=\"sad-620\"><img decoding=\"async\" src=\"https:\/\/analyse.optim.biz\/wp-content\/uploads\/2025\/12\/cry-624.gif\" alt=\":cry:\" class=\"smile\" title=\"cry-624\"><img decoding=\"async\" src=\"https:\/\/analyse.optim.biz\/wp-content\/uploads\/2025\/12\/surprised-620.gif\" alt=\":o\" class=\"smile\" title=\"surprised-620\"><img decoding=\"async\" src=\"https:\/\/analyse.optim.biz\/wp-content\/uploads\/2025\/12\/confused-611.gif\" alt=\":-?\" class=\"smile\" title=\"confused-611\"><img decoding=\"async\" src=\"https:\/\/analyse.optim.biz\/wp-content\/uploads\/2025\/12\/sick-637.gif\" alt=\":-x\" class=\"smile\" title=\"sick-637\"><img decoding=\"async\" src=\"https:\/\/analyse.optim.biz\/wp-content\/uploads\/2025\/12\/shocked-636.gif\" alt=\":eek:\" class=\"smile\" title=\"shocked-636\"><img decoding=\"async\" src=\"https:\/\/analyse.optim.biz\/wp-content\/uploads\/2025\/12\/sleeping-621.gif\" alt=\":zzz\" class=\"smile\" title=\"sleeping-621\"><img decoding=\"async\" src=\"https:\/\/analyse.optim.biz\/wp-content\/uploads\/2025\/12\/tongue-633.gif\" alt=\":P\" class=\"smile\" title=\"tongue-633\"><img decoding=\"async\" src=\"https:\/\/analyse.optim.biz\/wp-content\/uploads\/2025\/12\/rolleyes-618.gif\" alt=\":roll:\" class=\"smile\" title=\"rolleyes-618\"><img decoding=\"async\" src=\"https:\/\/analyse.optim.biz\/wp-content\/uploads\/2025\/12\/unsure-613.gif\" alt=\":sigh:\" class=\"smile\" title=\"unsure-613\"><\/div>\n<\/div>\n<\/div>\n<div class=\"text-center\">\n<p>DISCLAIMER<\/p>\n<p>Atentie! Postati pe propria raspundere!<br \/> Inainte de a posta, cititi aici regulamentul: <a href=\"https:\/\/www.luju.ro\/termeni-legali-si-conditii\" title=\"Termeni legali si conditii\">Termeni legali si Conditii<\/a><\/p>\n<\/div>\n<\/section>\n<\/article>\n<p> Source URL: https:\/\/www.luju.ro\/se-cauta-vicepresedinte-pentru-iccj-sectia-pentru-judecatori-a-csm-a-declansat-procedura-de-ocupare-a-unei-functii-de-vicepresedinte-al-inaltei-curti-postul-vizat-de-procedura-este-in-prezent-ocupat-cu-delegare-de-judecatoarea-hermina-iancu-dupa-ce-functi<\/p>\n","protected":false},"excerpt":{"rendered":"<p>SE CAUTA VICEPRESEDINTE PENTRU ICCJ \u2013 Sectia pentru judecatori a CSM a declansat procedura de ocupare a unei functii de vicepresedinte al Inaltei Curti. Postul vizat de procedura este in prezent ocupat cu delegare de judecatoarea Hermina Iancu, dupa ce functia a ramas vacanta ca urmare a pensionarii Rodicai Cosma (Document) Scris de: G.T. | [&hellip;]<\/p>\n","protected":false},"author":1,"featured_media":812010,"comment_status":"open","ping_status":"","sticky":false,"template":"","format":"standard","meta":{"footnotes":""},"categories":[89],"tags":[114],"class_list":["post-812009","post","type-post","status-publish","format-standard","has-post-thumbnail","hentry","category-romania","tag-luju-ro"],"_links":{"self":[{"href":"https:\/\/analyse.optim.biz\/index.php?rest_route=\/wp\/v2\/posts\/812009","targetHints":{"allow":["GET"]}}],"collection":[{"href":"https:\/\/analyse.optim.biz\/index.php?rest_route=\/wp\/v2\/posts"}],"about":[{"href":"https:\/\/analyse.optim.biz\/index.php?rest_route=\/wp\/v2\/types\/post"}],"author":[{"embeddable":true,"href":"https:\/\/analyse.optim.biz\/index.php?rest_route=\/wp\/v2\/users\/1"}],"replies":[{"embeddable":true,"href":"https:\/\/analyse.optim.biz\/index.php?rest_route=%2Fwp%2Fv2%2Fcomments&post=812009"}],"version-history":[{"count":0,"href":"https:\/\/analyse.optim.biz\/index.php?rest_route=\/wp\/v2\/posts\/812009\/revisions"}],"wp:featuredmedia":[{"embeddable":true,"href":"https:\/\/analyse.optim.biz\/index.php?rest_route=\/wp\/v2\/media\/812010"}],"wp:attachment":[{"href":"https:\/\/analyse.optim.biz\/index.php?rest_route=%2Fwp%2Fv2%2Fmedia&parent=812009"}],"wp:term":[{"taxonomy":"category","embeddable":true,"href":"https:\/\/analyse.optim.biz\/index.php?rest_route=%2Fwp%2Fv2%2Fcategories&post=812009"},{"taxonomy":"post_tag","embeddable":true,"href":"https:\/\/analyse.optim.biz\/index.php?rest_route=%2Fwp%2Fv2%2Ftags&post=812009"}],"curies":[{"name":"wp","href":"https:\/\/api.w.org\/{rel}","templated":true}]}}