{"id":811961,"date":"2025-11-02T12:41:00","date_gmt":"2025-11-02T09:41:00","guid":{"rendered":"https:\/\/analyse.optim.biz\/?p=811961"},"modified":"2025-11-02T12:41:00","modified_gmt":"2025-11-02T09:41:00","slug":"politica-minciunii-judecatorul-csm-alin-ene-continua-sa-desfiinteze-manipularile-politicienilor-pe-tema-pensiilor-de-serviciu-ale-magistratilor-cum-ar-fi-ca-inainte-de-a-deschide-g","status":"publish","type":"post","link":"https:\/\/analyse.optim.biz\/?p=811961","title":{"rendered":"POLITICA MINCIUNII \u2013 Judecatorul CSM Alin Ene continua sa desfiinteze manipularile politicienilor pe tema pensiilor de serviciu ale magistratilor: \u201cCum ar fi ca inainte de a deschide gura sa studiem putin si legile acestei tari? Cum ar fi ca ministrii si oamenii politici dintr-un stat de drept membru UE in anul 2025 sa nu raspandeasca in mod constant in spatiul public minciuni si dezinformari?\u201d"},"content":{"rendered":"<article id=\"article-content\">\n<h1>POLITICA MINCIUNII \u2013 Judecatorul CSM Alin Ene continua sa desfiinteze manipularile politicienilor pe tema pensiilor de serviciu ale magistratilor: \u201cCum ar fi ca inainte de a deschide gura sa studiem putin si legile acestei tari? Cum ar fi ca ministrii si oamenii politici dintr-un stat de drept membru UE in anul 2025 sa nu raspandeasca in mod constant in spatiul public minciuni si dezinformari?\u201d<\/h1>\n<section id=\"article-info\">\n<p class=\"author\">Scris de: G.T. | <a href=\"https:\/\/www.luju.ro\/politica-minciunii-judecatorul-csm-alin-ene-continua-sa-desfiinteze-manipularile-politicienilor-pe-tema-pensiilor-de-serviciu-ale-magistratilor-cum-ar-fi-ca-inainte-de-a-deschide-gura-sa-studiem-putin-si-legile-acestei-tari-cum-ar-fi-ca-ministrii-si-oamen?pdf\" title=\"PDF\"><img decoding=\"async\" src=\"https:\/\/analyse.optim.biz\/wp-content\/uploads\/2025\/12\/pdf-620.png\" alt=\"pdf\" title=\"pdf-620\"><\/a> | <a href=\"https:\/\/www.luju.ro\/politica-minciunii-judecatorul-csm-alin-ene-continua-sa-desfiinteze-manipularile-politicienilor-pe-tema-pensiilor-de-serviciu-ale-magistratilor-cum-ar-fi-ca-inainte-de-a-deschide-gura-sa-studiem-putin-si-legile-acestei-tari-cum-ar-fi-ca-ministrii-si-oamen?print=1\" class=\"external\" title=\"Imprimare\"><img decoding=\"async\" src=\"https:\/\/analyse.optim.biz\/wp-content\/uploads\/2025\/12\/print-620.png\" alt=\"print\" title=\"print-620\"><\/a><\/p>\n<div class=\"info flex-container\">\n<div class=\"date\"> 2 November 2025 12:41<\/div>\n<div>Vizualizari: 4165<\/div>\n<\/div>\n<\/section>\n<section id=\"article-body\">\n<section id=\"page\" class=\"cf\">\n<div>\n<p align=\"JUSTIFY\"><span><span><img loading=\"lazy\" decoding=\"async\" src=\"https:\/\/analyse.optim.biz\/wp-content\/uploads\/2025\/12\/alin_ene-1.jpg\" width=\"400\" height=\"225\" title=\"alin_ene-1\">Este foarte bine ce face <strong>judecatorul Alin Ene <span>(foto)<\/span> din CSM<\/strong>, care desfiinteaza constant orice manipulare venita din partea politicienilor pe tema pensiilor de serviciu ale magistratilor. <\/span><\/span><\/p>\n<hr>\n<p>\u00a0<\/p>\n<p align=\"JUSTIFY\"><span><span>Cea mai noua reactie din partea lui Ene a avut loc in urma cu cateva zile, dupa o declaratie a <strong>ministrului USR al Economiei Radu Miruta<\/strong>, care a acuzat ca magistratii s-ar elibera din functii cu pensii mai mari decat salariul. Acelasi Miruta a alegat in sensul posibilitatii modificarii Constitutiei pentru eliminarea pensiilor de serviciu ale magistratilor, gresit denumite de politicieni \u201cpensii speciale\u201d. <\/span><\/span><\/p>\n<p align=\"JUSTIFY\"><span><span>In acest context, intr-o postare pe pagina sa de <strong><span><a target=\"_blank\" href=\"https:\/\/www.facebook.com\/alinenecsm\/posts\/pfbid02csnJSHnXNjQdkXCUd32ccBQWKjkCCjBZVxnVGQSouCV9TijQepsuPrTMqxi5LU46l?__cft__%5B0%5D=AZXsvoqCVdCcH7RzQcc2SBpmHxkWGQuGVzeIuNlrZLbMidB77JGURzvcbnR7NtQiuwhYO3-jEqYH4-bQusGkKP-C7uec3LL7xKV8y3iMMdaO15tqCZ1x4f33nXkxQ4Xsmz8Se1wykBnaDjC-5DMiDX4BuO2TsBdbwJ6e6aAFqoEo64HvxskYBYzW5MOtR9HAGmI&amp;__tn__=%2CO%2CP-R\">Facebook<\/a><\/span><\/strong>, de joi, 30 octombrie 2025, intitulata <strong>\u201cPolitica minciunii\u201d<\/strong>, judecatorul CSM Alin Ene se intreaba daca nu cumva inainte sa vorbeasca politicienii ar citi legea, pentru a nu raspandi in spatiul public dezinformari. Iar asta intrucat potrivit legii aflate in vigoare niciun magistrat nu mai poate iesi la pensie cu o pensie mai mare decat salariu.<\/span><\/span><\/p>\n<p align=\"JUSTIFY\"><span><span><br \/><\/span><\/span><\/p>\n<p align=\"JUSTIFY\"><span><span><strong>Redam comentariul judecatorului Alin Ene din CSM:<\/strong><\/span><\/span><\/p>\n<p align=\"JUSTIFY\"><span><span><br \/><\/span><\/span><\/p>\n<p align=\"JUSTIFY\"><i><span><span>\u201cPolitica Minciunii<\/span><\/span><\/i><\/p>\n<p align=\"JUSTIFY\"><strong><i><span><span>FAKE NEWS marca inregistrata din partea unui ministru roman.<\/span><\/span><\/i><\/strong><\/p>\n<p align=\"JUSTIFY\"><span><i><span><strong>Realitatea: Conform legii in vigoare, PENSIA NU POATE FI MAI MARE DECAT SALARIUL. <\/strong><\/span><\/i><\/span><\/p>\n<p align=\"JUSTIFY\"><span><i><span><strong>Cum ar fi ca inainte de a deschide gura sa studiem putin si legile acestei tari?<\/strong><\/span><\/i><\/span><\/p>\n<p align=\"JUSTIFY\"><span><i><span><strong>Cum ar fi ca ministrii si oamenii politici dintr-un stat de drept membru UE in anul 2025 sa nu raspandeasca in mod constant in spatiul public minciuni si dezinformari?<\/strong><\/span><\/i><\/span><\/p>\n<p align=\"JUSTIFY\"><span><i><span><strong>Cum ar fi sa ne informam din actele normative in vigoare si din situatia de fapt reala, fara sa extrapolam la nivelul intregii magistraturi situatiile punctuale pe care le cunoastem de la magistratii pensionari din familia restransa? <\/strong><\/span><\/i><\/span><\/p>\n<p align=\"JUSTIFY\"><span><i><span><strong>Mai concret: doar pentru ca eu am in familie un magistrat pensionar cu o pensie mai mare decat salariul, asta nu inseamna ca toti magistratii care se pensioneaza acum au pensia mai mare decat salariul.<\/strong><\/span><\/i><\/span><\/p>\n<p align=\"JUSTIFY\"><i><span><span>Cum ar fi toate acestea? Ar fi normalitate! Dar intr-o perioada in care anormalul a devenit regula, normalitatea a ajuns utopie. <\/span><\/span><\/i><\/p>\n<p align=\"JUSTIFY\"><i><span><span><strong>In rest, am inteles cum e cu Constitutia asta! Nimic nou, ne-au mai spus-o si alti colegi de-ai domnului ministru: Constitutia si in general principiile statului de drept sunt buturugi prea mici pentru a putea rasturna carul de dorinte ale partidului.<\/strong><\/span><\/span><\/i><\/p>\n<p align=\"JUSTIFY\"><i><span><span><strong>Bine-bine, dar ce modificam la Constitutie? Ne-a edificat deja intaiul reformist fara drept de vot la eventualul referendum: sa scrie negru pe alb ca la investire judecatorii CCR trebuie sa jure credinta partidelor care i-au numit. si asa, intr-o simbioza totala, modificam apoi tot ce dorim. Ca doar noi vom fi vesnic la putere. Sau nu? Ma rog, ce mai conteaza? Suntem acum, batem fierul cat e cald si dupa noi, potopul!<\/strong>\u201d.<\/span><\/span><\/i><\/p>\n<\/div>\n<\/section>\n<\/section>\n<section id=\"comments-boxes\">\n<div class=\"heading\">\n<h2>Comentarii<\/h2>\n<\/div>\n<div class=\"comment\" id=\"comentariu-383370\">\n<div class=\"commentBody\">\n<div class=\"commentDate\">\n<p class=\"comment-details cf\"><span class=\"comment-id\"><br \/>\n\t\t\t\t\t\t\t\t#<br \/>\n\t\t\t\t\t\t\t\t<strong>Io<\/strong><img decoding=\"async\" src=\"https:\/\/analyse.optim.biz\/wp-content\/uploads\/2025\/12\/calendar-529.png\" alt=\"date\" title=\"calendar-529\"><br \/>\n\t\t\t\t\t\t\t\t 2 November 2025 13:31<br \/>\n\t\t\t\t\t\t\t<\/span><span class=\"comment-quality cf\"><span class=\"gray\">0<\/span><\/span><\/p>\n<\/div>\n<div class=\"commentContent\">Ce ati votat, asta aveti, fara suparare.<br \/>\nSunt partidele si politicienii pe care i-ati ales.\n<\/div>\n<ul class=\"cf cactions\">\n<li><a class=\"comment-383370\" href rel=\"raspunde\" title=\"Raspunde\">Raspunde<\/a><\/li>\n<li>|<\/li>\n<li><a href class=\"comment-383370\" rel=\"raspunde-citeaza\" title=\"Raspunde cu citat\">Raspunde cu citat<\/a><\/li>\n<li>|<\/li>\n<li><a href class=\"comment-383370\" title=\"Citat\" rel=\"citeaza\">Citat<\/a><\/li>\n<\/ul>\n<\/div>\n<\/div>\n<div class=\"comment\" id=\"comentariu-383377\">\n<div class=\"commentBody\">\n<div class=\"commentDate\">\n<p class=\"comment-details cf\"><span class=\"comment-id\"><br \/>\n\t\t\t\t\t\t\t\t#<br \/>\n\t\t\t\t\t\t\t\t<strong>Kluivert <\/strong><img decoding=\"async\" src=\"https:\/\/analyse.optim.biz\/wp-content\/uploads\/2025\/12\/calendar-529.png\" alt=\"date\" title=\"calendar-529\"><br \/>\n\t\t\t\t\t\t\t\t 2 November 2025 20:10<br \/>\n\t\t\t\t\t\t\t<\/span><span class=\"comment-quality cf\"><span class=\"green\">+117<\/span><\/span><\/p>\n<\/div>\n<div class=\"commentContent\">\u00cen primul r\u00e2nd trebuie s\u0103 \u00eenve\u021be s\u0103 citeasc\u0103 domnul ministru. Au \u0103\u0219tia de la usr o faun\u0103 \u00een partid, c\u0103 nu m-a\u0219 mira s\u0103 aflu c\u0103 sunt \u0219i analfabe\u021bi cu acte \u00een regul\u0103. De la cucoana Clotilde care nu a \u00eenv\u0103\u021bat limba rom\u00e2n\u0103 \u00een cei cinzeci de ani, de c\u00e2nd e \u00een Rom\u00e2nia, la am\u0103r\u00e2tul \u0103la de Bulai care \u00ee\u0219i arat\u0103 \u021b\u00e2\u021bucele de pe cal. De la nefericitul Ghinea care a b\u0103gat \u00een PNRR reforme neconstitu\u021bionale la ame\u021bitul de Dominic de pe Bega. De la l\u0103l\u0103ul Mo\u0219teanu la fratele de trotinet\u0103, Barna. Acum au ap\u0103rut specii noi, cum ar fi Miriu\u021b\u0103, cap de z\u00e2n\u0103 M\u0103selu\u021b\u0103, sau nenoptabila Oana \u021aoiu.<\/div>\n<ul class=\"cf cactions\">\n<li><a class=\"comment-383377\" href rel=\"raspunde\" title=\"Raspunde\">Raspunde<\/a><\/li>\n<li>|<\/li>\n<li><a href class=\"comment-383377\" rel=\"raspunde-citeaza\" title=\"Raspunde cu citat\">Raspunde cu citat<\/a><\/li>\n<li>|<\/li>\n<li><a href class=\"comment-383377\" title=\"Citat\" rel=\"citeaza\">Citat<\/a><\/li>\n<\/ul>\n<\/div>\n<\/div>\n<div class=\"comment\" id=\"comentariu-383379\">\n<div class=\"commentBody\">\n<div class=\"commentDate\">\n<p class=\"comment-details cf\"><span class=\"comment-id\"><br \/>\n\t\t\t\t\t\t\t\t#<br \/>\n\t\t\t\t\t\t\t\t<strong>DOREL<\/strong><img decoding=\"async\" src=\"https:\/\/analyse.optim.biz\/wp-content\/uploads\/2025\/12\/calendar-529.png\" alt=\"date\" title=\"calendar-529\"><br \/>\n\t\t\t\t\t\t\t\t 2 November 2025 20:50<br \/>\n\t\t\t\t\t\t\t<\/span><span class=\"comment-quality cf\"><span class=\"green\">+1<\/span><\/span><\/p>\n<\/div>\n<div class=\"commentContent\">&#8220;Minciuna sta cu regele la masa&#8221; &#8211; asta era odat\u0103, ast\u0103zi&#8230; <\/div>\n<ul class=\"cf cactions\">\n<li><a class=\"comment-383379\" href rel=\"raspunde\" title=\"Raspunde\">Raspunde<\/a><\/li>\n<li>|<\/li>\n<li><a href class=\"comment-383379\" rel=\"raspunde-citeaza\" title=\"Raspunde cu citat\">Raspunde cu citat<\/a><\/li>\n<li>|<\/li>\n<li><a href class=\"comment-383379\" title=\"Citat\" rel=\"citeaza\">Citat<\/a><\/li>\n<\/ul>\n<\/div>\n<\/div>\n<div class=\"comment\" id=\"comentariu-383384\">\n<div class=\"commentBody\">\n<div class=\"commentDate\">\n<p class=\"comment-details cf\"><span class=\"comment-id\"><br \/>\n\t\t\t\t\t\t\t\t#<br \/>\n\t\t\t\t\t\t\t\t<strong>santinela<\/strong><img decoding=\"async\" src=\"https:\/\/analyse.optim.biz\/wp-content\/uploads\/2025\/12\/calendar-529.png\" alt=\"date\" title=\"calendar-529\"><br \/>\n\t\t\t\t\t\t\t\t 3 November 2025 06:58<br \/>\n\t\t\t\t\t\t\t<\/span><span class=\"comment-quality cf\"><span class=\"red\">-372<\/span><\/span><\/p>\n<\/div>\n<div class=\"commentContent\">Cu sporurile pe care vi le adaugati in ultimii ani de activitate pentru a va creste salariul,deci implicit si pensia, cum este ciumpalacule magistrat ? Adica auziti tupeu pe asta.Lui i se pare normal sa aibe pensia cat salariul.Unde ai mai vazut asa ceva in lumea asta ?? De aceea aveti obrazul gros ca talpa si justitia este privita cum este privita si respectata &#8211;NU&#8211; ! <\/div>\n<ul class=\"cf cactions\">\n<li><a class=\"comment-383384\" href rel=\"raspunde\" title=\"Raspunde\">Raspunde<\/a><\/li>\n<li>|<\/li>\n<li><a href class=\"comment-383384\" rel=\"raspunde-citeaza\" title=\"Raspunde cu citat\">Raspunde cu citat<\/a><\/li>\n<li>|<\/li>\n<li><a href class=\"comment-383384\" title=\"Citat\" rel=\"citeaza\">Citat<\/a><\/li>\n<\/ul>\n<\/div>\n<\/div>\n<div class=\"comment\" id=\"comentariu-383385\">\n<div class=\"commentBody\">\n<div class=\"commentDate\">\n<p class=\"comment-details cf\"><span class=\"comment-id\"><br \/>\n\t\t\t\t\t\t\t\t#<br \/>\n\t\t\t\t\t\t\t\t<strong>Retardanis<\/strong><img decoding=\"async\" src=\"https:\/\/analyse.optim.biz\/wp-content\/uploads\/2025\/12\/calendar-529.png\" alt=\"date\" title=\"calendar-529\"><br \/>\n\t\t\t\t\t\t\t\t 3 November 2025 07:19<br \/>\n\t\t\t\t\t\t\t<\/span><span class=\"comment-quality cf\"><span class=\"red\">-50<\/span><\/span><\/p>\n<\/div>\n<div class=\"commentContent\">In Constitutie scrie ca cetatenii nu au voie sa aiba initiative legislative legate de impozite si taxe. Ar trebui sa scrie si ca judecatorii, inclusiv CCR nu se pot pronunta pe legi privind propriile salarii si pensii. Parca cetatenii erau egali in fata legii.<\/div>\n<ul class=\"cf cactions\">\n<li><a class=\"comment-383385\" href rel=\"raspunde\" title=\"Raspunde\">Raspunde<\/a><\/li>\n<li>|<\/li>\n<li><a href class=\"comment-383385\" rel=\"raspunde-citeaza\" title=\"Raspunde cu citat\">Raspunde cu citat<\/a><\/li>\n<li>|<\/li>\n<li><a href class=\"comment-383385\" title=\"Citat\" rel=\"citeaza\">Citat<\/a><\/li>\n<\/ul>\n<\/div>\n<\/div>\n<div class=\"comment\" id=\"comentariu-383386\">\n<div class=\"commentBody\">\n<div class=\"commentDate\">\n<p class=\"comment-details cf\"><span class=\"comment-id\"><br \/>\n\t\t\t\t\t\t\t\t#<br \/>\n\t\t\t\t\t\t\t\t<strong>santinelo<\/strong><img decoding=\"async\" src=\"https:\/\/analyse.optim.biz\/wp-content\/uploads\/2025\/12\/calendar-529.png\" alt=\"date\" title=\"calendar-529\"><br \/>\n\t\t\t\t\t\t\t\t 3 November 2025 10:26<br \/>\n\t\t\t\t\t\t\t<\/span><span class=\"comment-quality cf\"><span class=\"green\">+60<\/span><\/span><\/p>\n<\/div>\n<div class=\"commentContent\">Vezi c\u0103 legile acelea sunt date de Parlament \u0219i publicate \u00een Monitorul Oficial, nu pe feisbuc. Ce s\u0103-\u021bi facem dac\u0103 tu te informezi de pe tiktok sau antena 3?<\/div>\n<ul class=\"cf cactions\">\n<li><a class=\"comment-383386\" href rel=\"raspunde\" title=\"Raspunde\">Raspunde<\/a><\/li>\n<li>|<\/li>\n<li><a href class=\"comment-383386\" rel=\"raspunde-citeaza\" title=\"Raspunde cu citat\">Raspunde cu citat<\/a><\/li>\n<li>|<\/li>\n<li><a href class=\"comment-383386\" title=\"Citat\" rel=\"citeaza\">Citat<\/a><\/li>\n<\/ul>\n<\/div>\n<\/div>\n<div class=\"comment\" id=\"comentariu-383387\">\n<div class=\"commentBody\">\n<div class=\"commentDate\">\n<p class=\"comment-details cf\"><span class=\"comment-id\"><br \/>\n\t\t\t\t\t\t\t\t#<br \/>\n\t\t\t\t\t\t\t\t<strong>retardaianise<\/strong><img decoding=\"async\" src=\"https:\/\/analyse.optim.biz\/wp-content\/uploads\/2025\/12\/calendar-529.png\" alt=\"date\" title=\"calendar-529\"><br \/>\n\t\t\t\t\t\t\t\t 3 November 2025 10:32<br \/>\n\t\t\t\t\t\t\t<\/span><span class=\"comment-quality cf\"><span class=\"green\">+55<\/span><\/span><\/p>\n<\/div>\n<div class=\"commentContent\">Bine zici! P\u0103cat c\u0103 nu ai f\u0103cut parte din Adunarea Constituant\u0103. Dup\u0103 mintea ta, magistra\u021bii nu ar trebui s\u0103 aib\u0103 nici acces liber la justi\u021bie. \u00cenc\u0103 o interdic\u021bie, pe l\u00e2ng\u0103 celelalte. Dar ia d\u0103 un exemplu de spor sau privilegiu, cum ai auzit c\u0103-i spune, acordat prin hot\u0103r\u00e2ri judec\u0103tore\u0219ti \u0219i care nu e prev\u0103zut de lege. Nu e vina magistra\u021bilor c\u0103 politicienii erau hapori \u0219i-\u0219i m\u0103reau lefurile, f\u0103r\u0103 s\u0103 \u0219tie, la fel cacberbecii de azi, c\u0103 indirect, m\u0103reau \u0219i indemniza\u021biile magistra\u021bilor. <\/div>\n<ul class=\"cf cactions\">\n<li><a class=\"comment-383387\" href rel=\"raspunde\" title=\"Raspunde\">Raspunde<\/a><\/li>\n<li>|<\/li>\n<li><a href class=\"comment-383387\" rel=\"raspunde-citeaza\" title=\"Raspunde cu citat\">Raspunde cu citat<\/a><\/li>\n<li>|<\/li>\n<li><a href class=\"comment-383387\" title=\"Citat\" rel=\"citeaza\">Citat<\/a><\/li>\n<\/ul>\n<\/div>\n<\/div>\n<div class=\"comment\" id=\"comentariu-383407\">\n<div class=\"commentBody\">\n<div class=\"commentDate\">\n<p class=\"comment-details cf\"><span class=\"comment-id\"><br \/>\n\t\t\t\t\t\t\t\t#<br \/>\n\t\t\t\t\t\t\t\t<strong>waw<\/strong><img decoding=\"async\" src=\"https:\/\/analyse.optim.biz\/wp-content\/uploads\/2025\/12\/calendar-529.png\" alt=\"date\" title=\"calendar-529\"><br \/>\n\t\t\t\t\t\t\t\t 3 November 2025 23:03<br \/>\n\t\t\t\t\t\t\t<\/span><span class=\"comment-quality cf\"><span class=\"green\">+41<\/span><\/span><\/p>\n<\/div>\n<div class=\"commentContent\">Retardanis! Dupa tine magistratii ar trebui sa fie o categorie sociala fara drepturi asa-i draga!<\/div>\n<ul class=\"cf cactions\">\n<li><a class=\"comment-383407\" href rel=\"raspunde\" title=\"Raspunde\">Raspunde<\/a><\/li>\n<li>|<\/li>\n<li><a href class=\"comment-383407\" rel=\"raspunde-citeaza\" title=\"Raspunde cu citat\">Raspunde cu citat<\/a><\/li>\n<li>|<\/li>\n<li><a href class=\"comment-383407\" title=\"Citat\" rel=\"citeaza\">Citat<\/a><\/li>\n<\/ul>\n<\/div>\n<\/div>\n<div class=\"comment\" id=\"comentariu-383409\">\n<div class=\"commentBody\">\n<div class=\"commentDate\">\n<p class=\"comment-details cf\"><span class=\"comment-id\"><br \/>\n\t\t\t\t\t\t\t\t#<br \/>\n\t\t\t\t\t\t\t\t<strong>112<\/strong><img decoding=\"async\" src=\"https:\/\/analyse.optim.biz\/wp-content\/uploads\/2025\/12\/calendar-529.png\" alt=\"date\" title=\"calendar-529\"><br \/>\n\t\t\t\t\t\t\t\t 4 November 2025 06:20<br \/>\n\t\t\t\t\t\t\t<\/span><span class=\"comment-quality cf\"><span class=\"red\">-70<\/span><\/span><\/p>\n<\/div>\n<div class=\"commentContent\">Dl judecator vino cu picioarele pe pamant si analizeaza prestatiile judecatorilior stagiari care de putin timp au devenit definitivi si o sa te ingrozesti  cat sunt de slabi pregatiti,nu sunt empatici,sunt razbunatori,amana cate 8 luni o pronuntare,vin pe la munca din an in Pasti,si mai rau amendeaza pe toata lumea fara motiv.Poate asa ii invatati la INM SECURISTAN .Rezolvati-va intai lacunele din sitsem si apoi pretindeti privilegii nu drepturi!Apropo 2 luni a fost vacanta judecatoresca si doua luni protest si salariul vostru a mers.Chiar nu va este  rusine!Sunt medici care salveaza vieti care au invatat si invata mai mult ca voi si muncesc de le sar capacele si nu au veniturile vostre.PS.Art 16 al 2 din Constitutie prevede ca &#8220;nimeni nu este mai presus de lege&#8221; .Nu vreti sa il atacati si pe acesta la CCR?Am uitat ca voi nu sunteti nimeni va credeti Mesia.Po******tia este furioasa pe tupeul vostru.<\/div>\n<ul class=\"cf cactions\">\n<li><a class=\"comment-383409\" href rel=\"raspunde\" title=\"Raspunde\">Raspunde<\/a><\/li>\n<li>|<\/li>\n<li><a href class=\"comment-383409\" rel=\"raspunde-citeaza\" title=\"Raspunde cu citat\">Raspunde cu citat<\/a><\/li>\n<li>|<\/li>\n<li><a href class=\"comment-383409\" title=\"Citat\" rel=\"citeaza\">Citat<\/a><\/li>\n<\/ul>\n<\/div>\n<\/div>\n<div class=\"comment\" id=\"comentariu-383412\">\n<div class=\"commentBody\">\n<div class=\"commentDate\">\n<p class=\"comment-details cf\"><span class=\"comment-id\"><br \/>\n\t\t\t\t\t\t\t\t#<br \/>\n\t\t\t\t\t\t\t\t<strong>112-ule<\/strong><img decoding=\"async\" src=\"https:\/\/analyse.optim.biz\/wp-content\/uploads\/2025\/12\/calendar-529.png\" alt=\"date\" title=\"calendar-529\"><br \/>\n\t\t\t\t\t\t\t\t 4 November 2025 08:49<br \/>\n\t\t\t\t\t\t\t<\/span><span class=\"comment-quality cf\"><span class=\"red\">-47<\/span><\/span><\/p>\n<\/div>\n<div class=\"commentContent\">Nici nu e\u0219ti preg\u0103tit. Poate &#8220;slab preg\u0103ti\u021bi&#8221; era corect. La c\u00e2t de pu\u021bine cuno\u0219ti despre activitatea din vacan\u021ba judec\u0103toreasc\u0103, nu are rost s\u0103-\u021bi explic\u0103m pe \u00een\u021belesul t\u0103u, cam c\u00e2t \u00eenva\u021b\u0103 unul sau altul. Ia vezi, dac\u0103 nenea doctoru&#8217; nu te bele\u0219te bine la opera\u021bie sau \u00ee\u0219i uit\u0103 sculele \u00eenainte s\u0103 te \u00eenchid\u0103 la bindeu sau la c\u0103p\u0103\u021b\u00e2n\u0103, nu la magistrat te adresezi pentru malpraxis? Sau te nume\u0219ti Ciolacu \u0219i tu \u00eei spui malpraxi?<\/div>\n<ul class=\"cf cactions\">\n<li><a class=\"comment-383412\" href rel=\"raspunde\" title=\"Raspunde\">Raspunde<\/a><\/li>\n<li>|<\/li>\n<li><a href class=\"comment-383412\" rel=\"raspunde-citeaza\" title=\"Raspunde cu citat\">Raspunde cu citat<\/a><\/li>\n<li>|<\/li>\n<li><a href class=\"comment-383412\" title=\"Citat\" rel=\"citeaza\">Citat<\/a><\/li>\n<\/ul>\n<\/div>\n<\/div>\n<div class=\"comment\" id=\"comentariu-383417\">\n<div class=\"commentBody\">\n<div class=\"commentDate\">\n<p class=\"comment-details cf\"><span class=\"comment-id\"><br \/>\n\t\t\t\t\t\t\t\t#<br \/>\n\t\t\t\t\t\t\t\t<strong>funny<\/strong><img decoding=\"async\" src=\"https:\/\/analyse.optim.biz\/wp-content\/uploads\/2025\/12\/calendar-529.png\" alt=\"date\" title=\"calendar-529\"><br \/>\n\t\t\t\t\t\t\t\t 4 November 2025 12:45<br \/>\n\t\t\t\t\t\t\t<\/span><span class=\"comment-quality cf\"><span class=\"green\">+6<\/span><\/span><\/p>\n<\/div>\n<div class=\"commentContent\">pt 112&gt;asa e, trebuie facuta curatenie in gradina. Si trebuie inceput nu cu cate dosare se solutioneaza,ci cu cate se solutioneaza in realitate pe fond, rezolvand litigiul dintre parti.M-am saturat de cate motive se inventeaza sa nu se solutioneze cauzele.N-am mai vazut un litigiu rezolvat pe fond din 2018.<\/p>\n<p>la articol&gt;proprietatea angajatului e salariul brut castigat lunar.Faptul a i se retin impozite si contributii, nu schimba proprietatea banilor decat dupa ce salariul brut este calculat in favoarea angajatului si dupa plata efectuata catre stat a impozitelor,de angajator in numele angajatului de la care au fost retinute.Statul nu e proprietar direct pe impozite si contributii, ci are doar un drept de creanta bugetara pana la plata.Si dc pensia e 80% din brut,si brutul e salariul proprietate a magistratului,cum adica e pensia mai mare ca salariul?Matematic e imposibil,dar poate ne explica marii politicieni care au emis teoria cu pensia mai mare ca salariul.Niciodata nu a fost mare. <\/p><\/div>\n<ul class=\"cf cactions\">\n<li><a class=\"comment-383417\" href rel=\"raspunde\" title=\"Raspunde\">Raspunde<\/a><\/li>\n<li>|<\/li>\n<li><a href class=\"comment-383417\" rel=\"raspunde-citeaza\" title=\"Raspunde cu citat\">Raspunde cu citat<\/a><\/li>\n<li>|<\/li>\n<li><a href class=\"comment-383417\" title=\"Citat\" rel=\"citeaza\">Citat<\/a><\/li>\n<\/ul>\n<\/div>\n<\/div>\n<div class=\"comment\" id=\"comentariu-383419\">\n<div class=\"commentBody\">\n<div class=\"commentDate\">\n<p class=\"comment-details cf\"><span class=\"comment-id\"><br \/>\n\t\t\t\t\t\t\t\t#<br \/>\n\t\t\t\t\t\t\t\t<strong>Pt. Funny<\/strong><img decoding=\"async\" src=\"https:\/\/analyse.optim.biz\/wp-content\/uploads\/2025\/12\/calendar-529.png\" alt=\"date\" title=\"calendar-529\"><br \/>\n\t\t\t\t\t\t\t\t 4 November 2025 15:38<br \/>\n\t\t\t\t\t\t\t<\/span><span class=\"comment-quality cf\"><span class=\"green\">+1<\/span><\/span><\/p>\n<\/div>\n<div class=\"commentContent\">Bolojanu a propus 70 la sut\u0103 din net, din care se re\u021bin impozit \u0219i celelalte contribu\u021bii, c\u0103 la magistra\u021bi li se re\u021bine \u0219i CASS, de\u0219i prostanii cred c\u0103 s\u0103n\u0103tatea e gratis (un privilegiu). Dup\u0103 aceste re\u021bineri bolojanu consider\u0103, c\u0103 pensia e apropiat\u0103 de ultim\u0103 indemniza\u021bie, de\u0219i e jum\u0103tate. Cum dracu&#8217; ne poate scoate cheliosul din pr\u0103pastie, dac\u0103 la el 0,5 e egal cu 1?<\/div>\n<ul class=\"cf cactions\">\n<li><a class=\"comment-383419\" href rel=\"raspunde\" title=\"Raspunde\">Raspunde<\/a><\/li>\n<li>|<\/li>\n<li><a href class=\"comment-383419\" rel=\"raspunde-citeaza\" title=\"Raspunde cu citat\">Raspunde cu citat<\/a><\/li>\n<li>|<\/li>\n<li><a href class=\"comment-383419\" title=\"Citat\" rel=\"citeaza\">Citat<\/a><\/li>\n<\/ul>\n<\/div>\n<\/div>\n<div class=\"comment\" id=\"comentariu-383424\">\n<div class=\"commentBody\">\n<div class=\"commentDate\">\n<p class=\"comment-details cf\"><span class=\"comment-id\"><br \/>\n\t\t\t\t\t\t\t\t#<br \/>\n\t\t\t\t\t\t\t\t<strong>Ptr 112 -ule<\/strong><img decoding=\"async\" src=\"https:\/\/analyse.optim.biz\/wp-content\/uploads\/2025\/12\/calendar-529.png\" alt=\"date\" title=\"calendar-529\"><br \/>\n\t\t\t\t\t\t\t\t 4 November 2025 16:53<br \/>\n\t\t\t\t\t\t\t<\/span><span class=\"comment-quality cf\"><span class=\"red\">-31<\/span><\/span><\/p>\n<\/div>\n<div class=\"commentContent\">Am scris intentionat slabi pregatiti dar nu ai sesizat ironia.In ce priveste limbajul de santier cu &#8220;beleste'&#8221; &#8220;sa-ti explicam&#8221;&#8221; nenea doctorul&#8221;sunt sintagme pe care le foloseai tu in motivarile tale de analfabet.Nu mai doresc sa polemizez cu oameni frustrati care au iesit la pensie de la gradinita cu o pensie de 5.000 de euro pe pamant.pe luna si degeaba.Hasta la vista baby!<\/div>\n<ul class=\"cf cactions\">\n<li><a class=\"comment-383424\" href rel=\"raspunde\" title=\"Raspunde\">Raspunde<\/a><\/li>\n<li>|<\/li>\n<li><a href class=\"comment-383424\" rel=\"raspunde-citeaza\" title=\"Raspunde cu citat\">Raspunde cu citat<\/a><\/li>\n<li>|<\/li>\n<li><a href class=\"comment-383424\" title=\"Citat\" rel=\"citeaza\">Citat<\/a><\/li>\n<\/ul>\n<\/div>\n<\/div>\n<div class=\"comment\" id=\"comentariu-383428\">\n<div class=\"commentBody\">\n<div class=\"commentDate\">\n<p class=\"comment-details cf\"><span class=\"comment-id\"><br \/>\n\t\t\t\t\t\t\t\t#<br \/>\n\t\t\t\t\t\t\t\t<strong>funny<\/strong><img decoding=\"async\" src=\"https:\/\/analyse.optim.biz\/wp-content\/uploads\/2025\/12\/calendar-529.png\" alt=\"date\" title=\"calendar-529\"><br \/>\n\t\t\t\t\t\t\t\t 4 November 2025 18:20<br \/>\n\t\t\t\t\t\t\t<\/span><span class=\"comment-quality cf\"><span class=\"red\">-15<\/span><\/span><\/p>\n<\/div>\n<div class=\"commentContent\">pt ~pt funny~&gt; 70% din net nu e 0.5&#8230; netul e 55% din brut, iar pensia de 70% din net inseamna pensie bruta egala cu 38.5% din brut, care se impoziteaza dupa aceea cu 10% si din care se mai retine si CASS 10%, adica pensia neta ar fi cam 30.8% din brutul ultimului salariu.(Dar ei nu vor sa se opreasca la 70% din net. Obisnuinta Ministerului de Finante e la 65% din net, care devine brutul venitului si se taxeaza si impoziteaza ulterior). Dc trece legea pe care o vrea executivul, chiar cu 70% din netul ultimului salariu, atc pensia de serviciu dispare &#8211; probabil ca asta se si doreste &#8211; pentru ca la 30.8% din brut va fi mult mai mica decat pensia contributiva. Adica executivul nu desfiinteaza pensiile de serviciu, ci magistratii renunta la ele pt ca isi aleg pensiile contributive care sunt mai mari. Clever, nu? Very clever si cool dpdv politic&gt;am desfiintat fara sa spunem ca am desfiintat.Zicem ca magistratii, din motive mercantile si egoiste, au renuntat  la pensiile de serviciu.Sanchi!<\/div>\n<ul class=\"cf cactions\">\n<li><a class=\"comment-383428\" href rel=\"raspunde\" title=\"Raspunde\">Raspunde<\/a><\/li>\n<li>|<\/li>\n<li><a href class=\"comment-383428\" rel=\"raspunde-citeaza\" title=\"Raspunde cu citat\">Raspunde cu citat<\/a><\/li>\n<li>|<\/li>\n<li><a href class=\"comment-383428\" title=\"Citat\" rel=\"citeaza\">Citat<\/a><\/li>\n<\/ul>\n<\/div>\n<\/div>\n<div class=\"comment\" id=\"comentariu-383432\">\n<div class=\"commentBody\">\n<div class=\"commentDate\">\n<p class=\"comment-details cf\"><span class=\"comment-id\"><br \/>\n\t\t\t\t\t\t\t\t#<br \/>\n\t\t\t\t\t\t\t\t<strong>112-ule<\/strong><img decoding=\"async\" src=\"https:\/\/analyse.optim.biz\/wp-content\/uploads\/2025\/12\/calendar-529.png\" alt=\"date\" title=\"calendar-529\"><br \/>\n\t\t\t\t\t\t\t\t 4 November 2025 19:29<br \/>\n\t\t\t\t\t\t\t<\/span><span class=\"comment-quality cf\"><span class=\"green\">+50<\/span><\/span><\/p>\n<\/div>\n<div class=\"commentContent\">Ironie pe naiba. Ai scris a\u0219a pentruc\u0103 e\u0219ti un limitat plin de \u00eeng\u00e2mfare. Dac\u0103 te pretinzi de\u0219tept ai fi putut observa ironia \u0219i de la &#8220;bele\u0219te&#8221; \u0219i &#8220;nenea doctoru&#8221;. P\u0103cat c\u0103 tu nu ai fost nici la gr\u0103dini\u021b\u0103. Dac\u0103 ai fi pus m\u00e2na pe un ziar m\u0103car, ai fi \u00eenv\u0103\u021bat s\u0103 tehnoredactezi corect un text. Pe tine te \u00eencurc\u0103 \u0219i virgulele \u0219i pauzele. Sun\u0103 la 112, te ajut\u0103 m\u0103car s\u0103 te relaxezi.<\/div>\n<ul class=\"cf cactions\">\n<li><a class=\"comment-383432\" href rel=\"raspunde\" title=\"Raspunde\">Raspunde<\/a><\/li>\n<li>|<\/li>\n<li><a href class=\"comment-383432\" rel=\"raspunde-citeaza\" title=\"Raspunde cu citat\">Raspunde cu citat<\/a><\/li>\n<li>|<\/li>\n<li><a href class=\"comment-383432\" title=\"Citat\" rel=\"citeaza\">Citat<\/a><\/li>\n<\/ul>\n<\/div>\n<\/div>\n<div class=\"comment\" id=\"comentariu-383442\">\n<div class=\"commentBody\">\n<div class=\"commentDate\">\n<p class=\"comment-details cf\"><span class=\"comment-id\"><br \/>\n\t\t\t\t\t\t\t\t#<br \/>\n\t\t\t\t\t\t\t\t<strong>Consiliul de Spalare a Magistratilor<\/strong><img decoding=\"async\" src=\"https:\/\/analyse.optim.biz\/wp-content\/uploads\/2025\/12\/calendar-529.png\" alt=\"date\" title=\"calendar-529\"><br \/>\n\t\t\t\t\t\t\t\t 5 November 2025 00:12<br \/>\n\t\t\t\t\t\t\t<\/span><span class=\"comment-quality cf\"><span class=\"red\">-50<\/span><\/span><\/p>\n<\/div>\n<div class=\"commentContent\">Plin de ingamfare esti tu &#8220;&#8221;special one&#8221;&#8216;.Eu  nu ma pretind destept.Imi este rusine ca un om ca tine  a avut in mana destinele justitiabililor si pentru asta primesti o pensie nesimtita asa cum si esti.Este adevarat ca tu ai citit un ziar dar invers.Tu nici nu redactai hotararile doar il munceai pe grefier asa ca taci din gura si mergi si cheltuie 5.000 de  euro la un azil prin Elvetia.Ai nevoie de muuuuuuuuuuuuuuuulte medicamente gratuie ca doar este special one.Pe tine nici camasa de forta nu te mai ajuta sa te relaxezi dar asa este cand ai mult timp liber si ai mintea odihnita.Pacat ca nu va fac controale psihiatrice si cand sunteti la pensie deoarece tu chiar meriti sa ajungi la Balaceanca.La Balaceanca poti ajunge  chiar si presedintele oamenilor din curte .Am observat ca nu esti obisnuit sa redactezi texte lungi si  te incurca limba romana.Nu cred ca ai curajul sa le spui vecinilor tai ce profesie ai avut si la ce varsta te-ai pensionat.Esti KO.<\/div>\n<ul class=\"cf cactions\">\n<li><a class=\"comment-383442\" href rel=\"raspunde\" title=\"Raspunde\">Raspunde<\/a><\/li>\n<li>|<\/li>\n<li><a href class=\"comment-383442\" rel=\"raspunde-citeaza\" title=\"Raspunde cu citat\">Raspunde cu citat<\/a><\/li>\n<li>|<\/li>\n<li><a href class=\"comment-383442\" title=\"Citat\" rel=\"citeaza\">Citat<\/a><\/li>\n<\/ul>\n<\/div>\n<\/div>\n<div class=\"comment\" id=\"comentariu-383450\">\n<div class=\"commentBody\">\n<div class=\"commentDate\">\n<p class=\"comment-details cf\"><span class=\"comment-id\"><br \/>\n\t\t\t\t\t\t\t\t#<br \/>\n\t\t\t\t\t\t\t\t<strong>112-ule<\/strong><img decoding=\"async\" src=\"https:\/\/analyse.optim.biz\/wp-content\/uploads\/2025\/12\/calendar-529.png\" alt=\"date\" title=\"calendar-529\"><br \/>\n\t\t\t\t\t\t\t\t 5 November 2025 09:54<br \/>\n\t\t\t\t\t\t\t<\/span><span class=\"comment-quality cf\"><span class=\"gray\">0<\/span><\/span><\/p>\n<\/div>\n<div class=\"commentContent\">P\u0103i nici nu te pretinde de\u0219tept, c\u0103 nu e\u0219ti. Bine c\u0103 e\u0219ti psihiatru, unul cam nehot\u0103r\u00e2t ce-i drept. Hot\u0103r\u0103\u0219te-te, unde m\u0103 trimi\u021bi, \u00een Elve\u021bia sau la B\u0103l\u0103ceanca? Te cam \u00eencurc\u0103 g\u00e2ndurile c\u00e2nd te enervezi. Nu redactez texte lungi, pentru c\u0103 sunt de ajuns trei cuvinte ca s\u0103 enervez un bou ca tine.<\/div>\n<ul class=\"cf cactions\">\n<li><a class=\"comment-383450\" href rel=\"raspunde\" title=\"Raspunde\">Raspunde<\/a><\/li>\n<li>|<\/li>\n<li><a href class=\"comment-383450\" rel=\"raspunde-citeaza\" title=\"Raspunde cu citat\">Raspunde cu citat<\/a><\/li>\n<li>|<\/li>\n<li><a href class=\"comment-383450\" title=\"Citat\" rel=\"citeaza\">Citat<\/a><\/li>\n<\/ul>\n<\/div>\n<\/div>\n<div class=\"comment\" id=\"comentariu-383451\">\n<div class=\"commentBody\">\n<div class=\"commentDate\">\n<p class=\"comment-details cf\"><span class=\"comment-id\"><br \/>\n\t\t\t\t\t\t\t\t#<br \/>\n\t\t\t\t\t\t\t\t<strong>Consiliule<\/strong><img decoding=\"async\" src=\"https:\/\/analyse.optim.biz\/wp-content\/uploads\/2025\/12\/calendar-529.png\" alt=\"date\" title=\"calendar-529\"><br \/>\n\t\t\t\t\t\t\t\t 5 November 2025 10:05<br \/>\n\t\t\t\t\t\t\t<\/span><span class=\"comment-quality cf\"><span class=\"gray\">0<\/span><\/span><\/p>\n<\/div>\n<div class=\"commentContent\">Ai dreptate. Nu prea vorbesc cu vecinii mei, pentru c\u0103 stau \u00eentr-o vil\u0103 cu lac \u0219i trei hectare de teren. Nu prea am ce s\u0103 fac cu 5.000 de euro, dar merg \u0219i \u0103ia, c\u0103 nu tr\u0103iesc din ei. Cine e KO acum?<\/div>\n<ul class=\"cf cactions\">\n<li><a class=\"comment-383451\" href rel=\"raspunde\" title=\"Raspunde\">Raspunde<\/a><\/li>\n<li>|<\/li>\n<li><a href class=\"comment-383451\" rel=\"raspunde-citeaza\" title=\"Raspunde cu citat\">Raspunde cu citat<\/a><\/li>\n<li>|<\/li>\n<li><a href class=\"comment-383451\" title=\"Citat\" rel=\"citeaza\">Citat<\/a><\/li>\n<\/ul>\n<\/div>\n<\/div>\n<div class=\"comment\" id=\"comentariu-383453\">\n<div class=\"commentBody\">\n<div class=\"commentDate\">\n<p class=\"comment-details cf\"><span class=\"comment-id\"><br \/>\n\t\t\t\t\t\t\t\t#<br \/>\n\t\t\t\t\t\t\t\t<strong>Consgliere<\/strong><img decoding=\"async\" src=\"https:\/\/analyse.optim.biz\/wp-content\/uploads\/2025\/12\/calendar-529.png\" alt=\"date\" title=\"calendar-529\"><br \/>\n\t\t\t\t\t\t\t\t 5 November 2025 12:10<br \/>\n\t\t\t\t\t\t\t<\/span><span class=\"comment-quality cf\"><span class=\"gray\">0<\/span><\/span><\/p>\n<\/div>\n<div class=\"commentContent\">Iar ai ap\u0103rut dinamovistule pe aici? Cu limbajul t\u0103u de l\u0103tr\u0103u de galerie, cum ai vrea s\u0103 fi tratat aici? Ai un vocabular de maxim 200 de cuvinte, dar \u00ee\u021bi permi\u021bi din spatele unor nick-uri inteligente &#8220;112&#8221;, &#8220;Consiliul de Sp\u0103lare a Magistra\u021bilor&#8221;, s\u0103 te adresezi dup\u0103 cum te duce capul, crez\u00e2nd \u00een prostia ta c\u0103 ai dat de un magistrat. Ai mai evoluat, ai auzit de KO, sun\u0103 bine, o dai pe engleze\u0219te ca marmotele pe care le ascul\u021bi la Taraf Tv. Las\u0103 aia cu B\u0103l\u0103ceanca, e veche \u0219i nu ai cuno\u0219tin\u021bele necesare s\u0103 pui un diagnostic nici m\u0103car la o musc\u0103.<\/div>\n<ul class=\"cf cactions\">\n<li><a class=\"comment-383453\" href rel=\"raspunde\" title=\"Raspunde\">Raspunde<\/a><\/li>\n<li>|<\/li>\n<li><a href class=\"comment-383453\" rel=\"raspunde-citeaza\" title=\"Raspunde cu citat\">Raspunde cu citat<\/a><\/li>\n<li>|<\/li>\n<li><a href class=\"comment-383453\" title=\"Citat\" rel=\"citeaza\">Citat<\/a><\/li>\n<\/ul>\n<\/div>\n<\/div>\n<\/section>\n<section id=\"comments\">\n<div class=\"heading\">\n<h2>Adauga comentariu<\/h2>\n<\/div>\n<div>\n<div id=\"emoticons-container\">\n<div id=\"comments-form-smilespanel\"><img decoding=\"async\" src=\"https:\/\/analyse.optim.biz\/wp-content\/uploads\/2025\/12\/laugh-651.gif\" alt=\":D\" class=\"smile\" title=\"laugh-651\"><img decoding=\"async\" src=\"https:\/\/analyse.optim.biz\/wp-content\/uploads\/2025\/12\/lol-667.gif\" alt=\":lol:\" class=\"smile\" title=\"lol-667\"><img decoding=\"async\" src=\"https:\/\/analyse.optim.biz\/wp-content\/uploads\/2025\/12\/smile-625.gif\" alt=\":-)\" class=\"smile\" title=\"smile-625\"><img decoding=\"async\" src=\"https:\/\/analyse.optim.biz\/wp-content\/uploads\/2025\/12\/wink-619.gif\" alt=\";-)\" class=\"smile\" title=\"wink-619\"><img decoding=\"async\" src=\"https:\/\/analyse.optim.biz\/wp-content\/uploads\/2025\/12\/cool-627.gif\" alt=\"8)\" class=\"smile\" title=\"cool-627\"><img decoding=\"async\" src=\"https:\/\/analyse.optim.biz\/wp-content\/uploads\/2025\/12\/normal-610.gif\" alt=\":-|\" class=\"smile\" title=\"normal-610\"><img decoding=\"async\" src=\"https:\/\/analyse.optim.biz\/wp-content\/uploads\/2025\/12\/whistling-633.gif\" alt=\":-*\" class=\"smile\" title=\"whistling-633\"><img decoding=\"async\" src=\"https:\/\/analyse.optim.biz\/wp-content\/uploads\/2025\/12\/redface-617.gif\" alt=\":oops:\" class=\"smile\" title=\"redface-617\"><img decoding=\"async\" src=\"https:\/\/analyse.optim.biz\/wp-content\/uploads\/2025\/12\/sad-618.gif\" alt=\":sad:\" class=\"smile\" title=\"sad-618\"><img decoding=\"async\" src=\"https:\/\/analyse.optim.biz\/wp-content\/uploads\/2025\/12\/cry-622.gif\" alt=\":cry:\" class=\"smile\" title=\"cry-622\"><img decoding=\"async\" src=\"https:\/\/analyse.optim.biz\/wp-content\/uploads\/2025\/12\/surprised-618.gif\" alt=\":o\" class=\"smile\" title=\"surprised-618\"><img decoding=\"async\" src=\"https:\/\/analyse.optim.biz\/wp-content\/uploads\/2025\/12\/confused-609.gif\" alt=\":-?\" class=\"smile\" title=\"confused-609\"><img decoding=\"async\" src=\"https:\/\/analyse.optim.biz\/wp-content\/uploads\/2025\/12\/sick-635.gif\" alt=\":-x\" class=\"smile\" title=\"sick-635\"><img decoding=\"async\" src=\"https:\/\/analyse.optim.biz\/wp-content\/uploads\/2025\/12\/shocked-634.gif\" alt=\":eek:\" class=\"smile\" title=\"shocked-634\"><img decoding=\"async\" src=\"https:\/\/analyse.optim.biz\/wp-content\/uploads\/2025\/12\/sleeping-619.gif\" alt=\":zzz\" class=\"smile\" title=\"sleeping-619\"><img decoding=\"async\" src=\"https:\/\/analyse.optim.biz\/wp-content\/uploads\/2025\/12\/tongue-631.gif\" alt=\":P\" class=\"smile\" title=\"tongue-631\"><img decoding=\"async\" src=\"https:\/\/analyse.optim.biz\/wp-content\/uploads\/2025\/12\/rolleyes-616.gif\" alt=\":roll:\" class=\"smile\" title=\"rolleyes-616\"><img decoding=\"async\" src=\"https:\/\/analyse.optim.biz\/wp-content\/uploads\/2025\/12\/unsure-611.gif\" alt=\":sigh:\" class=\"smile\" title=\"unsure-611\"><\/div>\n<\/div>\n<\/div>\n<div class=\"text-center\">\n<p>DISCLAIMER<\/p>\n<p>Atentie! Postati pe propria raspundere!<br \/> Inainte de a posta, cititi aici regulamentul: <a href=\"https:\/\/www.luju.ro\/termeni-legali-si-conditii\" title=\"Termeni legali si conditii\">Termeni legali si Conditii<\/a><\/p>\n<\/div>\n<\/section>\n<\/article>\n<p> Source URL: https:\/\/www.luju.ro\/politica-minciunii-judecatorul-csm-alin-ene-continua-sa-desfiinteze-manipularile-politicienilor-pe-tema-pensiilor-de-serviciu-ale-magistratilor-cum-ar-fi-ca-inainte-de-a-deschide-gura-sa-studiem-putin-si-legile-acestei-tari-cum-ar-fi-ca-ministrii-si-oamen<\/p>\n","protected":false},"excerpt":{"rendered":"<p>POLITICA MINCIUNII \u2013 Judecatorul CSM Alin Ene continua sa desfiinteze manipularile politicienilor pe tema pensiilor de serviciu ale magistratilor: \u201cCum ar fi ca inainte de a deschide gura sa studiem putin si legile acestei tari? Cum ar fi ca ministrii si oamenii politici dintr-un stat de drept membru UE in anul 2025 sa nu raspandeasca [&hellip;]<\/p>\n","protected":false},"author":1,"featured_media":811962,"comment_status":"open","ping_status":"","sticky":false,"template":"","format":"standard","meta":{"footnotes":""},"categories":[89],"tags":[114],"class_list":["post-811961","post","type-post","status-publish","format-standard","has-post-thumbnail","hentry","category-romania","tag-luju-ro"],"_links":{"self":[{"href":"https:\/\/analyse.optim.biz\/index.php?rest_route=\/wp\/v2\/posts\/811961","targetHints":{"allow":["GET"]}}],"collection":[{"href":"https:\/\/analyse.optim.biz\/index.php?rest_route=\/wp\/v2\/posts"}],"about":[{"href":"https:\/\/analyse.optim.biz\/index.php?rest_route=\/wp\/v2\/types\/post"}],"author":[{"embeddable":true,"href":"https:\/\/analyse.optim.biz\/index.php?rest_route=\/wp\/v2\/users\/1"}],"replies":[{"embeddable":true,"href":"https:\/\/analyse.optim.biz\/index.php?rest_route=%2Fwp%2Fv2%2Fcomments&post=811961"}],"version-history":[{"count":0,"href":"https:\/\/analyse.optim.biz\/index.php?rest_route=\/wp\/v2\/posts\/811961\/revisions"}],"wp:featuredmedia":[{"embeddable":true,"href":"https:\/\/analyse.optim.biz\/index.php?rest_route=\/wp\/v2\/media\/811962"}],"wp:attachment":[{"href":"https:\/\/analyse.optim.biz\/index.php?rest_route=%2Fwp%2Fv2%2Fmedia&parent=811961"}],"wp:term":[{"taxonomy":"category","embeddable":true,"href":"https:\/\/analyse.optim.biz\/index.php?rest_route=%2Fwp%2Fv2%2Fcategories&post=811961"},{"taxonomy":"post_tag","embeddable":true,"href":"https:\/\/analyse.optim.biz\/index.php?rest_route=%2Fwp%2Fv2%2Ftags&post=811961"}],"curies":[{"name":"wp","href":"https:\/\/api.w.org\/{rel}","templated":true}]}}