{"id":810076,"date":"2025-12-02T00:00:00","date_gmt":"2025-12-01T21:00:00","guid":{"rendered":"https:\/\/analyse.optim.biz\/?p=810076"},"modified":"2025-12-02T00:00:00","modified_gmt":"2025-12-01T21:00:00","slug":"pronostico-del-tiempo-un-martes-2-de-diciembre-de-2025-lleno-de-alertas-costeras-y-nieve-en-las-montanas-periodista-digital","status":"publish","type":"post","link":"https:\/\/analyse.optim.biz\/?p=810076","title":{"rendered":"Pron\u00f3stico del Tiempo: un martes 2 de diciembre de 2025 lleno de alertas costeras y nieve en las monta\u00f1as &#8211; Periodista Digital"},"content":{"rendered":"<div class=\"m4p-post-content\">\n<div class=\"block-vertical-align-right\">\n<div class=\"m4p-relations-group\">\n<div class=\"m4p-group-vertical-title\">\n<h2>M\u00e1s informaci\u00f3n<\/h2>\n<\/div>\n<div class=\"m4p-summary-news\">\n<figure class=\"m4p-image m4p-crop-medium-1\"><a href=\"https:\/\/www.periodistadigital.com\/politica\/20251201\/barcelona-capital-espanola-crimen-noticia-689405159033\/\"><img loading=\"lazy\" decoding=\"async\" src=\"https:\/\/analyse.optim.biz\/wp-content\/uploads\/2025\/12\/la-sagrada-familia-barcelona-320x214-1.jpg\" width=\"320\" height=\"214\" alt=\"Barcelona, capital espa\u00f1ola del crimen\" title=\"la-sagrada-familia-barcelona-320x214-1\"><\/a><\/figure>\n<div class=\"m4p-summary-news-title\">\n<h3><a href=\"https:\/\/www.periodistadigital.com\/politica\/20251201\/barcelona-capital-espanola-crimen-noticia-689405159033\/\">Barcelona, capital espa\u00f1ola del crimen<\/a><\/h3>\n<\/div>\n<\/div>\n<\/div>\n<\/div>\n<p><strong>Espa\u00f1a<\/strong> se levanta este martes, 2 de diciembre, bajo la influencia de un frente fr\u00edo que ha alterado el panorama meteorol\u00f3gico, especialmente en las costas atl\u00e1nticas y cant\u00e1bricas.<\/p>\n<p>La Agencia Estatal de Meteorolog\u00eda (AEMET) ha activado un sistema de alertas que refleja la fuerza de los fen\u00f3menos previstos, con avisos naranjas en varias comunidades aut\u00f3nomas. Para los aficionados al clima extremo, la jornada promete ser todo menos mon\u00f3tona.<\/p>\n<p>El <em>temporal mar\u00edtimo<\/em> es sin duda el protagonista del d\u00eda, golpeando con fuerza el litoral occidental y septentrional de la Pen\u00ednsula.<\/p>\n<p><strong>Galicia<\/strong>, <strong>Asturias<\/strong> y <strong>Cantabria<\/strong> se encuentran en alerta naranja ante la posibilidad de olas que alcanzan hasta seis metros. Las <em>fuertes rachas de viento<\/em> har\u00e1n que los marineros piensen dos veces antes de salir a faenar.<\/p>\n<p>En el <strong>Pa\u00eds Vasco<\/strong>, tambi\u00e9n hay un aviso amarillo, mientras que las costas de <strong>Granada<\/strong> y <strong>Almer\u00eda<\/strong>, al otro lado del pa\u00eds, se suman a las alertas con su propio aviso amarillo.<\/p>\n<h2>Cielos nublados y lluvias ligeras<\/h2>\n<p>Este martes se caracteriza por la <em>predominancia de cielos cubiertos<\/em> en gran parte de la Pen\u00ednsula Ib\u00e9rica. No es el d\u00eda ideal para lucir gafas de sol, salvo que busques un toque ir\u00f3nico. Las <em>precipitaciones<\/em>, aunque generalmente ligeras, afectar\u00e1n a la mayor parte del territorio, excepto en el tercio este peninsular y las <strong>islas Baleares<\/strong>, donde se librar\u00e1n de las lluvias aunque tambi\u00e9n tendr\u00e1n una jornada mayormente nublada.<\/p>\n<p>En <strong>Galicia<\/strong>, la situaci\u00f3n puede ser m\u00e1s intensa con precipitaciones localmente fuertes o persistentes. As\u00ed que no es precisamente un buen momento para dejar la ropa tendida al aire libre en esa regi\u00f3n. El resto del pa\u00eds experimentar\u00e1 lluvias d\u00e9biles; as\u00ed que lo m\u00e1s probable es que necesites un paraguas, aunque no uno tama\u00f1o gigante como para una batalla medieval.<\/p>\n<h2>Nieve en las monta\u00f1as<\/h2>\n<p>Para los amantes de la <em>nieve<\/em>, hay buenas noticias. Se esperan precipitaciones en forma de <em>nieve<\/em> en las monta\u00f1as del norte a altitudes entre 1.000 y 1.200 metros; mientras que en el sureste comenzar\u00e1n a partir de los 1.500 metros. Las acumulaciones m\u00e1s notables se prev\u00e9n en \u00e1reas del <strong>sistema Central<\/strong> en <strong>\u00c1vila<\/strong>, <strong>Segovia<\/strong> y la <strong>Comunidad de Madrid<\/strong>, as\u00ed como en el <strong>Ib\u00e9rico<\/strong>, espec\u00edficamente en la provincia de <strong>Burgos<\/strong>.<\/p>\n<p>Si tienes pensado esquiar o simplemente disfrutar del paisaje nevado, hoy podr\u00eda ser un buen d\u00eda para visitar esas zonas monta\u00f1osas. La AEMET advierte que estas acumulaciones ser\u00e1n significativas; no estamos hablando solo de unos pocos copos dispersos.<\/p>\n<h2>Descenso en las temperaturas<\/h2>\n<p>Las <em>temperaturas m\u00e1ximas tienden a bajar<\/em> en gran parte del territorio, salvo en la <strong>Comunidad Valenciana<\/strong>, <strong>Melilla<\/strong> y algunas \u00e1reas del alto <strong>Ebro<\/strong> y norte de la <strong>meseta Norte<\/strong> as\u00ed como <strong>Baleares<\/strong>. Las m\u00ednimas tienden a aumentar generalmente, con escasos cambios en los archipi\u00e9lagos, <strong>Andaluc\u00eda<\/strong> y el tercio norte peninsular.<\/p>\n<p>En <strong>Madrid<\/strong>, el term\u00f3metro marcar\u00e1 una m\u00e1xima de 12 grados, una cifra bastante habitual para principios de diciembre. No es fr\u00edo extremo, pero tampoco podemos decir que sea un d\u00eda primaveral. Las <em>heladas<\/em> m\u00e1s significativas se prev\u00e9n en monta\u00f1as del norte y sureste, as\u00ed como en puntos de la <strong>meseta norte<\/strong>, donde los term\u00f3metros podr\u00edan caer por debajo del cero durante las primeras horas matutinas.<\/p>\n<h2>Mi\u00e9rcoles: cuatro comunidades bajo alerta naranja<\/h2>\n<p>Mirando hacia ma\u00f1ana, el mi\u00e9rcoles 3 de diciembre no traer\u00e1 mejores perspectivas. La Pen\u00ednsula Ib\u00e9rica y <strong>Baleares<\/strong> seguir\u00e1n bajo la influencia de frentes atl\u00e1nticos con cielos nublados que tender\u00e1n a despejarse excepto en el cuadrante noroeste, zonas ba\u00f1adas por el mar Cant\u00e1brico y el este de <strong>Baleares<\/strong>.<\/p>\n<p>Las comunidades aut\u00f3nomas como <strong>Galicia<\/strong>, <strong>Asturias<\/strong>, <strong>Cantabria<\/strong> y el <strong>Pa\u00eds Vasco<\/strong> mantendr\u00e1n aviso naranja durante toda o gran parte del mi\u00e9rcoles por fen\u00f3menos adversos. En el este de <strong>Mallorca<\/strong> y <strong>Menorca<\/strong>, AEMET advierte sobre posibles lluvias localmente intensas. La costa granadina y almeriense continuar\u00e1 con aviso amarillo, extendi\u00e9ndose tambi\u00e9n a <strong>Melilla<\/strong>, donde se anticipan fuertes rachas de viento junto con tormentas ocasionales.<\/p>\n<h2>Tabla resumen del pron\u00f3stico: pr\u00f3ximos cuatro d\u00edas<\/h2>\n<p>A continuaci\u00f3n se presenta un resumen detallado del pron\u00f3stico meteorol\u00f3gico para los pr\u00f3ximos cuatro d\u00edas en <strong>Espa\u00f1a<\/strong>:<\/p>\n<table>\n<thead>\n<tr>\n<th>D\u00eda<\/th>\n<th>Nubosidad<\/th>\n<th>Precipitaciones<\/th>\n<th>Temperaturas<\/th>\n<th>Avisos<\/th>\n<th>Vientos<\/th>\n<\/tr>\n<\/thead>\n<tbody>\n<tr>\n<td><strong>Martes 2 dic<\/strong><\/td>\n<td>Predominio nuboso en gran parte de la Pen\u00ednsula<\/td>\n<td>D\u00e9biles generalizadas; localmente fuertes en Galicia<\/td>\n<td>M\u00e1x. a la baja; M\u00edn. al alza<\/td>\n<td>Naranja en Galicia, Asturias, Cantabria; Amarillo en Pa\u00eds Vasco, Granada, Almer\u00eda<\/td>\n<td>Fuertes rachas en costas atl\u00e1nticas y cant\u00e1bricas<\/td>\n<\/tr>\n<tr>\n<td><strong>Mi\u00e9rcoles 3 dic<\/strong><\/td>\n<td>Nuboso a cubierto; tendencia a despejarse excepto noroeste<\/td>\n<td>Localmente fuertes en este de Baleares; persistentes en Cant\u00e1brico oriental<\/td>\n<td>M\u00e1x. a la baja; M\u00edn. al alza<\/td>\n<td>Naranja en Galicia, Asturias, Cantabria, Pa\u00eds Vasco; Amarillo en Granada, Almer\u00eda, Melilla<\/td>\n<td>Fuertes vientos especialmente costeros<\/td>\n<\/tr>\n<tr>\n<td><strong>Jueves 4 dic<\/strong><\/td>\n<td>Mejora gradual con tendencia a despejarse<\/td>\n<td>D\u00e9biles residuales sobre tercio norte<\/td>\n<td>M\u00e1x. estables; M\u00edn. estables<\/td>\n<td>Sin avisos significativos<\/td>\n<td>Vientos moderados a flojos<\/td>\n<\/tr>\n<tr>\n<td><strong>Viernes 5 dic<\/strong><\/td>\n<td>Muy nuboso con probabilidad de lluvia<\/td>\n<td>D\u00e9biles a moderadas<\/td>\n<td>M\u00e1x. entre 10-13\u00b0C; M\u00edn. entre 5-9\u00b0C<\/td>\n<td>Sin avisos<\/td>\n<td>Moderados desde el norte<\/td>\n<\/tr>\n<\/tbody>\n<\/table>\n<h2>Consejos pr\u00e1cticos para hoy<\/h2>\n<p>Para quienes circulen por las carreteras de <strong>Galicia<\/strong>, <strong>Asturias<\/strong> y <strong>Cantabria<\/strong>, especialmente cerca del mar, lo mejor es extremar precauciones. Las <em>rachas de viento<\/em> pueden ser peligrosas sobre todo en puentes o v\u00edas elevadas. Los marineros deben reconsiderar sus planes: olas que alcanzan seis metros no son precisamente ideales para navegar.<\/p>\n<p>Para los dem\u00e1s rincones del pa\u00eds, hoy tu mejor aliado ser\u00e1 un paraguas. No se prev\u00e9n lluvias torrenciales pero s\u00ed chubascos ligeros que pueden sorprender si no te preparaste adecuadamente. En \u00e1reas monta\u00f1osas como el <strong>sistema Central<\/strong> o el <strong>Ib\u00e9rico<\/strong>, es probable que comience a acumularse nieve; as\u00ed que si tienes que viajar por all\u00ed aseg\u00farate antes sobre las condiciones viales.<\/p>\n<p>Los amantes del buen tiempo tendr\u00e1n que esperar un poco m\u00e1s para disfrutarlo plenamente. Este martes 2 de diciembre invita m\u00e1s bien a resguardarse dentro del hogar y recordar por qu\u00e9 algunos preferimos los meses estivales. Pero para quienes disfrutan observando cambios clim\u00e1ticos extremos es una jornada perfecta: un frente fr\u00edo cl\u00e1sico con todos sus efectos especiales incluidos.<\/p>\n<\/div>\n<p> Source URL: https:\/\/www.periodistadigital.com\/ciencia\/medio-ambiente\/20251202\/pronostico-martes-2-diciembre-2025-lleno-alertas-costeras-nieve-montanas-noticia-689405159232\/<\/p>\n","protected":false},"excerpt":{"rendered":"<p>M\u00e1s informaci\u00f3n Barcelona, capital espa\u00f1ola del crimen Espa\u00f1a se levanta este martes, 2 de diciembre, bajo la influencia de un frente fr\u00edo que ha alterado el panorama meteorol\u00f3gico, especialmente en las costas atl\u00e1nticas y cant\u00e1bricas. La Agencia Estatal de Meteorolog\u00eda (AEMET) ha activado un sistema de alertas que refleja la fuerza de los fen\u00f3menos previstos, [&hellip;]<\/p>\n","protected":false},"author":1,"featured_media":810077,"comment_status":"open","ping_status":"","sticky":false,"template":"","format":"standard","meta":{"footnotes":""},"categories":[88],"tags":[112],"class_list":["post-810076","post","type-post","status-publish","format-standard","has-post-thumbnail","hentry","category-spain","tag-periodistadigital-com"],"_links":{"self":[{"href":"https:\/\/analyse.optim.biz\/index.php?rest_route=\/wp\/v2\/posts\/810076","targetHints":{"allow":["GET"]}}],"collection":[{"href":"https:\/\/analyse.optim.biz\/index.php?rest_route=\/wp\/v2\/posts"}],"about":[{"href":"https:\/\/analyse.optim.biz\/index.php?rest_route=\/wp\/v2\/types\/post"}],"author":[{"embeddable":true,"href":"https:\/\/analyse.optim.biz\/index.php?rest_route=\/wp\/v2\/users\/1"}],"replies":[{"embeddable":true,"href":"https:\/\/analyse.optim.biz\/index.php?rest_route=%2Fwp%2Fv2%2Fcomments&post=810076"}],"version-history":[{"count":0,"href":"https:\/\/analyse.optim.biz\/index.php?rest_route=\/wp\/v2\/posts\/810076\/revisions"}],"wp:featuredmedia":[{"embeddable":true,"href":"https:\/\/analyse.optim.biz\/index.php?rest_route=\/wp\/v2\/media\/810077"}],"wp:attachment":[{"href":"https:\/\/analyse.optim.biz\/index.php?rest_route=%2Fwp%2Fv2%2Fmedia&parent=810076"}],"wp:term":[{"taxonomy":"category","embeddable":true,"href":"https:\/\/analyse.optim.biz\/index.php?rest_route=%2Fwp%2Fv2%2Fcategories&post=810076"},{"taxonomy":"post_tag","embeddable":true,"href":"https:\/\/analyse.optim.biz\/index.php?rest_route=%2Fwp%2Fv2%2Ftags&post=810076"}],"curies":[{"name":"wp","href":"https:\/\/api.w.org\/{rel}","templated":true}]}}