{"id":808438,"date":"2025-10-17T12:52:00","date_gmt":"2025-10-17T09:52:00","guid":{"rendered":"https:\/\/analyse.optim.biz\/?p=808438"},"modified":"2025-10-17T12:52:00","modified_gmt":"2025-10-17T09:52:00","slug":"justitiabilul-trebuie-sa-fie-in-centrul-pactului-pentru-justitie-avocatul-alexandru-morarescu-la-dezbaterea-pactul-pentru-justitie-responsabilitate-comuna-pentru-o-justit","status":"publish","type":"post","link":"https:\/\/analyse.optim.biz\/?p=808438","title":{"rendered":"JUSTITIABILUL TREBUIE SA FIE IN CENTRUL PACTULUI PENTRU JUSTITIE \u2013 Avocatul Alexandru Morarescu, la dezbaterea \u201ePactul pentru Justitie \u2013 responsabilitate comuna pentru o justitie functionala\u201d: \u201ePrimul articol din aceasta carta ar trebui sa consacre drepturile justitiabilului: orice persoana are dreptul la un act de justitie corect, efectiv si intr-un termen rezonabil. Nu se poate discuta despre justitie fara a avea in centrul preocuparii drepturile beneficiarului actului de justitie\u201d"},"content":{"rendered":"<article id=\"article-content\">\n<h1>JUSTITIABILUL TREBUIE SA FIE IN CENTRUL PACTULUI PENTRU JUSTITIE \u2013 Avocatul Alexandru Morarescu, la dezbaterea \u201ePactul pentru Justitie \u2013 responsabilitate comuna pentru o justitie functionala\u201d: \u201ePrimul articol din aceasta carta ar trebui sa consacre drepturile justitiabilului: orice persoana are dreptul la un act de justitie corect, efectiv si intr-un termen rezonabil. Nu se poate discuta despre justitie fara a avea in centrul preocuparii drepturile beneficiarului actului de justitie\u201d<\/h1>\n<section id=\"article-info\">\n<p class=\"author\">Scris de: V.B. | <a href=\"https:\/\/www.luju.ro\/justitiabilul-trebuie-sa-fie-in-centrul-pactului-pentru-justitie-avocatul-alexandru-morarescu-la-dezbaterea-pactul-pentru-justitie-responsabilitate-comuna-pentru-o-justitie-functionala-primul-articol-din-aceasta-carta-ar-trebui-sa-consacre-drepturile-just?pdf\" title=\"PDF\"><img decoding=\"async\" src=\"https:\/\/analyse.optim.biz\/wp-content\/uploads\/2025\/12\/pdf-545.png\" alt=\"pdf\" title=\"pdf-545\"><\/a> | <a href=\"https:\/\/www.luju.ro\/justitiabilul-trebuie-sa-fie-in-centrul-pactului-pentru-justitie-avocatul-alexandru-morarescu-la-dezbaterea-pactul-pentru-justitie-responsabilitate-comuna-pentru-o-justitie-functionala-primul-articol-din-aceasta-carta-ar-trebui-sa-consacre-drepturile-just?print=1\" class=\"external\" title=\"Imprimare\"><img decoding=\"async\" src=\"https:\/\/analyse.optim.biz\/wp-content\/uploads\/2025\/12\/print-545.png\" alt=\"print\" title=\"print-545\"><\/a><\/p>\n<div class=\"info flex-container\">\n<div class=\"date\">17 October 2025 12:52<\/div>\n<div>Vizualizari: 1799<\/div>\n<\/div>\n<\/section>\n<section id=\"article-body\">\n<section id=\"page\" class=\"cf\">\n<div>\n<p><span><span><b><img loading=\"lazy\" decoding=\"async\" height=\"225\" width=\"400\" src=\"https:\/\/analyse.optim.biz\/wp-content\/uploads\/2025\/12\/alexandru_morarescu-1.png\" title=\"alexandru_morarescu-1\">Avocatul Alexandru Morarescu <span>(foto)<\/span><\/b> a declarat miercuri, 15 octombrie 2025, la masa rotunda <i><b>\u201ePactul pentru Justitie \u2013 responsabilitate comuna pentru o justitie functionala\u201d<\/b><\/i>, organizata de catre UNBR la Parlament <a target=\"_blank\" href=\"https:\/\/www.luju.ro\/masa-rotunda-pactul-pentru-justitie-seful-unbr-traian-briciu-nu-putem-rezolva-criza-din-justitie-prin-stabilirea-responsabilitatilor-de-responsabilitatea-tuturor-e-ca-activitatea-din-instante-si-parchete-sa-decurga-de-o-maniera-care-sa-nu-mai-faca-necesar\"><b><span>(click aici pentru a citi)<\/span><\/b><\/a>, ca acest pact trebuie sa porneasca de la drepturile justitiabilului.<\/span><\/span><\/p>\n<hr>\n<p><span><span><br \/><\/span><\/span><\/p>\n<p><span><span>Este vorba in primul rand despre <i><b>\u201edreptul la un act de justitie corect, efectiv si intr-un termen rezonabil\u201d<\/b><\/i>, a punctat maestrul Morarescu.<\/span><\/span><\/p>\n<p><span><span>Avocatul a subliniat ca niciun alt document juridic nu formuleaza explicit acest drept, chiar daca el reprezinta esenta oricarui sistem de justitie echitabil.<\/span><\/span><\/p>\n<p><span><span>De asemenea, Alexandru Morarescu a aratat ca Pactul pentru Justitie ar trebui sa fie un angajament de respect pentru cetatean, reafirmand valorile europene privind accesul la justitie, echilibrul intre puteri si garantarea drepturilor fundamentale.<\/span><\/span><\/p>\n<p><span><span><br \/><\/span><\/span><\/p>\n<p><span><span><b>Iata declaratia avocatului Morarescu:<\/b><\/span><\/span><\/p>\n<p><span><span><br \/><\/span><\/span><\/p>\n<p><span><span><i><b><span>\u201ePrimul articol din aceasta carta sau declaratie ar trebui sa consacre drepturile justitiabilului: orice persoana are dreptul la un act de justitie corect, efectiv si intr-un termen rezonabil. Nu se poate discuta despre justitie fara a avea in centrul preocuparii drepturile beneficiarului actului de justitie, adica ale justitiabilului<span>\u201d<\/span><\/span><span>.<\/span><\/b><\/i><\/span><\/span><\/p>\n<\/div>\n<\/section>\n<\/section>\n<section id=\"comments-boxes\">\n<div class=\"heading\">\n<h2>Comentarii<\/h2>\n<\/div>\n<div class=\"comment\" id=\"comentariu-382802\">\n<div class=\"commentBody\">\n<div class=\"commentDate\">\n<p class=\"comment-details cf\"><span class=\"comment-id\"><br \/>\n\t\t\t\t\t\t\t\t#<br \/>\n\t\t\t\t\t\t\t\t<strong>Visu <\/strong><img decoding=\"async\" src=\"https:\/\/analyse.optim.biz\/wp-content\/uploads\/2025\/12\/calendar-482.png\" alt=\"date\" title=\"calendar-482\"><br \/>\n\t\t\t\t\t\t\t\t17 October 2025 13:08<br \/>\n\t\t\t\t\t\t\t<\/span><span class=\"comment-quality cf\"><span class=\"gray\">0<\/span><\/span><\/p>\n<\/div>\n<div class=\"commentContent\">\u0218i cine-o \u00eencalc\u0103 pl\u0103te\u0219te desp\u0103gubiri mai mici dec\u00e2t la cedo?!<\/div>\n<ul class=\"cf cactions\">\n<li><a class=\"comment-382802\" href rel=\"raspunde\" title=\"Raspunde\">Raspunde<\/a><\/li>\n<li>|<\/li>\n<li><a href class=\"comment-382802\" rel=\"raspunde-citeaza\" title=\"Raspunde cu citat\">Raspunde cu citat<\/a><\/li>\n<li>|<\/li>\n<li><a href class=\"comment-382802\" title=\"Citat\" rel=\"citeaza\">Citat<\/a><\/li>\n<\/ul>\n<\/div>\n<\/div>\n<div class=\"comment\" id=\"comentariu-382804\">\n<div class=\"commentBody\">\n<div class=\"commentDate\">\n<p class=\"comment-details cf\"><span class=\"comment-id\"><br \/>\n\t\t\t\t\t\t\t\t#<br \/>\n\t\t\t\t\t\t\t\t<strong>ce zice morarescu de  Ordinul nr. 344\/2023 dat de florenta?<\/strong><img decoding=\"async\" src=\"https:\/\/analyse.optim.biz\/wp-content\/uploads\/2025\/12\/calendar-482.png\" alt=\"date\" title=\"calendar-482\"><br \/>\n\t\t\t\t\t\t\t\t17 October 2025 13:14<br \/>\n\t\t\t\t\t\t\t<\/span><span class=\"comment-quality cf\"><span class=\"green\">+1<\/span><\/span><\/p>\n<\/div>\n<div class=\"commentContent\">Domnule Morarescu, ce parere aveti, ca avocat, despre Ordinul nr. 344\/2023 dat de Alex Florenta? Aveti vreo parere?<\/div>\n<ul class=\"cf cactions\">\n<li><a class=\"comment-382804\" href rel=\"raspunde\" title=\"Raspunde\">Raspunde<\/a><\/li>\n<li>|<\/li>\n<li><a href class=\"comment-382804\" rel=\"raspunde-citeaza\" title=\"Raspunde cu citat\">Raspunde cu citat<\/a><\/li>\n<li>|<\/li>\n<li><a href class=\"comment-382804\" title=\"Citat\" rel=\"citeaza\">Citat<\/a><\/li>\n<\/ul>\n<\/div>\n<\/div>\n<div class=\"comment\" id=\"comentariu-382807\">\n<div class=\"commentBody\">\n<div class=\"commentDate\">\n<p class=\"comment-details cf\"><span class=\"comment-id\"><br \/>\n\t\t\t\t\t\t\t\t#<br \/>\n\t\t\t\t\t\t\t\t<strong>ALEXANDRU LAPUSNEANU<\/strong><img decoding=\"async\" src=\"https:\/\/analyse.optim.biz\/wp-content\/uploads\/2025\/12\/calendar-482.png\" alt=\"date\" title=\"calendar-482\"><br \/>\n\t\t\t\t\t\t\t\t17 October 2025 13:33<br \/>\n\t\t\t\t\t\t\t<\/span><span class=\"comment-quality cf\"><span class=\"green\">+1<\/span><\/span><\/p>\n<\/div>\n<div class=\"commentContent\">Pentru realizarea acestui deziderat trebuie inceput cu &#8230; inceputul! Trebuiesc declasificate toate protocoalele secrete, precum si activitatile si &#8220;protagonistii&#8221; acestora! Se stie foarte bine ca in perioada de dupa 2009 a functionat fabrica de dosare penale, in urma carora &#8220;curatenia&#8221; care a vizat PERSOANELE INCOMODE a fost facuta NUMAI si NUMAI cu COMPLICITATEA UNOR &#8220;magistrati&#8221; VANDUTI lui IUDA! Au murit, au capatat boli incurabile sau au devenit legume OAMENI\/JUSTITIABILI! Nu poti vorbi despre un &#8220;pact in justitie&#8221; fara eliminarea fara mila a celor care au acceptat rolul de &#8220;calau&#8221;!!! FARA ASUMAREA TRECUTULUI, IN FORMA SA ADEVARATA, nu se poate vorbi despre &#8220;pact&#8221; si inchis ochii! daca vreti numai si numai pentru &#8220;speciala&#8221; acestora contribuie inclusiv &#8230; &#8220;LEGUMELE&#8221; adica VICTIMELE &#8220;calailor&#8221;!!     <\/div>\n<ul class=\"cf cactions\">\n<li><a class=\"comment-382807\" href rel=\"raspunde\" title=\"Raspunde\">Raspunde<\/a><\/li>\n<li>|<\/li>\n<li><a href class=\"comment-382807\" rel=\"raspunde-citeaza\" title=\"Raspunde cu citat\">Raspunde cu citat<\/a><\/li>\n<li>|<\/li>\n<li><a href class=\"comment-382807\" title=\"Citat\" rel=\"citeaza\">Citat<\/a><\/li>\n<\/ul>\n<\/div>\n<\/div>\n<div class=\"comment\" id=\"comentariu-382817\">\n<div class=\"commentBody\">\n<div class=\"commentDate\">\n<p class=\"comment-details cf\"><span class=\"comment-id\"><br \/>\n\t\t\t\t\t\t\t\t#<br \/>\n\t\t\t\t\t\t\t\t<strong>santinela<\/strong><img decoding=\"async\" src=\"https:\/\/analyse.optim.biz\/wp-content\/uploads\/2025\/12\/calendar-482.png\" alt=\"date\" title=\"calendar-482\"><br \/>\n\t\t\t\t\t\t\t\t17 October 2025 15:41<br \/>\n\t\t\t\t\t\t\t<\/span><span class=\"comment-quality cf\"><span class=\"green\">+4<\/span><\/span><\/p>\n<\/div>\n<div class=\"commentContent\">Foarte corect spus insa chestia cu &#8220;termenul rezonabil&#8221; este de rasul curcilor in justitia romaneasca !\n<\/div>\n<ul class=\"cf cactions\">\n<li><a class=\"comment-382817\" href rel=\"raspunde\" title=\"Raspunde\">Raspunde<\/a><\/li>\n<li>|<\/li>\n<li><a href class=\"comment-382817\" rel=\"raspunde-citeaza\" title=\"Raspunde cu citat\">Raspunde cu citat<\/a><\/li>\n<li>|<\/li>\n<li><a href class=\"comment-382817\" title=\"Citat\" rel=\"citeaza\">Citat<\/a><\/li>\n<\/ul>\n<\/div>\n<\/div>\n<div class=\"comment\" id=\"comentariu-382897\">\n<div class=\"commentBody\">\n<div class=\"commentDate\">\n<p class=\"comment-details cf\"><span class=\"comment-id\"><br \/>\n\t\t\t\t\t\t\t\t#<br \/>\n\t\t\t\t\t\t\t\t<strong>Retardanis<\/strong><img decoding=\"async\" src=\"https:\/\/analyse.optim.biz\/wp-content\/uploads\/2025\/12\/calendar-482.png\" alt=\"date\" title=\"calendar-482\"><br \/>\n\t\t\t\t\t\t\t\t20 October 2025 11:10<br \/>\n\t\t\t\t\t\t\t<\/span><span class=\"comment-quality cf\"><span class=\"gray\">0<\/span><\/span><\/p>\n<\/div>\n<div class=\"commentContent\">Putintica rabdare, aflam luni cine sunt beneficiarii sistemului judiciar. Trebuie este una, realitatea poate fi alta.<\/div>\n<ul class=\"cf cactions\">\n<li><a class=\"comment-382897\" href rel=\"raspunde\" title=\"Raspunde\">Raspunde<\/a><\/li>\n<li>|<\/li>\n<li><a href class=\"comment-382897\" rel=\"raspunde-citeaza\" title=\"Raspunde cu citat\">Raspunde cu citat<\/a><\/li>\n<li>|<\/li>\n<li><a href class=\"comment-382897\" title=\"Citat\" rel=\"citeaza\">Citat<\/a><\/li>\n<\/ul>\n<\/div>\n<\/div>\n<\/section>\n<section id=\"comments\">\n<div class=\"heading\">\n<h2>Adauga comentariu<\/h2>\n<\/div>\n<div>\n<div id=\"emoticons-container\">\n<div id=\"comments-form-smilespanel\"><img decoding=\"async\" src=\"https:\/\/analyse.optim.biz\/wp-content\/uploads\/2025\/12\/laugh-586.gif\" alt=\":D\" class=\"smile\" title=\"laugh-586\"><img decoding=\"async\" src=\"https:\/\/analyse.optim.biz\/wp-content\/uploads\/2025\/12\/lol-601.gif\" alt=\":lol:\" class=\"smile\" title=\"lol-601\"><img decoding=\"async\" src=\"https:\/\/analyse.optim.biz\/wp-content\/uploads\/2025\/12\/smile-563.gif\" alt=\":-)\" class=\"smile\" title=\"smile-563\"><img decoding=\"async\" src=\"https:\/\/analyse.optim.biz\/wp-content\/uploads\/2025\/12\/wink-556.gif\" alt=\";-)\" class=\"smile\" title=\"wink-556\"><img decoding=\"async\" src=\"https:\/\/analyse.optim.biz\/wp-content\/uploads\/2025\/12\/cool-565.gif\" alt=\"8)\" class=\"smile\" title=\"cool-565\"><img decoding=\"async\" src=\"https:\/\/analyse.optim.biz\/wp-content\/uploads\/2025\/12\/normal-548.gif\" alt=\":-|\" class=\"smile\" title=\"normal-548\"><img decoding=\"async\" src=\"https:\/\/analyse.optim.biz\/wp-content\/uploads\/2025\/12\/whistling-571.gif\" alt=\":-*\" class=\"smile\" title=\"whistling-571\"><img decoding=\"async\" src=\"https:\/\/analyse.optim.biz\/wp-content\/uploads\/2025\/12\/redface-555.gif\" alt=\":oops:\" class=\"smile\" title=\"redface-555\"><img decoding=\"async\" src=\"https:\/\/analyse.optim.biz\/wp-content\/uploads\/2025\/12\/sad-556.gif\" alt=\":sad:\" class=\"smile\" title=\"sad-556\"><img decoding=\"async\" src=\"https:\/\/analyse.optim.biz\/wp-content\/uploads\/2025\/12\/cry-560.gif\" alt=\":cry:\" class=\"smile\" title=\"cry-560\"><img decoding=\"async\" src=\"https:\/\/analyse.optim.biz\/wp-content\/uploads\/2025\/12\/surprised-555.gif\" alt=\":o\" class=\"smile\" title=\"surprised-555\"><img decoding=\"async\" src=\"https:\/\/analyse.optim.biz\/wp-content\/uploads\/2025\/12\/confused-547.gif\" alt=\":-?\" class=\"smile\" title=\"confused-547\"><img decoding=\"async\" src=\"https:\/\/analyse.optim.biz\/wp-content\/uploads\/2025\/12\/sick-573.gif\" alt=\":-x\" class=\"smile\" title=\"sick-573\"><img decoding=\"async\" src=\"https:\/\/analyse.optim.biz\/wp-content\/uploads\/2025\/12\/shocked-572.gif\" alt=\":eek:\" class=\"smile\" title=\"shocked-572\"><img decoding=\"async\" src=\"https:\/\/analyse.optim.biz\/wp-content\/uploads\/2025\/12\/sleeping-557.gif\" alt=\":zzz\" class=\"smile\" title=\"sleeping-557\"><img decoding=\"async\" src=\"https:\/\/analyse.optim.biz\/wp-content\/uploads\/2025\/12\/tongue-569.gif\" alt=\":P\" class=\"smile\" title=\"tongue-569\"><img decoding=\"async\" src=\"https:\/\/analyse.optim.biz\/wp-content\/uploads\/2025\/12\/rolleyes-554.gif\" alt=\":roll:\" class=\"smile\" title=\"rolleyes-554\"><img decoding=\"async\" src=\"https:\/\/analyse.optim.biz\/wp-content\/uploads\/2025\/12\/unsure-549.gif\" alt=\":sigh:\" class=\"smile\" title=\"unsure-549\"><\/div>\n<\/div>\n<\/div>\n<div class=\"text-center\">\n<p>DISCLAIMER<\/p>\n<p>Atentie! Postati pe propria raspundere!<br \/> Inainte de a posta, cititi aici regulamentul: <a href=\"https:\/\/www.luju.ro\/termeni-legali-si-conditii\" title=\"Termeni legali si conditii\">Termeni legali si Conditii<\/a><\/p>\n<\/div>\n<\/section>\n<\/article>\n<p> Source URL: https:\/\/www.luju.ro\/justitiabilul-trebuie-sa-fie-in-centrul-pactului-pentru-justitie-avocatul-alexandru-morarescu-la-dezbaterea-pactul-pentru-justitie-responsabilitate-comuna-pentru-o-justitie-functionala-primul-articol-din-aceasta-carta-ar-trebui-sa-consacre-drepturile-just<\/p>\n","protected":false},"excerpt":{"rendered":"<p>JUSTITIABILUL TREBUIE SA FIE IN CENTRUL PACTULUI PENTRU JUSTITIE \u2013 Avocatul Alexandru Morarescu, la dezbaterea \u201ePactul pentru Justitie \u2013 responsabilitate comuna pentru o justitie functionala\u201d: \u201ePrimul articol din aceasta carta ar trebui sa consacre drepturile justitiabilului: orice persoana are dreptul la un act de justitie corect, efectiv si intr-un termen rezonabil. Nu se poate discuta [&hellip;]<\/p>\n","protected":false},"author":1,"featured_media":808439,"comment_status":"open","ping_status":"","sticky":false,"template":"","format":"standard","meta":{"footnotes":""},"categories":[89],"tags":[114],"class_list":["post-808438","post","type-post","status-publish","format-standard","has-post-thumbnail","hentry","category-romania","tag-luju-ro"],"_links":{"self":[{"href":"https:\/\/analyse.optim.biz\/index.php?rest_route=\/wp\/v2\/posts\/808438","targetHints":{"allow":["GET"]}}],"collection":[{"href":"https:\/\/analyse.optim.biz\/index.php?rest_route=\/wp\/v2\/posts"}],"about":[{"href":"https:\/\/analyse.optim.biz\/index.php?rest_route=\/wp\/v2\/types\/post"}],"author":[{"embeddable":true,"href":"https:\/\/analyse.optim.biz\/index.php?rest_route=\/wp\/v2\/users\/1"}],"replies":[{"embeddable":true,"href":"https:\/\/analyse.optim.biz\/index.php?rest_route=%2Fwp%2Fv2%2Fcomments&post=808438"}],"version-history":[{"count":0,"href":"https:\/\/analyse.optim.biz\/index.php?rest_route=\/wp\/v2\/posts\/808438\/revisions"}],"wp:featuredmedia":[{"embeddable":true,"href":"https:\/\/analyse.optim.biz\/index.php?rest_route=\/wp\/v2\/media\/808439"}],"wp:attachment":[{"href":"https:\/\/analyse.optim.biz\/index.php?rest_route=%2Fwp%2Fv2%2Fmedia&parent=808438"}],"wp:term":[{"taxonomy":"category","embeddable":true,"href":"https:\/\/analyse.optim.biz\/index.php?rest_route=%2Fwp%2Fv2%2Fcategories&post=808438"},{"taxonomy":"post_tag","embeddable":true,"href":"https:\/\/analyse.optim.biz\/index.php?rest_route=%2Fwp%2Fv2%2Ftags&post=808438"}],"curies":[{"name":"wp","href":"https:\/\/api.w.org\/{rel}","templated":true}]}}