{"id":808414,"date":"2025-10-19T12:04:00","date_gmt":"2025-10-19T09:04:00","guid":{"rendered":"https:\/\/analyse.optim.biz\/?p=808414"},"modified":"2025-10-19T12:04:00","modified_gmt":"2025-10-19T09:04:00","slug":"consiliul-consultativ-al-profesiilor-juridice-profesionistii-dreptului-reuniti-la-masa-rotunda-pactul-pentru-justitie-organizata-de-unbr-si-au-dat-acordul-de-principiu-pe","status":"publish","type":"post","link":"https:\/\/analyse.optim.biz\/?p=808414","title":{"rendered":"CONSILIUL CONSULTATIV AL PROFESIILOR JURIDICE \u2013 Profesionistii dreptului reuniti la masa rotunda \u201ePactul pentru Justitie\u201d, organizata de UNBR, si-au dat acordul de principiu pentru constituirea Consiliului Consultativ al profesiilor juridice \u2013 o structura permanenta de dialog si cooperare intre institutiile sistemului judiciar si organizatiile profesionale. Propunerea apartine presedintelui Comisiei juridice din Camera Deputatilor, Bogdan Ciuca"},"content":{"rendered":"<article id=\"article-content\">\n<h1>CONSILIUL CONSULTATIV AL PROFESIILOR JURIDICE \u2013 Profesionistii dreptului reuniti la masa rotunda \u201ePactul pentru Justitie\u201d, organizata de UNBR, si-au dat acordul de principiu pentru constituirea Consiliului Consultativ al profesiilor juridice \u2013 o structura permanenta de dialog si cooperare intre institutiile sistemului judiciar si organizatiile profesionale. Propunerea apartine presedintelui Comisiei juridice din Camera Deputatilor, Bogdan Ciuca<\/h1>\n<section id=\"article-info\">\n<p class=\"author\">Scris de: V.B. | <a href=\"https:\/\/www.luju.ro\/consiliul-consultativ-al-profesiilor-juridice-profesionistii-dreptului-reuniti-la-masa-rotunda-pactul-pentru-justitie-organizata-de-unbr-si-au-dat-acordul-de-principiu-pentru-constituirea-consiliului-consultativ-al-profesiilor-juridice-o-structura-permane?pdf\" title=\"PDF\"><img decoding=\"async\" src=\"https:\/\/analyse.optim.biz\/wp-content\/uploads\/2025\/12\/pdf-544.png\" alt=\"pdf\" title=\"pdf-544\"><\/a> | <a href=\"https:\/\/www.luju.ro\/consiliul-consultativ-al-profesiilor-juridice-profesionistii-dreptului-reuniti-la-masa-rotunda-pactul-pentru-justitie-organizata-de-unbr-si-au-dat-acordul-de-principiu-pentru-constituirea-consiliului-consultativ-al-profesiilor-juridice-o-structura-permane?print=1\" class=\"external\" title=\"Imprimare\"><img decoding=\"async\" src=\"https:\/\/analyse.optim.biz\/wp-content\/uploads\/2025\/12\/print-544.png\" alt=\"print\" title=\"print-544\"><\/a><\/p>\n<div class=\"info flex-container\">\n<div class=\"date\">19 October 2025 12:04<\/div>\n<div>Vizualizari: 1933<\/div>\n<\/div>\n<\/section>\n<section id=\"article-body\">\n<section id=\"page\" class=\"cf\">\n<div>\n<p><span><span><img loading=\"lazy\" decoding=\"async\" src=\"https:\/\/analyse.optim.biz\/wp-content\/uploads\/2025\/12\/liviu_bogdan_ciuca-1.png\" width=\"400\" height=\"225\" title=\"liviu_bogdan_ciuca-1\">Profesionistii dreptului reuniti miercuri, 15 octombrie 2025, la masa rotunda \u201ePactul pentru Justitie \u2013 responsabilitate comuna pentru o justitie functionala\u201d (organizata de catre Uniunea Nationala a Barourilor din Romania \u2013 <span><b><a href=\"https:\/\/www.luju.ro\/masa-rotunda-pactul-pentru-justitie-seful-unbr-traian-briciu-nu-putem-rezolva-criza-din-justitie-prin-stabilirea-responsabilitatilor-de-responsabilitatea-tuturor-e-ca-activitatea-din-instante-si-parchete-sa-decurga-de-o-maniera-care-sa-nu-mai-faca-necesar\" target=\"_blank\">click aici pentru a citi<\/a><\/b><\/span>), au convenit de principiu infiintarea <b>Consiliului Consultativ al profesiilor juridice<\/b>.<\/span><\/span><\/p>\n<hr>\n<p><span><span><br \/><\/span><\/span><\/p>\n<p><span><span>Este vorba despre o structura permanenta care va avea rolul de dialog si cooperare intre institutiile sistemului judiciar si organizatiile profesionale.<\/span><\/span><\/p>\n<p><span><span><br \/><\/span><\/span><\/p>\n<p><span><span>Propunerea a fost formulata de catre <b>deputatul PUSL Bogdan Ciuca\u00a0<span>(foto)<\/span>\u00a0\u2013 presedintele Comisiei juridice din Camera Deputatilor<\/b> \u2013 si dezvoltata de catre <b>senatorul PNL Daniel Fenechiu, vicepresedinte al UNBR<\/b>. <\/span><\/span><\/p>\n<p><span><span><br \/><\/span><\/span><\/p>\n<p><span><span><b>Iata comunicatul UNBR:<\/b><\/span><\/span><\/p>\n<p><span><span><br \/><\/span><\/span><\/p>\n<p><span><span>\u201e<i>Pactul pentru Justitie. Un prim rezultat concret al dezbaterii: acord de principiu pentru infiintarea Consiliului Consultativ al profesiilor juridice<\/i><\/span><\/span><\/p>\n<p><span><span><br \/><\/span><\/span><\/p>\n<p><span><span><i><b>Unul dintre primele rezultate ale mesei rotunde &#8216;Pactul pentru Justitie \u2013 responsabilitate comuna pentru o justitie functionala&#8217;, organizate de Comisia juridica a Senatului Romaniei impreuna cu Uniunea Nationala a Barourilor din Romania, a fost acordul de principiu pentru constituirea Consiliului Consultativ al profesiilor juridice \u2013 o structura permanenta de dialog si cooperare intre institutiile sistemului judiciar si organizatiile profesionale.<\/b><\/i><\/span><\/span><\/p>\n<p><span><span><i><b>Ideea initiala a constituirii acestui Consiliu a fost formulata de Bogdan Ciuca, presedintele Comisiei Juridice din Camera Deputatilor, care a propus &#8216;crearea unei forme de organizare care sa reuneasca periodic toate profesiile juridice, pentru a identifica problemele si a construi solutii inainte ca ele sa devina crize.&#8217;<\/b><\/i><\/span><\/span><\/p>\n<p><span><span><i><b>Propunerea a fost preluata si dezvoltata de senatorul Daniel Fenechiu, vicepresedinte al UNBR, care a aratat ca un astfel de Consiliu poate deveni platforma de continuitate si coerenta intre institutiile sistemului de justitie si profesiile juridice.<\/b><\/i><\/span><\/span><\/p>\n<p><span><span><i>&#8216;Este nevoie de o platforma comuna, in care toate profesiile juridice si institutiile sistemului sa poata lucra impreuna, nu doar sa reactioneze punctual la crize. Consiliul Consultativ poate deveni acest spatiu permanent de dialog si echilibru&#8217;, a spus Daniel Fenechiu.<\/i><\/span><\/span><\/p>\n<p><span><span><i>Presedintele UNBR, Traian Briciu, precum si reprezentantii CSM, profesiilor juridice liberale (notari, executori, practicieni in insolventa) si decanii barourilor si-au exprimat acordul de principiu pentru constituirea Consiliului, considerand ca acesta ar asigura consultari periodice, reactii unitare si o voce comuna a profesiilor juridice in relatia cu institutiile statului.<\/i><\/span><\/span><\/p>\n<p><span><span><i>In viziunea UNBR, Consiliul Consultativ al profesiilor juridice va fi prima structura institutionalizata de colaborare interprofesionala, menita sa contribuie la aplicarea principiilor Pactului pentru Justitie \u2013 stabilitate, cooperare, respect reciproc si responsabilitate comuna fata de cetatean\u201d<\/i>.<\/span><\/span><\/p>\n<\/div>\n<\/section>\n<\/section>\n<section id=\"comments-boxes\">\n<div class=\"heading\">\n<h2>Comentarii<\/h2>\n<\/div>\n<div class=\"comment\" id=\"comentariu-382879\">\n<div class=\"commentBody\">\n<div class=\"commentDate\">\n<p class=\"comment-details cf\"><span class=\"comment-id\"><br \/>\n\t\t\t\t\t\t\t\t#<br \/>\n\t\t\t\t\t\t\t\t<strong>Jitian Ioana<\/strong><img decoding=\"async\" src=\"https:\/\/analyse.optim.biz\/wp-content\/uploads\/2025\/12\/calendar-481.png\" alt=\"date\" title=\"calendar-481\"><br \/>\n\t\t\t\t\t\t\t\t19 October 2025 12:55<br \/>\n\t\t\t\t\t\t\t<\/span><span class=\"comment-quality cf\"><span class=\"green\">+13<\/span><\/span><\/p>\n<\/div>\n<div class=\"commentContent\">Stima\u021bi domni,<br \/>\nAcest Pact pentru justi\u021bie,  pentru constituirea Consiliului Consultativ al profesiilor juridice include speciali\u0219ti ai dreptului, respectiv avocati, notari, executori, magistra\u021bi dar iar\u0103\u0219i consilierii juridici , absolventi de drept, masteranzi cu studii juridice aptofundate sunt exclu\u0219i. Pentru de face\u021bi aceasta discriminare a profesiilor juridice?<br \/>\nAm dori sa ne rasundeti.<br \/>\nConsilier juridic Jitian Ioana<\/div>\n<ul class=\"cf cactions\">\n<li><a class=\"comment-382879\" href rel=\"raspunde\" title=\"Raspunde\">Raspunde<\/a><\/li>\n<li>|<\/li>\n<li><a href class=\"comment-382879\" rel=\"raspunde-citeaza\" title=\"Raspunde cu citat\">Raspunde cu citat<\/a><\/li>\n<li>|<\/li>\n<li><a href class=\"comment-382879\" title=\"Citat\" rel=\"citeaza\">Citat<\/a><\/li>\n<\/ul>\n<\/div>\n<\/div>\n<div class=\"comment\" id=\"comentariu-382881\">\n<div class=\"commentBody\">\n<div class=\"commentDate\">\n<p class=\"comment-details cf\"><span class=\"comment-id\"><br \/>\n\t\t\t\t\t\t\t\t#<br \/>\n\t\t\t\t\t\t\t\t<strong>Bernard Baruch<\/strong><img decoding=\"async\" src=\"https:\/\/analyse.optim.biz\/wp-content\/uploads\/2025\/12\/calendar-481.png\" alt=\"date\" title=\"calendar-481\"><br \/>\n\t\t\t\t\t\t\t\t19 October 2025 15:34<br \/>\n\t\t\t\t\t\t\t<\/span><span class=\"comment-quality cf\"><span class=\"red\">-1<\/span><\/span><\/p>\n<\/div>\n<div class=\"commentContent\">In poza il avem pe 0 barat. Fix. Nici mai mult nici mai pu\u021bin <\/div>\n<ul class=\"cf cactions\">\n<li><a class=\"comment-382881\" href rel=\"raspunde\" title=\"Raspunde\">Raspunde<\/a><\/li>\n<li>|<\/li>\n<li><a href class=\"comment-382881\" rel=\"raspunde-citeaza\" title=\"Raspunde cu citat\">Raspunde cu citat<\/a><\/li>\n<li>|<\/li>\n<li><a href class=\"comment-382881\" title=\"Citat\" rel=\"citeaza\">Citat<\/a><\/li>\n<\/ul>\n<\/div>\n<\/div>\n<div class=\"comment\" id=\"comentariu-382885\">\n<div class=\"commentBody\">\n<div class=\"commentDate\">\n<p class=\"comment-details cf\"><span class=\"comment-id\"><br \/>\n\t\t\t\t\t\t\t\t#<br \/>\n\t\t\t\t\t\t\t\t<strong>ce vrajeala securistoida v-au \u00eenveninat petli\u0163a\u0163ii !<\/strong><img decoding=\"async\" src=\"https:\/\/analyse.optim.biz\/wp-content\/uploads\/2025\/12\/calendar-481.png\" alt=\"date\" title=\"calendar-481\"><br \/>\n\t\t\t\t\t\t\t\t19 October 2025 18:56<br \/>\n\t\t\t\t\t\t\t<\/span><span class=\"comment-quality cf\"><span class=\"red\">-6<\/span><\/span><\/p>\n<\/div>\n<div class=\"commentContent\">TOATE acestea se regasesc incep\u00e2nd cu decembrie 2014, ca r\u0103spuns la chestionarul (&#8220;Infrac\u0163iuni de serviciu, infrac\u0163iuni contra \u00eenf\u0103ptuirii justi\u0163iei..Drepturi \u015fi obliga\u0163ii deontologice ale judec\u0103torilor \u015fi avoca\u0163ilor&#8221;) al Doamnei Judec\u0103tor dr. Rodica Aida Popa,nr. 4) &#8220;V\u0103 rug\u0103m s\u0103 identifica\u0163i 4 forme de comunicare interprofesional\u0103 comune pentru a atenua anumite contradic\u0163ii profesionale, precum \u015fi modalit\u0103\u0163ile de punere \u00een aplicare a acestora&#8221;, drepturi, obliga\u0163ii, interdic\u0163ii. Pe l\u00e2ng\u0103 nazdr\u0103v\u0103nia &#8220;Codului deontologic comun&#8221; )av si juzi), se mai cerea introducerea si a 2 juzi in comisia de examinare a candidatilor la profesia de avocat .. (poate o reia cineva ..) . Ulterior, cand Doamna Proc Gen L.C Kovesi s-a bucurat de recunoasterea larga, internationala, pin 2021, s+a revenit cu alt chestionar.CITAT:&#8221;Este plin\u0103 lumea politic\u0103 din Gala\u021bi de impostori,de loaze,de panarame.Dar notarul Bogdan Ciuc\u0103 pare c\u0103 a reu\u0219it s\u0103 \u00eei \u00eentreac\u0103 pe to\u021bi, cel pu\u021bin \u00een clasamentul pe luna sept..&#8221;<\/div>\n<ul class=\"cf cactions\">\n<li><a class=\"comment-382885\" href rel=\"raspunde\" title=\"Raspunde\">Raspunde<\/a><\/li>\n<li>|<\/li>\n<li><a href class=\"comment-382885\" rel=\"raspunde-citeaza\" title=\"Raspunde cu citat\">Raspunde cu citat<\/a><\/li>\n<li>|<\/li>\n<li><a href class=\"comment-382885\" title=\"Citat\" rel=\"citeaza\">Citat<\/a><\/li>\n<\/ul>\n<\/div>\n<\/div>\n<\/section>\n<section id=\"comments\">\n<div class=\"heading\">\n<h2>Adauga comentariu<\/h2>\n<\/div>\n<div>\n<div id=\"emoticons-container\">\n<div id=\"comments-form-smilespanel\"><img decoding=\"async\" src=\"https:\/\/analyse.optim.biz\/wp-content\/uploads\/2025\/12\/laugh-585.gif\" alt=\":D\" class=\"smile\" title=\"laugh-585\"><img decoding=\"async\" src=\"https:\/\/analyse.optim.biz\/wp-content\/uploads\/2025\/12\/lol-600.gif\" alt=\":lol:\" class=\"smile\" title=\"lol-600\"><img decoding=\"async\" src=\"https:\/\/analyse.optim.biz\/wp-content\/uploads\/2025\/12\/smile-562.gif\" alt=\":-)\" class=\"smile\" title=\"smile-562\"><img decoding=\"async\" src=\"https:\/\/analyse.optim.biz\/wp-content\/uploads\/2025\/12\/wink-555.gif\" alt=\";-)\" class=\"smile\" title=\"wink-555\"><img decoding=\"async\" src=\"https:\/\/analyse.optim.biz\/wp-content\/uploads\/2025\/12\/cool-564.gif\" alt=\"8)\" class=\"smile\" title=\"cool-564\"><img decoding=\"async\" src=\"https:\/\/analyse.optim.biz\/wp-content\/uploads\/2025\/12\/normal-547.gif\" alt=\":-|\" class=\"smile\" title=\"normal-547\"><img decoding=\"async\" src=\"https:\/\/analyse.optim.biz\/wp-content\/uploads\/2025\/12\/whistling-570.gif\" alt=\":-*\" class=\"smile\" title=\"whistling-570\"><img decoding=\"async\" src=\"https:\/\/analyse.optim.biz\/wp-content\/uploads\/2025\/12\/redface-554.gif\" alt=\":oops:\" class=\"smile\" title=\"redface-554\"><img decoding=\"async\" src=\"https:\/\/analyse.optim.biz\/wp-content\/uploads\/2025\/12\/sad-555.gif\" alt=\":sad:\" class=\"smile\" title=\"sad-555\"><img decoding=\"async\" src=\"https:\/\/analyse.optim.biz\/wp-content\/uploads\/2025\/12\/cry-559.gif\" alt=\":cry:\" class=\"smile\" title=\"cry-559\"><img decoding=\"async\" src=\"https:\/\/analyse.optim.biz\/wp-content\/uploads\/2025\/12\/surprised-554.gif\" alt=\":o\" class=\"smile\" title=\"surprised-554\"><img decoding=\"async\" src=\"https:\/\/analyse.optim.biz\/wp-content\/uploads\/2025\/12\/confused-546.gif\" alt=\":-?\" class=\"smile\" title=\"confused-546\"><img decoding=\"async\" src=\"https:\/\/analyse.optim.biz\/wp-content\/uploads\/2025\/12\/sick-572.gif\" alt=\":-x\" class=\"smile\" title=\"sick-572\"><img decoding=\"async\" src=\"https:\/\/analyse.optim.biz\/wp-content\/uploads\/2025\/12\/shocked-571.gif\" alt=\":eek:\" class=\"smile\" title=\"shocked-571\"><img decoding=\"async\" src=\"https:\/\/analyse.optim.biz\/wp-content\/uploads\/2025\/12\/sleeping-556.gif\" alt=\":zzz\" class=\"smile\" title=\"sleeping-556\"><img decoding=\"async\" src=\"https:\/\/analyse.optim.biz\/wp-content\/uploads\/2025\/12\/tongue-568.gif\" alt=\":P\" class=\"smile\" title=\"tongue-568\"><img decoding=\"async\" src=\"https:\/\/analyse.optim.biz\/wp-content\/uploads\/2025\/12\/rolleyes-553.gif\" alt=\":roll:\" class=\"smile\" title=\"rolleyes-553\"><img decoding=\"async\" src=\"https:\/\/analyse.optim.biz\/wp-content\/uploads\/2025\/12\/unsure-548.gif\" alt=\":sigh:\" class=\"smile\" title=\"unsure-548\"><\/div>\n<\/div>\n<\/div>\n<div class=\"text-center\">\n<p>DISCLAIMER<\/p>\n<p>Atentie! Postati pe propria raspundere!<br \/> Inainte de a posta, cititi aici regulamentul: <a href=\"https:\/\/www.luju.ro\/termeni-legali-si-conditii\" title=\"Termeni legali si conditii\">Termeni legali si Conditii<\/a><\/p>\n<\/div>\n<\/section>\n<\/article>\n<p> Source URL: https:\/\/www.luju.ro\/consiliul-consultativ-al-profesiilor-juridice-profesionistii-dreptului-reuniti-la-masa-rotunda-pactul-pentru-justitie-organizata-de-unbr-si-au-dat-acordul-de-principiu-pentru-constituirea-consiliului-consultativ-al-profesiilor-juridice-o-structura-permane<\/p>\n","protected":false},"excerpt":{"rendered":"<p>CONSILIUL CONSULTATIV AL PROFESIILOR JURIDICE \u2013 Profesionistii dreptului reuniti la masa rotunda \u201ePactul pentru Justitie\u201d, organizata de UNBR, si-au dat acordul de principiu pentru constituirea Consiliului Consultativ al profesiilor juridice \u2013 o structura permanenta de dialog si cooperare intre institutiile sistemului judiciar si organizatiile profesionale. Propunerea apartine presedintelui Comisiei juridice din Camera Deputatilor, Bogdan Ciuca [&hellip;]<\/p>\n","protected":false},"author":1,"featured_media":808415,"comment_status":"open","ping_status":"","sticky":false,"template":"","format":"standard","meta":{"footnotes":""},"categories":[89],"tags":[114],"class_list":["post-808414","post","type-post","status-publish","format-standard","has-post-thumbnail","hentry","category-romania","tag-luju-ro"],"_links":{"self":[{"href":"https:\/\/analyse.optim.biz\/index.php?rest_route=\/wp\/v2\/posts\/808414","targetHints":{"allow":["GET"]}}],"collection":[{"href":"https:\/\/analyse.optim.biz\/index.php?rest_route=\/wp\/v2\/posts"}],"about":[{"href":"https:\/\/analyse.optim.biz\/index.php?rest_route=\/wp\/v2\/types\/post"}],"author":[{"embeddable":true,"href":"https:\/\/analyse.optim.biz\/index.php?rest_route=\/wp\/v2\/users\/1"}],"replies":[{"embeddable":true,"href":"https:\/\/analyse.optim.biz\/index.php?rest_route=%2Fwp%2Fv2%2Fcomments&post=808414"}],"version-history":[{"count":0,"href":"https:\/\/analyse.optim.biz\/index.php?rest_route=\/wp\/v2\/posts\/808414\/revisions"}],"wp:featuredmedia":[{"embeddable":true,"href":"https:\/\/analyse.optim.biz\/index.php?rest_route=\/wp\/v2\/media\/808415"}],"wp:attachment":[{"href":"https:\/\/analyse.optim.biz\/index.php?rest_route=%2Fwp%2Fv2%2Fmedia&parent=808414"}],"wp:term":[{"taxonomy":"category","embeddable":true,"href":"https:\/\/analyse.optim.biz\/index.php?rest_route=%2Fwp%2Fv2%2Fcategories&post=808414"},{"taxonomy":"post_tag","embeddable":true,"href":"https:\/\/analyse.optim.biz\/index.php?rest_route=%2Fwp%2Fv2%2Ftags&post=808414"}],"curies":[{"name":"wp","href":"https:\/\/api.w.org\/{rel}","templated":true}]}}