{"id":803588,"date":"2025-05-14T13:51:19","date_gmt":"2025-05-14T10:51:19","guid":{"rendered":"https:\/\/analyse.optim.biz\/?p=803588"},"modified":"2025-05-14T13:51:19","modified_gmt":"2025-05-14T10:51:19","slug":"victor-grigor-fabula-incorect-politic","status":"publish","type":"post","link":"https:\/\/analyse.optim.biz\/?p=803588","title":{"rendered":"Victor Grigor &#8211; Fabul\u0103 &#8211; Incorect Politic"},"content":{"rendered":"<article class=\"post-listing post-79339 post type-post status-publish format-standard has-post-thumbnail  category-educativ category-stirea-zilei category-victor-grigor tag-victor-grigor-fabula\" id=\"the-post\">\n<div class=\"post-inner\">\n<h1 class=\"name post-title entry-title\"><span>Victor Grigor \u2013 Fabul\u0103<\/span><\/h1>\n<div class=\"entry\">\n<p>Victor Grigor<br \/><strong>Incorect Politic<\/strong><br \/>\nMai 14, 2025<\/p>\n<p><a href=\"https:\/\/www.incorectpolitic.com\/victor-grigor-fabula\/fabula\/\" rel=\"attachment wp-att-79341\"><img loading=\"lazy\" decoding=\"async\" class=\"aligncenter wp-image-79341 size-full\" src=\"https:\/\/analyse.optim.biz\/wp-content\/uploads\/2025\/12\/fabula-1.jpg\" alt=\"Victor Grigor - Fabul\u0103\" width=\"1200\" height=\"750\" title=\"fabula-1\"><\/a><\/p>\n<p>\u00a0<\/p>\n<h2><strong>Victor Grigor \u2013 Fabul\u0103\u00a0<\/strong><\/h2>\n<p><em>Un om sl\u0103bit urma de-un timp \u00eendelungat un tratament,<\/em><br \/><em>\u00cens\u0103 v\u0103z\u00e2nd c-ai bolii ghimpi \u00eei p\u0103trundeau \u00een tegument,<\/em><br \/><em>Se hot\u0103r\u00ee la un moment, sim\u021bindu-\u0219i pielea-n pioneze,<\/em><br \/><em>C-ar fi normal \u0219i-inteligent de-acuma s\u0103-l abandoneze!<\/em><\/p>\n<p><em>Precum \u0219i-al\u021bi pacien\u021bi f\u0103cur\u0103, de prin vecini ori de departe,<\/em><br \/><em>Atunci c\u00e2nd deslu\u0219it v\u0103zur\u0103 de \u00eentremare c\u0103 n-au parte;<\/em><br \/><em>Ca s\u0103 adopte de urgen\u021b\u0103 unul ce-aduce vindecare,<\/em><br \/><em>Cu maxim\u0103 eficien\u021b\u0103, spre-o grabnic\u0103 recuperare.<\/em><\/p>\n<p><em>\u00cens\u0103 Colegiul de Medici care-l \u021binea sub \u00eengrijire<\/em><br \/><em>S\u0103ri ca ars s\u0103-i pun\u0103 piedici s\u0103 treac\u0103 la \u00eenf\u0103ptuire<\/em><br \/><em>\u0218i, abord\u00e2ndu-l, insistent \u0219i amenin\u021b\u0103tor \u00eei spuse<\/em><br \/><em>C\u0103-n lume nu-i alt tratament mai bun ca cel ce i-l d\u0103duse;<\/em><\/p>\n<p><em>Zic\u00e2ndu-i c\u0103 de-alege-un altul, pentru a\u0219a cumplit\u0103 vin\u0103,<\/em><br \/><em>Cr\u0103pa-se-va sub el asfaltul \u0219i-n groap\u0103 va-\u00eenota \u00een tin\u0103\u2026<\/em><br \/><em>\u0218i-a lui fiin\u021b\u0103 va ajunge, \u00eempins\u0103 de n\u0103dejdi de\u0219arte,<\/em><br \/><em>Uit\u00e2nd de blugi, banane, a pl\u00e2nge c\u0103-i \u0219tears\u0103 dintr-a vie\u021bii carte\u2026<\/em><\/p>\n<p><em>Dup\u0103 ce-un timp, abandonat\u0103, z\u0103cea-va-n crunt\u0103 izolare,<\/em><br \/><em>S\u0103rman\u0103, naufragiat\u0103 pe-o insul\u0103 pierdut\u0103-n mare<\/em><br \/><em>( Cum doar leprosului-i fu dat s\u0103-\u0219i duc\u0103 via\u021ba p\u00e2n\u0103 moare)<\/em><br \/><em>F\u0103r\u0103 s\u0103 aib\u0103 vreun contact cu lumea civilizatoare.<\/em><\/p>\n<p><em>\u0218i, vr\u00e2nd prin asta s\u0103-l conving\u0103, ori s\u0103-l terorizeze-n plus,<\/em><br \/><em>Spre renun\u021bare s\u0103-l \u00eemping\u0103, \u00eel anun\u021b\u0103 \u0219i c-al s\u0103u puls<\/em><br \/><em>\u0218i tensiune arterial\u0103, colesterolul, glicemia,<\/em><br \/><em>Semnale dau f\u0103r\u0103-\u00eendoial\u0103 c\u00e2t de aproape-i groz\u0103via<\/em><\/p>\n<p><em>\u0218i-Apocalipsa-\u00eengrozitoare ( ce va \u00eentrece \u00een t\u0103rie<\/em><br \/><em>Chiar \u0219i pe-aceea viitoare de care Ioan d\u0103 m\u0103rturie!)<\/em><br \/><em>Care-l a\u0219teapt\u0103 \u00eentr-un timp scurt, ca rod al gestului f\u0103cut<\/em><br \/><em>De el, complet incon\u0219tient, s-aleag\u0103 alt medicament<\/em><br \/><em>Pe-al c\u0103rui minimal prospect st\u0103 scris doar un cuv\u00e2nt_ RESPECT!<\/em><\/p>\n<p><em>Morala:<\/em><\/p>\n<p><em>C\u00e2nd sclavii-n fine eliberare au \u00eenceput ca s\u0103-\u0219i doreasc\u0103,<\/em><br \/><em>St\u0103p\u00e2nii, plini de disperare, ar face-orice ca s\u0103-i opreasc\u0103.<\/em><\/p>\n<\/div>\n<div class=\"share-post\"><span class=\"share-text\">Share<\/span><\/p>\n<ul class=\"flat-social\">\n<li><a href=\"http:\/\/www.facebook.com\/sharer.php?u=https:\/\/www.incorectpolitic.com\/?p=79339\" class=\"social-facebook\" rel=\"external\" target=\"_blank\"><span>Facebook<\/span><\/a><\/li>\n<li><a href=\"https:\/\/twitter.com\/intent\/tweet?text=Victor+Grigor+%E2%80%93+Fabul%C4%83&amp;url=https:\/\/www.incorectpolitic.com\/?p=79339\" class=\"social-twitter\" rel=\"external\" target=\"_blank\"><span>Twitter<\/span><\/a><\/li>\n<li><a href=\"http:\/\/pinterest.com\/pin\/create\/button\/?url=https:\/\/www.incorectpolitic.com\/?p=79339&amp;description=Victor+Grigor+%E2%80%93+Fabul%C4%83&amp;media=https:\/\/analyse.optim.biz\/wp-content\/uploads\/2025\/12\/fabula-1.jpg\" class=\"social-pinterest\" rel=\"external\" target=\"_blank\"><span>Pinterest<\/span><\/a><\/li>\n<\/ul>\n<\/div>\n<\/div>\n<\/article>\n<p> Source URL: https:\/\/www.incorectpolitic.com\/victor-grigor-fabula\/<\/p>\n","protected":false},"excerpt":{"rendered":"<p>Victor Grigor \u2013 Fabul\u0103 Victor GrigorIncorect Politic Mai 14, 2025 \u00a0 Victor Grigor \u2013 Fabul\u0103\u00a0 Un om sl\u0103bit urma de-un timp \u00eendelungat un tratament,\u00cens\u0103 v\u0103z\u00e2nd c-ai bolii ghimpi \u00eei p\u0103trundeau \u00een tegument,Se hot\u0103r\u00ee la un moment, sim\u021bindu-\u0219i pielea-n pioneze,C-ar fi normal \u0219i-inteligent de-acuma s\u0103-l abandoneze! Precum \u0219i-al\u021bi pacien\u021bi f\u0103cur\u0103, de prin vecini ori de departe,Atunci [&hellip;]<\/p>\n","protected":false},"author":1,"featured_media":803589,"comment_status":"open","ping_status":"","sticky":false,"template":"","format":"standard","meta":{"footnotes":""},"categories":[89],"tags":[95],"class_list":["post-803588","post","type-post","status-publish","format-standard","has-post-thumbnail","hentry","category-romania","tag-incorectpolitic-com"],"_links":{"self":[{"href":"https:\/\/analyse.optim.biz\/index.php?rest_route=\/wp\/v2\/posts\/803588","targetHints":{"allow":["GET"]}}],"collection":[{"href":"https:\/\/analyse.optim.biz\/index.php?rest_route=\/wp\/v2\/posts"}],"about":[{"href":"https:\/\/analyse.optim.biz\/index.php?rest_route=\/wp\/v2\/types\/post"}],"author":[{"embeddable":true,"href":"https:\/\/analyse.optim.biz\/index.php?rest_route=\/wp\/v2\/users\/1"}],"replies":[{"embeddable":true,"href":"https:\/\/analyse.optim.biz\/index.php?rest_route=%2Fwp%2Fv2%2Fcomments&post=803588"}],"version-history":[{"count":0,"href":"https:\/\/analyse.optim.biz\/index.php?rest_route=\/wp\/v2\/posts\/803588\/revisions"}],"wp:featuredmedia":[{"embeddable":true,"href":"https:\/\/analyse.optim.biz\/index.php?rest_route=\/wp\/v2\/media\/803589"}],"wp:attachment":[{"href":"https:\/\/analyse.optim.biz\/index.php?rest_route=%2Fwp%2Fv2%2Fmedia&parent=803588"}],"wp:term":[{"taxonomy":"category","embeddable":true,"href":"https:\/\/analyse.optim.biz\/index.php?rest_route=%2Fwp%2Fv2%2Fcategories&post=803588"},{"taxonomy":"post_tag","embeddable":true,"href":"https:\/\/analyse.optim.biz\/index.php?rest_route=%2Fwp%2Fv2%2Ftags&post=803588"}],"curies":[{"name":"wp","href":"https:\/\/api.w.org\/{rel}","templated":true}]}}