{"id":803445,"date":"2025-05-25T12:27:33","date_gmt":"2025-05-25T09:27:33","guid":{"rendered":"https:\/\/analyse.optim.biz\/?p=803445"},"modified":"2025-05-25T12:27:33","modified_gmt":"2025-05-25T09:27:33","slug":"suveranism-steril-incorect-politic","status":"publish","type":"post","link":"https:\/\/analyse.optim.biz\/?p=803445","title":{"rendered":"Suveranism Steril &#8211; Incorect Politic"},"content":{"rendered":"<article class=\"post-listing post-79471 post type-post status-publish format-standard has-post-thumbnail  category-educativ category-stirea-zilei tag-actiunea-pentru-eliberarea-romaniei tag-confesiuni-despre-nationalism tag-confesiuni-rosca tag-ioan-rosca tag-ioan-rosca-autor tag-nationalism-demagogie tag-nationalism-steril tag-suveranism-steril\" id=\"the-post\">\n<div class=\"post-inner\">\n<h1 class=\"name post-title entry-title\"><span>Suveranism Steril<\/span><\/h1>\n<div class=\"entry\">\n<p><strong>Incorect Politic<\/strong><br \/>\nMai 25, 2025<\/p>\n<p><a href=\"https:\/\/www.incorectpolitic.com\/suveranism-steril\/golden-sunset-at-a-desert-dry-and-thirsty-soil\/\" rel=\"attachment wp-att-79472\"><img loading=\"lazy\" decoding=\"async\" class=\"size-full wp-image-79472 aligncenter\" src=\"https:\/\/analyse.optim.biz\/wp-content\/uploads\/2025\/12\/confesiuni-despre-nationalism-1.jpg\" width=\"612\" height=\"459\" title=\"confesiuni-despre-nationalism-1\"><\/a><\/p>\n<h1><strong>Suveranism Steril<\/strong><\/h1>\n<p><em>Via <a href=\"https:\/\/www.certitudinea.com\/certitudinea-print\/nationalism\/\">Certitudinea<\/a>:<\/em><\/p>\n<p>M-am ab\u0163inut, de c\u00eeteva luni, s\u0103 m\u0103 r\u0103coresc public, ca s\u0103 nu se poat\u0103 spune c\u0103 am st\u00eenjenit vreun pic \u201erevolu\u0163ia na\u0163ional\u0103\u201d st\u00eernit\u0103\/simulat\u0103\/exploatat\u0103 de tandemul Georgescu-Simion (urma\u0163i isteric de bravul popor, r\u0103sculat democratic); de\u015fi, din start, observ\u00eend personajele aruncate pe scen\u0103 (\u015fi jocul spectatorilor) nu m-am \u00eendoit c\u0103 asist la o nou\u0103 megafars\u0103. Nu avea rost s\u0103 intervin, nu numai pentru c\u0103 nu mi s-ar fi dat vreo aten\u0163ie, ci pentru c\u0103 nu s-ar fi c\u00ee\u015ftigat nimic pe teren, av\u00eend \u00een vedere lipsa alternativei. S\u0103 dezumfli balonul Georgescu\u2026 ca s\u0103 se aleag\u0103 Lasconi, sau balonul Simion\u2026 ca s\u0103 se aleag\u0103 Nicu\u015for Dan \u2013 nu avea nici un rost. Iar a trezi rom\u00e2nii la realitate, astfel \u00eenc\u00eet s\u0103 sesizeze inconsisten\u0163a \u015fi falsitatea discursurilor \u201ena\u0163ionaliste\u201d\/\u201esuveraniste\u201d echivala cu a speria un somnambul angajat pe s\u00eerm\u0103 deasupra h\u0103ului. Reac\u0163ia previzibil\u0103 ar fi fost provocarea urii contra sp\u0103rg\u0103torului de speran\u0163e de\u015farte. I-am transmis domnului Manega sfatul s\u0103-\u015fi previn\u0103 colegii din S.O.S. c\u0103 ie\u015firile mediatice inoportune ale doamnei \u015eo\u015foac\u0103, convenabile sistemului, le pot fi fatale (politic), pentru c\u0103 victimele hipnozei \u00een curs \u00eei vor acuza c\u0103 saboteaz\u0103 victoria for\u0163elor autodeclarate na\u0163ionaliste. Abia dup\u0103 ce rom\u00e2nii vor constata c\u0103 au fost iar tra\u015fi ur\u00eet pe sfoar\u0103 vor putea digera critici care, emise prematur, le apar drept cauzele noului \u201en-a fost s\u0103 fie\u201d. \u00cen caz de alegeri anticipate, cei care nu-\u015fi \u0163in gura \u2013 p\u00een\u0103 se l\u0103muresc p\u0103c\u0103li\u0163ii \u015fi se a\u015feaz\u0103 \u00een scaune p\u0103c\u0103litorii, nu vor mai fi vota\u0163i, c\u0103ci au apucat a fi detesta\u0163i, ca unii care \u201e\u015fi-au ar\u0103tat adev\u0103rata fa\u0163\u0103\u201d, atunci c\u00eend imaginarii viteji chemau poporul la \u201elupta cea mare\u201d\u2026 Cum eu nu am \u00eens\u0103 nimic de pierdut, acum, c\u00eend nu mi se mai poate repro\u015fa c\u0103 sabotez noul miracol din decembrie, voi vorbi f\u0103r\u0103 menajamente, denun\u0163\u00eend una din cele mai ur\u00eete r\u0103bufniri de mascarad\u0103 colectiv\u0103 de care am avut parte; \u015fi anun\u0163\u00eend c\u0103 nu va urma nimic din ce-\u015fi imagineaz\u0103 naivii (dac\u0103 exist\u0103 \u015fi din ace\u015ftia, printre cei ce se arat\u0103 revolta\u0163i).<\/p>\n<p>C\u0103 nu am fost surprins de parada \u201ena\u0163ionalismului\u201d (fantom\u0103 ap\u0103rut\u0103, neverosimil, din neant \u2013 dup\u0103 decenii de la stingere) o arat\u0103\/explic\u0103 o discu\u0163ie cu domnul Culcer din 2021, care poate fi v\u0103zut pe site-ul (<a href=\"https:\/\/www.piatauniversitatii.com\/ivideo\/\">https:\/\/www.piatauniversitatii.com\/ivideo\/<\/a>.\u00a0 Iar joaca de-a \u201e\u00eenfruntarea sistemului\u201d nu putea deruta pe cineva care a tr\u0103it e\u015fecul ini\u0163iativei\u00a0<strong>AER\u00a0<\/strong>\u2013<strong>Ac\u0163iunea pentru Eliberarea Rom\u00e2niei<\/strong>\u00a0(lansat\u0103 de mine \u00een 2005), analiz\u00eend apoi motivele pentru care nu e posibil\u0103 o mi\u015fcare real\u0103 de eliberare. \u015etiu \u015fi c\u0103 victimele degenerate ale\u00a0 tranzi\u0163iei nu au poft\u0103 de munc\u0103 \u00eentru reconstruc\u0163ia \u0163\u0103rii (prefer\u00eend s\u0103 se v\u0103ic\u0103reasc\u0103 cer\u015find\/fur\u00eend\/parazit\u00eend\/colabor\u00eend); c\u0103 nu se poate ap\u0103ra un metabolism propriu al celulei na\u0163ionale, printr-o membran\u0103 care s\u0103 ne protejeze de asaltul corpora\u0163iilor care \u00eente\u0163esc agonia civiliza\u0163iei occidentale; c\u0103 nu are cine s\u0103 defineasc\u0103 \u015fi s\u0103 realizeze acel \u201eMai bine ca afar\u0103!\u201d \u2013 care ar fi trebuit s\u0103 constituie un adev\u0103rat program na\u0163ionalist. Dar nu m\u0103 a\u015fteptam, totu\u015fi, la o confirmare at\u00eet de prompt\u0103, elocvent\u0103, sinistr\u0103,\u00a0 insuportabil\u0103.<\/p>\n<p>Vorba lui Caragiale: na\u0163ionalismul\/suveranismul cadelni\u0163at de actorii ce ne-au oferit spectacolul electoral este sublim\u2026 dar lipse\u015fte cu des\u0103v\u00eer\u015fire. Cel ce \u015ftie despre ce trebuia s\u0103 fie vorba nu g\u0103se\u015fte \u00een discursurile protagoni\u015ftilor nici o idee\/propunere\/promisiune care s\u0103 corespund\u0103 unei adev\u0103rate misiuni na\u0163ionaliste, unui program\u2026 chiar suveranist. Patrio\u0163i de mucava, care cer \u00eenfocat\u2026 \u00eent\u0103rirea bazelor militare americane\u2026 \u00een numele evit\u0103rii reapari\u0163iei bazelor militare ruse\u2026 Lupt\u0103tori pentru suveranitatea\u2026 \u00eent\u0103rit\u0103 de UE. \u201eAutonomi\u015fti\u201d care vor s\u0103 nu alung\u0103m cumva generoasele companii str\u0103ine \u015fi s\u0103 nu ne pierdem sursele de \u00eemprumut\u2026 Justi\u0163iari care promit c\u0103 nu vor confisca averile ilicite\u2026 Revolu\u0163ionari care\u2026 vor respecta vechea legalitate. Tradi\u0163ionali\u015fti\u2026 larg deschi\u015fi pentru alteritate. Etc. \u015ei peste toate, \u201ena\u0163ionali\u015fti\u201d care eludeaz\u0103 (trec sub t\u0103cere) sistematic faptul c\u0103 Rom\u00e2nia este cotropit\u0103, aservit\u0103, colonizat\u0103 \u015fi, ca atare, propun (f)leacuri la mini-probleme, ne-denun\u0163\u00eend frontal ocupa\u0163ia, evit\u00eend la\u015f temele luptei care ar fi necesare (nu \u015fi suficiente) pentru \u00eencercarea de eliberare real\u0103 a \u0163\u0103rii.<\/p>\n<p>Avem o tradi\u0163ie secular\u0103 de supunere colonial\u0103 ocultat\u0103. Nu ne deranjeaz\u0103 lan\u0163urile, pentru c\u0103 am \u00eenv\u0103\u0163at s\u0103 nu le vedem. Ne s\u00eent chiar dragi, dac\u0103 sunt unse\/ vopsite pl\u0103cut, sau dac\u0103 prin ele picur\u0103 ni\u015fte tain. La noi nu s-au produs insurec\u0163ii contra st\u0103p\u00eenilor externi, ca \u00een \u0163\u0103rile (Algeria etc.) ce au scuturat jugul colonial, pl\u0103tind tribut de s\u00eenge \u2013 pentru c\u0103 mai aveau popula\u0163ie candid\u0103, dispus\u0103 la sacrificii. R\u0103sturnarea b\u0103rb\u0103teasc\u0103 a colonizatorilor, preusupun\u00eend lupt\u0103 \u015fi riscuri supreme, este evitat\u0103 de oamenii suficient de de\u015ftep\u0163i ca sa nu se joace cu focul\/moartea, prefer\u00eend s\u0103 se descurce individual, \u00een\u0163eleg\u00eend f\u0103r\u0103 mofturi necesitatea. Ceea ce e de in\u0163eles, dar nu \u015fi de apreciat, dac\u0103 se t\u00eenje\u015fte dup\u0103 libertate. Etosurile pl\u0103m\u0103dite de istorie nu se discut\u0103. \u015ei s\u0103 adaug\u0103m faptul c\u0103 azi, din cauza complexit\u0103\u0163ii valorificate de st\u0103p\u00eenii mul\u0163imilor, metodele de subjugare fiind tot mai de perfide, capturarea Orwell\/ Huxley\u00a0 e irezistibil\u0103, pentru c\u0103 nu se mai poate imagina o linie de front, pentru rezisten\u0163\u0103. Nu mai putem \u00eenl\u0103tura gheara\/otrava p\u0103truns\u0103 \u00een miezul fiin\u0163ei colective \u015fi individuale. Viermele supunerii a eclozat, astfel \u00eenc\u00eet prin victime vorbesc\u2026 ocupan\u0163ii. De aceea vedem azi at\u00ee\u0163ia rom\u00e2ni \u00eengrozi\u0163i de pericolul pierderii exploatatorilor ce le dau \u201eo p\u00eeine\u201d. De aceea banali\u015ftii politici predic\u0103 absurditatea ideii c\u0103 am putea face altceva dec\u00eet s\u0103 ne alegem cu grij\u0103 st\u0103p\u00eenii.<\/p>\n<p>E explicabil\u0103 atititudinea celor ce stau cumin\u0163i \u00een lan\u0163, ca s\u0103 nu se r\u0103neasc\u0103 agit\u00eendu-se, ca s\u0103 nu se pomeneasc\u0103 sili\u0163i s\u0103 v\u00eeneze \u2013 alunga\u0163i din Kaufland, descurc\u00eendu-se mai mult sau mai pu\u0163in sc\u00eerbos (folosind relativitatea moralei ca s\u0103 scape de fr\u0103m\u00eent\u0103ri), a\u015ftept\u00eend vreun pe\u015fche\u015f mai gras de la \u00a0cei ur\u00ee\u0163i\/\u00eenjura\u0163i doar mintal, \u00een g\u00eend\u2026 pe sub c\u0103lu\u015f. Fie. Dar de ce s\u0103 ne min\u0163im (s\u0103 ne l\u0103s\u0103m min\u0163i\u0163i) c\u0103 am fi ce nu s\u00eentem, s\u0103 ne imagin\u0103m c\u0103 nu ne-ar fi domesticit? Ca s\u0103 mul\u0163umim \u015fi capra intereselor, \u015fi varza demint\u0103\u0163ii, avem nevoie de auto-am\u0103gire.<\/p>\n<p>\u201eAve\u0163i dovezi?\u201d \u2013 vor \u00eentreba cei castra\u0163i metodic de CNA (\u00eenc\u00eet se cred obliga\u0163i s\u0103 se exprime juridic \u015fi \u00een pat). R\u0103spund: ajunge cu ascunderea ocupa\u0163iei str\u0103ine! Cine nu combate cel mai grav atac la adresa na\u0163iunii sale \u2013 subjugarea ei de un cotropitor extern, penetrarea ei de un cotropitor pe din\u0103untru, cine nu lupt\u0103 pentru eliberare, \u00ee\u015fi tr\u0103deaz\u0103 menirea diversionist\u0103; un simplu egoist poate s\u0103-\u015fi vad\u0103 nesim\u0163it\/ cinic de interese, f\u0103r\u0103 a spurca demagogic adev\u0103rata n\u0103zuin\u0163\u0103 la libertate\/ demnitate \u2013 personal\u0103 sau na\u0163ional\u0103; dac\u0103 \u00eens\u0103 latr\u0103 continuu, cu grij\u0103 s\u0103 nu mu\u015fte, nu-\u015fi ap\u0103ra \u0163ara, ci rolul.<\/p>\n<p>Strania aiureal\u0103\/confuzie la care se complac acum rom\u00e2nii nu ar fi posibil\u0103, realitatea ocupa\u0163iei nu ar mai putea fi \u00eence\u0163o\u015fat\u0103, dac\u0103 numele ocupan\u0163ilor ar (putea) fi rostit, \u00een clar. Dar dac\u0103 despre postura penibil\u0103 a \u0163\u0103rii mai \u0163\u00ee\u015fne\u015fte c\u00eete o aluzie\/referire, nu auzim nimic despre cotropitor; el nu e niciodat\u0103 numit, r\u0103m\u00eene neprecizat. Nu se \u015ftie de cine e ocupat\u0103 Rom\u00e2nia, pentru c\u0103 e prea mult\u0103 cea\u0163\u0103, sau pentru c\u0103 nu e voie s\u0103 se \u015ftie? Adev\u0103rul ocultat devine mister. S\u0103 pretinzi c\u0103 s\u00eentem \u00eenc\u0103leca\u0163i tot de ru\u015fi, ca \u00een trecut, nu prea merge; po\u0163i doar \u0163ipa c\u0103 ei vor s\u0103 ne smulg\u0103 acum din ghearele libert\u0103\u0163ii, pericol de care cotropitorii actuali ai \u0163\u0103riii ne apar\u0103\u2026 Cu atit mai pu\u0163in ne putem g\u00eendi c\u0103 ne-ar exploata iar turcii; pun\u00eendu-se doar \u00eentrebarea: cine ar corespunde azi fanario\u0163ilor? Cite unul sugereaz\u0103, timid,\u00a0 c\u0103 ar putea fi vorba de \u201epartenerii strategici\u201d \u2013 americani sau u-europeni. \u00cenc\u0103 e voie, pedeapsa fiind doar ostracizarea p\u0103c\u0103tosului pentru tr\u0103darea \u00eenal\u0163ilor. Al\u0163ii, care dau vina, nu f\u0103r\u0103 temei, pe re\u0163ele corporatiste, multina\u0163ionale, oculte, \u00a0s\u00eent\u00a0 demasca\u0163i\/anihila\u0163i ca adep\u0163i ai \u201eteoriei complotului\u201d.<\/p>\n<p><strong> Cu foarte pu\u0163ine excep\u0163ii (Corvin Lupu, Diana \u015eo\u015foac\u0103, Vasile Z\u0103rnescu, C. D. Niculae, Radu Theodoru, Cosmin \u015eerban, G. Piscoci, V. Militaru, \u00a0etc.) nu auzi \u00eens\u0103 pronun\u0163at r\u0103spicat, de \u201etribunii suveranismului\u201d \u015fi numele cotropitorilor evrei.<\/strong><strong>Asta \u015fi pentru c\u0103 a fost pus c\u0103lu\u015ful \u00een gura poten\u0163ialilor demascatori, prin legile de interzicere a \u201eantisemitismului\u201d \u2013 care permit \u00eentemni\u0163area anticorpilor na\u0163ionali. Eu am dovedit \u00eens\u0103, riguros, \u00een serialul publicat doi ani \u00een Certitudinea (\u201eCombaterea antisemitismului folose\u015fte subjug\u0103rii rom\u00e2nilor?\u201d), c\u0103 s\u00eentem cuceri\u0163i de agen\u0163i ai intereselor unor evrei (ac\u0163ion\u00eend concertat dinspre Israel, Moscova, Washington, Europa, Rom\u00e2nia). Am documentat \u00eencet\u0103\u0163enirea lor abuziv\u0103, retrocedarea ilegitim\u0103 a averilor lor na\u0163ionalizate (puse la p\u0103strare \u00een 1948), participarea lor substan\u0163ial\u0103 la (contra)revolu\u0163ie \u015fi la jaful \u201etranzi\u0163iei\u201d, protejarea organizatorilor genocidului antirom\u00e2nesc aciua\u0163i \u00een Israel, estorcarea bugetului prin desp\u0103gubiri nejustificate (pentru persecu\u0163ii anterioare genocidului comunist), h\u0103ituirea ap\u0103r\u0103torilor intereselor na\u0163ionale \u015fi m\u0103sluirea filosemit\u0103 a istoriei. \u015ei am agregat pledoariile \u00eenainta\u015filor (vezi\u00a0<a href=\"https:\/\/fresca.piatauniversitatii.com\/\">https:\/\/fresca.piatauniversitatii.com\/<\/a>) care au demonstrat c\u0103 invazia parazitar\u0103 ne-a d\u0103unat \u00een multe feluri, timp de dou\u0103 secole, justific\u00eend, cu v\u00eerf \u015fi \u00eendesat, reac\u0163ia de ap\u0103rare na\u0163ional\u0103.<\/strong><\/p>\n<p>Dar iat\u0103 c\u0103, pretin\u015fii na\u0163ionali\u015fti nu au de spus nimic despre toate acestea (nimeni nu a riscat un cuv\u00eent referitor la lucr\u0103rile mele, terminate cu propuneri de eliberare legislativ\u0103: (<a href=\"https:\/\/www.piatauniversitatii.com\/\">https:\/\/www.piatauniversitatii.com\/<\/a>); pretin\u015fii combatan\u0163i pentru emanciparea rom\u00e2nilor nu propun \u015fi eliberarea de sub jugul filosemit (\u00eencep\u00eend cu anularea legilor liberticide \u015fi antina\u0163ionale care \u00eempiedic\u0103 ap\u0103rarea intereselor rom\u00e2ne\u015fti)\u2026 ci \u00ee\u015fi cer scuze dac\u0103 au p\u0103c\u0103tuit cumva \u201eantisemit\u201d, declar\u00eendu-\u015fi \u201esuveranista\u201d disponibilitate de a ne supune unei ramuri sau alteia ale armatei filosemite mondiale. Simion se gudur\u0103 la gruparea evreiasc\u0103 din jurul lui Trump, se angajeaz\u0103 s\u0103 \u00eencet\u0103\u0163eeasc\u0103 peste noi alte sute de mii de israelieni, vrea s\u0103-l primeasc\u0103 prietene\u015fte pe organizatorul genocidului contra poporului palestinian (care ne-a luat locul pe r\u0103bojul victimelor cotropirilor evreie\u015fti \u015fi a fost condamnat de un tribunal interna\u0163ional) \u2013 dar se angajeaz\u0103 s\u0103 nu \u00eencalce ordinul colonial de a criminaliza retroactiv str\u0103daniile de eliberare ale na\u0163ionali\u015ftilor interbelici; sub administra\u0163ia sa, e clar c\u0103 vor fi \u00eencarcera\u0163i adev\u0103ra\u0163ii na\u0163ionali\u015fti\u2026 Iar Georgescu, dup\u0103 ce a pescuit ni\u015fte voturi na\u0163ionaliste cu c\u00eeteva vorbe goale privind mi\u015fcarea legionar\u0103 \u015fi Antonescu (despre care a fost evident ca nu \u015ftia mare lucru; \u015fi m\u0103 \u00eendoiesc s\u0103 fi vrut a afla mai mult \u00eentre timp), se angajeaz\u0103, \u015fi el, s\u0103 slujeasc\u0103 falanga israelian\u0103 din jurul lui Trump (sau Putin, dac\u0103 va fi cazul), s\u0103 sprijine a\u015fezarea capitalei israeliene peste inima palestinienilor, s\u0103-l primeasc\u0103 \u00een vizit\u0103 \u00a0pe cel ce-i extermin\u0103. Etc. A\u015ftia ne s\u00eent \u201ena\u0163ionali\u015ftii\u201d \u2013 ni\u015fte farsori pu\u015fi s\u0103 pl\u0103m\u0103deasc\u0103 un stat oximoron: lucr\u00eend \u201esuveranist\u201d\u2026 \u00een slujba evreilor (sau altor for\u0163e vizibile\/oculte), astfel \u00eenc\u00eet sclavii planta\u0163iei din Carpa\u0163i s\u0103 se cread\u0103 liberi. Cine e at\u00eet de naiv \u00eenc\u00eet s\u0103-i cread\u0103 naivi pe cei care au adoptat cauza autonomiei coloniei sau a na\u0163ionalismului filosemit? \u00a0Ce avem de c\u00ee\u015ftigat numind dominarea noastr\u0103 \u201ealian\u0163\u0103\u201d sau adul\u00eend pe cei ce ne distrug?<\/p>\n<p>Vor spune unii c\u0103 respectivii \u201ecombatan\u0163i\u201d nu aveau cum s\u0103 vorbeasc\u0103 pe \u015fleau, pentru c\u0103 s-ar enerva ocupan\u0163ii sau ar fi fost incrimina\u0163i ca \u201eantisemi\u0163i\u201d, \u00een numele legilor impuse rom\u00e2nilor prin intermediul a\u015fa-zi\u015filor lor reprezentan\u0163i; dup\u0103 care, ar fi urmat interzicerea particip\u0103rii la alegeri (schem\u0103 deja pus\u0103 \u00een func\u0163iune de c\u0103tre CC \u2013 institu\u0163ie anti-democratic\u0103 funest\u0103, pe care rom\u00e2nii nu au curajul s\u0103 o conteste frontal). Am prezentat \u015fi pot relua oric\u00eend argumenta\u0163ia c\u0103 o astfel de intimidare nu e numai fatal\u0103 ci \u015fi nejustificabil\u0103. Acela care denun\u0163\u0103 ocuparea Rom\u00e2niei de c\u0103tre agen\u0163ii intereselor str\u0103ine (evreie\u015fti etc.) nu poate fi condamnat (\u00een mod normal, de o instan\u0163\u0103 care s\u0103 nu fie de teapa celor de azi) pentru \u00a0\u201eantisemitism\u201d (sau pentru \u00eenfruntarea altor \u201eparteneri strategici\u201d) \u2013 c\u0103ci el ac\u0163ioneaz\u0103 evident din obliga\u0163ia de ap\u0103rare a \u0163\u0103rii, fireasc\u0103 \u015fi consfin\u0163ita \u00een constitu\u0163ie, \u00een numele libert\u0103\u0163ii de g\u00eendire \u015fi exprimare, consfin\u0163ite tot acolo; motiva\u0163ie l\u0103udabil\u0103 (\u00een Rom\u00e2nia), care nu tr\u0103deaz\u0103 dec\u00eet tr\u0103darea \u015fi nu are nici o leg\u0103tur\u0103 cu rasismul instigator la crime la care s-au referit promotorii legilor-c\u0103lu\u015f, invocate apoi impropriu\/perfid, \u00eempotriva ap\u0103r\u0103torilor na\u0163iunii rom\u00e2ne.<\/p>\n<p>Dar s\u0103 admitem c\u0103 restric\u0163iile legiferate de agen\u0163ii du\u015fmanilor impuneau ascunderea inten\u0163iilor eliberatoare, p\u00een\u0103 c\u00eend eroii (lei, camufla\u0163i \u00een miei), se strecurau la putere. Ce decurge de aici?<\/p>\n<p>1. \u00cen registru radical: C\u0103 sistemul legislativ \u015fi aparatul juridic, instrumente folosite \u00eempotriva eliber\u0103rii \u0163\u0103rii de ocupan\u0163i, emancip\u0103rii rom\u00e2nilor de sub jugul neocolonial, s\u00eent principalii adversari ai promotorilor na\u0163ionalismului (drept\u0103\u0163ii\/libert\u0103\u0163ii) \u015fi, deci, trebuie tratate ca atare \u015fi nu admise ca piloni intangibili ai normalit\u0103\u0163ii, \u00een numele unei legalit\u0103\u0163i auto-sacrosante, lipsit\u0103 de orice legitimitate. Reforma, devenind imposibil\u0103 din cauza jugului legalit\u0103\u0163ii coloniale, v\u0103dit anti-rom\u00e2ne\u015fti, instigarea la r\u0103sturnarea aparatului aservitor se impunea, dac\u0103 chiar se dorea schimbare.<\/p>\n<p>2. \u00cen registru ponderat:\u00a0 C\u0103 <strong>legile care \u00eempiedic\u0103 eliberarea rom\u00e2nilor trebuie neaparat contestate\/anulate.<\/strong> Pretenden\u0163ii la putere, care se declar\u0103 reprezentan\u0163ii popula\u0163iei capturate, trebuiau s\u0103 denun\u0163e f\u0103r\u0103 echivoc capcana creat\u0103 de uzurpatorii statului (lucr\u00eend in slujba mafiei interne pus\u0103 la dispozi\u0163ia profitorilor externi). Nu pot spune adev\u0103rul pentru c\u0103 ar sup\u0103ra cine \u015ftie ce \u201ecancelarii\u201d sau ar intra sub inciden\u0163a unor legi criminale, pierz\u00eend dreptul de a candida? Atunci despre asta trebuie s\u0103 vorbeasc\u0103 \u00een primul r\u00eend rom\u00e2nilor chema\u0163i la eliberare! Nici m\u0103car paia\u0163ele \u00eembr\u0103cate \u00een robe \u015fi urma\u015fii lui Nicolschi de prin procuraturi nu au cum justifica criminalizarea unui candidat pentru c\u0103 exprim\u0103 voin\u0163a celor care doresc modificarea unor legi, autentificat\u0103 prin vot!! C\u0103ci, penaliz\u00eend inten\u0163iile politice, s-ar face \u0163\u0103nd\u0103ri iluzia democra\u0163iei, care \u0163ine supu\u015fii \u00een amor\u0163ire.<\/p>\n<p>Poporul trebuie s\u0103 fie, de fapt \u015fi de drept, deasupra statului, parlamentului, administra\u0163iei, justi\u0163iei \u2013 simple instrumente ale organiz\u0103rii vie\u0163ii sale s\u0103n\u0103toase. Ceea ce el dore\u015fte este automat legitim, nu ceea ce i se impune de sus. Apar \u015fi s\u00eent vota\u0163i ni\u015fte candida\u0163i care vor s\u0103 elimine subordon\u0103rile externe nefaste sau prevederile legislative pe care le consider\u0103 anti-rom\u00eene\u015fti ? Gata cu prevederile respective, gata cu legalitatea delegitimat\u0103. Dar ca s\u0103 se poat\u0103 \u00eent\u00eempla o astfel de corectur\u0103,<strong> candida\u0163ii cu adev\u0103rat suverani\u015fti sau na\u0163ionali\u015fti trebuie\/trebuiau s\u0103 propun\u0103, f\u0103r\u0103 echivoc, un program de eliberare legislativ\u0103 care, o dat\u0103 votat, s\u0103 capete legitimitate indiscutabil\u0103.<\/strong> Cum astfel de asumare a fost evitat\u0103 de \u201eeliberatorii\u201d imaginari, eu acord \u015fanse aproape nule s\u0103 avem vreo surprinz\u0103 pl\u0103cut\u0103 din partea lor, o dat\u0103 strecura\u0163i la ciolane. Nici m\u0103car nu vor avea ce tr\u0103da, pentru c\u0103 au evitat s\u0103 precizeze \u00een numele c\u0103rui program candideaz\u0103 \u2013 sco\u0163\u00eend asfel din joc mecanismul de legitimare semnalat mai sus: \u201eAsta fac , pentru c\u0103 la asta m-am angajat pentru a fi votat\u201d.<\/p>\n<p>B\u0103nuind cu ce\/cine am de a face (c\u0103ci nu exist\u0103 nimic \u00een cariera lui care s\u0103 justifice ipoteza c\u0103 ne-am afla \u00een fa\u0163a unui lupt\u0103tor antisistem \u015fi nu a unui demagog ce nu se sfie\u015fte s\u0103-l capitalizeze \u015fi pe Dumnezeu), i-am adresat lui C\u0103lin Georgescu o <a href=\"https:\/\/www.incorectpolitic.com\/tag\/ioan-rosca-scrisoare-deschisa-adresata-lui-calin-georgescu\/\">scrisoare deschis\u0103<\/a>, imediat dup\u0103 turul \u00eent\u00eei, vr\u00eend s\u0103-l silesc s\u0103-\u015fi asume, explicit, ni\u015fte angajamente legate de nevoile stringente ale \u0163\u0103rii ocupate. Speram c\u0103 \u00een goana lui dup\u0103 voturi (putere), prins \u00eentre cele dou\u0103 tururi, va face ni\u015fte promisiuni pe care \u00eei va fi mai greu s\u0103 nu le respecte. S-a v\u0103zut ulterior c\u0103 era iluzoriu a te a\u015ftepta la a\u015fa ceva de la cineva care vrea doar cecuri \u00een alb, nu se angajeaz\u0103 la nimic, ci vr\u0103je\u015fte cet\u0103\u0163enii s\u0103-l voteze necondi\u0163ionat, \u00een speran\u0163a c\u0103 va face ce nu (poate) spune. Recurg\u00eend la \u201egaran\u0163ii\u201d\u2026 c\u0103 are sus\u0163inerea cerului (sau a agen\u0163ilor acestuia din SUA)\u2026<\/p>\n<p>Cu Simion nu am mai reluat \u00eencercarea de for\u0163are a unei asum\u0103ri explicite, c\u0103ci era prea evident f\u0103r\u0103 rost. A\u015f fi uluit dac\u0103, dup\u0103 alegerea lui, ar \u00eentreprinde vreun pas neaprobat de st\u0103p\u00eenii Rom\u00e2niei (oricare vor fi devenit ei). Nu cred c\u0103 va r\u0103spunde nici m\u0103car a\u015ftept\u0103rilor categoriei de rom\u00e2ni care \u015fi-a ag\u0103\u0163at speran\u0163ele de el: perdan\u0163ii \u201etranzi\u0163iei\u201d. C\u0103ci \u0103sta este sensul ciocnirii electorale, nu confruntarea dintre persoane, partide sau doctrine. Am\u0103r\u0103\u015ftenii, cei care nu au reu\u015fit s\u0103 se descurce rezonabil (r\u0103ma\u015fi prin v\u0103g\u0103uni \u00een Rom\u00e2nia sau trudind c\u0103p\u015funar pe afar\u0103) se \u00eenfrunt\u0103 cu p\u0103tura celor ce s-au descurcat, reu\u015find s\u0103 g\u0103seasc\u0103 un loc \u00een sistem care s\u0103 le permit\u0103 s\u0103 suspravie\u0163uiasc\u0103 parazitar. C\u0103pu\u015fa\u0163ii \u00eenceac\u0103 s\u0103 ias\u0103 din plasa c\u0103pu\u015felor, a\u015fezat\u0103 peste stat. Minerii ce au spart capetele intelectualilor \u00een \u201890, fo\u015ftii \u201eoameni ai muncii\u201d (\u201ede bine\u201d) arunca\u0163i \u00een debaraua societ\u0103\u0163ii, cobor\u00eend \u00een infernul economei d\u0103r\u00eemate, dezam\u0103gi\u0163i de ocrotitorii lor pesedi\u015fti (\u015farlatani \u00eembog\u0103\u0163i\u0163i prin \u201eculuarul de st\u00eenga\u201d), caut\u0103 acum un alt ocrotitor, \u00een speran\u0163a c\u0103 \u201esuverani\u015ftii\u201d le vor da s\u0103 m\u0103n\u00eence mai mult. De partea cealalt\u0103 a baricadei sunt cei grupa\u0163i de spaima pierderii bun\u0103st\u0103rii ob\u0163inute mai mult sau mai pu\u0163in tic\u0103los, \u00eenv\u00eerti\u0163ii c\u0103rora le \u0163\u00ee\u0163\u00eeie fundul s\u0103 nu se obtureze \u0163eava de fagocitare (datorit\u0103 deregl\u0103rii sistemului), \u015fmecherii: de categorie mare (jefuitorii statului cotropit, \u00eenavu\u0163i\u0163i \u201emiraculos\u201d), mijlocie (vechilii\/mercenarii folosi\u0163i \u00een administrarea lag\u0103rului rom\u00e2nesc) sau mic\u0103 (\u201eprofesioni\u015ftii\u201d ce se fac c\u0103 fac, func\u0163ionarii oplo\u015fi\u0163i prin sinecuri, l\u0103tr\u0103ii din media, parazi\u0163ii de catedr\u0103 , distrug\u0103torii f\u0103r\u0103 scrupule din spitale sau instan\u0163e, (aut)IT-i\u015ftii etc).<\/p>\n<p>Asta e lupta de pe teren. Rom\u00e2nii intra\u0163i \u00een autobuz se ap\u0103r\u0103 de cei r\u0103ma\u015fi pe jos, care vor s\u0103 p\u0103trund\u0103 \u015fi ei \u00een\u0103untru. Nici pe unii, nici pe ceilal\u0163i, nu-i intereseaz\u0103 vreun pic proiectul\u00a0 pl\u0103m\u0103dirii unei societ\u0103\u0163i mai frumoase, suverane, ap\u0103rate de rechinii exteriori, \u00een interesul unei colectivit\u0103\u0163i legate organic, dedicate drept\u0103\u0163ii sociale, primatului muncii asupra specula\u0163iei, promov\u0103rii valorii \u015fi plenitudinii persoanei.\u00a0 E o r\u0103t\u0103cire s\u0103 crezi c\u0103 o astfel de popula\u0163ie ar fi p\u0103c\u0103lit\u0103\/siluit\u0103 de sforari, prins\u0103 \u00een capcana demagogic\u0103. Aleg\u0103torii nu s\u00eent altfel dec\u00eet ofertan\u0163ii politici ridica\u0163i dintre\/peste ei. \u00cen afara unor r\u0103bufniri sentimentale (poate autentice, dar f\u0103r\u0103 implica\u0163ii comportamentale \u2013 simple reful\u0103ri\/ deful\u0103ri, icnete patriotarde de tip stadion\/c\u00eercium\u0103 etc), actuala popula\u0163ie (cu excep\u0163ii care nu pot schimba situa\u0163ia) nu nutre\u015fte aspira\u0163ii nobile, care s\u0103 fie tr\u0103date de alde Georgescu\/Simion. Farsa de pe scen\u0103 se completeaz\u0103 (diz)armonios cu turpitudinea \u00een care se complace publicul. Meciul e nul\u2026 adic\u0103 vid, f\u0103r\u0103 sens.<\/p>\n<p>\u00cen aceste condi\u0163ii de derizorialitate politic\u0103\/social\u0103\/antropologic\u0103, un adev\u0103rat na\u0163ionalist\/adept al suveranit\u0103\u0163ii (\u00eencep\u00eend cu aceea a indiviului) nu are cu cine \u0163ine \u015fi nici la ce s\u0103 se a\u015ftepte. C\u00eet prive\u015fte \u015fansa unei unde salvatoare venit\u0103 din afara zonei noastre sinistrate, nu v\u0103d motive nici pentru astfel de speran\u0163e, c\u0103ci percep \u00een occident aceea\u015fi degenerare, acoperit\u0103 cu aparen\u0163e \u015fi iluzii \u015fi mai perfide, care nu fac dec\u00eet s\u0103 amplifice h\u0103ul. Vor urma, desigur, noi \u201er\u0103sturn\u0103ri\u201d, istoria \u0163es\u00eendu-se printr-un lan\u0163 de diversiuni \u015fi cicluri am\u0103gitoare. Dar eu, dup\u0103 o \u00eendelungat\u0103 agita\u0163ie steril\u0103, nu m\u0103 mai pot sustrage categoriei scepticilor nostalgici. Ce am aflat, ce am \u00een\u0163eles, nu-mi d\u0103 dreptul s\u0103 cred \u00een g\u0103sirea unei ie\u015firi, sau m\u0103car a unui drum ascendent. \u00cen\u0163eleg nevoia de speran\u0163\u0103 (a se vedea exemplara lucrare a religiei); dar s\u0103 nu presupun\u0103 o orbire p\u0103guboas\u0103, duc\u00eend la o dezam\u0103gire mai distructiv\u0103 \u00eenc\u0103 dec\u00eet luciditatea timpurie.<\/p>\n<p>\u015ei atunci, de ce nu m\u0103 sting discret, \u00een otrava sucului propriu? Scriu, pofit\u00eend de g\u0103zduirea domnului Manega, doar ca s\u0103 m\u0103 u\u015furez de ce m\u0103 sufoc\u0103 \u015fi s\u0103 \u00eemi previn camarazii de con\u015ftiin\u0163\u0103 (pl\u0103m\u0103dit\u0103 de destin ), dac\u0103 vor deschide sticla pe care o arunc \u00een mare. Scriu ca s\u0103 \u00eei spun altui eventual Ioan Ro\u015fca, mai t\u00een\u0103r, s\u0103 aib\u0103 grij\u0103 ce face cu via\u0163a sa: s\u0103 lupte \u2013 dac\u0103 are chef, dar s\u0103 nu se lase prins \u00een mrejele am\u0103girilor \u201ecivice\u201d. Scriu \u015ftiind c\u0103 pe alipin\u015ftii Binelui, ag\u0103\u0163a\u0163i\/suspenda\u0163i precar pe diverse st\u00eenci d\u0103ltuite \u00een cugete, mesajul meu \u00eei poate scoate din fire, scandaliza, pune chiar \u00een pericolul de a c\u0103dea \u00een vid.<\/p>\n<p>Ca s\u0103 nu v\u0103 pr\u0103bu\u015fi\u0163i din iluzii, pute\u0163i \u00eens\u0103 s\u0103 nu vi le mai face\u0163i.<\/p>\n<p>Am ajuns s\u0103 cred c\u0103, p\u00een\u0103 la urm\u0103, e mai bine.<\/p>\n<p class=\"has-text-align-right\"><em>Ioan Ro\u015fca, 10 mai 2025<\/em><\/p>\n<\/div>\n<div class=\"share-post\"><span class=\"share-text\">Share<\/span><\/p>\n<ul class=\"flat-social\">\n<li><a href=\"http:\/\/www.facebook.com\/sharer.php?u=https:\/\/www.incorectpolitic.com\/?p=79471\" class=\"social-facebook\" rel=\"external\" target=\"_blank\"><span>Facebook<\/span><\/a><\/li>\n<li><a href=\"https:\/\/twitter.com\/intent\/tweet?text=Suveranism+Steril&amp;url=https:\/\/www.incorectpolitic.com\/?p=79471\" class=\"social-twitter\" rel=\"external\" target=\"_blank\"><span>Twitter<\/span><\/a><\/li>\n<li><a href=\"http:\/\/pinterest.com\/pin\/create\/button\/?url=https:\/\/www.incorectpolitic.com\/?p=79471&amp;description=Suveranism+Steril&amp;media=https:\/\/analyse.optim.biz\/wp-content\/uploads\/2025\/12\/confesiuni-despre-nationalism-1.jpg\" class=\"social-pinterest\" rel=\"external\" target=\"_blank\"><span>Pinterest<\/span><\/a><\/li>\n<\/ul>\n<\/div>\n<\/div>\n<\/article>\n<p> Source URL: https:\/\/www.incorectpolitic.com\/suveranism-steril\/<\/p>\n","protected":false},"excerpt":{"rendered":"<p>Suveranism Steril Incorect Politic Mai 25, 2025 Suveranism Steril Via Certitudinea: M-am ab\u0163inut, de c\u00eeteva luni, s\u0103 m\u0103 r\u0103coresc public, ca s\u0103 nu se poat\u0103 spune c\u0103 am st\u00eenjenit vreun pic \u201erevolu\u0163ia na\u0163ional\u0103\u201d st\u00eernit\u0103\/simulat\u0103\/exploatat\u0103 de tandemul Georgescu-Simion (urma\u0163i isteric de bravul popor, r\u0103sculat democratic); de\u015fi, din start, observ\u00eend personajele aruncate pe scen\u0103 (\u015fi jocul spectatorilor) [&hellip;]<\/p>\n","protected":false},"author":1,"featured_media":803446,"comment_status":"open","ping_status":"","sticky":false,"template":"","format":"standard","meta":{"footnotes":""},"categories":[89],"tags":[95],"class_list":["post-803445","post","type-post","status-publish","format-standard","has-post-thumbnail","hentry","category-romania","tag-incorectpolitic-com"],"_links":{"self":[{"href":"https:\/\/analyse.optim.biz\/index.php?rest_route=\/wp\/v2\/posts\/803445","targetHints":{"allow":["GET"]}}],"collection":[{"href":"https:\/\/analyse.optim.biz\/index.php?rest_route=\/wp\/v2\/posts"}],"about":[{"href":"https:\/\/analyse.optim.biz\/index.php?rest_route=\/wp\/v2\/types\/post"}],"author":[{"embeddable":true,"href":"https:\/\/analyse.optim.biz\/index.php?rest_route=\/wp\/v2\/users\/1"}],"replies":[{"embeddable":true,"href":"https:\/\/analyse.optim.biz\/index.php?rest_route=%2Fwp%2Fv2%2Fcomments&post=803445"}],"version-history":[{"count":0,"href":"https:\/\/analyse.optim.biz\/index.php?rest_route=\/wp\/v2\/posts\/803445\/revisions"}],"wp:featuredmedia":[{"embeddable":true,"href":"https:\/\/analyse.optim.biz\/index.php?rest_route=\/wp\/v2\/media\/803446"}],"wp:attachment":[{"href":"https:\/\/analyse.optim.biz\/index.php?rest_route=%2Fwp%2Fv2%2Fmedia&parent=803445"}],"wp:term":[{"taxonomy":"category","embeddable":true,"href":"https:\/\/analyse.optim.biz\/index.php?rest_route=%2Fwp%2Fv2%2Fcategories&post=803445"},{"taxonomy":"post_tag","embeddable":true,"href":"https:\/\/analyse.optim.biz\/index.php?rest_route=%2Fwp%2Fv2%2Ftags&post=803445"}],"curies":[{"name":"wp","href":"https:\/\/api.w.org\/{rel}","templated":true}]}}