{"id":803439,"date":"2025-07-03T14:30:00","date_gmt":"2025-07-03T11:30:00","guid":{"rendered":"https:\/\/analyse.optim.biz\/?p=803439"},"modified":"2025-07-03T14:30:00","modified_gmt":"2025-07-03T11:30:00","slug":"ignorarea-comemorarii-lui-mihai-eminescu-ce-legitimitate-mai-au-institutiile-ce-fauna-de-starpituri-si-putregai-fanariot-populeaza-guvernul-incorect-politic","status":"publish","type":"post","link":"https:\/\/analyse.optim.biz\/?p=803439","title":{"rendered":"Ignorarea comemor\u0103rii lui Mihai Eminescu &#8220;Ce legitimitate mai au institu\u021biile? Ce faun\u0103 de st\u00e2rpituri \u0219i putregai fanariot populeaz\u0103 guvernul?&#8221; &#8211; Incorect Politic"},"content":{"rendered":"<article class=\"post-listing post-79627 post type-post status-publish format-standard has-post-thumbnail  category-educativ category-stirea-zilei tag-ce-legitimitate-mai-au-institutiile-ce-fauna-de-starpituri-si-putregai-fanariot-populeaza-guvernul tag-ignorarea-comemorarii-lui-mihai-eminescu\" id=\"the-post\">\n<div class=\"post-inner\">\n<h1 class=\"name post-title entry-title\"><span>Ignorarea comemor\u0103rii lui Mihai Eminescu \u201cCe legitimitate mai au institu\u021biile? Ce faun\u0103 de st\u00e2rpituri \u0219i putregai fanariot populeaz\u0103 guvernul?\u201d<\/span><\/h1>\n<div class=\"entry\">\n<p><strong>Incorect Politic<\/strong><br \/>\nIulie 3, 2025<\/p>\n<p><a href=\"https:\/\/www.incorectpolitic.com\/pnl-are-jidani-pe-lista-de-candidati-la-europarlamentare\/mihai_eminescu_0\/\" rel=\"attachment wp-att-20441\"><img loading=\"lazy\" decoding=\"async\" class=\"size-large wp-image-20441 aligncenter lazyload\" width=\"618\" height=\"412\" src=\"https:\/\/analyse.optim.biz\/wp-content\/uploads\/2025\/12\/mihai_eminescu_0-800x533-1.jpg\" title=\"mihai_eminescu_0-800x533-1\"><\/a><\/p>\n<p><img loading=\"lazy\" decoding=\"async\" class=\"size-large wp-image-20441 aligncenter\" src=\"https:\/\/analyse.optim.biz\/wp-content\/uploads\/2025\/12\/mihai_eminescu_0-800x533-1.jpg\" width=\"618\" height=\"412\" data-eio=\"l\" title=\"mihai_eminescu_0-800x533-1\"><\/p>\n<h2><strong>Ignorarea comemor\u0103rii lui Mihai Eminescu \u201cCe legitimitate mai au institu\u021biile? Ce faun\u0103 de st\u00e2rpituri \u0219i putregai fanariot populeaz\u0103 guvernul?\u201d<\/strong><\/h2>\n<p><em>Via CERTITUDINEA nr. 190:<\/em><\/p>\n<p><em>Scrisoare deschis\u0103 c\u0103tre autorit\u0103\u021bile statului, cu ocazia comemor\u0103rii din data de 15 Iunie<\/em><\/p>\n<p><em>Nestimate \u201eautorit\u0103\u021bi\u201d \u0219i institu\u021bii tr\u0103d\u0103toare, <\/em><\/p>\n<p>\u00cen ziua \u00een care Rom\u00e2nia \u00ee\u0219i comemora cel mai mare poet, filozof \u0219i ziarist, Mihai Emi- nescu, voi \u2013 cei care v\u0103 umple\u021bi gurile cu vorbe despre patrie \u0219i tradi\u021bie \u2013 a\u021bi fost absen\u021bi. Voi, care pretinde\u021bi c\u0103 reprezenta\u021bi legitimitatea sta- tului roman, l-a\u021bi ignorat pe cel mai mare rom\u00e2n al tuturor timpurilor. Nu este doar lipsa unui omagiu, ci o tr\u0103dare la adresa acestui neam. Bine c\u0103 v-a\u021bi preg\u0103tit s\u0103 ne cre\u0219te\u021bi taxele, s\u0103 ne s\u0103r\u0103ci\u021bi \u0219i mai tare, s\u0103 ne pune\u021bi biruri \u0219i s\u0103 ne vorbi\u021bi filozofie pro-european\u0103.<\/p>\n<p>Cuvintele marelui Eminescu rezoneaz\u0103 perfect cu actualitatea de ast\u0103zi! Nu reprezenta\u021bi dec\u00e2t chintesen\u021b\u0103 de mizerii de la cre\u0219tet p\u00e2n\u0103-n talp\u0103! Poporul rom\u00e2n, prin pasivitatea lui \u0219i bl\u00e2nde\u021bea intrinsec\u0103, a ajuns s\u0103 fie condus de o spum\u0103 \u00eenveninat\u0103, o plebe, un gunoi, ajuns\u0103 st\u0103p\u00e2n\u0103 \u0219i pe \u021bar\u0103 \u0219i pe noi.<\/p>\n<p>Ce legitimitate mai au institu\u021biile? Ce faun\u0103 de st\u00e2rpituri \u0219i putregai fanariot populeaz\u0103 guvernul? I-e ru\u0219ine omenirii s\u0103 v\u0103 zic\u0103 vou\u0103 oameni!<\/p>\n<p>\u00cen timp ce S.O.S. Rom\u00e2nia a adus sute de rom\u00e2ni la morm\u00e2ntul lui Eminescu, unde s-a recitat Doina necenzurat\u0103 \u0219i am pus coroane \u00een numele celor care \u00eenc\u0103 mai au demnitate, voi v-a\u021bi ascuns ca \u0219obolanii, ru\u0219ina\u021bi sau complici la t\u0103cerea impus\u0103 de du\u0219manii libert\u0103\u021bii. A fost acesta un punct de pe foaia de parcurs pe care o primi\u021bi de la ambasade?<\/p>\n<p>Eminescu, pe care l-a\u021bi profanat prin absen\u021ba voastr\u0103, a fost ucis la comanda unor puteri str\u0103ine, de care asculta\u021bi \u0219i ale c\u0103ror interese \u00een realitate le reprezenta\u021bi \u0219i ast\u0103zi.<\/p>\n<p>Voi sunte\u021bi la\u0219ii care tac c\u00e2nd trebuie s\u0103 strige, tr\u0103d\u0103torii care se \u00eenchin\u0103 la porunca antirom\u00e2nilor. El a murit pentru c\u0103 a zis adev\u0103rul. Voi muri\u021bi zilnic pentru c\u0103 v\u0103 feri\u021bi de el. Sunte\u021bi f\u0103r\u0103 suflet, f\u0103r\u0103 cuget, \u00eembuiba\u021bi de jaful din buget \u0219i tot nu v-a\u021bi s\u0103turat. A\u021bi \u00eenstr\u0103inat ce avea \u021bara mai bun \u0219i acum suge\u021bi ultimele pic\u0103turi din s\u00e2ngele poporului ca s\u0103 ave\u021bi bani de orgii \u0219i de chefuri \u00een lupanarele voastre mizerabile!<\/p>\n<p>De ce nu a\u021bi venit la Eminescu? Pentru c\u0103 v\u0103 este fric\u0103 de versurile lui? De ce nu v\u0103 asuma\u021bi istoria na\u021bional\u0103, dar impune\u021bi idolatria altui popor \u00een manualele \u0219colare? De ce sminti\u021bi tinerimea rom\u00e2n\u0103 c\u0103reia \u00eei b\u0103ga\u021bi pe g\u00e2t o fals\u0103 istorie \u0219i o fals\u0103 vinov\u0103\u021bie? Pentru c\u0103 v\u0103 este fric\u0103 de valul care se ridic\u0103? Pentru c\u0103, \u00een disperarea voastr\u0103 de creaturi turbate, crede\u021bi c\u0103 prin cenzur\u0103 \u0219i prigoan\u0103 pute\u021bi opri avalan\u0219a care s-a dezl\u0103n\u021buit? De aceea m-a\u021bi interzis \u00een alegeri? Cine, \u201ecu umbre, care nu sunt, v-a-ntunecat vederea\u201d? T\u0103cerea voastr\u0103 este gr\u0103itoare \u0219i v\u0103 condamn\u0103.<\/p>\n<p>V\u0103 avertizez: De ce v\u0103 e fric\u0103 nu sc\u0103pa\u021bi, iar istoria v\u0103 va judeca f\u0103r\u0103 mil\u0103.<\/p>\n<p>Cu dispre\u021b,<br \/>\nEuroparlamentar<br \/>\nDiana Iovanovici \u0218o\u0219oac\u0103<br \/>\nPre\u0219edinta S.O.S. Rom\u00e2nia<\/p>\n<\/div>\n<div class=\"share-post\"><span class=\"share-text\">Share<\/span><\/p>\n<ul class=\"flat-social\">\n<li><a href=\"http:\/\/www.facebook.com\/sharer.php?u=https:\/\/www.incorectpolitic.com\/?p=79627\" class=\"social-facebook\" rel=\"external\" target=\"_blank\"><span>Facebook<\/span><\/a><\/li>\n<li><a href=\"https:\/\/twitter.com\/intent\/tweet?text=Ignorarea+comemor%C4%83rii+lui+Mihai+Eminescu+%E2%80%9CCe+legitimitate+mai+au+institu%C8%9Biile%3F+Ce+faun%C4%83+de+st%C3%A2rpituri+%C8%99i+putregai+fanariot+populeaz%C4%83+guvernul%3F%E2%80%9D&amp;url=https:\/\/www.incorectpolitic.com\/?p=79627\" class=\"social-twitter\" rel=\"external\" target=\"_blank\"><span>Twitter<\/span><\/a><\/li>\n<li><a href=\"http:\/\/pinterest.com\/pin\/create\/button\/?url=https:\/\/www.incorectpolitic.com\/?p=79627&amp;description=Ignorarea+comemor%C4%83rii+lui+Mihai+Eminescu+%E2%80%9CCe+legitimitate+mai+au+institu%C8%9Biile%3F+Ce+faun%C4%83+de+st%C3%A2rpituri+%C8%99i+putregai+fanariot+populeaz%C4%83+guvernul%3F%E2%80%9D&amp;media=https:\/\/www.incorectpolitic.com\/wp-content\/uploads\/2019\/03\/mihai_eminescu_0-660x330.jpg\" class=\"social-pinterest\" rel=\"external\" target=\"_blank\"><span>Pinterest<\/span><\/a><\/li>\n<\/ul>\n<\/div>\n<\/div>\n<\/article>\n<p> Source URL: https:\/\/www.incorectpolitic.com\/ignorarea-comemorarii-lui-mihai-eminescu-ce-legitimitate-mai-au-institutiile-ce-fauna-de-starpituri-si-putregai-fanariot-populeaza-guvernul\/<\/p>\n","protected":false},"excerpt":{"rendered":"<p>Ignorarea comemor\u0103rii lui Mihai Eminescu \u201cCe legitimitate mai au institu\u021biile? Ce faun\u0103 de st\u00e2rpituri \u0219i putregai fanariot populeaz\u0103 guvernul?\u201d Incorect Politic Iulie 3, 2025 Ignorarea comemor\u0103rii lui Mihai Eminescu \u201cCe legitimitate mai au institu\u021biile? Ce faun\u0103 de st\u00e2rpituri \u0219i putregai fanariot populeaz\u0103 guvernul?\u201d Via CERTITUDINEA nr. 190: Scrisoare deschis\u0103 c\u0103tre autorit\u0103\u021bile statului, cu ocazia comemor\u0103rii [&hellip;]<\/p>\n","protected":false},"author":1,"featured_media":803440,"comment_status":"open","ping_status":"","sticky":false,"template":"","format":"standard","meta":{"footnotes":""},"categories":[89],"tags":[95],"class_list":["post-803439","post","type-post","status-publish","format-standard","has-post-thumbnail","hentry","category-romania","tag-incorectpolitic-com"],"_links":{"self":[{"href":"https:\/\/analyse.optim.biz\/index.php?rest_route=\/wp\/v2\/posts\/803439","targetHints":{"allow":["GET"]}}],"collection":[{"href":"https:\/\/analyse.optim.biz\/index.php?rest_route=\/wp\/v2\/posts"}],"about":[{"href":"https:\/\/analyse.optim.biz\/index.php?rest_route=\/wp\/v2\/types\/post"}],"author":[{"embeddable":true,"href":"https:\/\/analyse.optim.biz\/index.php?rest_route=\/wp\/v2\/users\/1"}],"replies":[{"embeddable":true,"href":"https:\/\/analyse.optim.biz\/index.php?rest_route=%2Fwp%2Fv2%2Fcomments&post=803439"}],"version-history":[{"count":0,"href":"https:\/\/analyse.optim.biz\/index.php?rest_route=\/wp\/v2\/posts\/803439\/revisions"}],"wp:featuredmedia":[{"embeddable":true,"href":"https:\/\/analyse.optim.biz\/index.php?rest_route=\/wp\/v2\/media\/803440"}],"wp:attachment":[{"href":"https:\/\/analyse.optim.biz\/index.php?rest_route=%2Fwp%2Fv2%2Fmedia&parent=803439"}],"wp:term":[{"taxonomy":"category","embeddable":true,"href":"https:\/\/analyse.optim.biz\/index.php?rest_route=%2Fwp%2Fv2%2Fcategories&post=803439"},{"taxonomy":"post_tag","embeddable":true,"href":"https:\/\/analyse.optim.biz\/index.php?rest_route=%2Fwp%2Fv2%2Ftags&post=803439"}],"curies":[{"name":"wp","href":"https:\/\/api.w.org\/{rel}","templated":true}]}}