{"id":803436,"date":"2025-07-04T08:28:31","date_gmt":"2025-07-04T05:28:31","guid":{"rendered":"https:\/\/analyse.optim.biz\/?p=803436"},"modified":"2025-07-04T08:28:31","modified_gmt":"2025-07-04T05:28:31","slug":"un-rau-au-partidele-noastre-ca-se-identifica-fiecare-din-ele-cu-natiunea-incorect-politic","status":"publish","type":"post","link":"https:\/\/analyse.optim.biz\/?p=803436","title":{"rendered":"Un r\u0103u au partidele noastre: c\u0103 se identific\u0103 fiecare din ele cu na\u0163iunea &#8211; Incorect Politic"},"content":{"rendered":"<article class=\"post-listing post-79619 post type-post status-publish format-standard has-post-thumbnail  category-educativ category-stirea-zilei tag-eminescu-certitudinea tag-mihai-eminescu tag-nu-sunteti-voi-natiunea\" id=\"the-post\">\n<div class=\"post-inner\">\n<h1 class=\"name post-title entry-title\"><span>Un r\u0103u au partidele noastre: c\u0103 se identific\u0103 fiecare din ele cu na\u0163iunea<\/span><\/h1>\n<div class=\"entry\">\n<p>Mihai Eminescu<br \/><strong>Incorect Politic<\/strong><br \/>\nIulie 4, 2025<\/p>\n<p><a href=\"https:\/\/www.incorectpolitic.com\/aromanul-tudor-greceanu\/mihai-eminescula-iasi\/\" rel=\"attachment wp-att-21243\"><img loading=\"lazy\" decoding=\"async\" class=\"size-full wp-image-21243 aligncenter\" src=\"https:\/\/analyse.optim.biz\/wp-content\/uploads\/2025\/12\/eminescu_1-1.jpg\" width=\"220\" height=\"293\" title=\"eminescu_1-1\"><\/a><\/p>\n<h2><strong>Un r\u0103u au partidele noastre: c\u0103 se identific\u0103 fiecare din ele cu na\u0163iunea<\/strong><\/h2>\n<p><em>Via <a href=\"https:\/\/www.certitudinea.com\/istorie\/nu-sunteti-voi-natiunea\/\">Certitudinea<\/a>:<\/em><\/p>\n<p class=\"wp-block-heading\">Un ministru, fie c\u00eet de genial, \u00een Rom\u00e2nia nu va ispr\u0103vi nimica, pentru c\u0103 nu are [la] dispozi\u0163iune al\u0163i factori cu cari s\u0103 calculeze dec\u00eet astfel de oameni. Azi omul meu e de-un principiu, m\u00eene bagi de sam\u0103 c\u0103 s-a schimbat. Azi ro\u015fu, m\u00eene alb; azi alb, m\u00eene negru; azi Rada, m\u00eene Neaga \u2013 ba \u00eenc\u0103 cu toate astea pretinde s\u0103-l \u015fi respect, s\u0103 \u015fi zic: Mare-i m\u0103! \u015eiretu-i, m\u0103! Grozavu-i m\u0103! Uite m\u0103! etc.<\/p>\n<p class=\"wp-block-heading\">Iata ce vor s\u0103 zic\u0103 partidele-n Rom\u00e2nia \u2013 pardon! partidele personale \u2013 cine-ar putea presupune a\u015fa ceva despre onorab[ilele] partide din Rom\u00e2nia \u015fi mai cu sam\u0103 \u00eenc\u0103 de toate, f\u0103r\u0103 deosebire! Auzi acolo prezum\u0163iune [\u2026].<\/p>\n<p class=\"wp-block-heading\">Dar acu\u015fi m\u0103 pomenesc c-un ziar ro\u015fu \u0163ip\u00eend: \u201e<em>Domnule! D-ta batjocure\u015fti opiniunea public\u0103. D-ta calomniezi \u0163ara! D-ta, cinic \u015fi corupt, despre\u0163uie\u015fti presa! D-ta insul\u0163i na\u0163iunea! Na\u0163iunea! Ho, ho! Na\u0163iunea, va s\u0103 zic\u0103. Un r\u0103u au partidele noastre: c\u0103 se identific\u0103 fiecare din ele cu na\u0163iunea. ,,S\u00eentem na\u0163iunea\u2026 nu mai s\u00eent partide-n \u0163ar\u0103! Toat\u0103 \u0163ara-i numai o partid\u0103: na\u0163iunea!\u201d<\/em>. Iat\u0103 ce zic unii, iat\u0103 ce zic \u015fi ceilal\u0163i.<\/p>\n<p class=\"wp-block-heading\">Ba nu, domni\u015forilor, nu s\u00eente\u0163i dv. na\u0163iunea, \u00a0neci unii, neci al\u0163ii, neci m\u0103car to\u0163i la un loc, neci m\u0103car genera\u0163iunea toat\u0103, c\u0103ci na\u0163iunea are zeci \u015fi iar\u0103\u015fi zeci de genera\u0163iuni. Dv. pute\u0163i fi o genera\u0163iune, un\u00a0fragment, drept s\u0103 v\u0103 spui cam mizerabil \u015fi cam putred, al acestui corp ce tr\u0103ie\u015fte zeci [de] secoli: na\u0163iunea.<\/p>\n<p class=\"wp-block-heading\">Dar dv. s\u00eente\u0163i consecuen\u0163i. A\u0163i zis c\u0103 s\u00eente\u0163i na\u0163iunea \u015fi vi se pare c\u0103 o \u015fi s\u00eente\u0163i \u2013 sau cel pu\u0163in face\u0163i ca \u015fi c\u00eend o a\u0163i fi \u2013 \u00eengriji\u0163i adic\u0103 pentru dmv. \u015fi \u2013 m\u0103rire cerului \u2013 numai pentru dv. Trecutului \u00eei da\u0163i cu piciorul, viitorulu[i] nu-i testa\u0163i neci \u015ftiin\u0163a, neci limba, neci \u0163ara, ci numai corup\u0163iunea dv. cea mare \u015fi partidele dmv. cele f\u0103r\u0103 de caracter. M\u00eenca\u0163i venitul \u0163\u0103rei, a trei genera\u0163iuni viitoare, c\u0103ci m\u00eenca\u0163i pe datorie p\u00eenea copiilor, nepo\u0163ilor \u015fi-a str\u0103nepo\u0163ilor dmv. Tot luxul ce-l face\u0163i azi, poim\u00eeine la ei va fi mizerie. Dar finan\u0163ele \u0163\u0103rei se ruin\u0103. Ce v\u0103 pas\u0103, voi s\u00eente\u0163i na\u0163iunea\u2026 Deficit l\u00eeng\u0103 deficit, \u00eemprumut l\u00eeng\u0103 \u00eemprumut, datorie l\u00eeng\u0103 datorie, gaur\u0103 l\u00eeng\u0103 gaur\u0103, p\u00een\u0103 ce finan\u0163ele Rom\u00e2niei nu vor fi cur\u00eend dec\u00eet o gaur\u0103 mare [\u2026].<\/p>\n<p class=\"wp-block-heading\">Trei moduri s\u00eent de-a rezolva aceast\u0103 cestiune.<\/p>\n<p class=\"wp-block-heading\">Cel \u00eent\u00eei e c\u0103 vezi lucrurile, sur\u00eezi amar, te \u00eendoie\u015fti\u2026 dar stai la \u00eendoial\u0103 \u015fi nu mergi mai departe. Scepticism.<\/p>\n<p class=\"wp-block-heading\">Cel de-al doilea e c\u0103 vezi r\u0103ul, \u00ee\u0163i sf\u0103rmi cap\u0103\u0163\u00eena de-i afli cauzele, calculezi cu cifre pozitive \u015fi nu imaginare, iluzorii, \u00ee\u021bi scurtezi din plapom\u0103 bini\u015for \u015fi te-ntinzi numai pe c\u00eet \u0163i-ai scurtat-o\u2026 devii onest \u015fi econom. Pozitivism!<\/p>\n<p class=\"wp-block-heading\">Al treilea e c\u0103: v\u0103z\u00eend r\u0103ul, sur\u00eezi cu noble\u0163e \u015fi dispre\u0163 \u015fi-\u0163i zici \u00een minte: \u0162ara e bogat\u0103, \u0163ara va pl\u0103ti\u2026 Timpul va \u015fterge \u015fi urmele. Optimism!<\/p>\n<p class=\"wp-block-heading\">S\u0103 analiz\u0103m toate aceste trei moduri\u00a0<em>in rebus<\/em>.\u00a0Cel dent\u00eei \u015fi cel de al treilea s\u00eent cele obicinuite \u00een Rom\u00e2nia, cel de al doilea e cel obicinuit prin alte locuri a lumei, maicumin\u0163i. At\u00eet scepticul c\u00eet \u015fi optimistul se opresc la \u00eendoiala \u00eens\u0103\u015fi \u015fi nu merg mai departe. Unul \u015ftie [r\u0103ul] \u015fi cat\u0103 l\u00eeng\u0103 el, altul [\u00eel] \u015ftie \u015fi sare cu ochii \u00eenchi\u015fi peste el. Dar nevr\u00eend a \u015fti de r\u0103u \u015fi ig[no]r\u00eendu-l, el totu\u015fi esist\u0103. El ar esista chiar dac\u0103 nu l-ar \u015fti nimeni, ar esista \u015fi, ca tot ce-i r\u0103u, ar cre\u015fte \u015fi s-ar m\u0103ri progresiv, p\u00een\u0103 ce s-ar fini cu ruina statului rom\u00e2n.<\/p>\n<\/div>\n<div class=\"share-post\"><span class=\"share-text\">Share<\/span><\/p>\n<ul class=\"flat-social\">\n<li><a href=\"http:\/\/www.facebook.com\/sharer.php?u=https:\/\/www.incorectpolitic.com\/?p=79619\" class=\"social-facebook\" rel=\"external\" target=\"_blank\"><span>Facebook<\/span><\/a><\/li>\n<li><a href=\"https:\/\/twitter.com\/intent\/tweet?text=Un+r%C4%83u+au+partidele+noastre%3A+c%C4%83+se+identific%C4%83+fiecare+din+ele+cu+na%C5%A3iunea&amp;url=https:\/\/www.incorectpolitic.com\/?p=79619\" class=\"social-twitter\" rel=\"external\" target=\"_blank\"><span>Twitter<\/span><\/a><\/li>\n<li><a href=\"http:\/\/pinterest.com\/pin\/create\/button\/?url=https:\/\/www.incorectpolitic.com\/?p=79619&amp;description=Un+r%C4%83u+au+partidele+noastre%3A+c%C4%83+se+identific%C4%83+fiecare+din+ele+cu+na%C5%A3iunea&amp;media=https:\/\/analyse.optim.biz\/wp-content\/uploads\/2025\/12\/eminescu_1-1.jpg\" class=\"social-pinterest\" rel=\"external\" target=\"_blank\"><span>Pinterest<\/span><\/a><\/li>\n<\/ul>\n<\/div>\n<\/div>\n<\/article>\n<p> Source URL: https:\/\/www.incorectpolitic.com\/un-rau-au-partidele-noastre-ca-se-identifica-fiecare-din-ele-cu-natiunea\/<\/p>\n","protected":false},"excerpt":{"rendered":"<p>Un r\u0103u au partidele noastre: c\u0103 se identific\u0103 fiecare din ele cu na\u0163iunea Mihai EminescuIncorect Politic Iulie 4, 2025 Un r\u0103u au partidele noastre: c\u0103 se identific\u0103 fiecare din ele cu na\u0163iunea Via Certitudinea: Un ministru, fie c\u00eet de genial, \u00een Rom\u00e2nia nu va ispr\u0103vi nimica, pentru c\u0103 nu are [la] dispozi\u0163iune al\u0163i factori cu [&hellip;]<\/p>\n","protected":false},"author":1,"featured_media":803437,"comment_status":"open","ping_status":"","sticky":false,"template":"","format":"standard","meta":{"footnotes":""},"categories":[89],"tags":[95],"class_list":["post-803436","post","type-post","status-publish","format-standard","has-post-thumbnail","hentry","category-romania","tag-incorectpolitic-com"],"_links":{"self":[{"href":"https:\/\/analyse.optim.biz\/index.php?rest_route=\/wp\/v2\/posts\/803436","targetHints":{"allow":["GET"]}}],"collection":[{"href":"https:\/\/analyse.optim.biz\/index.php?rest_route=\/wp\/v2\/posts"}],"about":[{"href":"https:\/\/analyse.optim.biz\/index.php?rest_route=\/wp\/v2\/types\/post"}],"author":[{"embeddable":true,"href":"https:\/\/analyse.optim.biz\/index.php?rest_route=\/wp\/v2\/users\/1"}],"replies":[{"embeddable":true,"href":"https:\/\/analyse.optim.biz\/index.php?rest_route=%2Fwp%2Fv2%2Fcomments&post=803436"}],"version-history":[{"count":0,"href":"https:\/\/analyse.optim.biz\/index.php?rest_route=\/wp\/v2\/posts\/803436\/revisions"}],"wp:featuredmedia":[{"embeddable":true,"href":"https:\/\/analyse.optim.biz\/index.php?rest_route=\/wp\/v2\/media\/803437"}],"wp:attachment":[{"href":"https:\/\/analyse.optim.biz\/index.php?rest_route=%2Fwp%2Fv2%2Fmedia&parent=803436"}],"wp:term":[{"taxonomy":"category","embeddable":true,"href":"https:\/\/analyse.optim.biz\/index.php?rest_route=%2Fwp%2Fv2%2Fcategories&post=803436"},{"taxonomy":"post_tag","embeddable":true,"href":"https:\/\/analyse.optim.biz\/index.php?rest_route=%2Fwp%2Fv2%2Ftags&post=803436"}],"curies":[{"name":"wp","href":"https:\/\/api.w.org\/{rel}","templated":true}]}}