{"id":803427,"date":"2025-07-16T07:44:17","date_gmt":"2025-07-16T04:44:17","guid":{"rendered":"https:\/\/analyse.optim.biz\/?p=803427"},"modified":"2025-07-16T07:44:17","modified_gmt":"2025-07-16T04:44:17","slug":"legile-cenzurii-ca-inginerie-sociala-incorect-politic","status":"publish","type":"post","link":"https:\/\/analyse.optim.biz\/?p=803427","title":{"rendered":"Legile cenzurii, ca inginerie social\u0103 &#8211; Incorect Politic"},"content":{"rendered":"<article class=\"post-listing post-79695 post type-post status-publish format-standard has-post-thumbnail  category-educativ category-stirea-zilei tag-legile-antiromanesti tag-legile-cenzurii tag-legile-cenzurii-ca-inginerie-sociala tag-legile-delictului-de-opinie tag-libertatea-de-exprimare\" id=\"the-post\">\n<div class=\"post-inner\">\n<h1 class=\"name post-title entry-title\"><span>Legile cenzurii, ca inginerie social\u0103<\/span><\/h1>\n<div class=\"entry\">\n<p><strong>Incorect Politic<\/strong><br \/>\nIulie 16, 2025<\/p>\n<p><a href=\"https:\/\/www.incorectpolitic.com\/cine-vrea-sa-stie-adevarul-are-de-citit\/cenzura-620x350\/\" rel=\"attachment wp-att-9267\"><img loading=\"lazy\" decoding=\"async\" class=\"size-full wp-image-9267 aligncenter lazyload\" width=\"620\" height=\"350\" src=\"https:\/\/analyse.optim.biz\/wp-content\/uploads\/2025\/12\/cenzurc483-620x350-2.jpg\" title=\"cenzurc483-620x350-2\"><\/a><\/p>\n<p><img loading=\"lazy\" decoding=\"async\" class=\"size-full wp-image-9267 aligncenter\" src=\"https:\/\/analyse.optim.biz\/wp-content\/uploads\/2025\/12\/cenzurc483-620x350-2.jpg\" width=\"620\" height=\"350\" data-eio=\"l\" title=\"cenzurc483-620x350-2\"><\/p>\n<h2><strong>Legile cenzurii, ca inginerie social\u0103<\/strong><\/h2>\n<p><em>Via <a href=\"https:\/\/evadare.ro\/politica\/legile-cenzurii-ca-inginerie-sociala-preambul-stilul-e-regimul-insusi\/\">Evadare.ro<\/a>:<\/em><\/p>\n<p>\u00cen mai bine de o lun\u0103 de t\u0103cere, m-am fr\u0103m\u00e2ntat mult dac\u0103 s\u0103 scriu sau nu un articol de adio, \u00een care s\u0103 comentez mai \u00een detaliu cascada de legi represive, care ne-au adus \u00een acest punct terminus al tranzi\u021biei. Am ie\u0219it dintr-o dictatur\u0103 comunist\u0103 \u0219i na\u021bionalist\u0103, pentru a e\u0219ua \u00eentr-o dictatur\u0103 cosmopolit\u0103, anti-na\u021bional\u0103, cu libertinaj \u00een locul libert\u0103\u021bilor folosite cu sens.<\/p>\n<p>Pe de o parte, ce-ar mai fi de spus? c\u00e2nd to\u021bi cred c\u0103 le \u0219tiu deja pe toate \u0219i \u021bi se d\u0103 un \u021barc \u00een care po\u021bi spune doar ce \u201ee voie\u201d. Pe de alta, e \u0219i bizar s\u0103 scrii de ce e necesar\u0103 libertatea unei societ\u0103\u021bi, ca \u0219i cum ar trebui s\u0103 explici cu argumente unei institu\u021bii de ce s\u0103 \u021bi se dea voie s\u0103 respiri.<\/p>\n<p>Am ajuns la concluzia c\u0103 a\u0219 avea nevoie nu de un singur articol, ci de o mini-serie, \u00een care s\u0103 m\u0103 refer la evolu\u021bia fenomenului cenzurii \u0219i la implica\u021biile cu b\u0103taie mai lung\u0103 pentru societate. Asta \u00eenseamn\u0103 s\u0103 ating, \u00eentr-un fel sau altul, toate temele fierbin\u021bi \u0219i controversate, pentru care tinerii frumo\u0219i \u0219i liberi sunt de p\u0103rere c\u0103 ar trebui cineva s\u0103 fie aruncat dup\u0103 gratii. Fund\u0103tura absurd\u0103 \u00een care am ajuns ca societate e dep\u0103\u0219it de absurdul unui astfel de demers: s\u0103 \u00ee\u021bi aprinzi toate paiele \u00een cap, f\u0103r\u0103 niciun c\u00e2\u0219tig, av\u00e2nd doar de pierdut, doar pentru a scrie un text \u00een care s\u0103 explici de ce nu se mai poate scrie.<\/p>\n<p>\u00cen contextul \u00een care se fac dosare \u0219i arest\u0103ri pe band\u0103 rulant\u0103 pentru fraze nevinovate sau scrieri b\u0103nuite de ur\u0103 de Poli\u021bia Sentimentelor, c\u00e2nd s-a cam f\u0103cut lini\u0219te \u00een jur, e un demers nu doar riscant, dar \u0219i total absurd. Ce rost ar avea s\u0103 \u00eencerci s\u0103 mai explici ceva, dup\u0103 ce s-a vorbit enorm \u00een ultimele trei decenii \u0219i nu pare c\u0103 a progresat cineva din asta!? Dac\u0103 \u00eentregii \u021b\u0103ri i s-ar impune un post negru de vorbe, ar fi chiar o terapie spiritual\u0103, de la care ai mai putea a\u0219tepta ceva. Dar i se pune plasture pe gur\u0103 doar unei anumite p\u0103r\u021bi, doar anumitor idei, urm\u00e2nd ca h\u0103rm\u0103laia s\u0103 continue ca \u00eenainte.<\/p>\n<h4>Vechiul nou regim<\/h4>\n<p>Trecerea \u00een revist\u0103 a restric\u021biilor ce ni s-au pus te dezn\u0103d\u0103jduie\u0219te, cu at\u00e2t mai mult cu c\u00e2t s-a f\u0103cut tiptil, f\u0103r\u0103 o ripost\u0103. Vor fi deci c\u00e2teva articole cu totul pesimiste, care ar constata c\u0103 am fost condu\u0219i programatic spre fundul unei pr\u0103pastii sau \u00eentr-o imens\u0103 temni\u021b\u0103 din care nu vom mai putea ie\u0219i. E un final de etap\u0103 istoric\u0103, o consfin\u021bire a \u00eencheierii experimentului democratic \u00een toamna lui 2024, cu mai multe convulsii apoi \u00een lunile ce au urmat. Acompaniat \u0219i de un iminent faliment economic. Sunt transform\u0103ri la care se puteau referi al\u021bii mai califica\u021bi dec\u00e2t mine, mari intelectuali, ziari\u0219ti, lideri politici, personalit\u0103\u021bi de anvergur\u0103, nu un p\u00e2rlit de anonim de pe internet. Ar fi putut s\u0103 o fac\u0103 din timp, dar iat\u0103 c\u0103 n-au f\u0103cut-o, poate din nep\u0103sare, ne\u00een\u021belegere. Sau dimpotriv\u0103, din mai bun\u0103 \u00een\u021belegere a riscurilor \u0219i mai mult sim\u021b de auto-conservare. Sau poate pentru c\u0103 erau demult parte din pies\u0103.<\/p>\n<p>Trebuie s\u0103 recunoa\u0219te\u021bi, c\u0103 e de un absurd sublim s\u0103 te mai expui acum \u00een b\u0103taia focului, \u00een plin\u0103 v\u00e2n\u0103toare de vr\u0103jitoare, doar pentru a mai scrie un ultim cuv\u00e2nt, \u00een care s\u0103 explici de ce nu se mai poate scrie. \u0218i ca s\u0103 mai spui c\u0103 \u0219i dac\u0103 ai avea libertatea total\u0103 de exprimare, tot n-ai mai vedea rostul, pentru c\u0103 \u0219i cei care, teoretic, sunt de partea \u201enoastr\u0103\u201d \u00ee\u021bi las\u0103 impresia c\u0103 vorbe\u0219ti la pere\u021bi. Pentru c\u0103 nu sunt preocupa\u021bi de idei, ci de idolatria sau antipatia pentru una sau alta din vedetele mediocre ale actualit\u0103\u021bii politice, \u00een func\u021bie de care \u00eempart orice opinie \u00eentr-o gril\u0103, care const\u0103 \u00een prieteni \u0219i du\u0219mani, nici m\u0103car bine identifica\u021bi.<\/p>\n<p>Am vorbit de mai mul\u021bi ani despre cum modernitatea ia o turnur\u0103 totalitar\u0103. Dar evenimentele se precipit\u0103 \u0219i nu se mai aplic\u0103 nici speran\u021ba din acea anecdot\u0103, care spunea c\u0103, din cauza \u00eenapoierii, la noi sf\u00e2r\u0219itul lumii va veni cu o jum\u0103tate de secol mai t\u00e2rziu. Nu spun c\u0103 intr\u0103m direct \u00een vremuri apocaliptice, n-am darul profe\u021biei. Dar odat\u0103 cu pierderea libert\u0103\u021bii cuv\u00e2ntului, poate \u0219i \u00een contextul r\u0103zboinic mondial \u0219i al supravegherii digitale, ne afund\u0103m \u00een ceva ce ar putea prefigura \u0219i a\u0219a ceva.<\/p>\n<p>Politic, puterea actual\u0103 cap\u0103t\u0103 tr\u0103s\u0103turile unui regim. Nu se mai \u021bin alegeri libere, ci \u00eentr-un cadru \u00eengr\u0103dit, dar cu o participare entuziast\u0103. Dup\u0103 o victorie cu emo\u021bii, noul guvern, pitrocit o lun\u0103 \u00eentreag\u0103 \u0219i reunind toate partidele anti-suveraniste, a purces la cea mai furibund\u0103 pierdere de popularitate, lovind f\u0103r\u0103 discern\u0103m\u00e2nt \u00een cei care i-au ales \u0219i \u00een cei care nu i-au vrut. Unii optimi\u0219ti v\u0103d \u00een asta semnul c\u0103 va c\u0103dea foarte cur\u00e2nd, detestat de to\u021bi: studen\u021bi, pensionari, func\u021bionari, \u00eentreprinz\u0103tori, liber-profesioni\u0219ti, \u0219oferi, proprietari \u0219i cine \u0219tie c\u00e2te alte categorii. A debutat \u0219i cu <a href=\"https:\/\/www.libertatea.ro\/stiri\/guvernul-elimina-scutirile-plata-cass-concediu-crestere-copil-reactii-5368589\" target=\"_blank\" rel=\"noopener\">m\u0103suri anti-natalitate<\/a>, \u00een plin\u0103 iarn\u0103 demografic\u0103, prin penalit\u0103\u021bi de aproape 2.500 de lei aplicate noilor mame neasigurate. Patrio\u021bii \u00eel v\u0103d, pe bun\u0103 dreptate, ca un organ al ocupan\u021bilor, pus s\u0103 ia m\u0103suri de persecutare a poporului cucerit.<\/p>\n<h4>Casta colabora\u021bioni\u0219tilor<\/h4>\n<p>Totu\u0219i, legile \u0219i institu\u021biile represive sunt instalate de ni\u0219te decenii, iar abia acum \u00eencep s\u0103 fie folosite la adev\u0103ratul lor poten\u021bial malefic. \u0218i dac\u0103 regimul are din ce \u00een ce mai pu\u021bin\u0103 legitimitate \u0219i popularitate, poate conta pe loialitatea unei adev\u0103rate caste de magistra\u021bi \u0219i servicii secrete, r\u0103spl\u0103tit\u0103 cu salarii \u0219i pensii speciale, care au motive reale s\u0103 considere ideal aranjamentul \u201epro-euro-atlantic\u201d. \u0218i care repet\u0103 \u00een oglind\u0103 genul de ata\u0219ament pe care organele Mili\u021biei, Securit\u0103\u021bii \u0219i Procuraturii l-au manifestat fa\u021b\u0103 de Partidul Comunist \u00een etapele lui cele mai impopulare, din anii 50 \u0219i 80.<\/p>\n<p>Cu un astfel de aparat birocratic, de for\u021b\u0103, \u0219i cu legi aberante, care arunc\u0103 no\u021biuni nedefinite, soarta celui care vorbe\u0219te \u00een public devine un hazard pur. Ea depinde de buna credin\u021b\u0103 a respectivilor ofi\u021beri \u0219i magistra\u021bi, de eventuala brum\u0103 de patriotism sau de fric\u0103 de Dumnezeu din fiecare, care s\u0103 contracareze oportunismul. Dac\u0103 aceia aleg s\u0103 citeasc\u0103 uman \u0219i cu convingerea c\u0103 pluralitatea opiniilor e esen\u021bial\u0103 unei societ\u0103\u021bi libere, iar cenzura e interzis\u0103 de Constitu\u021bie, mai ai o \u0219ans\u0103. Dac\u0103 aceia sunt activi\u0219ti politici, care \u00ee\u0219i propun s\u0103 fac\u0103 epurare a \u201ecrimelor de g\u00e2ndire\u201d, au din partea politicienilor ghilotina pe m\u00e2n\u0103.<\/p>\n<p>Anul trecut, \u00een plin\u0103 campanie preziden\u021bial\u0103, dup\u0103 anularea alegerilor pe motiv de \u201einterven\u021bie rus\u0103 pe TikTok\u201d, Procurorul General ie\u0219ea cu o ini\u021biativ\u0103 prin care cerea \u00een\u0103sprirea legilor pentru \u201elegionari\u201d, nemul\u021bumit c\u0103 se dau prea pu\u021bine condamn\u0103ri pentru \u201ediscursul urii\u201d. Ie\u0219irea p\u0103rea doar un zgomot aiuritor de campanie, \u00een timp ce la \u0219tiri se vorbea de legionarii lui Potra. \u00centre timp, o astfel de lege a venit de la deputatul Silviu Vexler, trec\u00e2nd prin Parlament cu toat\u0103 sus\u021binerea de la PSD, PNL, USR, UDMR \u0219i Minorit\u0103\u021bi. (La Senat nici AUR nu s-a opus proiectului, vot\u00e2nd \u00een bloc cu ab\u021binere. Dup\u0103 care, la Camera Deputa\u021bilor, cele trei partide \u201esuveraniste\u201d au votat \u00eempotriv\u0103.)<\/p>\n<p>Probarea motivelor anul\u0103rii alegerilor s-a pierdut \u00een cea\u021b\u0103. \u00cen schimb, puterea a trecut la instrumentarea unui dosar de poli\u021bie politic\u0103 principalului concurent, acuzat de repetarea unor vorbe scrise sau vorbite de Corneliu Zelea Codreanu \u0219i Ion Antonescu. Am s\u0103 m\u0103 refer separat la revolt\u0103torul dosar f\u0103cut lui C\u0103lin Georgescu, care risc\u0103 s\u0103 devin\u0103 o victim\u0103 tragic\u0103 exemplar\u0103, de\u0219i a f\u0103cut \u0219i \u00eenc\u0103 mai face eforturi de a intra \u00een gra\u021biile puterilor coloniale, prin declara\u021biile admirative pentru Trump \u0219i Netanyahu.<\/p>\n<p>Victime colaterale, b\u0103gate la pu\u0219c\u0103rie, sunt \u0219i doi dintre simpatizan\u021bii s\u0103i: misteriosul sponsor Bogdan Pe\u0219chir \u0219i inimosul Cezar Avr\u0103mu\u021b\u0103, care nici nu pot fi acuza\u021bi c\u0103 ar fi spus ceva cu adev\u0103rat \u201eincorect politic\u201d. \u00cen cazul Stegarului Dac, acuzat de o vag\u0103 alterca\u021bie cu un jandarm \u0219i insolitele sale escalad\u0103ri de pomi, cl\u0103diri \u0219i macarale, e vorba \u0219i de un simbol. Un regim de \u00eenfeudare na\u021bional\u0103 simte nevoia s\u0103 \u00eenchid\u0103 un b\u0103rbat pa\u0219nic cunoscut pentru fluturarea drapelului na\u021bional, \u00eentr-un etern protest mut. Simbolic, e cum se poate mai r\u0103u pentru regim.<\/p>\n<h4>Neo-stalinismul<\/h4>\n<p>Dar cele mai dure represalii se anun\u021b\u0103 pentru adev\u0103ra\u021bii adversari ideologici ai noii or\u00e2nduiri, acuza\u021bi de a fi continuatori ai na\u021bionalismului interbelic. Unii nici m\u0103car nu beneficiaz\u0103 de mediatizare la \u0219tiri sau de tradi\u021bionalul comunicat de pres\u0103. Cu adev\u0103rat, \u201edemocra\u021bia moare \u00een bezn\u0103\u201d.<\/p>\n<p>\u0218i aici intervine partea de \u201estil\u201d a regimului, care face cu at\u00e2t mai insidioas\u0103 atmosfera de teroare, care se instaleaz\u0103. Pentru c\u0103 delictele de opinie sunt v\u00e2nate ca prioritate na\u021bional\u0103, cu toat\u0103 for\u021ba unor institu\u021bii, care neglijeaz\u0103 clanurile interlope, trafican\u021bii de femei \u0219i de copii pentru cer\u0219it, re\u021belele violente de recuperatori \u0219i c\u0103m\u0103t\u0103rie, marea infrac\u021bionalitate, evaziunea corpora\u021biilor multina\u021bionale, re\u021belele de trafic de droguri active la marile festivaluri \u00een v\u0103zul a mii de oameni, re\u021belele de prostitu\u021bie mascate \u00een videochat \u0219i masaj, precum \u0219i activitatea iredentist\u0103 a unor mi\u0219c\u0103ri separatiste.<\/p>\n<p>Cei suspecta\u021bi de g\u00e2ndire incorect\u0103 politic sunt supraveghea\u021bi cu costuri ne\u0219tiute, pentru patriotism, ca \u0219i cum ar fi \u201edu\u0219manii poporului\u201d. Apoi se d\u0103 ordinul pentru descinderi la perchezi\u021bii \u00eenainte de ivirea zorilor. O procedur\u0103 f\u0103r\u0103 noim\u0103, dar menit\u0103 s\u0103 \u00eensp\u0103im\u00e2nte. Dac\u0103 sunt acuza\u021bi c\u0103 au vehiculat \u00een public idei \u201egre\u0219ite\u201d sau periculoase, ce-ar urma s\u0103 g\u0103seasc\u0103 anchetatorii la perchezi\u021bie? Alte idei, de\u021binute \u00een privat!? \u0218i ce demonstreaz\u0103 de\u021binerea unor c\u0103r\u021bi, editate legal la un moment dat, pe care le au \u2013 de bun\u0103 seam\u0103 \u2013 \u0219i cei care le \u00eenfiereaz\u0103!? Dovedesc ele c\u0103 le-ai \u0219i citit \u0219i ai fost \u0219i de acord cu tot ce scria \u00een ele!? Poate le adunai ca documentare s\u0103 le po\u021bi combate sau comenta critic\u2026 E o vin\u0103 c\u0103 nu ai epurat biblioteca \u00eentr-un foc de tab\u0103r\u0103 preventiv, \u00een acord cu noile direc\u021bii ale Partidului?<\/p>\n<p>De obicei, \u00eempotriva disidentului politic se dicteaz\u0103 \u0219i o \u201eperchezi\u021bie informatic\u0103\u201d, adic\u0103 \u021bi se confisc\u0103 toate mijloacele de comunicare moderne cu lumea, telefon mobil, calculator. \u0218i poate dura luni, dac\u0103 nu ani de zile, s\u0103 \u021bi le mai recuperezi. Din nou, Poli\u021bia G\u00e2ndirii va scotoci prin fi\u0219iere \u0219i site-uri, dup\u0103 cine \u0219tie ce discu\u021bii, meme \u0219i comentarii, ca s\u0103 adune mai mult \u201eprobatoriu\u201d pentru viitorul t\u0103u dosar \u0219i pentru scorul t\u0103u social de proscris. Cum noua lege vine cu pedepse \u0219i de zece ani pentru delicte de opinie, acuzatul e instantaneu \u00eencadrat \u00eentre infractorii cei mai periculo\u0219i \u0219i se poate elibera pe loc un mandat de arest pentru 30 de zile. Dup\u0103 prima lun\u0103 de pu\u0219c\u0103rie, e de presupus c\u0103 perspectiva asupra lumii \u0219i vie\u021bii \u021bi se schimb\u0103 dramatic \u0219i orice om normal la cap \u00ee\u0219i pune \u00eentreb\u0103ri dac\u0103 merit\u0103 pentru c\u00e2teva like-uri \u0219i c\u00e2teva secunde de aten\u021bie, \u00een care cineva a frunz\u0103rit pe diagonal\u0103 titlul unei post\u0103ri \u0219i a \u00een\u021beles total gre\u0219it ce-ai vrut s\u0103 spui\u2026<\/p>\n<p>Din ce au spus cei aresta\u021bi, li s-a pus \u00een vedere s\u0103 nu mai publice nimic discutabil. (Nici n-ar avea cu ce, dac\u0103 i s-a luat telefonul \u0219i calculatorul.) Altfel spus, \u021bi se interzice s\u0103 te aperi \u00een mod public, pentru o acuz\u0103 de interes public. Cei mai incomozi nici nu apar la \u0219tiri. Dar s\u0103 zicem c\u0103 apari, sub forma unui comunicat, \u00een care opinia public\u0103 e anun\u021bat\u0103 c\u0103 a fost inculpat un extremist pentru lucruri spuse sau scrise. \u0218i c\u0103 s-au re\u021binut \u00een seama lui un num\u0103r de X \u201eacte materiale\u201d. \u00censemn\u00e2nd vorbe, clipuri, fraze, palavre. Dar care nu pot fi ar\u0103tate nim\u0103nui \u00een public pentru c\u0103 sunt \u201eextremiste, antisemite, homofobe, rasiste\u2026\u201d.<\/p>\n<p>\u00cen\u021belege\u021bi groz\u0103via? Cineva e supus unui lin\u0219aj public pentru opinii intolerabile, care nu pot fi cunoscute, pentru c\u0103 sunt intolerabile. Nimeni din afara sistemului nu-\u0219i poate face propria opinie dac\u0103 zicerile respective erau grave, \u0219ocante, proste\u0219ti, discutabile, \u00eentemeiate pe adev\u0103r, onorabile\u2026. Trebuie doar s\u0103 \u201eai \u00eencredere \u00een exper\u021bi\u201d \u2013 care provin din ONG-uri specializate \u00een ofensiva ideologic\u0103.<\/p>\n<p>Scriitorul SF Isac Asimov e cunoscut pentru faimosul s\u0103u dicton: <em>\u201eviolen\u021ba e ultimul recurs al incompeten\u021bei\u201d<\/em>. \u00cen cazul nostru, un regim dovedit incompetent \u00een administrarea economiei \u0219i a societ\u0103\u021bii \u00een toate aspectele ei, a ajuns \u00een acest stadiu, \u00een care aplic\u0103 violen\u021ba organizat\u0103 a statului \u2013 respectiv organele lui de represiune \u2013 contra unor oameni f\u0103r\u0103 putere. Ia m\u0103suri drastice contra unor oameni pa\u0219nici, care vorbesc despre actualitate, care nu sunt nici boga\u021bi, nici m\u0103car organiza\u021bi, nereprezent\u00e2nd niciun pericol pentru semenii lor. \u00cen unele cazuri e vorba de forme mai \u00eenfl\u0103c\u0103rate ale unor idei \u00eenc\u0103 populare m\u0103car formal, ca patriotismul \u0219i cre\u0219tinismul. Dar sunt acuza\u021bi de radicalizare \u00eentr-o societate total cucerit\u0103 de consumerismul liberal, deloc interesat\u0103 de sacrificii ale propriului confort, dar\u0103mite de cine \u0219tie ce ac\u021biuni extreme.<\/p>\n<p>Citi\u021bi restul articolului pe <a href=\"https:\/\/evadare.ro\/politica\/legile-cenzurii-ca-inginerie-sociala-preambul-stilul-e-regimul-insusi\/\">Evadare.ro<\/a><\/p>\n<p>\u00a0<\/p>\n<\/div>\n<div class=\"share-post\"><span class=\"share-text\">Share<\/span><\/p>\n<ul class=\"flat-social\">\n<li><a href=\"http:\/\/www.facebook.com\/sharer.php?u=https:\/\/www.incorectpolitic.com\/?p=79695\" class=\"social-facebook\" rel=\"external\" target=\"_blank\"><span>Facebook<\/span><\/a><\/li>\n<li><a href=\"https:\/\/twitter.com\/intent\/tweet?text=Legile+cenzurii%2C+ca+inginerie+social%C4%83&amp;url=https:\/\/www.incorectpolitic.com\/?p=79695\" class=\"social-twitter\" rel=\"external\" target=\"_blank\"><span>Twitter<\/span><\/a><\/li>\n<li><a href=\"http:\/\/pinterest.com\/pin\/create\/button\/?url=https:\/\/www.incorectpolitic.com\/?p=79695&amp;description=Legile+cenzurii%2C+ca+inginerie+social%C4%83&amp;media=https:\/\/www.incorectpolitic.com\/wp-content\/uploads\/2018\/08\/cenzur%C4%83-620x350-620x330.jpg\" class=\"social-pinterest\" rel=\"external\" target=\"_blank\"><span>Pinterest<\/span><\/a><\/li>\n<\/ul>\n<\/div>\n<\/div>\n<\/article>\n<p> Source URL: https:\/\/www.incorectpolitic.com\/legile-cenzurii-ca-inginerie-sociala\/<\/p>\n","protected":false},"excerpt":{"rendered":"<p>Legile cenzurii, ca inginerie social\u0103 Incorect Politic Iulie 16, 2025 Legile cenzurii, ca inginerie social\u0103 Via Evadare.ro: \u00cen mai bine de o lun\u0103 de t\u0103cere, m-am fr\u0103m\u00e2ntat mult dac\u0103 s\u0103 scriu sau nu un articol de adio, \u00een care s\u0103 comentez mai \u00een detaliu cascada de legi represive, care ne-au adus \u00een acest punct terminus [&hellip;]<\/p>\n","protected":false},"author":1,"featured_media":803428,"comment_status":"open","ping_status":"","sticky":false,"template":"","format":"standard","meta":{"footnotes":""},"categories":[89],"tags":[95],"class_list":["post-803427","post","type-post","status-publish","format-standard","has-post-thumbnail","hentry","category-romania","tag-incorectpolitic-com"],"_links":{"self":[{"href":"https:\/\/analyse.optim.biz\/index.php?rest_route=\/wp\/v2\/posts\/803427","targetHints":{"allow":["GET"]}}],"collection":[{"href":"https:\/\/analyse.optim.biz\/index.php?rest_route=\/wp\/v2\/posts"}],"about":[{"href":"https:\/\/analyse.optim.biz\/index.php?rest_route=\/wp\/v2\/types\/post"}],"author":[{"embeddable":true,"href":"https:\/\/analyse.optim.biz\/index.php?rest_route=\/wp\/v2\/users\/1"}],"replies":[{"embeddable":true,"href":"https:\/\/analyse.optim.biz\/index.php?rest_route=%2Fwp%2Fv2%2Fcomments&post=803427"}],"version-history":[{"count":0,"href":"https:\/\/analyse.optim.biz\/index.php?rest_route=\/wp\/v2\/posts\/803427\/revisions"}],"wp:featuredmedia":[{"embeddable":true,"href":"https:\/\/analyse.optim.biz\/index.php?rest_route=\/wp\/v2\/media\/803428"}],"wp:attachment":[{"href":"https:\/\/analyse.optim.biz\/index.php?rest_route=%2Fwp%2Fv2%2Fmedia&parent=803427"}],"wp:term":[{"taxonomy":"category","embeddable":true,"href":"https:\/\/analyse.optim.biz\/index.php?rest_route=%2Fwp%2Fv2%2Fcategories&post=803427"},{"taxonomy":"post_tag","embeddable":true,"href":"https:\/\/analyse.optim.biz\/index.php?rest_route=%2Fwp%2Fv2%2Ftags&post=803427"}],"curies":[{"name":"wp","href":"https:\/\/api.w.org\/{rel}","templated":true}]}}