{"id":803424,"date":"2025-07-16T08:52:45","date_gmt":"2025-07-16T05:52:45","guid":{"rendered":"https:\/\/analyse.optim.biz\/?p=803424"},"modified":"2025-07-16T08:52:45","modified_gmt":"2025-07-16T05:52:45","slug":"lupta-contratimp-pentru-viata-lui-cezar-avramuta-incorect-politic","status":"publish","type":"post","link":"https:\/\/analyse.optim.biz\/?p=803424","title":{"rendered":"Lupta contratimp pentru via\u0163a lui Cezar Avr\u0103mu\u0163\u0103 &#8211; Incorect Politic"},"content":{"rendered":"<article class=\"post-listing post-79711 post type-post status-publish format-standard has-post-thumbnail  category-educativ category-stirea-zilei tag-cezar-avramuta tag-cezar-avramuta-detinut-politic tag-lupta-contratimp-pentru-viata-lui-cezar-avramuta tag-stegarul-dac\" id=\"the-post\">\n<div class=\"post-inner\">\n<h1 class=\"name post-title entry-title\"><span>Lupta contratimp pentru via\u0163a lui Cezar Avr\u0103mu\u0163\u0103<\/span><\/h1>\n<div class=\"entry\">\n<p><strong>Incorect Politic<\/strong><br \/>\nIulie 16, 2025<\/p>\n<p><a href=\"https:\/\/www.incorectpolitic.com\/sonata-stegarului-dac\/stegarul-dac\/\" rel=\"attachment wp-att-75325\"><img loading=\"lazy\" decoding=\"async\" class=\"size-full wp-image-75325 aligncenter\" src=\"https:\/\/analyse.optim.biz\/wp-content\/uploads\/2025\/12\/stegarul-dac-3.jpg\" width=\"800\" height=\"781\" title=\"stegarul-dac-3\"><\/a><\/p>\n<h2><strong>Lupta contratimp pentru via\u0163a lui Cezar Avr\u0103mu\u0163\u0103<\/strong><\/h2>\n<p><em>Via <a href=\"https:\/\/t.me\/theodosieblog\">Theodosie<\/a>:<\/em><\/p>\n<p>M\u00e2ine intr\u0103m \u00een cea de-a 18 zi de Greva Foamei de c\u00e2nd Cezar Avr\u0103mu\u0163\u0103 denun\u0163\u0103 persecu\u0163ia politic\u0103 la care este supus \u015fi de c\u00e2nd \u00ee\u015fi afirm\u0103 calitatea de De\u0163inut Politic.<\/p>\n<p>P\u00e2n\u0103 \u00een acest moment Cezar a reu\u015fit s\u0103 dep\u0103\u015feasc\u0103 tertipurile folosite de obicei de administra\u0163ia penitenciarelor pentru a fr\u00e2nge voin\u0163a de\u0163inu\u0163ilor care se \u00eenc\u0103p\u0103\u0163\u00e2neaz\u0103 s\u0103 r\u0103m\u00e2n\u0103 \u00een Refuz de hran\u0103 dup\u0103 pragul de 5 zile.<\/p>\n<p>Spre deosebire de Greva Foamei pe care cineva o realizeaz\u0103 \u00een libertate, care presupune hidratare, asigurarea vitaminelor \u015fi electroli\u0163ilor, Refuzul de hran\u0103 din penitenciar este procedurat \u00een a\u015fa fel \u00eenc\u00e2t povara fiziologic\u0103, stresul fizic s\u0103 fie maxim, iar presiunea psihic\u0103 realizat\u0103 prin tratarea cu indiferen\u0163\u0103, prin impasibilitate, prin amenin\u0163\u0103ri subtile sau explicite, prin perturbarea somnului sub pretexte medicale \u015fi prin specularea disper\u0103rii v\u0103dite a apropia\u0163ilor, s\u0103 fie zdrobitoare.<\/p>\n<p>Lui Cezar Avr\u0103mu\u0163\u0103 i s-a refuzat contactul cu familia, i s-a limitat dreptul la coresponden\u0163\u0103, a fost plasat \u00een izolare, f\u0103r\u0103 ie\u015fire la aer, a fost amenin\u0163at cu un regim sever de executare a restului de pedeaps\u0103 \u015fi i-a fost refuzat, \u00een zilele 12-13 ale Grevei, accesul la ap\u0103 potabil\u0103.<\/p>\n<p>Apropia\u0163ii se zbat se ob\u0163in\u0103 audien\u0163e, r\u0103spunsuri la peti\u0163ii, interven\u0163ia organelor sau institu\u0163iilor de resort.<\/p>\n<p>Dar, regimul oligarhic ce s-a \u00eenst\u0103p\u00e2nit peste noi are r\u0103bdare.<\/p>\n<p>A\u015fteapt\u0103 ca duritatea formei de protest la care Cezar s-a angajat s\u0103 \u00eel fr\u00e2ng\u0103 psihic \u015fi fizic \u015fi acesta s\u0103 cedeze.<\/p>\n<p>Apoi, a\u015fteapt\u0103 ca protestul lui Cezar s\u0103 \u00ee\u015fi consume energia mediatic\u0103, s\u0103 se sting\u0103 sau s\u0103 fie acoperit de vacarmul mediatic al zilei. Puterea a\u015fteapt\u0103 impasibil\u0103 ca aten\u0163ia public\u0103 s\u0103 se diminueze iar indignarea s\u0103 se sting\u0103.<\/p>\n<p>Regimul urm\u0103re\u015fte s\u0103 \u00ee\u015fi c\u00e2\u015ftige legitimitatea \u015fi s\u0103-\u015fi valideze autoritatea prin stratageme de comunicare public\u0103, de guvernare prin \u015foc \u015fi traumatizare la ad\u0103postul unui joc cinic de mimare a responsabilit\u0103\u0163ii, a solidarit\u0103\u0163ii sau chiar a patriotismului.<\/p>\n<p>Anularea alegerilor, nervul Loviturii de stat din decembrie, este justificat\u0103 st\u00e2ngaci sau dup\u0103 caz, mincinos, din nou, \u00een \u015fedin\u0163e CSAT sau de un minciuno-pre\u015fedinte care, ast\u0103zi, se preface c\u0103 \u0163ine partea \u201clegionarilor\u201d.<\/p>\n<p>Na\u0163ionali\u015ftii sunt \u00eempin\u015fi spre o polemic\u0103 de rang secundar despre tehnica legislativ\u0103 sau despre istorie, uit\u00e2nd c\u0103 persecu\u0163ia este \u00een toi \u015fi c\u0103 unul din simbolurile fanion le-a fost \u00eencarcerat \u015fi adus \u00een pragul mor\u0163ii.<\/p>\n<p>\u00cen acela\u015fi timp, Fran\u0163a, noul reprezentant al st\u0103p\u00e2nirii, \u015fi-a marcat \u015fi func\u0163ia de pre\u015fedinte CCR dup\u0103 cea de Pre\u015fedinte a \u0163\u0103rii, \u015fi se preg\u0103te\u015fte s\u0103 ocupe v\u00e2rful unuia dintre cele dou\u0103 servicii secrete principale ale \u0163\u0103rii.<\/p>\n<p>Toate acestea pe fondul unei campanii f\u0103\u0163arnice de afirmare \u015fi promovare a valorilor democratice prin parlamentarism ritualic, prin asumare de r\u0103spundere \u015fi prin jocul votului pentru mo\u0163iuni de cenzur\u0103.<\/p>\n<p>\u00centregul turbion de subiecte \u015fi distrageri a aten\u0163iei au menirea de a ne dirija spre locurile noastre, unde s\u0103 st\u0103m lini\u015fti\u0163i, receptivi, recunosc\u0103tori \u015fi admiratori ai \u00een\u0163elepciunii conduc\u0103torilor no\u015ftri.<\/p>\n<p>S\u0103 fim solidari, s\u0103 suferim \u00eempreun\u0103, \u015fi \u201cs\u0103 trecem uni\u0163i\u201d prin aceste \u00eencerc\u0103ri. Prosteala \u015fi infantilizarea ce ni se impun \u00een scopul normaliz\u0103rii politice sunt revolt\u0103toare!<\/p>\n<p>Dar efortul acestora este \u00een van c\u00e2t timp, izolat undeva \u00eentr-o celul\u0103 de la Penitenciarul Rahova, unul dintre cei mai buni rom\u00e2ni le acuz\u0103 falsitatea, minciuna, ilegitimitatea: au min\u0163it \u015fi au anulat alegeri, au cenzurat, intimidat \u015fi indus panic\u0103 \u00een electorat, au interzis candidaturi, au schimonosit procedura judiciar\u0103, au compromis integritatea procesului electoral.<\/p>\n<p>Ace\u015ftia, care se pretind buni \u015fi drep\u0163i, au furat alegerile \u015fi s-au coco\u0163at pe locuri care nu le apar\u0163in.<\/p>\n<p>Cezar Avr\u0103mu\u0163\u0103 refuz\u0103 s\u0103 tr\u0103iasc\u0103 \u00eemp\u0103cat \u00een realitatea mincinoas\u0103 ce ni se impune.<\/p>\n<p>Apelurile \u015fi rug\u0103min\u0163ile noastre c\u0103tre Stegar s\u0103 renun\u0163e la Greva Foamei nu sunt primite c\u00e2t timp sunt emise din interiorul minciunii de stat.<\/p>\n<p>Nu putem fi credibili \u00een fa\u0163a cuiva care a ajuns \u00een pragul mor\u0163ii dac\u0103 facem apologia compromisului de moment: c-o fi Nicu\u015for \u201cde-al nostru\u201d, c-o fi Bolojan \u201com de sacrificiu\u201d, c\u0103 suverani\u015ftii vor ajunge cur\u00e2nd la putere sau c\u0103 sunt sonda\u0163i cu marje electorale majoritare; c\u0103 nu\u015f ce alt\u0103 victorie este aproape.<\/p>\n<p>Lupta contra timp pentru salvarea vie\u0163ii lui Cezar Avr\u0103mu\u0163\u0103 presupune ca noi s\u0103 abandon\u0103m aceste iluzii \u015fi s\u0103 ne extragem din minciuna regimului politic oficial.<\/p>\n<p>Lupta pentru salvarea lui Cezar se d\u0103 \u00een dreptul con\u015ftiin\u0163ei fiec\u0103ruia \u015fi presupune o ruptur\u0103 aproape anarhic\u0103 de loialitatea fa\u0163\u0103 de stat \u015fi fa\u0163\u0103 de regim. Presupune \u015fi din partea noastr\u0103, metaforic ori ba, o t\u0103iere a br\u0103\u0163\u0103rii electronice de supraveghere.<\/p>\n<p>Doar a\u015fa, Cezar ar g\u0103si speran\u0163\u0103 \u015fi ar avea printre ce oameni suflete\u015fte-s\u0103n\u0103to\u015fi s\u0103 se \u00eentoarc\u0103, s\u0103 n\u0103d\u0103jduiasc\u0103, s\u0103 construiasc\u0103. Altfel, apelurile noastre sun\u0103 fals, rece, murdar, compromi\u0163\u0103tor.<\/p>\n<p>Salvarea lui Cezar nu poate veni dec\u00e2t \u00een contextul unei reveniri \u00een fire care s\u0103 ne conving\u0103 mai \u00eent\u00e2i pe noi \u00een\u015fine \u015fi abia apoi pe el.<\/p>\n<p>Dar, trebuie s\u0103 recunoa\u015ftem \u015fi faptul c\u0103 nu sunt deloc pu\u0163ini cei care sper\u0103 s\u0103 \u00eel vad\u0103 pe Cezar \u00eenfr\u00e2nt, c\u0103-\u015fi prime\u015fte \u015fi accept\u0103 condi\u0163ia mincinoas\u0103 de de\u0163inut de drept comun, tuns \u015fi f\u0103r\u0103 barb\u0103, m\u00e2nc\u00e2ndu-\u015fi recunosc\u0103tor por\u0163ia alimentar\u0103 din gamela penitenciar\u0103, regret\u00e2ndu-\u015fi fapta, condamn\u00e2ndu-\u015fi poporul. Eu \u00eensumi sunt m\u0103cinat de aceste g\u00e2nduri: la ce bun, \u201csmere\u015fte-te\u201d frate, salveaz\u0103-\u0163i via\u0163a, fii realist, s\u0103 n\u0103d\u0103jduim la vremuri mai bune!<\/p>\n<p>Cu alte cuvinte, revino printre noi (cei \u00eenfr\u00e2n\u0163i), chiar \u00eenchis fiind.<\/p>\n<p>Dar, ceea ce cred c\u0103 ni se cere este s\u0103 mergem noi c\u0103tre el, nu s\u0103-l ademenim pe el \u00een robia \u015fi neputin\u0163a noastr\u0103. Doar a\u015fa, l-am salva \u015fi pe el de la moarte \u015fi pe noi de la ne-via\u0163\u0103. Ierta\u0163i-m\u0103!<\/p>\n<\/div>\n<div class=\"share-post\"><span class=\"share-text\">Share<\/span><\/p>\n<ul class=\"flat-social\">\n<li><a href=\"http:\/\/www.facebook.com\/sharer.php?u=https:\/\/www.incorectpolitic.com\/?p=79711\" class=\"social-facebook\" rel=\"external\" target=\"_blank\"><span>Facebook<\/span><\/a><\/li>\n<li><a href=\"https:\/\/twitter.com\/intent\/tweet?text=Lupta+contratimp+pentru+via%C5%A3a+lui+Cezar+Avr%C4%83mu%C5%A3%C4%83&amp;url=https:\/\/www.incorectpolitic.com\/?p=79711\" class=\"social-twitter\" rel=\"external\" target=\"_blank\"><span>Twitter<\/span><\/a><\/li>\n<li><a href=\"http:\/\/pinterest.com\/pin\/create\/button\/?url=https:\/\/www.incorectpolitic.com\/?p=79711&amp;description=Lupta+contratimp+pentru+via%C5%A3a+lui+Cezar+Avr%C4%83mu%C5%A3%C4%83&amp;media=https:\/\/analyse.optim.biz\/wp-content\/uploads\/2025\/12\/stegarul-dac-3.jpg\" class=\"social-pinterest\" rel=\"external\" target=\"_blank\"><span>Pinterest<\/span><\/a><\/li>\n<\/ul>\n<\/div>\n<\/div>\n<\/article>\n<p> Source URL: https:\/\/www.incorectpolitic.com\/lupta-contratimp-pentru-viata-lui-cezar-avramuta\/<\/p>\n","protected":false},"excerpt":{"rendered":"<p>Lupta contratimp pentru via\u0163a lui Cezar Avr\u0103mu\u0163\u0103 Incorect Politic Iulie 16, 2025 Lupta contratimp pentru via\u0163a lui Cezar Avr\u0103mu\u0163\u0103 Via Theodosie: M\u00e2ine intr\u0103m \u00een cea de-a 18 zi de Greva Foamei de c\u00e2nd Cezar Avr\u0103mu\u0163\u0103 denun\u0163\u0103 persecu\u0163ia politic\u0103 la care este supus \u015fi de c\u00e2nd \u00ee\u015fi afirm\u0103 calitatea de De\u0163inut Politic. P\u00e2n\u0103 \u00een acest moment [&hellip;]<\/p>\n","protected":false},"author":1,"featured_media":803425,"comment_status":"open","ping_status":"","sticky":false,"template":"","format":"standard","meta":{"footnotes":""},"categories":[89],"tags":[95],"class_list":["post-803424","post","type-post","status-publish","format-standard","has-post-thumbnail","hentry","category-romania","tag-incorectpolitic-com"],"_links":{"self":[{"href":"https:\/\/analyse.optim.biz\/index.php?rest_route=\/wp\/v2\/posts\/803424","targetHints":{"allow":["GET"]}}],"collection":[{"href":"https:\/\/analyse.optim.biz\/index.php?rest_route=\/wp\/v2\/posts"}],"about":[{"href":"https:\/\/analyse.optim.biz\/index.php?rest_route=\/wp\/v2\/types\/post"}],"author":[{"embeddable":true,"href":"https:\/\/analyse.optim.biz\/index.php?rest_route=\/wp\/v2\/users\/1"}],"replies":[{"embeddable":true,"href":"https:\/\/analyse.optim.biz\/index.php?rest_route=%2Fwp%2Fv2%2Fcomments&post=803424"}],"version-history":[{"count":0,"href":"https:\/\/analyse.optim.biz\/index.php?rest_route=\/wp\/v2\/posts\/803424\/revisions"}],"wp:featuredmedia":[{"embeddable":true,"href":"https:\/\/analyse.optim.biz\/index.php?rest_route=\/wp\/v2\/media\/803425"}],"wp:attachment":[{"href":"https:\/\/analyse.optim.biz\/index.php?rest_route=%2Fwp%2Fv2%2Fmedia&parent=803424"}],"wp:term":[{"taxonomy":"category","embeddable":true,"href":"https:\/\/analyse.optim.biz\/index.php?rest_route=%2Fwp%2Fv2%2Fcategories&post=803424"},{"taxonomy":"post_tag","embeddable":true,"href":"https:\/\/analyse.optim.biz\/index.php?rest_route=%2Fwp%2Fv2%2Ftags&post=803424"}],"curies":[{"name":"wp","href":"https:\/\/api.w.org\/{rel}","templated":true}]}}