{"id":801078,"date":"2025-12-02T00:00:00","date_gmt":"2025-12-01T21:00:00","guid":{"rendered":"https:\/\/analyse.optim.biz\/?p=801078"},"modified":"2025-12-02T00:00:00","modified_gmt":"2025-12-01T21:00:00","slug":"manos-limpias-denuncia-a-pedro-sanchez-por-filtrar-secretos-sobre-el-caso-koldo-periodista-digital","status":"publish","type":"post","link":"https:\/\/analyse.optim.biz\/?p=801078","title":{"rendered":"Manos Limpias denuncia a Pedro S\u00e1nchez por filtrar secretos sobre el \u2018caso Koldo\u2019 &#8211; Periodista Digital"},"content":{"rendered":"<div class=\"m4p-post-content\">\n<div class=\"block-vertical-align-right\">\n<div class=\"m4p-relations-group\">\n<div class=\"m4p-group-vertical-title\">\n<h2>M\u00e1s informaci\u00f3n<\/h2>\n<\/div>\n<div class=\"m4p-summary-news\">\n<figure class=\"m4p-image m4p-crop-medium-1\"><a href=\"https:\/\/www.periodistadigital.com\/periodismo\/20251201\/begona-trinco-millon-confirma-prision-video-689405159130\/\"><img loading=\"lazy\" decoding=\"async\" src=\"https:\/\/analyse.optim.biz\/wp-content\/uploads\/2025\/12\/lrf10-min-320x214-1.jpeg\" width=\"320\" height=\"214\" alt=\"\u00bfBego\u00f1a trinc\u00f3 un mill\u00f3n? \u00a1Si se confirma, a prisi\u00f3n!\" title=\"lrf10-min-320x214-1\"><\/a><\/figure>\n<div class=\"m4p-summary-news-title\">\n<h3><a href=\"https:\/\/www.periodistadigital.com\/periodismo\/20251201\/begona-trinco-millon-confirma-prision-video-689405159130\/\">\u00bfBego\u00f1a trinc\u00f3 un mill\u00f3n? \u00a1Si se confirma, a prisi\u00f3n!<\/a><\/h3>\n<\/div>\n<\/div>\n<div class=\"m4p-summary-news\">\n<figure class=\"m4p-image m4p-crop-medium-1\"><a href=\"https:\/\/www.periodistadigital.com\/politica\/opinion\/columnistas\/20251201\/alfonso-rojo-psoe-compinches-pasarlos-piedra-video-689405159052\/\"><img loading=\"lazy\" decoding=\"async\" src=\"https:\/\/analyse.optim.biz\/wp-content\/uploads\/2025\/12\/el-repaso-de-alfonso-rojo-320x214-1.jpg\" width=\"320\" height=\"214\" alt='Alfonso Rojo: \"Al PSOE y compinches vamos a pasarlos por la piedra\"' title=\"el-repaso-de-alfonso-rojo-320x214-1\"><\/a><\/figure>\n<div class=\"m4p-summary-news-title\">\n<h3><a href=\"https:\/\/www.periodistadigital.com\/politica\/opinion\/columnistas\/20251201\/alfonso-rojo-psoe-compinches-pasarlos-piedra-video-689405159052\/\">Alfonso Rojo: &#8220;Al PSOE y compinches vamos a pasarlos por la piedra&#8221;<\/a><\/h3>\n<\/div>\n<\/div>\n<\/div>\n<\/div>\n<p><span class=\"m4p-capitular\">E<\/span>l terremoto pol\u00edtico estalla en pleno coraz\u00f3n del Gobierno. El sindicato <strong>Manos Limpias<\/strong> ha llevado al Tribunal Supremo una demoledora denuncia contra <strong>Pedro S\u00e1nchez<\/strong>, acus\u00e1ndolo de un presunto delito de revelaci\u00f3n de secretos tras las incendiarias confesiones de <strong>Jos\u00e9 Luis \u00c1balos<\/strong>. El exministro, en una entrevista con OKDIARIO, asegur\u00f3 sin titubeos: \u00abS\u00ed, S\u00e1nchez me filtr\u00f3 en <strong>Moncloa<\/strong> la investigaci\u00f3n secreta de la Fiscal\u00eda a Koldo\u00bb.<\/p>\n<p>Seg\u00fan relat\u00f3 \u00c1balos, la reuni\u00f3n con el presidente tuvo lugar el 28 de septiembre de 2023, varios meses antes de la detenci\u00f3n de <strong>Koldo Garc\u00eda<\/strong>, su antiguo colaborador. Los denunciantes sostienen que esa informaci\u00f3n bajo secreto sumarial habr\u00eda permitido al exasesor destruir pruebas clave y obstaculizar la investigaci\u00f3n.<\/p>\n<p>Manos Limpias acusa directamente a S\u00e1nchez de haber utilizado su posici\u00f3n al frente del Ejecutivo para alertar a su entorno m\u00e1s cercano.<\/p>\n<blockquote>\n<p>\u201cEl chivatazo da\u00f1\u00f3 gravemente la labor de la Justicia y permiti\u00f3 proteger a un implicado\u201d, reza el escrito presentado ante el Supremo.<\/p>\n<\/blockquote>\n<p>El sindicato subraya que el acto encajar\u00eda dentro del art\u00edculo 417 del C\u00f3digo Penal, que castiga a las autoridades que revelen secretos oficiales con penas de multa e inhabilitaci\u00f3n.<\/p>\n<p>El esc\u00e1ndalo se agrava al recordarse que otro alto cargo socialista, el ex fiscal general <strong>\u00c1lvaro Garc\u00eda Ortiz<\/strong>, fue recientemente condenado a dos a\u00f1os por un caso similar. Manos Limpias pide que comparezcan ante el juez \u00c1balos, el director de OKDIARIO y una periodista que presenci\u00f3 las revelaciones. Adem\u00e1s, aportar\u00e1n audios y recortes de prensa que demostrar\u00edan la implicaci\u00f3n directa del presidente en la filtraci\u00f3n.<\/p>\n<p>Por su parte, Vox se suma al fuego cruzado y presenta una querella paralela ante la Sala Penal del Supremo, acusando a S\u00e1nchez de revelaci\u00f3n de secretos, obstrucci\u00f3n a la justicia y encubrimiento. El partido insiste en que el presidente alert\u00f3 a \u201centornos gubernamentales\u201d sobre una investigaci\u00f3n ultra confidencial y exigen su imputaci\u00f3n inmediata.<\/p>\n<p>La Sala del Supremo ya ha registrado la querella, asignando como ponente al magistrado <strong>Eduardo de Porres<\/strong>, y ha pedido a los denunciantes ratificarla cuanto antes. El caso promete sacudir los cimientos del Gobierno mientras la oposici\u00f3n exige explicaciones urgentes en el Congreso.<\/p>\n<\/div>\n<p> Source URL: https:\/\/www.periodistadigital.com\/politica\/20251202\/manos-limpias-denuncia-pedro-sanchez-filtrar-secretos-caso-koldo-noticia-689405159203\/<\/p>\n","protected":false},"excerpt":{"rendered":"<p>M\u00e1s informaci\u00f3n \u00bfBego\u00f1a trinc\u00f3 un mill\u00f3n? \u00a1Si se confirma, a prisi\u00f3n! Alfonso Rojo: &#8220;Al PSOE y compinches vamos a pasarlos por la piedra&#8221; El terremoto pol\u00edtico estalla en pleno coraz\u00f3n del Gobierno. El sindicato Manos Limpias ha llevado al Tribunal Supremo una demoledora denuncia contra Pedro S\u00e1nchez, acus\u00e1ndolo de un presunto delito de revelaci\u00f3n de [&hellip;]<\/p>\n","protected":false},"author":1,"featured_media":801079,"comment_status":"open","ping_status":"","sticky":false,"template":"","format":"standard","meta":{"footnotes":""},"categories":[88],"tags":[112],"class_list":["post-801078","post","type-post","status-publish","format-standard","has-post-thumbnail","hentry","category-spain","tag-periodistadigital-com"],"_links":{"self":[{"href":"https:\/\/analyse.optim.biz\/index.php?rest_route=\/wp\/v2\/posts\/801078","targetHints":{"allow":["GET"]}}],"collection":[{"href":"https:\/\/analyse.optim.biz\/index.php?rest_route=\/wp\/v2\/posts"}],"about":[{"href":"https:\/\/analyse.optim.biz\/index.php?rest_route=\/wp\/v2\/types\/post"}],"author":[{"embeddable":true,"href":"https:\/\/analyse.optim.biz\/index.php?rest_route=\/wp\/v2\/users\/1"}],"replies":[{"embeddable":true,"href":"https:\/\/analyse.optim.biz\/index.php?rest_route=%2Fwp%2Fv2%2Fcomments&post=801078"}],"version-history":[{"count":0,"href":"https:\/\/analyse.optim.biz\/index.php?rest_route=\/wp\/v2\/posts\/801078\/revisions"}],"wp:featuredmedia":[{"embeddable":true,"href":"https:\/\/analyse.optim.biz\/index.php?rest_route=\/wp\/v2\/media\/801079"}],"wp:attachment":[{"href":"https:\/\/analyse.optim.biz\/index.php?rest_route=%2Fwp%2Fv2%2Fmedia&parent=801078"}],"wp:term":[{"taxonomy":"category","embeddable":true,"href":"https:\/\/analyse.optim.biz\/index.php?rest_route=%2Fwp%2Fv2%2Fcategories&post=801078"},{"taxonomy":"post_tag","embeddable":true,"href":"https:\/\/analyse.optim.biz\/index.php?rest_route=%2Fwp%2Fv2%2Ftags&post=801078"}],"curies":[{"name":"wp","href":"https:\/\/api.w.org\/{rel}","templated":true}]}}