{"id":797884,"date":"2025-10-27T16:32:00","date_gmt":"2025-10-27T13:32:00","guid":{"rendered":"https:\/\/analyse.optim.biz\/?p=797884"},"modified":"2025-10-27T16:32:00","modified_gmt":"2025-10-27T13:32:00","slug":"triada-de-loialitate-juridica-vicepresedinta-iccj-hermina-iancu-in-fata-noastra-a-judecatorilor-se-afla-o-tripla-responsabilitate-sa-pastram-coerenta-dreptului-intern-sa-garant","status":"publish","type":"post","link":"https:\/\/analyse.optim.biz\/?p=797884","title":{"rendered":"TRIADA DE LOIALITATE JURIDICA \u2013 Vicepresedinta ICCJ Hermina Iancu: \u201cIn fata noastra, a judecatorilor, se afla o tripla responsabilitate: sa pastram coerenta dreptului intern, sa garantam efectivitatea dreptului Uniunii Europene, si sa respectam standardele Conventiei Europene a Drepturilor Omului&#8230; Judecatorul trebuie sa stie sa asculte vocea Constitutiei, sa inteleaga ratiunea dreptului european si sa simta vibratia umana a Conventiei\u201d"},"content":{"rendered":"<article id=\"article-content\">\n<h1>TRIADA DE LOIALITATE JURIDICA \u2013 Vicepresedinta ICCJ Hermina Iancu: \u201cIn fata noastra, a judecatorilor, se afla o tripla responsabilitate: sa pastram coerenta dreptului intern, sa garantam efectivitatea dreptului Uniunii Europene, si sa respectam standardele Conventiei Europene a Drepturilor Omului&#8230; Judecatorul trebuie sa stie sa asculte vocea Constitutiei, sa inteleaga ratiunea dreptului european si sa simta vibratia umana a Conventiei\u201d<\/h1>\n<section id=\"article-info\">\n<p class=\"author\">Scris de: L.J. | <a href=\"https:\/\/www.luju.ro\/triada-de-loialitate-juridica-vicepresedinta-iccj-hermina-iancu-in-fata-noastra-a-judecatorilor-se-afla-o-tripla-responsabilitate-sa-pastram-coerenta-dreptului-intern-sa-garantam-efectivitatea-dreptului-uniunii-europene-si-sa-respectam-standardele-convent?pdf\" title=\"PDF\"><img decoding=\"async\" src=\"https:\/\/analyse.optim.biz\/wp-content\/uploads\/2025\/12\/pdf-285.png\" alt=\"pdf\" title=\"pdf-285\"><\/a> | <a href=\"https:\/\/www.luju.ro\/triada-de-loialitate-juridica-vicepresedinta-iccj-hermina-iancu-in-fata-noastra-a-judecatorilor-se-afla-o-tripla-responsabilitate-sa-pastram-coerenta-dreptului-intern-sa-garantam-efectivitatea-dreptului-uniunii-europene-si-sa-respectam-standardele-convent?print=1\" class=\"external\" title=\"Imprimare\"><img decoding=\"async\" src=\"https:\/\/analyse.optim.biz\/wp-content\/uploads\/2025\/12\/print-285.png\" alt=\"print\" title=\"print-285\"><\/a><\/p>\n<div class=\"info flex-container\">\n<div class=\"date\">27 October 2025 16:32<\/div>\n<div>Vizualizari: 3381<\/div>\n<\/div>\n<\/section>\n<section id=\"article-body\">\n<section id=\"page\" class=\"cf\">\n<div>\n<p align=\"JUSTIFY\"><span><span><span><img loading=\"lazy\" decoding=\"async\" src=\"https:\/\/analyse.optim.biz\/wp-content\/uploads\/2025\/12\/judecatoare_iccj_hermina_iancu_foto_luju-1.jpg\" width=\"400\" height=\"225\" title=\"judecatoare_iccj_hermina_iancu_foto_luju-1\">Judecatorii romani au un triplu angajament, care in realitate nu este decat expresia unei singure fidelitati, si anume fidelitatea fata de ideea de dreptate. Este vorba despre un angajament al judecatorului roman fata de ordinea constitutionala nationala, fata de dreptul Uniunii Europe si fata de sistemul conventional al drepturilor omului. <\/span><\/span><\/span><\/p>\n<hr>\n<p>\u00a0<\/p>\n<p align=\"JUSTIFY\"><span><span><span>Ideile au fost enuntate de <\/span><b>judecatoarea Hermina Iancu <span>(foto)<\/span>, vicepresedinta Inaltei Curti de Casatie si Justitie<\/b><span>, la <\/span><b>Conferinta judecatorilor internationali 2025, care a avut loc Facultatea de Drept a Universitatii din Craiova<\/b><span>.<\/span><\/span><\/span><\/p>\n<p align=\"JUSTIFY\"><span><span><br \/><\/span><\/span><\/p>\n<p align=\"JUSTIFY\"><span><span><b>Iata mesajul vicepresedintei ICCJ Hermina Iancu:<\/b><\/span><\/span><\/p>\n<p align=\"JUSTIFY\"><span><span><br \/><\/span><\/span><\/p>\n<p align=\"JUSTIFY\"><i><span><span>\u201cSuntem onorati sa participam la aceasta conferenta alaturi de judecatori ai Curtii de Justitie a Uniunii Europene si ai Curtii Europene a Drepturilor Omului.<\/span><\/span><\/i><\/p>\n<p align=\"JUSTIFY\"><i><span><span>In fata acestor doua instante care definesc, fiecare in felul sau, constiinta juridica a Europei, judecatorul national invata sa priveasca dreptul nu doar ca pe un sistem de norme, ci ca pe un limbaj comun al valorilor fundamentale.<\/span><\/span><\/i><\/p>\n<p align=\"JUSTIFY\"><i><span><span>Pentru orice instanta suprema dintr-un stat membru al Uniunii Europene, reflectia asupra valorilor si principiilor care fundamenteaza ordinea juridica nu este un exercitiu teoretic, ci o obligatie a discernamantului judiciar.<\/span><\/span><\/i><\/p>\n<p align=\"JUSTIFY\"><span><i><span><b>In fata noastra, a judecatorilor, se afla o tripla responsabilitate: sa pastram coerenta dreptului intern, sa garantam efectivitatea dreptului Uniunii Europene, si sa respectam standardele Conventiei Europene a Drepturilor Omului. <\/b><\/span><\/i><\/span><\/p>\n<p align=\"JUSTIFY\"><span><i><span><b>Aceasta este triada de loialitate juridica care defineste misiunea Inaltei Curti de Casatie si Justitie.<\/b><\/span><\/i><\/span><\/p>\n<p align=\"JUSTIFY\"><span><i><span><b>Acest triplu angajament al judecatorului \u2013 fata de ordinea constitutionala nationala, fata de dreptul Uniunii Europene si fata de sistemul conventional al drepturilor omului \u2013 este, in realitate, expresia unei singure fidelitati: fidelitatea fata de ideea de dreptate.<\/b><\/span><\/i><\/span><\/p>\n<p align=\"JUSTIFY\"><span><i><span><b>Judecatorul national nu este un simplu interpret al legii. El este pastratorul echilibrului dintre nivelurile dreptului si dintre valorile care le anima.<\/b><\/span><\/i><\/span><\/p>\n<p align=\"JUSTIFY\"><span><i><span><b>El trebuie sa stie sa asculte vocea Constitutiei, sa inteleaga ratiunea dreptului european si sa simta vibratia umana a Conventiei.<\/b><\/span><\/i><\/span><\/p>\n<p align=\"JUSTIFY\"><i><span><span>Pentru Inalta Curte de Casatie si Justitie, aceasta misiune are o rezonanta speciala.<\/span><\/span><\/i><\/p>\n<p align=\"JUSTIFY\"><i><span><span><b><span>Instanta suprema a Romaniei nu este doar gardianul legalitatii si al unitatii jurisprudentei, ci si interfata naturala intre sistemul juridic national si cel european. In aceasta pozitie, ICCJ are vocatia de a transforma valorile comune \u2013 statul de drept, independenta justitiei, echitatea procesului \u2013 din principii scrise, in realitati traite.<\/span><\/b><\/span><\/span><\/i><\/p>\n<p align=\"JUSTIFY\"><i><span><span>De aceea, atunci cand vorbim despre valorile si principiile de rang constitutional in jurisprudenta Curtii de Justitie a Uniunii Europene, ne referim, in fond, la substanta ordinii juridice europene: ideea ca legea nu este un scop in sine, ci un instrument al libertatii.<\/span><\/span><\/i><\/p>\n<p align=\"JUSTIFY\"><i><span><span>Curtea de Justitie a Uniunii Europene a reusit sa transpuna aceste valori in norme vii \u2013 prin hotarari care au dat continut independentei justitiei, proportionalitatii, securitatii juridice, protectiei increderii legitime si statului de drept. In acest efort, judecatorul national se vede un partener: el asigura coerenta dintre principiile europene si ordinea constitutionala proprie, aducand echilibru intre universal si specific, intre integrare si identitate juridica.<\/span><\/span><\/i><\/p>\n<p align=\"JUSTIFY\"><i><span><span>In acelasi spirit, Curtea Europeana a Drepturilor Omului a dat substanta unei alte dimensiuni a acestui edificiu comun: dimensiunea umana a dreptului.<\/span><\/span><\/i><\/p>\n<p align=\"JUSTIFY\"><i><span><span>Daca CJUE structureaza rational ordinea juridica europeana, CEDO ii confera sens moral si umanitate, reamintindu-ne ca echitatea si demnitatea persoanei trebuie sa ramana masura oricarei decizii judiciare. Judecatorul na\u0163ional este chemat sa asigure, in fiecare cauza concreta, transpunerea principiilor conventionale in realitatea dreptului intern, pentru ca drepturile recunoscute de Conventie sa devina efectiv protejate si traite.<\/span><\/span><\/i><\/p>\n<p align=\"JUSTIFY\"><i><span><span>Toate aceste dimensiuni \u2013 valorile constitutionale, echitatea procesului penal, dialogul jurisdictional \u2013 converg intr-o singura idee:<\/span><\/span><\/i><\/p>\n<p align=\"JUSTIFY\"><i><span><span>Justitia moderna este un exercitiu de echilibru dintre lege si valoare, dintre rigoare si umanitate, dintre autonomia nationala si responsabilitatea europeana.<\/span><\/span><\/i><\/p>\n<p align=\"JUSTIFY\"><span><i><span><b>Rolul Inaltei Curti de Casatie si Justitie este acela de a unifica nu doar jurisprudenta, ci si spiritul dreptului, de a veghea ca echitatea si proportionalitatea sa nu devina concepte goale, ci repere vii ale actului judiciar.<\/b><\/span><\/i><\/span><\/p>\n<p align=\"JUSTIFY\"><i><span><span>Intr-o Europa a pluralismului, justitia noastra ramane limbajul comun al valorilor. Iar acest limbaj, rostit cu demnitate, devine garantia cea mai sigura a libertatii noastre\u201d.<\/span><\/span><\/i><\/p>\n<\/div>\n<\/section>\n<\/section>\n<section id=\"comments-boxes\">\n<div class=\"heading\">\n<h2>Comentarii<\/h2>\n<\/div>\n<div class=\"comment\" id=\"comentariu-383194\">\n<div class=\"commentBody\">\n<div class=\"commentDate\">\n<p class=\"comment-details cf\"><span class=\"comment-id\"><br \/>\n\t\t\t\t\t\t\t\t#<br \/>\n\t\t\t\t\t\t\t\t<strong>Botomei Vasile, doctor in stiinte jnuridice, 0744191717<\/strong><img decoding=\"async\" src=\"https:\/\/analyse.optim.biz\/wp-content\/uploads\/2025\/12\/calendar-269.png\" alt=\"date\" title=\"calendar-269\"><br \/>\n\t\t\t\t\t\t\t\t27 October 2025 18:38<br \/>\n\t\t\t\t\t\t\t<\/span><span class=\"comment-quality cf\"><span class=\"red\">-3<\/span><\/span><\/p>\n<\/div>\n<div class=\"commentContent\">Botomei Vasile,doctor in stiinte juridice,transmite:SINCERE FELICITARI Dnei Vicepresedinte ICCJ Hermina Iancu!!Fie ca vocea si spiritul pentru dreptate si adevar sa se implineasca in instantele din Romania!Va iubesc si va pretuiesc pentru felul cum sunteti.Sunt in contestatie in anulare in dosarul 417\/1\/2025 la ICCJ.Nadajduiesc sa reusesc admiterea in principiu a acesteia,sa fie rejudecat apelul in care am fost condamnat pentru folosirea denumirilor de barou,UNBR,cabinet de avocat dr.Botomei Vasile, pe motiv ca am descoperit traducerea reala a art. 7.1 din CEDO,care la momentul condamnarii in 2017 era utilizat prin sintagma drept national sau international.Mai nou taducerea reala publicata pe site-ul www.legislatie.just.ro, utilizeaza sintagma,,drept national si international&#8221;care conjugat cu art.12 C.P,cu aplicarea art.16(1),lit.h,Cpp,atrage incetarea procesului penal pe motiv ca faptele nu sunt depotriva incriminate in dreptul national si international;Este corect!? www.unbrinfo.ro<\/div>\n<ul class=\"cf cactions\">\n<li><a class=\"comment-383194\" href rel=\"raspunde\" title=\"Raspunde\">Raspunde<\/a><\/li>\n<li>|<\/li>\n<li><a href class=\"comment-383194\" rel=\"raspunde-citeaza\" title=\"Raspunde cu citat\">Raspunde cu citat<\/a><\/li>\n<li>|<\/li>\n<li><a href class=\"comment-383194\" title=\"Citat\" rel=\"citeaza\">Citat<\/a><\/li>\n<\/ul>\n<\/div>\n<\/div>\n<div class=\"comment\" id=\"comentariu-383202\">\n<div class=\"commentBody\">\n<div class=\"commentDate\">\n<p class=\"comment-details cf\"><span class=\"comment-id\"><br \/>\n\t\t\t\t\t\t\t\t#<br \/>\n\t\t\t\t\t\t\t\t<strong>Orice amarat de AI face toate &#8216;responsabilitatile&#8217; din start<\/strong><img decoding=\"async\" src=\"https:\/\/analyse.optim.biz\/wp-content\/uploads\/2025\/12\/calendar-269.png\" alt=\"date\" title=\"calendar-269\"><br \/>\n\t\t\t\t\t\t\t\t28 October 2025 07:05<br \/>\n\t\t\t\t\t\t\t<\/span><span class=\"comment-quality cf\"><span class=\"green\">+8<\/span><\/span><\/p>\n<\/div>\n<div class=\"commentContent\">Au trecut 35 de ani de la revolutie. Poti scoate magistratii din comunism dar nu poti scoate socialismul multilateral dezvoltat din ei.<\/div>\n<ul class=\"cf cactions\">\n<li><a class=\"comment-383202\" href rel=\"raspunde\" title=\"Raspunde\">Raspunde<\/a><\/li>\n<li>|<\/li>\n<li><a href class=\"comment-383202\" rel=\"raspunde-citeaza\" title=\"Raspunde cu citat\">Raspunde cu citat<\/a><\/li>\n<li>|<\/li>\n<li><a href class=\"comment-383202\" title=\"Citat\" rel=\"citeaza\">Citat<\/a><\/li>\n<\/ul>\n<\/div>\n<\/div>\n<div class=\"comment\" id=\"comentariu-383203\">\n<div class=\"commentBody\">\n<div class=\"commentDate\">\n<p class=\"comment-details cf\"><span class=\"comment-id\"><br \/>\n\t\t\t\t\t\t\t\t#<br \/>\n\t\t\t\t\t\t\t\t<strong>santinela<\/strong><img decoding=\"async\" src=\"https:\/\/analyse.optim.biz\/wp-content\/uploads\/2025\/12\/calendar-269.png\" alt=\"date\" title=\"calendar-269\"><br \/>\n\t\t\t\t\t\t\t\t28 October 2025 07:06<br \/>\n\t\t\t\t\t\t\t<\/span><span class=\"comment-quality cf\"><span class=\"green\">+9<\/span><\/span><\/p>\n<\/div>\n<div class=\"commentContent\">&#8221; Vocea Constitutiei,ratiunea dreptului european, vibratia umana a Conventiei&#8211;&#8220;,saracii judecatori ce greu le este,imi vine sa plang nu alta ! <\/div>\n<ul class=\"cf cactions\">\n<li><a class=\"comment-383203\" href rel=\"raspunde\" title=\"Raspunde\">Raspunde<\/a><\/li>\n<li>|<\/li>\n<li><a href class=\"comment-383203\" rel=\"raspunde-citeaza\" title=\"Raspunde cu citat\">Raspunde cu citat<\/a><\/li>\n<li>|<\/li>\n<li><a href class=\"comment-383203\" title=\"Citat\" rel=\"citeaza\">Citat<\/a><\/li>\n<\/ul>\n<\/div>\n<\/div>\n<div class=\"comment\" id=\"comentariu-383204\">\n<div class=\"commentBody\">\n<div class=\"commentDate\">\n<p class=\"comment-details cf\"><span class=\"comment-id\"><br \/>\n\t\t\t\t\t\t\t\t#<br \/>\n\t\t\t\t\t\t\t\t<strong>Cetateanul<\/strong><img decoding=\"async\" src=\"https:\/\/analyse.optim.biz\/wp-content\/uploads\/2025\/12\/calendar-269.png\" alt=\"date\" title=\"calendar-269\"><br \/>\n\t\t\t\t\t\t\t\t28 October 2025 08:41<br \/>\n\t\t\t\t\t\t\t<\/span><span class=\"comment-quality cf\"><span class=\"gray\">0<\/span><\/span><\/p>\n<\/div>\n<div class=\"commentContent\">A se scuti&#8230;..potrivit con\u0219tiin\u021bei desigur.  <img decoding=\"async\" src=\"https:\/\/analyse.optim.biz\/wp-content\/uploads\/2025\/12\/lol-319.gif\" alt=\":lol:\" title=\"lol-319\"><\/div>\n<ul class=\"cf cactions\">\n<li><a class=\"comment-383204\" href rel=\"raspunde\" title=\"Raspunde\">Raspunde<\/a><\/li>\n<li>|<\/li>\n<li><a href class=\"comment-383204\" rel=\"raspunde-citeaza\" title=\"Raspunde cu citat\">Raspunde cu citat<\/a><\/li>\n<li>|<\/li>\n<li><a href class=\"comment-383204\" title=\"Citat\" rel=\"citeaza\">Citat<\/a><\/li>\n<\/ul>\n<\/div>\n<\/div>\n<div class=\"comment\" id=\"comentariu-383254\">\n<div class=\"commentBody\">\n<div class=\"commentDate\">\n<p class=\"comment-details cf\"><span class=\"comment-id\"><br \/>\n\t\t\t\t\t\t\t\t#<br \/>\n\t\t\t\t\t\t\t\t<strong>Cascadorii rasului&#8230;<\/strong><img decoding=\"async\" src=\"https:\/\/analyse.optim.biz\/wp-content\/uploads\/2025\/12\/calendar-269.png\" alt=\"date\" title=\"calendar-269\"><br \/>\n\t\t\t\t\t\t\t\t29 October 2025 00:10<br \/>\n\t\t\t\t\t\t\t<\/span><span class=\"comment-quality cf\"><span class=\"gray\">0<\/span><\/span><\/p>\n<\/div>\n<div class=\"commentContent\">\u0218i practica neunitara&#8230; <\/div>\n<ul class=\"cf cactions\">\n<li><a class=\"comment-383254\" href rel=\"raspunde\" title=\"Raspunde\">Raspunde<\/a><\/li>\n<li>|<\/li>\n<li><a href class=\"comment-383254\" rel=\"raspunde-citeaza\" title=\"Raspunde cu citat\">Raspunde cu citat<\/a><\/li>\n<li>|<\/li>\n<li><a href class=\"comment-383254\" title=\"Citat\" rel=\"citeaza\">Citat<\/a><\/li>\n<\/ul>\n<\/div>\n<\/div>\n<div class=\"comment\" id=\"comentariu-383255\">\n<div class=\"commentBody\">\n<div class=\"commentDate\">\n<p class=\"comment-details cf\"><span class=\"comment-id\"><br \/>\n\t\t\t\t\t\t\t\t#<br \/>\n\t\t\t\t\t\t\t\t<strong>Drept<\/strong><img decoding=\"async\" src=\"https:\/\/analyse.optim.biz\/wp-content\/uploads\/2025\/12\/calendar-269.png\" alt=\"date\" title=\"calendar-269\"><br \/>\n\t\t\t\t\t\t\t\t29 October 2025 00:15<br \/>\n\t\t\t\t\t\t\t<\/span><span class=\"comment-quality cf\"><span class=\"gray\">0<\/span><\/span><\/p>\n<\/div>\n<div class=\"commentContent\">Dna judec\u0103tor Hermina Iancu judeca cauze instrumentate de c\u0103tre PICCJ de c\u0103tre \u00eens\u0103\u0219i sora domniei sale?!! <\/div>\n<ul class=\"cf cactions\">\n<li><a class=\"comment-383255\" href rel=\"raspunde\" title=\"Raspunde\">Raspunde<\/a><\/li>\n<li>|<\/li>\n<li><a href class=\"comment-383255\" rel=\"raspunde-citeaza\" title=\"Raspunde cu citat\">Raspunde cu citat<\/a><\/li>\n<li>|<\/li>\n<li><a href class=\"comment-383255\" title=\"Citat\" rel=\"citeaza\">Citat<\/a><\/li>\n<\/ul>\n<\/div>\n<\/div>\n<\/section>\n<section id=\"comments\">\n<div class=\"heading\">\n<h2>Adauga comentariu<\/h2>\n<\/div>\n<div>\n<div id=\"emoticons-container\">\n<div id=\"comments-form-smilespanel\"><img decoding=\"async\" src=\"https:\/\/analyse.optim.biz\/wp-content\/uploads\/2025\/12\/laugh-313.gif\" alt=\":D\" class=\"smile\" title=\"laugh-313\"><img decoding=\"async\" src=\"https:\/\/analyse.optim.biz\/wp-content\/uploads\/2025\/12\/lol-320.gif\" alt=\":lol:\" class=\"smile\" title=\"lol-320\"><img decoding=\"async\" src=\"https:\/\/analyse.optim.biz\/wp-content\/uploads\/2025\/12\/smile-293.gif\" alt=\":-)\" class=\"smile\" title=\"smile-293\"><img decoding=\"async\" src=\"https:\/\/analyse.optim.biz\/wp-content\/uploads\/2025\/12\/wink-292.gif\" alt=\";-)\" class=\"smile\" title=\"wink-292\"><img decoding=\"async\" src=\"https:\/\/analyse.optim.biz\/wp-content\/uploads\/2025\/12\/cool-303.gif\" alt=\"8)\" class=\"smile\" title=\"cool-303\"><img decoding=\"async\" src=\"https:\/\/analyse.optim.biz\/wp-content\/uploads\/2025\/12\/normal-288.gif\" alt=\":-|\" class=\"smile\" title=\"normal-288\"><img decoding=\"async\" src=\"https:\/\/analyse.optim.biz\/wp-content\/uploads\/2025\/12\/whistling-306.gif\" alt=\":-*\" class=\"smile\" title=\"whistling-306\"><img decoding=\"async\" src=\"https:\/\/analyse.optim.biz\/wp-content\/uploads\/2025\/12\/redface-291.gif\" alt=\":oops:\" class=\"smile\" title=\"redface-291\"><img decoding=\"async\" src=\"https:\/\/analyse.optim.biz\/wp-content\/uploads\/2025\/12\/sad-296.gif\" alt=\":sad:\" class=\"smile\" title=\"sad-296\"><img decoding=\"async\" src=\"https:\/\/analyse.optim.biz\/wp-content\/uploads\/2025\/12\/cry-300.gif\" alt=\":cry:\" class=\"smile\" title=\"cry-300\"><img decoding=\"async\" src=\"https:\/\/analyse.optim.biz\/wp-content\/uploads\/2025\/12\/surprised-293.gif\" alt=\":o\" class=\"smile\" title=\"surprised-293\"><img decoding=\"async\" src=\"https:\/\/analyse.optim.biz\/wp-content\/uploads\/2025\/12\/confused-288.gif\" alt=\":-?\" class=\"smile\" title=\"confused-288\"><img decoding=\"async\" src=\"https:\/\/analyse.optim.biz\/wp-content\/uploads\/2025\/12\/sick-309.gif\" alt=\":-x\" class=\"smile\" title=\"sick-309\"><img decoding=\"async\" src=\"https:\/\/analyse.optim.biz\/wp-content\/uploads\/2025\/12\/shocked-307.gif\" alt=\":eek:\" class=\"smile\" title=\"shocked-307\"><img decoding=\"async\" src=\"https:\/\/analyse.optim.biz\/wp-content\/uploads\/2025\/12\/sleeping-297.gif\" alt=\":zzz\" class=\"smile\" title=\"sleeping-297\"><img decoding=\"async\" src=\"https:\/\/analyse.optim.biz\/wp-content\/uploads\/2025\/12\/tongue-305.gif\" alt=\":P\" class=\"smile\" title=\"tongue-305\"><img decoding=\"async\" src=\"https:\/\/analyse.optim.biz\/wp-content\/uploads\/2025\/12\/rolleyes-295.gif\" alt=\":roll:\" class=\"smile\" title=\"rolleyes-295\"><img decoding=\"async\" src=\"https:\/\/analyse.optim.biz\/wp-content\/uploads\/2025\/12\/unsure-290.gif\" alt=\":sigh:\" class=\"smile\" title=\"unsure-290\"><\/div>\n<\/div>\n<\/div>\n<div class=\"text-center\">\n<p>DISCLAIMER<\/p>\n<p>Atentie! Postati pe propria raspundere!<br \/> Inainte de a posta, cititi aici regulamentul: <a href=\"https:\/\/www.luju.ro\/termeni-legali-si-conditii\" title=\"Termeni legali si conditii\">Termeni legali si Conditii<\/a><\/p>\n<\/div>\n<\/section>\n<\/article>\n<p> Source URL: https:\/\/www.luju.ro\/triada-de-loialitate-juridica-vicepresedinta-iccj-hermina-iancu-in-fata-noastra-a-judecatorilor-se-afla-o-tripla-responsabilitate-sa-pastram-coerenta-dreptului-intern-sa-garantam-efectivitatea-dreptului-uniunii-europene-si-sa-respectam-standardele-convent<\/p>\n","protected":false},"excerpt":{"rendered":"<p>TRIADA DE LOIALITATE JURIDICA \u2013 Vicepresedinta ICCJ Hermina Iancu: \u201cIn fata noastra, a judecatorilor, se afla o tripla responsabilitate: sa pastram coerenta dreptului intern, sa garantam efectivitatea dreptului Uniunii Europene, si sa respectam standardele Conventiei Europene a Drepturilor Omului&#8230; Judecatorul trebuie sa stie sa asculte vocea Constitutiei, sa inteleaga ratiunea dreptului european si sa simta [&hellip;]<\/p>\n","protected":false},"author":1,"featured_media":797885,"comment_status":"open","ping_status":"","sticky":false,"template":"","format":"standard","meta":{"footnotes":""},"categories":[89],"tags":[114],"class_list":["post-797884","post","type-post","status-publish","format-standard","has-post-thumbnail","hentry","category-romania","tag-luju-ro"],"_links":{"self":[{"href":"https:\/\/analyse.optim.biz\/index.php?rest_route=\/wp\/v2\/posts\/797884","targetHints":{"allow":["GET"]}}],"collection":[{"href":"https:\/\/analyse.optim.biz\/index.php?rest_route=\/wp\/v2\/posts"}],"about":[{"href":"https:\/\/analyse.optim.biz\/index.php?rest_route=\/wp\/v2\/types\/post"}],"author":[{"embeddable":true,"href":"https:\/\/analyse.optim.biz\/index.php?rest_route=\/wp\/v2\/users\/1"}],"replies":[{"embeddable":true,"href":"https:\/\/analyse.optim.biz\/index.php?rest_route=%2Fwp%2Fv2%2Fcomments&post=797884"}],"version-history":[{"count":0,"href":"https:\/\/analyse.optim.biz\/index.php?rest_route=\/wp\/v2\/posts\/797884\/revisions"}],"wp:featuredmedia":[{"embeddable":true,"href":"https:\/\/analyse.optim.biz\/index.php?rest_route=\/wp\/v2\/media\/797885"}],"wp:attachment":[{"href":"https:\/\/analyse.optim.biz\/index.php?rest_route=%2Fwp%2Fv2%2Fmedia&parent=797884"}],"wp:term":[{"taxonomy":"category","embeddable":true,"href":"https:\/\/analyse.optim.biz\/index.php?rest_route=%2Fwp%2Fv2%2Fcategories&post=797884"},{"taxonomy":"post_tag","embeddable":true,"href":"https:\/\/analyse.optim.biz\/index.php?rest_route=%2Fwp%2Fv2%2Ftags&post=797884"}],"curies":[{"name":"wp","href":"https:\/\/api.w.org\/{rel}","templated":true}]}}