{"id":797860,"date":"2025-10-28T15:48:00","date_gmt":"2025-10-28T12:48:00","guid":{"rendered":"https:\/\/analyse.optim.biz\/?p=797860"},"modified":"2025-10-28T15:48:00","modified_gmt":"2025-10-28T12:48:00","slug":"periculoasa-manipulare-pentru-salvarea-judecatorilor-blatisti-din-ccr-inalta-curte-dezminte-alegatiile-ca-si-ar-fi-dat-acordul-sau-ca-ar-fi-validat-proiectul-de-lege-privind-pensiile-magistr","status":"publish","type":"post","link":"https:\/\/analyse.optim.biz\/?p=797860","title":{"rendered":"PERICULOASA MANIPULARE PENTRU SALVAREA JUDECATORILOR BLATISTI DIN CCR \u2013 Inalta Curte dezminte alegatiile ca si-ar fi dat acordul sau ca ar fi validat proiectul de lege privind pensiile magistratilor: \u201cDeclaratiile recente, inclusiv cele facute de domnul Hunor Kelemen, care lasa impresia ca asupra acestui proiect ar fi existat o acceptare din partea Inaltei Curti, nu corespund realitatii si risca sa afecteze increderea publica in independenta justitiei\u201d"},"content":{"rendered":"<article id=\"article-content\">\n<h1>PERICULOASA MANIPULARE PENTRU SALVAREA JUDECATORILOR BLATISTI DIN CCR \u2013 Inalta Curte dezminte alegatiile ca si-ar fi dat acordul sau ca ar fi validat proiectul de lege privind pensiile magistratilor: \u201cDeclaratiile recente, inclusiv cele facute de domnul Hunor Kelemen, care lasa impresia ca asupra acestui proiect ar fi existat o acceptare din partea Inaltei Curti, nu corespund realitatii si risca sa afecteze increderea publica in independenta justitiei\u201d<\/h1>\n<section id=\"article-info\">\n<p class=\"author\">Scris de: George TARATA | <a href=\"https:\/\/www.luju.ro\/periculoasa-manipulare-pentru-salvarea-judecatorilor-blatisti-din-ccr-inalta-curte-dezminte-alegatiile-ca-si-ar-fi-dat-acordul-sau-ca-ar-fi-validat-proiectul-de-lege-privind-pensiile-magistratilor-declaratiile-recente-inclusiv-cele-facute-de-domnul-hunor?pdf\" title=\"PDF\"><img decoding=\"async\" src=\"https:\/\/analyse.optim.biz\/wp-content\/uploads\/2025\/12\/pdf-284.png\" alt=\"pdf\" title=\"pdf-284\"><\/a> | <a href=\"https:\/\/www.luju.ro\/periculoasa-manipulare-pentru-salvarea-judecatorilor-blatisti-din-ccr-inalta-curte-dezminte-alegatiile-ca-si-ar-fi-dat-acordul-sau-ca-ar-fi-validat-proiectul-de-lege-privind-pensiile-magistratilor-declaratiile-recente-inclusiv-cele-facute-de-domnul-hunor?print=1\" class=\"external\" title=\"Imprimare\"><img decoding=\"async\" src=\"https:\/\/analyse.optim.biz\/wp-content\/uploads\/2025\/12\/print-284.png\" alt=\"print\" title=\"print-284\"><\/a><\/p>\n<div class=\"info flex-container\">\n<div class=\"date\">28 October 2025 15:48<\/div>\n<div>Vizualizari: 4012<\/div>\n<\/div>\n<\/section>\n<section id=\"article-body\">\n<section id=\"page\" class=\"cf\">\n<div>\n<p align=\"JUSTIFY\"><span><span><span><img loading=\"lazy\" decoding=\"async\" height=\"225\" width=\"400\" src=\"https:\/\/analyse.optim.biz\/wp-content\/uploads\/2025\/12\/lia_savonea-1.png\" title=\"lia_savonea-1\">Inalta Curte de Casatie si Justitie a reactionat marti, 28 octombrie 2025, dupa declaratiile facute de vicepremierul Kelemen Hunor, care a dezvaluit ca proiectul de lege a fost trimis informat la \u201dCurte\u201d spre analiza, inainte de a fi adoptat de guvern. <\/span><span><b>Reactia ICCJ are loc in contextul in care pentru a se incerca ascunderea realitatii \u2013 avand in vedere ca oferirea de consultanta de catre judecatorii CCR pe un proiect ce urma sa fie analizat oficial se sanctioneaza cu pierderea mandatului <span><a target=\"_blank\" href=\"https:\/\/www.luju.ro\/pensiile-magistratilor-scanteia-care-arunca-in-aer-guvernul-stupefiant-judecatorii-ccr-au-primit-de-la-guvern-proiectul-de-lege-privind-pensiile-magistratilor-inainte-ca-acesta-sa-fie-adoptat-pentru-a-l-analiza-informal-vicepremierul-kelemen-hunor-a-fost\">(click aici pentru a citi)<\/a><\/span> \u2013 anumite canale media ce fac parte din propaganda guvernamentala au lansat pe piata varianta ca de fapt Kelemen Hunor nu s-ar fi referit la Curtea Constitutionala, ci la Inalta Curte de Casatie si Justitie.<\/b><b>O varianta ce nu poate fi sustinuta, in conditiile in care Kelemen Hunor face distinctia clara intre magistrati si curte, explicand ca au existat consultari cu magistratii si o trimitere a proiectului la Curte, fiind clar, din punctul nostru de vedere, ca se refera la Curtea Constitutionala, nu la Inalta Curte:<\/b><\/span><i>\u201dIn momentul in care a fost proiectul pe agenda coalitiei si dupa aceea a fost pe agenda Guvernului si a venit in Parlament, toata lumea a fost de acord cu varianta propusa de Guvern, cu cresterea varstei de pensionare, ma rog, vechimea la 35 de ani, 70 la suta din venitul net pensia si perioada de tranzitie de 10 ani. Intr-adevar, a existat o discutie sa fie de 15 ani, dar Guvernul, <b>in primul proiect care a fost trimis la <span>Curte<\/span> in mod informal pentru analiza<\/b>, a pus 10 ani. Si la <b>consultarile cu <span>magistratii<\/span><\/b> a fost tot 10 ani. In Parlament nimeni n-a avut amendament de 15 ani la perioada de tranzitie. Apoi s-a intamplat ce s-a intamplat la Curtea Constitutionala\u201d.<\/i><\/span><\/span><\/p>\n<hr>\n<p>\u00a0<\/p>\n<p align=\"JUSTIFY\"><span><span><span>In plus,<\/span><b><span>un asemenea scenariu &#8211; ca ICCJ sa isi dea acordul pe proiectul de lege care urma sa fie adoptat de Guvern &#8211; nu are logica, avand in vedere ca Inalta Curte este cea care a sesizat CCR cu exceptia de neconstitutionalitate a proiectului de lege privind pensiile de serviciu ale magistratilor. Iar in exceptia de neconstitutionalitate ICCJ a invocat nu doar motivul extrinsec pentru care proiectul a picat la CCR (lipsa avizului CSM), ci si motive de fond, precum grave incalcari a zeci de decizii CCR. Cum putea oare ICCJ sa valideze un proiect considerat apoi chiar de ICCJ ca fiind plin de derapaje de la lege si Constitutie?<\/span><\/b><\/span><\/span><\/p>\n<p align=\"JUSTIFY\">\u00a0<\/p>\n<p align=\"JUSTIFY\"><span><span><b>Totodata, cine de la ICCJ si-ar fi permis sa isi dea acordul pe proiectul de lege al Guvernului stiind ca acesta nemultumea toti judecatorii ICCJ, dovada fiind ca sesizarea la CCR a fost votata in unanimitate de magistratii instantei supreme?<\/b><\/span><\/span><\/p>\n<p align=\"JUSTIFY\">\u00a0<\/p>\n<p align=\"JUSTIFY\"><span><span><span>Revenind la pozitia ICCJ, prin comunicatul de presa semnat de <\/span><b>presedinta instantei supreme Lia Savonea <span>(foto)<\/span><\/b><span>, Inalta Curte dezminte ca si-ar fi dat acordul sau ar fi validat proiectul de lege privind pensiile magistratilor, inainte ca acesta sa fie adoptat de Guvern. ICCJ transmite ca orice insinuare ca instanta suprema ar fi acceptat forma proiectului de lege adoptata de Guvern nu face decat sa afecteze increderea publica in independenta justitiei. <\/span><\/span><\/span><\/p>\n<p align=\"JUSTIFY\"><span><span><br \/><\/span><\/span><\/p>\n<p align=\"JUSTIFY\"><span><span><b>Iata replica ICCJ:<\/b><\/span><\/span><\/p>\n<p align=\"JUSTIFY\"><span><span><br \/><\/span><\/span><\/p>\n<p align=\"JUSTIFY\"><i><span><span>\u201cComunicat de presa privind afirmatiile referitoare la un presupus acord al Inaltei Curti asupra proiectului de lege privind pensiile magistratilor<\/span><\/span><\/i><\/p>\n<p align=\"JUSTIFY\"><span><i><span><b>Inalta Curte de Casatie si Justitie respinge categoric afirmatiile vehiculate in spatiul public potrivit carora ar fi exprimat un acord sau ar fi validat in vreun fel proiectul de lege privind pensiile magistratilor. Declaratiile recente, inclusiv cele facute de domnul Hunor Kelemen, care lasa impresia ca asupra acestui proiect ar fi existat o acceptare din partea Inaltei Curti, nu corespund realitatii si risca sa afecteze increderea publica in independenta justitiei.<\/b><\/span><\/i><\/span><\/p>\n<p align=\"JUSTIFY\"><i><span><span>Inalta Curte reaminteste ca, potrivit Constitutiei si legii, nu are atributii de avizare a proiectelor legislative. <b>O consultare informala nu poate fi interpretata ca un acord institutional si nici ca o validare a continutului unui proiect de lege.<\/b><\/span><\/span><\/i><\/p>\n<p align=\"JUSTIFY\"><i><span><span>Inalta Curte a respins cu fermitate, in mod constant, orice initiativa legislativa care ar fi fost de natura sa slabeasca statutul sau independenta magistratului.<\/span><\/span><\/i><\/p>\n<p align=\"JUSTIFY\"><i><span><span><b><span>Atribuirea catre instanta suprema a unui rol de &#8216;consilier legislativ&#8217; al Guvernului sau Parlamentului reprezinta o deformare grava a ordinii constitutionale si o atingere adusa principiului separatiei puterilor in stat.<\/span><\/b><\/span><\/span><\/i><\/p>\n<p align=\"JUSTIFY\"><i><span><span><b>Inalta Curte de Casatie si Justitie reafirma cu fermitate ca nu a abandonat si nu va abandona niciodata rolul sau constitutional, iar magistratii din Romania trebuie sa aiba convingerea ca independenta lor nu poate fi negociata sau folosita ca pretext in dispute politice.<\/b><\/span><\/span><\/i><\/p>\n<p align=\"JUSTIFY\"><i><span><span>Presedintele<\/span><\/span><\/i><\/p>\n<p align=\"JUSTIFY\"><i><span><span>Inaltei Curti de Casatie si Justitie,<\/span><\/span><\/i><\/p>\n<p align=\"JUSTIFY\"><i><span><span>Judecator Lia Savonea\u201d.<\/span><\/span><\/i><\/p>\n<\/div>\n<\/section>\n<\/section>\n<section id=\"comments-boxes\">\n<div class=\"heading\">\n<h2>Comentarii<\/h2>\n<\/div>\n<div class=\"comment\" id=\"comentariu-383224\">\n<div class=\"commentBody\">\n<div class=\"commentDate\">\n<p class=\"comment-details cf\"><span class=\"comment-id\"><br \/>\n\t\t\t\t\t\t\t\t#<br \/>\n\t\t\t\t\t\t\t\t<strong>om de bine<\/strong><img decoding=\"async\" src=\"https:\/\/analyse.optim.biz\/wp-content\/uploads\/2025\/12\/calendar-268.png\" alt=\"date\" title=\"calendar-268\"><br \/>\n\t\t\t\t\t\t\t\t28 October 2025 16:41<br \/>\n\t\t\t\t\t\t\t<\/span><span class=\"comment-quality cf\"><span class=\"green\">+75<\/span><\/span><\/p>\n<\/div>\n<div class=\"commentContent\">Doamna Presedinta, pentru o astfel de afirmatie defaimatoare la adresa magistratilor se impune o chemare in judecata a dlui Kelemen Hunor! Fara niciun dubiu.<\/p>\n<p>Si in acest mod ar trebui procedat cu toti parlamentarii care emit ineptii zilnice pe banda rulanta. Valabil si pentru dl Bolojan. <\/p><\/div>\n<ul class=\"cf cactions\">\n<li><a class=\"comment-383224\" href rel=\"raspunde\" title=\"Raspunde\">Raspunde<\/a><\/li>\n<li>|<\/li>\n<li><a href class=\"comment-383224\" rel=\"raspunde-citeaza\" title=\"Raspunde cu citat\">Raspunde cu citat<\/a><\/li>\n<li>|<\/li>\n<li><a href class=\"comment-383224\" title=\"Citat\" rel=\"citeaza\">Citat<\/a><\/li>\n<\/ul>\n<\/div>\n<\/div>\n<div class=\"comment\" id=\"comentariu-383229\">\n<div class=\"commentBody\">\n<div class=\"commentDate\">\n<p class=\"comment-details cf\"><span class=\"comment-id\"><br \/>\n\t\t\t\t\t\t\t\t#<br \/>\n\t\t\t\t\t\t\t\t<strong>pacea<\/strong><img decoding=\"async\" src=\"https:\/\/analyse.optim.biz\/wp-content\/uploads\/2025\/12\/calendar-268.png\" alt=\"date\" title=\"calendar-268\"><br \/>\n\t\t\t\t\t\t\t\t28 October 2025 17:21<br \/>\n\t\t\t\t\t\t\t<\/span><span class=\"comment-quality cf\"><span class=\"green\">+33<\/span><\/span><\/p>\n<\/div>\n<div class=\"commentContent\">bun\u0103!<br \/>\neupe acesyi magistra\u021bi imorali i-as destitui ,apoi i-as aresta<\/div>\n<ul class=\"cf cactions\">\n<li><a class=\"comment-383229\" href rel=\"raspunde\" title=\"Raspunde\">Raspunde<\/a><\/li>\n<li>|<\/li>\n<li><a href class=\"comment-383229\" rel=\"raspunde-citeaza\" title=\"Raspunde cu citat\">Raspunde cu citat<\/a><\/li>\n<li>|<\/li>\n<li><a href class=\"comment-383229\" title=\"Citat\" rel=\"citeaza\">Citat<\/a><\/li>\n<\/ul>\n<\/div>\n<\/div>\n<div class=\"comment\" id=\"comentariu-383234\">\n<div class=\"commentBody\">\n<div class=\"commentDate\">\n<p class=\"comment-details cf\"><span class=\"comment-id\"><br \/>\n\t\t\t\t\t\t\t\t#<br \/>\n\t\t\t\t\t\t\t\t<strong>Aviditas<\/strong><img decoding=\"async\" src=\"https:\/\/analyse.optim.biz\/wp-content\/uploads\/2025\/12\/calendar-268.png\" alt=\"date\" title=\"calendar-268\"><br \/>\n\t\t\t\t\t\t\t\t28 October 2025 17:45<br \/>\n\t\t\t\t\t\t\t<\/span><span class=\"comment-quality cf\"><span class=\"green\">+16<\/span><\/span><\/p>\n<\/div>\n<div class=\"commentContent\">justitie pentru portofel &#8211; atragerea prosperitatii si a abundentei financiare, protejarea banilor si imbunatatirea situatiei materiale<\/div>\n<ul class=\"cf cactions\">\n<li><a class=\"comment-383234\" href rel=\"raspunde\" title=\"Raspunde\">Raspunde<\/a><\/li>\n<li>|<\/li>\n<li><a href class=\"comment-383234\" rel=\"raspunde-citeaza\" title=\"Raspunde cu citat\">Raspunde cu citat<\/a><\/li>\n<li>|<\/li>\n<li><a href class=\"comment-383234\" title=\"Citat\" rel=\"citeaza\">Citat<\/a><\/li>\n<\/ul>\n<\/div>\n<\/div>\n<div class=\"comment\" id=\"comentariu-383238\">\n<div class=\"commentBody\">\n<div class=\"commentDate\">\n<p class=\"comment-details cf\"><span class=\"comment-id\"><br \/>\n\t\t\t\t\t\t\t\t#<br \/>\n\t\t\t\t\t\t\t\t<strong>obiectiva<\/strong><img decoding=\"async\" src=\"https:\/\/analyse.optim.biz\/wp-content\/uploads\/2025\/12\/calendar-268.png\" alt=\"date\" title=\"calendar-268\"><br \/>\n\t\t\t\t\t\t\t\t28 October 2025 19:10<br \/>\n\t\t\t\t\t\t\t<\/span><span class=\"comment-quality cf\"><span class=\"green\">+11<\/span><\/span><\/p>\n<\/div>\n<div class=\"commentContent\">baaai, ce ma bucur ca o trage si Justitia de pe urma CCR&#8230; caci daca strigam numai eu ca Moise in pustiu ca CCR e ****** politizata, imi replicati ca eu sunt dusa cu vaca la pascut&#8230;.oricum, am propus de zece ani tragerea pe dreapta a acestui MAMUT infect, desfiintarea CCR si infiintarea unei SECTII CONSTITUTIONALE LA ICCJ, cum, de altfel, a mai existat, din care sa faca parte 3 judecatori din penal, 3 din civil, 3 din contencios administrativ&#8230;caci judecatorii ICCJ chiar se pricep la drept, nu ca si consilierii juridici de CAP sau bodyguarzii de judecatorii&#8230;macar daca e sa fiu JUDECATA , sa fiu JUDECATA de niste JUDECATORI, nu de niste MARIONETE POLITICE.<\/div>\n<ul class=\"cf cactions\">\n<li><a class=\"comment-383238\" href rel=\"raspunde\" title=\"Raspunde\">Raspunde<\/a><\/li>\n<li>|<\/li>\n<li><a href class=\"comment-383238\" rel=\"raspunde-citeaza\" title=\"Raspunde cu citat\">Raspunde cu citat<\/a><\/li>\n<li>|<\/li>\n<li><a href class=\"comment-383238\" title=\"Citat\" rel=\"citeaza\">Citat<\/a><\/li>\n<\/ul>\n<\/div>\n<\/div>\n<div class=\"comment\" id=\"comentariu-383242\">\n<div class=\"commentBody\">\n<div class=\"commentDate\">\n<p class=\"comment-details cf\"><span class=\"comment-id\"><br \/>\n\t\t\t\t\t\t\t\t#<br \/>\n\t\t\t\t\t\t\t\t<strong>Just<\/strong><img decoding=\"async\" src=\"https:\/\/analyse.optim.biz\/wp-content\/uploads\/2025\/12\/calendar-268.png\" alt=\"date\" title=\"calendar-268\"><br \/>\n\t\t\t\t\t\t\t\t28 October 2025 19:42<br \/>\n\t\t\t\t\t\t\t<\/span><span class=\"comment-quality cf\"><span class=\"green\">+12<\/span><\/span><\/p>\n<\/div>\n<div class=\"commentContent\">\u00eencrederea public\u0103 \u00een justi\u021bie s-a n\u0103ruit demult, dar ce-i cu asta? Care sunt consecin\u021bele sau efectele c\u0103 oamenii nu mai au \u00eencredere \u00een sistemul judiciar din Rom\u00e2nia? <\/div>\n<ul class=\"cf cactions\">\n<li><a class=\"comment-383242\" href rel=\"raspunde\" title=\"Raspunde\">Raspunde<\/a><\/li>\n<li>|<\/li>\n<li><a href class=\"comment-383242\" rel=\"raspunde-citeaza\" title=\"Raspunde cu citat\">Raspunde cu citat<\/a><\/li>\n<li>|<\/li>\n<li><a href class=\"comment-383242\" title=\"Citat\" rel=\"citeaza\">Citat<\/a><\/li>\n<\/ul>\n<\/div>\n<\/div>\n<div class=\"comment\" id=\"comentariu-383259\">\n<div class=\"commentBody\">\n<div class=\"commentDate\">\n<p class=\"comment-details cf\"><span class=\"comment-id\"><br \/>\n\t\t\t\t\t\t\t\t#<br \/>\n\t\t\t\t\t\t\t\t<strong>Radulian<\/strong><img decoding=\"async\" src=\"https:\/\/analyse.optim.biz\/wp-content\/uploads\/2025\/12\/calendar-268.png\" alt=\"date\" title=\"calendar-268\"><br \/>\n\t\t\t\t\t\t\t\t29 October 2025 01:58<br \/>\n\t\t\t\t\t\t\t<\/span><span class=\"comment-quality cf\"><span class=\"green\">+12<\/span><\/span><\/p>\n<\/div>\n<div class=\"commentContent\">Despre ce independenta a justitiei tot bateti campii ma nene?? Nu va mai e deloc rusine, imbuibatilor.<\/div>\n<ul class=\"cf cactions\">\n<li><a class=\"comment-383259\" href rel=\"raspunde\" title=\"Raspunde\">Raspunde<\/a><\/li>\n<li>|<\/li>\n<li><a href class=\"comment-383259\" rel=\"raspunde-citeaza\" title=\"Raspunde cu citat\">Raspunde cu citat<\/a><\/li>\n<li>|<\/li>\n<li><a href class=\"comment-383259\" title=\"Citat\" rel=\"citeaza\">Citat<\/a><\/li>\n<\/ul>\n<\/div>\n<\/div>\n<\/section>\n<section id=\"comments\">\n<div class=\"heading\">\n<h2>Adauga comentariu<\/h2>\n<\/div>\n<div>\n<div id=\"emoticons-container\">\n<div id=\"comments-form-smilespanel\"><img decoding=\"async\" src=\"https:\/\/analyse.optim.biz\/wp-content\/uploads\/2025\/12\/laugh-312.gif\" alt=\":D\" class=\"smile\" title=\"laugh-312\"><img decoding=\"async\" src=\"https:\/\/analyse.optim.biz\/wp-content\/uploads\/2025\/12\/lol-318.gif\" alt=\":lol:\" class=\"smile\" title=\"lol-318\"><img decoding=\"async\" src=\"https:\/\/analyse.optim.biz\/wp-content\/uploads\/2025\/12\/smile-292.gif\" alt=\":-)\" class=\"smile\" title=\"smile-292\"><img decoding=\"async\" src=\"https:\/\/analyse.optim.biz\/wp-content\/uploads\/2025\/12\/wink-291.gif\" alt=\";-)\" class=\"smile\" title=\"wink-291\"><img decoding=\"async\" src=\"https:\/\/analyse.optim.biz\/wp-content\/uploads\/2025\/12\/cool-302.gif\" alt=\"8)\" class=\"smile\" title=\"cool-302\"><img decoding=\"async\" src=\"https:\/\/analyse.optim.biz\/wp-content\/uploads\/2025\/12\/normal-287.gif\" alt=\":-|\" class=\"smile\" title=\"normal-287\"><img decoding=\"async\" src=\"https:\/\/analyse.optim.biz\/wp-content\/uploads\/2025\/12\/whistling-305.gif\" alt=\":-*\" class=\"smile\" title=\"whistling-305\"><img decoding=\"async\" src=\"https:\/\/analyse.optim.biz\/wp-content\/uploads\/2025\/12\/redface-290.gif\" alt=\":oops:\" class=\"smile\" title=\"redface-290\"><img decoding=\"async\" src=\"https:\/\/analyse.optim.biz\/wp-content\/uploads\/2025\/12\/sad-295.gif\" alt=\":sad:\" class=\"smile\" title=\"sad-295\"><img decoding=\"async\" src=\"https:\/\/analyse.optim.biz\/wp-content\/uploads\/2025\/12\/cry-299.gif\" alt=\":cry:\" class=\"smile\" title=\"cry-299\"><img decoding=\"async\" src=\"https:\/\/analyse.optim.biz\/wp-content\/uploads\/2025\/12\/surprised-292.gif\" alt=\":o\" class=\"smile\" title=\"surprised-292\"><img decoding=\"async\" src=\"https:\/\/analyse.optim.biz\/wp-content\/uploads\/2025\/12\/confused-287.gif\" alt=\":-?\" class=\"smile\" title=\"confused-287\"><img decoding=\"async\" src=\"https:\/\/analyse.optim.biz\/wp-content\/uploads\/2025\/12\/sick-308.gif\" alt=\":-x\" class=\"smile\" title=\"sick-308\"><img decoding=\"async\" src=\"https:\/\/analyse.optim.biz\/wp-content\/uploads\/2025\/12\/shocked-306.gif\" alt=\":eek:\" class=\"smile\" title=\"shocked-306\"><img decoding=\"async\" src=\"https:\/\/analyse.optim.biz\/wp-content\/uploads\/2025\/12\/sleeping-296.gif\" alt=\":zzz\" class=\"smile\" title=\"sleeping-296\"><img decoding=\"async\" src=\"https:\/\/analyse.optim.biz\/wp-content\/uploads\/2025\/12\/tongue-304.gif\" alt=\":P\" class=\"smile\" title=\"tongue-304\"><img decoding=\"async\" src=\"https:\/\/analyse.optim.biz\/wp-content\/uploads\/2025\/12\/rolleyes-294.gif\" alt=\":roll:\" class=\"smile\" title=\"rolleyes-294\"><img decoding=\"async\" src=\"https:\/\/analyse.optim.biz\/wp-content\/uploads\/2025\/12\/unsure-289.gif\" alt=\":sigh:\" class=\"smile\" title=\"unsure-289\"><\/div>\n<\/div>\n<\/div>\n<div class=\"text-center\">\n<p>DISCLAIMER<\/p>\n<p>Atentie! Postati pe propria raspundere!<br \/> Inainte de a posta, cititi aici regulamentul: <a href=\"https:\/\/www.luju.ro\/termeni-legali-si-conditii\" title=\"Termeni legali si conditii\">Termeni legali si Conditii<\/a><\/p>\n<\/div>\n<\/section>\n<\/article>\n<p> Source URL: https:\/\/www.luju.ro\/periculoasa-manipulare-pentru-salvarea-judecatorilor-blatisti-din-ccr-inalta-curte-dezminte-alegatiile-ca-si-ar-fi-dat-acordul-sau-ca-ar-fi-validat-proiectul-de-lege-privind-pensiile-magistratilor-declaratiile-recente-inclusiv-cele-facute-de-domnul-hunor<\/p>\n","protected":false},"excerpt":{"rendered":"<p>PERICULOASA MANIPULARE PENTRU SALVAREA JUDECATORILOR BLATISTI DIN CCR \u2013 Inalta Curte dezminte alegatiile ca si-ar fi dat acordul sau ca ar fi validat proiectul de lege privind pensiile magistratilor: \u201cDeclaratiile recente, inclusiv cele facute de domnul Hunor Kelemen, care lasa impresia ca asupra acestui proiect ar fi existat o acceptare din partea Inaltei Curti, nu [&hellip;]<\/p>\n","protected":false},"author":1,"featured_media":797861,"comment_status":"open","ping_status":"","sticky":false,"template":"","format":"standard","meta":{"footnotes":""},"categories":[89],"tags":[114],"class_list":["post-797860","post","type-post","status-publish","format-standard","has-post-thumbnail","hentry","category-romania","tag-luju-ro"],"_links":{"self":[{"href":"https:\/\/analyse.optim.biz\/index.php?rest_route=\/wp\/v2\/posts\/797860","targetHints":{"allow":["GET"]}}],"collection":[{"href":"https:\/\/analyse.optim.biz\/index.php?rest_route=\/wp\/v2\/posts"}],"about":[{"href":"https:\/\/analyse.optim.biz\/index.php?rest_route=\/wp\/v2\/types\/post"}],"author":[{"embeddable":true,"href":"https:\/\/analyse.optim.biz\/index.php?rest_route=\/wp\/v2\/users\/1"}],"replies":[{"embeddable":true,"href":"https:\/\/analyse.optim.biz\/index.php?rest_route=%2Fwp%2Fv2%2Fcomments&post=797860"}],"version-history":[{"count":0,"href":"https:\/\/analyse.optim.biz\/index.php?rest_route=\/wp\/v2\/posts\/797860\/revisions"}],"wp:featuredmedia":[{"embeddable":true,"href":"https:\/\/analyse.optim.biz\/index.php?rest_route=\/wp\/v2\/media\/797861"}],"wp:attachment":[{"href":"https:\/\/analyse.optim.biz\/index.php?rest_route=%2Fwp%2Fv2%2Fmedia&parent=797860"}],"wp:term":[{"taxonomy":"category","embeddable":true,"href":"https:\/\/analyse.optim.biz\/index.php?rest_route=%2Fwp%2Fv2%2Fcategories&post=797860"},{"taxonomy":"post_tag","embeddable":true,"href":"https:\/\/analyse.optim.biz\/index.php?rest_route=%2Fwp%2Fv2%2Ftags&post=797860"}],"curies":[{"name":"wp","href":"https:\/\/api.w.org\/{rel}","templated":true}]}}