{"id":796440,"date":"2015-10-23T15:34:00","date_gmt":"2015-10-23T12:34:00","guid":{"rendered":"https:\/\/analyse.optim.biz\/?p=796440"},"modified":"2015-10-23T15:34:00","modified_gmt":"2015-10-23T12:34:00","slug":"au-clasat-1-000-de-asasinate-procurorii-care-au-musamalizat-crimele-din-decembrie-1989-trebuie-sa-intre-in-puscarie-dupa-ce-nu-a-facut-nimic-timp-de-25-de-ani-pentru-a-deconspira-criminalii","status":"publish","type":"post","link":"https:\/\/analyse.optim.biz\/?p=796440","title":{"rendered":"AU CLASAT 1.000 DE ASASINATE \u2013 Procurorii care au musamalizat crimele din decembrie 1989 trebuie sa intre in puscarie! Dupa ce nu a facut nimic timp de 25 de ani pentru a deconspira criminalii din &#8217;89, PICCJ si-a anuntat \u201eisprava\u201d: dosarul \u201eRevolutiei\u201d a fost clasat pe motiv de prescriptie. Cum mai pot sta in functii Procurorii Generali care au manageriat acest dosar in ultimii 10 ani: Laura Codruta Kovesi si Tiberiu Nitu? (Ordonanta de clasare)"},"content":{"rendered":"<article id=\"article-content\">\n<h1>AU CLASAT 1.000 DE ASASINATE \u2013 Procurorii care au musamalizat crimele din decembrie 1989 trebuie sa intre in puscarie! Dupa ce nu a facut nimic timp de 25 de ani pentru a deconspira criminalii din &#8217;89, PICCJ si-a anuntat \u201eisprava\u201d: dosarul \u201eRevolutiei\u201d a fost clasat pe motiv de prescriptie. Cum mai pot sta in functii Procurorii Generali care au manageriat acest dosar in ultimii 10 ani: Laura Codruta Kovesi si Tiberiu Nitu? (Ordonanta de clasare)<\/h1>\n<section id=\"article-info\">\n<p class=\"author\">Scris de: Razvan SAVALIUC &#8211; George TARATA | <a href=\"https:\/\/www.luju.ro\/au-clasat-1-000-de-asasinate-procurorii-care-au-musamalizat-crimele-din-decembrie-1989-trebuie-sa-intre-in-puscarie-dupa-ce-nu-a-facut-nimic-timp-de-25-de-ani-pentru-a-deconspira-criminalii-din-89-piccj-si-a-anuntat-isprava-dosarul-revolutiei-a-fost-clasa?pdf\" title=\"PDF\"><img decoding=\"async\" src=\"https:\/\/analyse.optim.biz\/wp-content\/uploads\/2025\/12\/pdf-260.png\" alt=\"pdf\" title=\"pdf-260\"><\/a> | <a href=\"https:\/\/www.luju.ro\/au-clasat-1-000-de-asasinate-procurorii-care-au-musamalizat-crimele-din-decembrie-1989-trebuie-sa-intre-in-puscarie-dupa-ce-nu-a-facut-nimic-timp-de-25-de-ani-pentru-a-deconspira-criminalii-din-89-piccj-si-a-anuntat-isprava-dosarul-revolutiei-a-fost-clasa?print=1\" class=\"external\" title=\"Imprimare\"><img decoding=\"async\" src=\"https:\/\/analyse.optim.biz\/wp-content\/uploads\/2025\/12\/print-260.png\" alt=\"print\" title=\"print-260\"><\/a><\/p>\n<div class=\"info flex-container\">\n<div class=\"date\">23 October 2015 15:34<\/div>\n<div>Vizualizari: 21679<\/div>\n<\/div>\n<\/section>\n<section id=\"article-body\">\n<section id=\"page\" class=\"cf\">\n<div>\n<p align=\"JUSTIFY\"><span><span><strong><img loading=\"lazy\" decoding=\"async\" src=\"https:\/\/analyse.optim.biz\/wp-content\/uploads\/2025\/12\/codruta-nitu_1-1.jpg\" width=\"400\" height=\"225\" title=\"codruta-nitu_1-1\">Iata dovada ca procurorii instalati sub regimul Basescu in fruntea marilor parchete nu au facut nimic pentru a-i trage la raspundere pe asasinii din decembrie 1989, vinovati de uciderea a peste 1.000 de persoane, ranirea a peste 5.000 si producerea de imense pagube materiale<\/strong><\/span>: <span><strong>dosarul \u201eRevolutiei\u201d a fost clasat!<\/strong><\/span><\/span><\/p>\n<p align=\"JUSTIFY\"><a href=\"http:\/\/juri.ro\/dosarul-revolutiei-clasarea-cauzei-ordonanta-nr-11-p-2014-din-14-10-2015-a-sectiei-parchetelor-militare-a-piccj-materialul-de-cercetare-efectuat-in-cauza-vizeaza-709-persoane-decedate-1-855-persoane-ranite-prin-impuscare-343-persoane-ranite-in-alte-imprej\" target=\"_blank\"><span><strong>Ordonanta de clasare a cauzei are 1.075 de pagini si poate fi citita aici.<\/strong><\/span><\/a><\/p>\n<p align=\"JUSTIFY\"><span>Circul necontenit al fostului presedinte Traian Basescu, care ba se ratoia la Codruta Kovesi, cand aceasta era Procuror General, ba la Tiberiu Nitu, caruia i-a dat un termen de gratie de un an sa rezolve \u201edosarele Revolutiei\u201d s-a dovedit o farsa simnistra pentru poporul roman. Surprinde faptul ca Laura Codruta Kovesi, care a fost timp de 6 ani Procuror General al Romaniei, iar apoi aproape 3 ani sefa la DNA, a fost superdecorata de Traian Basescu si ambasade ale unor puteri straine, desi, in acest caz, nu s-a remarcat prin altceva decat prin infirmarea in 2009 a solutiei de incepere a urmaririi penale dispuse de procurorii militari in dosarul \u201eRevolutiei\u201d. Asa cum a facut si in dosarul \u201eMineriadei\u201d. <\/span><\/p>\n<hr>\n<p align=\"JUSTIFY\"><span>In ceea ce-l priveste pe Tiberiu Nitu, acesta nu a facut nimic pentru a misca \u201edosarele Revolutiei\u201d, el fiind de altfel unul care in decembrie 1989, ca militar in termen, tragea cu arma in \u201einamicii\u201d din jurul Televiziunii Romane. <\/span><\/p>\n<p align=\"JUSTIFY\"><span>Amintim ca Uniunea Europeana, in procesul de monitorizare a Romaniei, a semnalat in repetate randuri manevrele unor procurori de a tine dosarele pana la prescriere, luandu-se masuri ferme in acest sens pe zona anticoruptie. Insasi Laura Codruta Kovesi, in mai multe randuri, a lasat sa se inteleaga ca daca vor exista judecatori care nu vor solutiona dosarele pana la termenul de prescriere va analiza posibilitatea deschiderii de dosare penale. Surprinzator, intr-un dosar in care este vorba de peste 1000 de crime, actuala sefa DNA nu mai da dovada de atata exigenta, ceea ce demonstreaza, in opinia noastra, ca nu este procurorul caruia i s-a creat o aura de Ioana d&#8217;Arc a Justitiei romane. <\/span><\/p>\n<p align=\"JUSTIFY\"><span>Cat despre procurorii care timp de 25 de ani au musamalizat crimele din decembrie 1989 si care au tinut la sertar dosarele \u201eRevolutiei\u201d, este evident ca acestia nu mai au ce sa caute in sistemul de Justitie. Ba mai mult, trebuie sa intre la puscarie!<\/span><\/p>\n<p align=\"JUSTIFY\"><span><strong>Clasare pe prescriptie<\/strong><\/span><\/p>\n<p align=\"JUSTIFY\"><span>Ministerul Public a emis, vineri 23 octombrie 2015, un comunicat de presa in care a anuntat clasarea dosarului \u201eRevolutiei\u201d, comunicatul fiind atasat integral la finalul articolului. Astfel, procurorii militari au dispus clasarea cauzei pe motiv ca faptele s-au prescris, ca nu sunt prevazute de legea penala, ca nu exista sau pe motiv de existenta a autoritatii de lucru judecat: <\/span><\/p>\n<p align=\"JUSTIFY\">\u201e<span><em><strong>In raport de rezultatul cercetarilor efectuate cu privire la fiecare victima in parte si de impedimentele procedurale referitoare la punerea in miscare si exercitarea actiunii penale in cauza, prin Ordonanta din 14.10.2015 s-a dispus<\/strong><\/em><\/span><span><em>:<\/em><\/span><\/p>\n<p align=\"JUSTIFY\"><span><em>&#8211;<span><strong>clasarea cauzei sub aspectul infractiunilor de propaganda de razboi, genocid, tratamente neomenoase, infractiuni de razboi contra proprietatii si altor drepturi, respectiv infractiuni contra umanitatii, retinandu-se ca faptele cercetate nu sunt prevazute de legea penala, nefiind caracterizate de tipicitate in raport cu normele legale incriminatoare<\/strong><\/span>.<\/em><\/span><\/p>\n<p align=\"JUSTIFY\"><span><em>&#8211;<span><strong>clasarea cauzei sub aspectul infractiunii de omor, tentativa de omor si instigare la infractiunea de omor, retinandu-se, dupa caz, implinirea termenului de prescriptie a raspunderii penale sau existenta autoritatii de lucru judecat, dar si faptul ca decesul nu s-a datorat unei fapte prevazute de legea penala sau ca fapta nu exista<\/strong><\/span>;<\/em><\/span><\/p>\n<p align=\"JUSTIFY\"><span><em>&#8211;<span><strong>clasarea cauzei sub aspectul infractiunii de ucidere din culpa, retinandu-se ca faptele nu sunt prevazute de legea penala<\/strong><\/span>;<\/em><\/span><\/p>\n<p align=\"JUSTIFY\"><span><em>&#8211;<span><strong>clasarea cauzei sub aspectul infractiunii de lovire sau alte violente si instigare la infractiunea de lovire sau alte violente, retinandu-se, dupa caz, ca fapta nu exista sau nu este prevazuta de legea penala, respectiv ca s-a implinit termenul de prescriptie a raspunderii penale<\/strong><\/span>; <\/em><\/span><\/p>\n<p align=\"JUSTIFY\"><span><em>&#8211;<span><strong>clasarea cauzei sub aspectul infractiunii de vatamare corporala si instigare la infractiunea de vatamare corporala, retinandu-se ca s-a implinit termenul de prescriptie a raspunderii penale<\/strong><\/span>;<\/em><\/span><\/p>\n<p align=\"JUSTIFY\"><span><em>&#8211;<span><strong>clasarea cauzei sub aspectul infractiunii de lipsire de libertate in mod ilegal si instigare la infractiunea de lipsire de libertate in mod ilegal, retinandu-se, dupa caz, implinirea termenului de prescriptie a raspunderii penale sau existenta autoritatii de lucru judecat, dar si existenta unei cauze de neimputabilitate, respectiv eroarea<\/strong><\/span>;<\/em><\/span><\/p>\n<p align=\"JUSTIFY\"><span><em>&#8211;<span><strong>clasarea cauzei sub aspectul infractiunii de furt si distrugere, retinandu-se implinirea termenului de prescriptie a raspunderii penale<\/strong><\/span>;<\/em><\/span><\/p>\n<p align=\"JUSTIFY\"><span><em>&#8211;<span><strong>clasarea cauzei sub aspectul infractiunii de ultraj, retinandu-se implinirea termenului de prescriptie a raspunderii penale<\/strong><\/span>;<\/em><\/span><\/p>\n<p align=\"JUSTIFY\"><span><em>&#8211;<\/em><span><em><strong>clasare cauzei sub aspectul infractiunii de purtare abuziva si instigare la infractiunea de purtare abuziva, retinandu-se ca a intervenit amnistia<\/strong><\/em><\/span>\u201d.<\/span><\/p>\n<p align=\"JUSTIFY\"><a href=\"http:\/\/juri.ro\/piccj-a-anuntat-clasarea-dosarului-revolutiei\" target=\"_blank\"><span><span><strong>*Cititi aici integral comunicatul PICCJ<\/strong><\/span><\/span><\/a><\/p>\n<\/div>\n<\/section>\n<\/section>\n<section id=\"comments-boxes\">\n<div class=\"heading\">\n<h2>Comentarii<\/h2>\n<\/div>\n<div class=\"comment\" id=\"comentariu-179273\">\n<div class=\"commentBody\">\n<div class=\"commentDate\">\n<p class=\"comment-details cf\"><span class=\"comment-id\"><br \/>\n\t\t\t\t\t\t\t\t#<br \/>\n\t\t\t\t\t\t\t\t<strong>Catalin Racaceanu<\/strong><img decoding=\"async\" src=\"https:\/\/analyse.optim.biz\/wp-content\/uploads\/2025\/12\/calendar-244.png\" alt=\"date\" title=\"calendar-244\"><br \/>\n\t\t\t\t\t\t\t\t23 October 2015 13:59<br \/>\n\t\t\t\t\t\t\t<\/span><span class=\"comment-quality cf\"><span class=\"green\">+8<\/span><\/span><\/p>\n<\/div>\n<div class=\"commentContent\">Stau bine-merci pe o gramada de bani&#8230;\n<\/div>\n<ul class=\"cf cactions\">\n<li><a class=\"comment-179273\" href rel=\"raspunde\" title=\"Raspunde\">Raspunde<\/a><\/li>\n<li>|<\/li>\n<li><a href class=\"comment-179273\" rel=\"raspunde-citeaza\" title=\"Raspunde cu citat\">Raspunde cu citat<\/a><\/li>\n<li>|<\/li>\n<li><a href class=\"comment-179273\" title=\"Citat\" rel=\"citeaza\">Citat<\/a><\/li>\n<\/ul>\n<\/div>\n<div class=\"sub-comment\" id=\"comentariu-179298\">\n<div class=\"commentBody\">\n<div class=\"commentDate\">\n<p class=\"comment-details cf\"><span class=\"comment-id\"><br \/>\n\t\t\t\t\t\t\t\t#<br \/>\n\t\t\t\t\t\t\t\t<strong>Nitu e suspect ca &#8230; . Ce era sa faca <\/strong><img decoding=\"async\" src=\"https:\/\/analyse.optim.biz\/wp-content\/uploads\/2025\/12\/calendar-244.png\" alt=\"date\" title=\"calendar-244\"><br \/>\n\t\t\t\t\t\t\t\t23 October 2015 16:54<br \/>\n\t\t\t\t\t\t\t<\/span><span class=\"comment-quality cf\"><span class=\"green\">+10<\/span><\/span><\/p>\n<\/div>\n<div class=\"commentContent\">Ni\u0163u e suspect c\u0103 a \u00eempu\u015fcat oameni la Revolu\u0163ie, c\u0103 a tras, Procurorul general. Era \u00een trupele de securitate \u015fi a tras \u00eenspre Doroban\u0163i unde se mi\u015fcau terori\u015fti. Probabil c\u0103 a \u00eempu\u015fcat c\u00e2\u0163iva terori\u015fti, ce s\u0103 fac\u0103.<\/div>\n<ul class=\"cf cactions\">\n<li><a class=\"comment-179298\" href rel=\"raspunde\" title=\"Raspunde\">Raspunde<\/a><\/li>\n<li>|<\/li>\n<li><a href class=\"comment-179298\" rel=\"raspunde-citeaza\" title=\"Raspunde cu citat\">Raspunde cu citat<\/a><\/li>\n<li>|<\/li>\n<li><a href class=\"comment-179298\" title=\"Citat\" rel=\"citeaza\">Citat<\/a><\/li>\n<\/ul>\n<\/div>\n<div class=\"sub-comment\" id=\"comentariu-179306\">\n<div class=\"commentBody\">\n<div class=\"commentDate\">\n<p class=\"comment-details cf\"><span class=\"comment-id\"><br \/>\n\t\t\t\t\t\t\t\t#<br \/>\n\t\t\t\t\t\t\t\t<strong>obiectiva<\/strong><img decoding=\"async\" src=\"https:\/\/analyse.optim.biz\/wp-content\/uploads\/2025\/12\/calendar-244.png\" alt=\"date\" title=\"calendar-244\"><br \/>\n\t\t\t\t\t\t\t\t23 October 2015 19:03<br \/>\n\t\t\t\t\t\t\t<\/span><span class=\"comment-quality cf\"><span class=\"green\">+2<\/span><\/span><\/p>\n<\/div>\n<div class=\"commentContent\">\u00cen \u201dDosarul Revolu\u021biei\u201d, instrumentat de procurorii militari din Parchetul Instan\u021bei Supreme, au fost f\u0103cute cercet\u0103ri privind 709 mor\u0163i, 2.198 de r\u0103ni\u0163i, dintre care 1.855 \u00eempu\u015fca\u0163i, \u015fi 924 de re\u0163inu\u0163i. Alina Mungiu-Pippidi cere s\u0103 se deschis\u0103 o anchet\u0103 \u00eempotriva celor care au &#8220;\u00eengropat&#8221; dosarul Revolu\u021biei. Generalul Dan Voinea: Solu\u021bia de clasare este complet nelegal\u0103! M\u0103rie\u0219 \u00eel acuz\u0103 pe Ni\u021bu: &#8220;Pe ultima sut\u0103 de metri a dat o satisfac\u021bie \u00eentregului sistem care l-a promovat, avansat \u0219i protejat timp de 25 de ani pentru faptul c\u0103 \u00een 21 \u0219i 22 decembrie 1989 a tras \u00een Bucure\u0219ti la Televiziunea Rom\u00e2n\u0103, conform propriei lui declara\u021bii&#8221;<\/div>\n<ul class=\"cf cactions\">\n<li><a class=\"comment-179306\" href rel=\"raspunde\" title=\"Raspunde\">Raspunde<\/a><\/li>\n<li>|<\/li>\n<li><a href class=\"comment-179306\" rel=\"raspunde-citeaza\" title=\"Raspunde cu citat\">Raspunde cu citat<\/a><\/li>\n<li>|<\/li>\n<li><a href class=\"comment-179306\" title=\"Citat\" rel=\"citeaza\">Citat<\/a><\/li>\n<\/ul>\n<\/div>\n<div class=\"sub-comment\" id=\"comentariu-179309\">\n<div class=\"commentBody\">\n<div class=\"commentDate\">\n<p class=\"comment-details cf\"><span class=\"comment-id\"><br \/>\n\t\t\t\t\t\t\t\t#<br \/>\n\t\t\t\t\t\t\t\t<strong>ARGUS<\/strong><img decoding=\"async\" src=\"https:\/\/analyse.optim.biz\/wp-content\/uploads\/2025\/12\/calendar-244.png\" alt=\"date\" title=\"calendar-244\"><br \/>\n\t\t\t\t\t\t\t\t23 October 2015 20:09<br \/>\n\t\t\t\t\t\t\t<\/span><span class=\"comment-quality cf\"><span class=\"green\">+4<\/span><\/span><\/p>\n<\/div>\n<div class=\"commentContent\">Te salut,obiectivo!Te rog,nu mai aminti de Voinea.Asta,facand jocurile imediat dupa dec.1989,participand la anchete si fiind,atunci,omul FSN,dupa ce nu a fost numit nici sef al parchetelor militare,nici sef la SRI,nici ministru de justitie si nici procuror general,a intors-o ca la Ploiesti .De ce nu ne spune adevarul despre teroristii din decembrie?Dupa dec.89 \u00a0a fost numit sef la Directia a 6-a a Securitatii,dar nu a facutnimic.Acum se da mare exeget al Revolutiei,uitand de mascarada facuta de el cu rechizitoriul la adresa Ceausestilor.Si student sa fi fost si nu inventa acele infractiuni.In \u00a0orice situatie,putina demnitate si deontologie profesionala este necesara.Voinea nu le-a avut si acum se da cocos.Cat despre Nitu,o sa-ti scriu cu alta ocazie.Cum ti-am mai zis:mi-e dor de injuraturile tale de naparca aurie.<\/div>\n<ul class=\"cf cactions\">\n<li><a class=\"comment-179309\" href rel=\"raspunde\" title=\"Raspunde\">Raspunde<\/a><\/li>\n<li>|<\/li>\n<li><a href class=\"comment-179309\" rel=\"raspunde-citeaza\" title=\"Raspunde cu citat\">Raspunde cu citat<\/a><\/li>\n<li>|<\/li>\n<li><a href class=\"comment-179309\" title=\"Citat\" rel=\"citeaza\">Citat<\/a><\/li>\n<\/ul>\n<\/div>\n<div class=\"sub-comment\" id=\"comentariu-179317\">\n<div class=\"commentBody\">\n<div class=\"commentDate\">\n<p class=\"comment-details cf\"><span class=\"comment-id\"><br \/>\n\t\t\t\t\t\t\t\t#<br \/>\n\t\t\t\t\t\t\t\t<strong>obiectiva<\/strong><img decoding=\"async\" src=\"https:\/\/analyse.optim.biz\/wp-content\/uploads\/2025\/12\/calendar-244.png\" alt=\"date\" title=\"calendar-244\"><br \/>\n\t\t\t\t\t\t\t\t23 October 2015 21:56<br \/>\n\t\t\t\t\t\t\t<\/span><span class=\"comment-quality cf\"><span class=\"green\">+1<\/span><\/span><\/p>\n<\/div>\n<div class=\"commentContent\">@argus, confuziune totala &#8230;&#8230;.daca ma confuzi cu naparca aurie  <img decoding=\"async\" src=\"https:\/\/analyse.optim.biz\/wp-content\/uploads\/2025\/12\/sick-279.gif\" alt=\":-x\" title=\"sick-279\"> , te inseli amarnic&#8230;.aia e nauca&#8230;.. <img decoding=\"async\" src=\"https:\/\/analyse.optim.biz\/wp-content\/uploads\/2025\/12\/sick-279.gif\" alt=\":-x\" title=\"sick-279\">  NU AM TIMP DE INJURATURI, nici macar la adresa ta, mai asteapta, \u00a0acum sunt ocupata cu aliantele in vederea pregatirii ARMAGEDDON ului&#8230;.. <img decoding=\"async\" src=\"https:\/\/analyse.optim.biz\/wp-content\/uploads\/2025\/12\/tongue-278.gif\" alt=\":P\" title=\"tongue-278\"><img decoding=\"async\" src=\"https:\/\/analyse.optim.biz\/wp-content\/uploads\/2025\/12\/tongue-278.gif\" alt=\":P\" title=\"tongue-278\"><img decoding=\"async\" src=\"https:\/\/analyse.optim.biz\/wp-content\/uploads\/2025\/12\/tongue-278.gif\" alt=\":P\" title=\"tongue-278\">\u00a0 :-\u00a0<\/div>\n<ul class=\"cf cactions\">\n<li><a class=\"comment-179317\" href rel=\"raspunde\" title=\"Raspunde\">Raspunde<\/a><\/li>\n<li>|<\/li>\n<li><a href class=\"comment-179317\" rel=\"raspunde-citeaza\" title=\"Raspunde cu citat\">Raspunde cu citat<\/a><\/li>\n<li>|<\/li>\n<li><a href class=\"comment-179317\" title=\"Citat\" rel=\"citeaza\">Citat<\/a><\/li>\n<\/ul>\n<\/div>\n<\/div>\n<div class=\"sub-comment\" id=\"comentariu-179322\">\n<div class=\"commentBody\">\n<div class=\"commentDate\">\n<p class=\"comment-details cf\"><span class=\"comment-id\"><br \/>\n\t\t\t\t\t\t\t\t#<br \/>\n\t\t\t\t\t\t\t\t<strong>obiectiva<\/strong><img decoding=\"async\" src=\"https:\/\/analyse.optim.biz\/wp-content\/uploads\/2025\/12\/calendar-244.png\" alt=\"date\" title=\"calendar-244\"><br \/>\n\t\t\t\t\t\t\t\t23 October 2015 22:40<br \/>\n\t\t\t\t\t\t\t<\/span><span class=\"comment-quality cf\"><span class=\"green\">+9<\/span><\/span><\/p>\n<\/div>\n<div class=\"commentContent\">EU NU INTELEG NIMIC, REVOLUTIA DIN DEC. 1989 ESTE PRESCRISA, DAR MINERIADELE DIN IUNIE 1990, NUUUUUUUU ???? pai, nu le despart decat 6 luni ! nu 60 de ani !\u00a0<\/div>\n<ul class=\"cf cactions\">\n<li><a class=\"comment-179322\" href rel=\"raspunde\" title=\"Raspunde\">Raspunde<\/a><\/li>\n<li>|<\/li>\n<li><a href class=\"comment-179322\" rel=\"raspunde-citeaza\" title=\"Raspunde cu citat\">Raspunde cu citat<\/a><\/li>\n<li>|<\/li>\n<li><a href class=\"comment-179322\" title=\"Citat\" rel=\"citeaza\">Citat<\/a><\/li>\n<\/ul>\n<\/div>\n<div class=\"sub-comment\" id=\"comentariu-179333\">\n<div class=\"commentBody\">\n<div class=\"commentDate\">\n<p class=\"comment-details cf\"><span class=\"comment-id\"><br \/>\n\t\t\t\t\t\t\t\t#<br \/>\n\t\t\t\t\t\t\t\t<strong>Martian Roman<\/strong><img decoding=\"async\" src=\"https:\/\/analyse.optim.biz\/wp-content\/uploads\/2025\/12\/calendar-244.png\" alt=\"date\" title=\"calendar-244\"><br \/>\n\t\t\t\t\t\t\t\t24 October 2015 09:06<br \/>\n\t\t\t\t\t\t\t<\/span><span class=\"comment-quality cf\"><span class=\"green\">+2<\/span><\/span><\/p>\n<\/div>\n<div class=\"commentContent\">Marele secret, vizibil si de pe Marte, este acela ca,in cazul mineriadei, procurorii au optat pt schimbarea incadrarii juridice in &#8220;infractiuni contra umanitatii&#8221; care nu doar ca sunt imprescriptibile ci au si o rezonanta grava si dramatica in mentalul colectiv al publicului votac, dornic de spectacol; o &#8221; magie&#8221; adaptata necesitatii de a mai continua putin, cu noi episoade, &#8220;The neverending story&#8221; si eventual sa paseze &#8220;pisica&#8221; instantei de judecata.  <img decoding=\"async\" src=\"https:\/\/analyse.optim.biz\/wp-content\/uploads\/2025\/12\/wink-266.gif\" alt=\";-)\" title=\"wink-266\"> In schimb, in Dosarul Revolutiei 11\/P\/2014(data fiind complexitatea acestuia prin&#8221;conexarea&#8221; a vreo 4544 de dosare) procurorii s-au gandit ca mai au si alte treburi de facut dupa un sfert de veac de la evenimente decat sa audieze pana la pensie, iar si iar, martori si presupusi faptuitori, din ce in ce mai inventivi sau uituci in declaratii. Si au decis ca de Revolutie,de acu&#8217; incolo, sa se ocupe istoricii, ca lor li s-a acrit. <img decoding=\"async\" src=\"https:\/\/analyse.optim.biz\/wp-content\/uploads\/2025\/12\/cool-275.gif\" alt=\"8)\" title=\"cool-275\"><\/div>\n<ul class=\"cf cactions\">\n<li><a class=\"comment-179333\" href rel=\"raspunde\" title=\"Raspunde\">Raspunde<\/a><\/li>\n<li>|<\/li>\n<li><a href class=\"comment-179333\" rel=\"raspunde-citeaza\" title=\"Raspunde cu citat\">Raspunde cu citat<\/a><\/li>\n<li>|<\/li>\n<li><a href class=\"comment-179333\" title=\"Citat\" rel=\"citeaza\">Citat<\/a><\/li>\n<\/ul>\n<\/div>\n<div class=\"sub-comment\" id=\"comentariu-179348\">\n<div class=\"commentBody\">\n<div class=\"commentDate\">\n<p class=\"comment-details cf\"><span class=\"comment-id\"><br \/>\n\t\t\t\t\t\t\t\t#<br \/>\n\t\t\t\t\t\t\t\t<strong>obiectiva<\/strong><img decoding=\"async\" src=\"https:\/\/analyse.optim.biz\/wp-content\/uploads\/2025\/12\/calendar-244.png\" alt=\"date\" title=\"calendar-244\"><br \/>\n\t\t\t\t\t\t\t\t24 October 2015 19:44<br \/>\n\t\t\t\t\t\t\t<\/span><span class=\"comment-quality cf\"><span class=\"green\">+1<\/span><\/span><\/p>\n<\/div>\n<div class=\"commentContent\">ba eu cred si sunt convinsa ca DOSARUL REVOLUTIEI A FOST CLASAT ca sa nu iasa la iveala faptul ca a fost implicat MOSSAD ul, daca ar fi fost implicat doar \u00a0KGB ul, ar fi continuat&#8230;..tocmai ce fuse ZGONEA sa se dea cu capul de zidul plangerii&#8230;&#8230;astia iau lumina NU de la SUA, ci de la ISRAHELL&#8230;&#8230;.\u00a0 <img decoding=\"async\" src=\"https:\/\/analyse.optim.biz\/wp-content\/uploads\/2025\/12\/sick-279.gif\" alt=\":-x\" title=\"sick-279\"><img decoding=\"async\" src=\"https:\/\/analyse.optim.biz\/wp-content\/uploads\/2025\/12\/sick-279.gif\" alt=\":-x\" title=\"sick-279\"><img decoding=\"async\" src=\"https:\/\/analyse.optim.biz\/wp-content\/uploads\/2025\/12\/sick-279.gif\" alt=\":-x\" title=\"sick-279\"><\/div>\n<ul class=\"cf cactions\">\n<li><a class=\"comment-179348\" href rel=\"raspunde\" title=\"Raspunde\">Raspunde<\/a><\/li>\n<li>|<\/li>\n<li><a href class=\"comment-179348\" rel=\"raspunde-citeaza\" title=\"Raspunde cu citat\">Raspunde cu citat<\/a><\/li>\n<li>|<\/li>\n<li><a href class=\"comment-179348\" title=\"Citat\" rel=\"citeaza\">Citat<\/a><\/li>\n<\/ul>\n<\/div>\n<div class=\"sub-comment\" id=\"comentariu-179361\">\n<div class=\"commentBody\">\n<div class=\"commentDate\">\n<p class=\"comment-details cf\"><span class=\"comment-id\"><br \/>\n\t\t\t\t\t\t\t\t#<br \/>\n\t\t\t\t\t\t\t\t<strong>Martian Roman<\/strong><img decoding=\"async\" src=\"https:\/\/analyse.optim.biz\/wp-content\/uploads\/2025\/12\/calendar-244.png\" alt=\"date\" title=\"calendar-244\"><br \/>\n\t\t\t\t\t\t\t\t25 October 2015 11:39<br \/>\n\t\t\t\t\t\t\t<\/span><span class=\"comment-quality cf\"><span class=\"gray\">0<\/span><\/span><\/p>\n<\/div>\n<div class=\"commentContent\">De ce nu si extraterestri sa fi fost implicati???Nu li se poate reprosa procurorilor militari ca n-au analizat materialul de cercetare efectuat pana la ei in Dosarul11\/P\/2014.La pag.24-29 enunta sintetic care este obiectul dosarului.Iar dupa consideratiile generale privind infractiunile contra umanitatii (p.1014-1031), explica de ce termenul de prescriptie s-a implinit in decembrie 2004. Pe scurt : ce au inceput unii procurori in 7.12.2004 (cu cateva zile inainte sa se implineasca termenul de prescriptie), mai apoi, peste 4-5 ani, au infirmat alti procurori, pe motiv ca aia care au inceput, au inceput prost.<\/div>\n<ul class=\"cf cactions\">\n<li><a class=\"comment-179361\" href rel=\"raspunde\" title=\"Raspunde\">Raspunde<\/a><\/li>\n<li>|<\/li>\n<li><a href class=\"comment-179361\" rel=\"raspunde-citeaza\" title=\"Raspunde cu citat\">Raspunde cu citat<\/a><\/li>\n<li>|<\/li>\n<li><a href class=\"comment-179361\" title=\"Citat\" rel=\"citeaza\">Citat<\/a><\/li>\n<\/ul>\n<\/div>\n<\/div>\n<\/div>\n<\/div>\n<\/div>\n<div class=\"sub-comment\" id=\"comentariu-179345\">\n<div class=\"commentBody\">\n<div class=\"commentDate\">\n<p class=\"comment-details cf\"><span class=\"comment-id\"><br \/>\n\t\t\t\t\t\t\t\t#<br \/>\n\t\t\t\t\t\t\t\t<strong>obiectiva<\/strong><img decoding=\"async\" src=\"https:\/\/analyse.optim.biz\/wp-content\/uploads\/2025\/12\/calendar-244.png\" alt=\"date\" title=\"calendar-244\"><br \/>\n\t\t\t\t\t\t\t\t24 October 2015 17:24<br \/>\n\t\t\t\t\t\t\t<\/span><span class=\"comment-quality cf\"><span class=\"green\">+5<\/span><\/span><\/p>\n<\/div>\n<div class=\"commentContent\">ALERTA DE GRAD ZERO&#8230;&#8230;.ISRAHELLIENII VOR SA DISTRUGA SFINX ul din BUCEGI, cum a procedat ISIS cu vestigiile antice&#8230;A \u00eenceput palestinizarea Rom\u00e2niei, dupa ce multi magnati evrei s-au ales cu majoritatea hotelurilor si din multe statiuni turistice, . acum vor sa acapreze si parcul national Bucegi<\/p>\n<p>Pe Agentia de stiri Yahoo-News a aparut in aceste zile o stire care a trecut neobservata comentatorilor: o noua statiune montana in Romania la Nucet. La prima impresie pare a fi un proiect turistic obisnuit.Cu toate ca el iese din tiparele obisnuite.Ecologistii s-ar putea intreba de ce este nevoie sa defrisam alte 200 hectare de padure montana cand avem destule statiuni turistice ce zac in paragina si nici un investitor strategic nu le preia pentu a fi salvate.De ce Guvernul nu incredinteaza evreilor doritori sa faca turism in Romania o astfel de statiune.Intrebarea are un singur raspuns.In spatele acestui obiectiv turistic se ascunde prima colonie evreiasca in Romania \u00a0<\/p><\/div>\n<ul class=\"cf cactions\">\n<li><a class=\"comment-179345\" href rel=\"raspunde\" title=\"Raspunde\">Raspunde<\/a><\/li>\n<li>|<\/li>\n<li><a href class=\"comment-179345\" rel=\"raspunde-citeaza\" title=\"Raspunde cu citat\">Raspunde cu citat<\/a><\/li>\n<li>|<\/li>\n<li><a href class=\"comment-179345\" title=\"Citat\" rel=\"citeaza\">Citat<\/a><\/li>\n<\/ul>\n<\/div>\n<div class=\"sub-comment\" id=\"comentariu-179349\">\n<div class=\"commentBody\">\n<div class=\"commentDate\">\n<p class=\"comment-details cf\"><span class=\"comment-id\"><br \/>\n\t\t\t\t\t\t\t\t#<br \/>\n\t\t\t\t\t\t\t\t<strong>obiectiva<\/strong><img decoding=\"async\" src=\"https:\/\/analyse.optim.biz\/wp-content\/uploads\/2025\/12\/calendar-244.png\" alt=\"date\" title=\"calendar-244\"><br \/>\n\t\t\t\t\t\t\t\t24 October 2015 20:55<br \/>\n\t\t\t\t\t\t\t<\/span><span class=\"comment-quality cf\"><span class=\"green\">+2<\/span><\/span><\/p>\n<\/div>\n<div class=\"commentContent\">chiar daca nu il vor distruge, vor INGRADI PROPRIETATEA LOR&#8230;&#8230;.pe veci, ne vor impusca daca sarim parleazul, si noi nu vom mai avea acces la SFINX si la BUCEGI. ne RAPESC AXIS MUNDI AL POPORULUI ROMAN&#8230;&#8230;&#8230;in vreo 200 de ani vom invata ca , de fapt, aici este poporul evreu&#8230;&#8230;proprietar de drept&#8230;si ca primii zei sunt MOISE&#8230;..si DAVID&#8230;.. <img decoding=\"async\" src=\"https:\/\/analyse.optim.biz\/wp-content\/uploads\/2025\/12\/shocked-279.gif\" alt=\":eek:\" title=\"shocked-279\"><img decoding=\"async\" src=\"https:\/\/analyse.optim.biz\/wp-content\/uploads\/2025\/12\/shocked-279.gif\" alt=\":eek:\" title=\"shocked-279\"><img decoding=\"async\" src=\"https:\/\/analyse.optim.biz\/wp-content\/uploads\/2025\/12\/shocked-279.gif\" alt=\":eek:\" title=\"shocked-279\"><\/div>\n<ul class=\"cf cactions\">\n<li><a class=\"comment-179349\" href rel=\"raspunde\" title=\"Raspunde\">Raspunde<\/a><\/li>\n<li>|<\/li>\n<li><a href class=\"comment-179349\" rel=\"raspunde-citeaza\" title=\"Raspunde cu citat\">Raspunde cu citat<\/a><\/li>\n<li>|<\/li>\n<li><a href class=\"comment-179349\" title=\"Citat\" rel=\"citeaza\">Citat<\/a><\/li>\n<\/ul>\n<\/div>\n<div class=\"sub-comment\" id=\"comentariu-179354\">\n<div class=\"commentBody\">\n<div class=\"commentDate\">\n<p class=\"comment-details cf\"><span class=\"comment-id\"><br \/>\n\t\t\t\t\t\t\t\t#<br \/>\n\t\t\t\t\t\t\t\t<strong>obiectiva<\/strong><img decoding=\"async\" src=\"https:\/\/analyse.optim.biz\/wp-content\/uploads\/2025\/12\/calendar-244.png\" alt=\"date\" title=\"calendar-244\"><br \/>\n\t\t\t\t\t\t\t\t24 October 2015 22:40<br \/>\n\t\t\t\t\t\t\t<\/span><span class=\"comment-quality cf\"><span class=\"gray\">0<\/span><\/span><\/p>\n<\/div>\n<div class=\"commentContent\">&#8220;Ce anume caut\u0103 israelienii \u00een arhivele armatei p\u00e2n\u0103 \u00een 1964 dac\u0103 nu am avut Holocaust iar evreii au fost \u201epersecuta\u0163i\u201d doar un an de zile? Cine poate r\u0103spunde, domnul Du\u015fa, cel care a semnat documentul, sau domnul Oprea, cel care conducea armata pe c\u00e2nd paranormalii israelieni cercetau Bucegii \u015fi o \u201ecoordoneaz\u0103\u201d acuma ?&#8220;`<\/div>\n<ul class=\"cf cactions\">\n<li><a class=\"comment-179354\" href rel=\"raspunde\" title=\"Raspunde\">Raspunde<\/a><\/li>\n<li>|<\/li>\n<li><a href class=\"comment-179354\" rel=\"raspunde-citeaza\" title=\"Raspunde cu citat\">Raspunde cu citat<\/a><\/li>\n<li>|<\/li>\n<li><a href class=\"comment-179354\" title=\"Citat\" rel=\"citeaza\">Citat<\/a><\/li>\n<\/ul>\n<\/div>\n<\/div>\n<div class=\"sub-comment\" id=\"comentariu-179358\">\n<div class=\"commentBody\">\n<div class=\"commentDate\">\n<p class=\"comment-details cf\"><span class=\"comment-id\"><br \/>\n\t\t\t\t\t\t\t\t#<br \/>\n\t\t\t\t\t\t\t\t<strong>obiectiva<\/strong><img decoding=\"async\" src=\"https:\/\/analyse.optim.biz\/wp-content\/uploads\/2025\/12\/calendar-244.png\" alt=\"date\" title=\"calendar-244\"><br \/>\n\t\t\t\t\t\t\t\t24 October 2015 23:42<br \/>\n\t\t\t\t\t\t\t<\/span><span class=\"comment-quality cf\"><span class=\"gray\">0<\/span><\/span><\/p>\n<\/div>\n<div class=\"commentContent\">NU RATATI EMISIUNEA DIN 25.10.2015 ROMANIA, TE IUBESC..ASTA DACA NU VOI PROVOCA PANA MAINE UN CUTREMUR&#8230;.&#8220;`Chiar dac\u0103 sun\u0103 a SF este crunta realitate ! Sfinxul din Bucegi va fi mutat pentru c\u0103 \u201dproprietarul\u201d dore\u0219te s\u0103 construiasc\u0103 cartiere reziden\u021biale, vile, hoteluri \u0219i cine mai \u0219tie ce.<br \/>\n\u00a0<\/p>\n<p>Vom afla multe \u201dnout\u0103\u021bi\u201d Duminic\u0103 25 octombrie de la ora 18.00 la Rom\u00e2nia Te Iubesc la PRO TV<br \/>\nDuminica, 25 octombrie, ora 18:00, va invitam sa descoperiti muntii nostri \u2013 t<br \/>\nPosted by ROMANIA, TE IUBESC! on 20 Octombrie 2015<\/p>\n<p>\u00a0<\/p>\n<p>Directorul Parcului Natural Bucegi declar\u0103 :<\/p>\n<p>\u201d Proprietarul a spus c\u0103 dac\u0103-mi trebuie Sfinxul pot s\u0103 mi-l mut in alt\u0103 parte \u201d \u00a0\u2026<\/p>\n<p>De vis ur\u00e2t !<\/p>\n<p>M\u0103 intreb \u0219i eu a\u0219a, a prost \u2026 Cum este posibil TOVAR\u0102\u0218U\u2019 Director s\u0103 i\u021bi spun\u0103 cineva a\u0219a ceva \u0219i tu s\u0103 TACI ?<\/p>\n<p>P\u00e2n\u0103 acum ar fi trebuit s\u0103 vuiasc\u0103 presa, televiziunile, guvernul, UE, Natura 2000, toate pornite de la sesizarea TA , domnu\u2019 Director, nicidecum pentru c\u0103 te-a intrebat cineva din m<\/p><\/div>\n<ul class=\"cf cactions\">\n<li><a class=\"comment-179358\" href rel=\"raspunde\" title=\"Raspunde\">Raspunde<\/a><\/li>\n<li>|<\/li>\n<li><a href class=\"comment-179358\" rel=\"raspunde-citeaza\" title=\"Raspunde cu citat\">Raspunde cu citat<\/a><\/li>\n<li>|<\/li>\n<li><a href class=\"comment-179358\" title=\"Citat\" rel=\"citeaza\">Citat<\/a><\/li>\n<\/ul>\n<\/div>\n<\/div>\n<\/div>\n<div class=\"sub-comment\" id=\"comentariu-179359\">\n<div class=\"commentBody\">\n<div class=\"commentDate\">\n<p class=\"comment-details cf\"><span class=\"comment-id\"><br \/>\n\t\t\t\t\t\t\t\t#<br \/>\n\t\t\t\t\t\t\t\t<strong>obiectiva<\/strong><img decoding=\"async\" src=\"https:\/\/analyse.optim.biz\/wp-content\/uploads\/2025\/12\/calendar-244.png\" alt=\"date\" title=\"calendar-244\"><br \/>\n\t\t\t\t\t\t\t\t25 October 2015 00:04<br \/>\n\t\t\t\t\t\t\t<\/span><span class=\"comment-quality cf\"><span class=\"green\">+1<\/span><\/span><\/p>\n<\/div>\n<div class=\"commentContent\">ROMANIA, TE IUBESC!<br \/>\n1 hr \u00b7\u00a0<br \/>\nAvantul imobiliar in muntii Bucegi sfideaza orice regula: de la lege la bun simt. Anca Nastasi va introduce in culisele unui business murdar: pornit inca din ianuarie 1990, pe cand inca se tragea la Revolutie. Cum s-au transformat pasunile si padurile in teren intravilan si parcelat, cum s-a defrisat si cum cerceteaza DNA autorii distrugerilor, cum incalca legea tocmai cei alesi sau angajati de noi sa protejeze natura si cat de nefaste sunt efectele pe termen lung, vedeti la &#8220;Romania, te iubesc!&#8221;, maine, ora 18:00,. ProTV.<\/div>\n<ul class=\"cf cactions\">\n<li><a class=\"comment-179359\" href rel=\"raspunde\" title=\"Raspunde\">Raspunde<\/a><\/li>\n<li>|<\/li>\n<li><a href class=\"comment-179359\" rel=\"raspunde-citeaza\" title=\"Raspunde cu citat\">Raspunde cu citat<\/a><\/li>\n<li>|<\/li>\n<li><a href class=\"comment-179359\" title=\"Citat\" rel=\"citeaza\">Citat<\/a><\/li>\n<\/ul>\n<\/div>\n<\/div>\n<\/div>\n<\/div>\n<div class=\"sub-comment\" id=\"comentariu-179320\">\n<div class=\"commentBody\">\n<div class=\"commentDate\">\n<p class=\"comment-details cf\"><span class=\"comment-id\"><br \/>\n\t\t\t\t\t\t\t\t#<br \/>\n\t\t\t\t\t\t\t\t<strong>obiectiva<\/strong><img decoding=\"async\" src=\"https:\/\/analyse.optim.biz\/wp-content\/uploads\/2025\/12\/calendar-244.png\" alt=\"date\" title=\"calendar-244\"><br \/>\n\t\t\t\t\t\t\t\t23 October 2015 22:35<br \/>\n\t\t\t\t\t\t\t<\/span><span class=\"comment-quality cf\"><span class=\"green\">+4<\/span><\/span><\/p>\n<\/div>\n<div class=\"commentContent\">pre\u0219edintele asocia\u021biei 21 Decembrie a precizat c\u0103 &#8220;primul lucru pe care \u00eel fac &#8211; z\u00e2mbesc.<\/p>\n<p>&#8220;Nu pot dec\u00e2t s\u0103 z\u00e2mbesc, e un z\u00e2mbet trist. Nu pot s\u0103 cred c\u0103 au avut capacitatea intelectual\u0103 s\u0103 \u00eenchid\u0103 dosarul Revolu\u021biei. Cu certitudine, asocia\u021bia 21 Decembrie va ataca decizia la \u00cenalta Curte \u0219i este o umilin\u021b\u0103&#8221;, a spus M\u0103rie\u0219<\/p>\n<p>E o umilin\u021b\u0103, criminalii de la mineriad\u0103 sunt aceia\u0219i de la Revolu\u021bie, a spus M\u0103ries.<\/p>\n<p>M\u0103rie\u0219 l-a acuzat pe prim adjunctul directorului SRI, generalul Florian Coldea, c\u0103 este unul din cei care au decis clasarea dosarului.<br \/>\n&#8220;Autorii documentelui de azi sunt ion Vasilache, Ni\u021bu Tiberiu Flaviu, ajuta\u021bi de domnul Coldea. Nu se putea \u00eenchide acest dosar f\u0103r\u0103 cele trei persoane. Dac\u0103 gre\u0219esc, domnul Coldea s\u0103 ias\u0103 public \u0219i s\u0103 spun\u0103 . Eu nu am fost informatorul lor \u0219i sunt mai pu\u021bin informat, e adev\u0103rat. S\u0103 ias\u0103 domnul Coldea public \u0219i s\u0103 spun\u0103 dac\u0103 SRI \u00eempreun\u0103 cu domnul Vasilache \u0219i domnul Ni\u021bu care nu e departe de aceast\u0103 institu\u021bie\u00a0<\/p><\/div>\n<ul class=\"cf cactions\">\n<li><a class=\"comment-179320\" href rel=\"raspunde\" title=\"Raspunde\">Raspunde<\/a><\/li>\n<li>|<\/li>\n<li><a href class=\"comment-179320\" rel=\"raspunde-citeaza\" title=\"Raspunde cu citat\">Raspunde cu citat<\/a><\/li>\n<li>|<\/li>\n<li><a href class=\"comment-179320\" title=\"Citat\" rel=\"citeaza\">Citat<\/a><\/li>\n<\/ul>\n<\/div>\n<div class=\"sub-comment\" id=\"comentariu-179332\">\n<div class=\"commentBody\">\n<div class=\"commentDate\">\n<p class=\"comment-details cf\"><span class=\"comment-id\"><br \/>\n\t\t\t\t\t\t\t\t#<br \/>\n\t\t\t\t\t\t\t\t<strong>ambalaj decent pentru crime<\/strong><img decoding=\"async\" src=\"https:\/\/analyse.optim.biz\/wp-content\/uploads\/2025\/12\/calendar-244.png\" alt=\"date\" title=\"calendar-244\"><br \/>\n\t\t\t\t\t\t\t\t24 October 2015 08:42<br \/>\n\t\t\t\t\t\t\t<\/span><span class=\"comment-quality cf\"><span class=\"gray\">0<\/span><\/span><\/p>\n<\/div>\n<div class=\"commentContent\">\u00a0\u201cEu cred c\u0103 a venit timpul s\u0103 \u00eenchidem dosarul Revolu\u0163iei \u015fi s\u0103 intre cercet\u0103torii pe el, c\u00e2nd spun s\u0103-l \u00eenchidem m\u0103 refer la noi, oamenii politici. S\u0103 avem decen\u0163a s\u0103 l\u0103s\u0103m cercet\u0103torii s\u0103 intre \u00een realit\u0103\u0163ile Revolu\u0163iei, pentru c\u0103 noi vom fi partizani\u201d, Traian B\u0103sescu, decembrie 2011<\/div>\n<ul class=\"cf cactions\">\n<li><a class=\"comment-179332\" href rel=\"raspunde\" title=\"Raspunde\">Raspunde<\/a><\/li>\n<li>|<\/li>\n<li><a href class=\"comment-179332\" rel=\"raspunde-citeaza\" title=\"Raspunde cu citat\">Raspunde cu citat<\/a><\/li>\n<li>|<\/li>\n<li><a href class=\"comment-179332\" title=\"Citat\" rel=\"citeaza\">Citat<\/a><\/li>\n<\/ul>\n<\/div>\n<\/div>\n<\/div>\n<\/div>\n<\/div>\n<\/div>\n<div class=\"comment\" id=\"comentariu-179276\">\n<div class=\"commentBody\">\n<div class=\"commentDate\">\n<p class=\"comment-details cf\"><span class=\"comment-id\"><br \/>\n\t\t\t\t\t\t\t\t#<br \/>\n\t\t\t\t\t\t\t\t<strong>Nicolae Clivet<\/strong><img decoding=\"async\" src=\"https:\/\/analyse.optim.biz\/wp-content\/uploads\/2025\/12\/calendar-244.png\" alt=\"date\" title=\"calendar-244\"><br \/>\n\t\t\t\t\t\t\t\t23 October 2015 14:12<br \/>\n\t\t\t\t\t\t\t<\/span><span class=\"comment-quality cf\"><span class=\"green\">+7<\/span><\/span><\/p>\n<\/div>\n<div class=\"commentContent\">Suntem liberi, macar atat sa scrim si este ceva, datorita acelor eroi care s-au jertfit in decembrie 1989 cat si inainte de revolutie. Cati romani ar mai iesi astazi in strada pentru a-si apara drepturile castigate atunci. Putini&#8230; foarte putini.  Vinovatii pentru aceste crime mai traiesc si o duc bine. Insa toti  isi merita numele de Iuda al poporului roman. <\/div>\n<ul class=\"cf cactions\">\n<li><a class=\"comment-179276\" href rel=\"raspunde\" title=\"Raspunde\">Raspunde<\/a><\/li>\n<li>|<\/li>\n<li><a href class=\"comment-179276\" rel=\"raspunde-citeaza\" title=\"Raspunde cu citat\">Raspunde cu citat<\/a><\/li>\n<li>|<\/li>\n<li><a href class=\"comment-179276\" title=\"Citat\" rel=\"citeaza\">Citat<\/a><\/li>\n<\/ul>\n<\/div>\n<div class=\"sub-comment\" id=\"comentariu-179284\">\n<div class=\"commentBody\">\n<div class=\"commentDate\">\n<p class=\"comment-details cf\"><span class=\"comment-id\"><br \/>\n\t\t\t\t\t\t\t\t#<br \/>\n\t\t\t\t\t\t\t\t<strong>unul din lumea cea mare<\/strong><img decoding=\"async\" src=\"https:\/\/analyse.optim.biz\/wp-content\/uploads\/2025\/12\/calendar-244.png\" alt=\"date\" title=\"calendar-244\"><br \/>\n\t\t\t\t\t\t\t\t23 October 2015 16:08<br \/>\n\t\t\t\t\t\t\t<\/span><span class=\"comment-quality cf\"><span class=\"green\">+5<\/span><\/span><\/p>\n<\/div>\n<div class=\"commentContent\">ptr nicolae clivet\/\/zau!!!! sintem liberi sa ce?scrie tu mai asa pe luju,cam cum aivrea tu,sa vedem cit de ,,liber esti,, sa ti posteze comentariul.si apropos de ai de murira! cam ce crezi tu ca gindesc ei  din locul cu verdeata cind se uita la ,,gradina raiului,,(cum zice nesuferita aia de avocata de la psd,imi scapa numele chiar acum).asculta una la mine!in anii 90 cind am ajuns peste girla eram foarte ,,confuzionat,,NU STIAM CINE LUASERA LEGILE DE LA CINE,AMERICANII DE LA CEAUSESCU SAU CEAUSESCU DE LA AMERICANI si ca sa fie on sale 2 la pret de una iti mai dau un pct de vedere (din statisticile mele personale) daca azi ceasca ar mai fi in viata,ar bate romanii din palme de le\/ar avea unflate ,ca si cind i\/ar fi batut la palme!!concluzia!!atunci PROSTII ATUNCI  AU MURIT,AZI BAIETII DESTEPTI SAU BASIT\/UDRIT SI NIMIC NU AU PATIT<\/div>\n<ul class=\"cf cactions\">\n<li><a class=\"comment-179284\" href rel=\"raspunde\" title=\"Raspunde\">Raspunde<\/a><\/li>\n<li>|<\/li>\n<li><a href class=\"comment-179284\" rel=\"raspunde-citeaza\" title=\"Raspunde cu citat\">Raspunde cu citat<\/a><\/li>\n<li>|<\/li>\n<li><a href class=\"comment-179284\" title=\"Citat\" rel=\"citeaza\">Citat<\/a><\/li>\n<\/ul>\n<\/div>\n<\/div>\n<\/div>\n<div class=\"comment\" id=\"comentariu-179280\">\n<div class=\"commentBody\">\n<div class=\"commentDate\">\n<p class=\"comment-details cf\"><span class=\"comment-id\"><br \/>\n\t\t\t\t\t\t\t\t#<br \/>\n\t\t\t\t\t\t\t\t<strong>Vladi Mir<\/strong><img decoding=\"async\" src=\"https:\/\/analyse.optim.biz\/wp-content\/uploads\/2025\/12\/calendar-244.png\" alt=\"date\" title=\"calendar-244\"><br \/>\n\t\t\t\t\t\t\t\t23 October 2015 14:56<br \/>\n\t\t\t\t\t\t\t<\/span><span class=\"comment-quality cf\"><span class=\"green\">+5<\/span><\/span><\/p>\n<\/div>\n<div class=\"commentContent\">Erori a fost, erori e inca si-o fi in neamul romanesc, ca rupti e ca din tare stanca toti cei ce ne batjocoresc !!! <\/div>\n<ul class=\"cf cactions\">\n<li><a class=\"comment-179280\" href rel=\"raspunde\" title=\"Raspunde\">Raspunde<\/a><\/li>\n<li>|<\/li>\n<li><a href class=\"comment-179280\" rel=\"raspunde-citeaza\" title=\"Raspunde cu citat\">Raspunde cu citat<\/a><\/li>\n<li>|<\/li>\n<li><a href class=\"comment-179280\" title=\"Citat\" rel=\"citeaza\">Citat<\/a><\/li>\n<\/ul>\n<\/div>\n<\/div>\n<div class=\"comment\" id=\"comentariu-179282\">\n<div class=\"commentBody\">\n<div class=\"commentDate\">\n<p class=\"comment-details cf\"><span class=\"comment-id\"><br \/>\n\t\t\t\t\t\t\t\t#<br \/>\n\t\t\t\t\t\t\t\t<strong>SVERIGE<\/strong><img decoding=\"async\" src=\"https:\/\/analyse.optim.biz\/wp-content\/uploads\/2025\/12\/calendar-244.png\" alt=\"date\" title=\"calendar-244\"><br \/>\n\t\t\t\t\t\t\t\t23 October 2015 15:42<br \/>\n\t\t\t\t\t\t\t<\/span><span class=\"comment-quality cf\"><span class=\"green\">+8<\/span><\/span><\/p>\n<\/div>\n<div class=\"commentContent\">CE RUSINE!RUSINE,RUSINE,&#8230;&#8230;&#8230;..RUSINE,NU AM CUVINTE &#8230;&#8230;<\/div>\n<ul class=\"cf cactions\">\n<li><a class=\"comment-179282\" href rel=\"raspunde\" title=\"Raspunde\">Raspunde<\/a><\/li>\n<li>|<\/li>\n<li><a href class=\"comment-179282\" rel=\"raspunde-citeaza\" title=\"Raspunde cu citat\">Raspunde cu citat<\/a><\/li>\n<li>|<\/li>\n<li><a href class=\"comment-179282\" title=\"Citat\" rel=\"citeaza\">Citat<\/a><\/li>\n<\/ul>\n<\/div>\n<\/div>\n<div class=\"comment\" id=\"comentariu-179289\">\n<div class=\"commentBody\">\n<div class=\"commentDate\">\n<p class=\"comment-details cf\"><span class=\"comment-id\"><br \/>\n\t\t\t\t\t\t\t\t#<br \/>\n\t\t\t\t\t\t\t\t<strong>Andrei Muresan<\/strong><img decoding=\"async\" src=\"https:\/\/analyse.optim.biz\/wp-content\/uploads\/2025\/12\/calendar-244.png\" alt=\"date\" title=\"calendar-244\"><br \/>\n\t\t\t\t\t\t\t\t23 October 2015 16:25<br \/>\n\t\t\t\t\t\t\t<\/span><span class=\"comment-quality cf\"><span class=\"green\">+7<\/span><\/span><\/p>\n<\/div>\n<div class=\"commentContent\">Iata ca am avut dreptate. Dosarul privind pe comunistul Iliescu a fost doar o &#8220;perdea de fum&#8221;. Securitatea nu doarme, arunca doar fumigene spre poporul flamand si bolnav, iar ziaristii au si pus botul. Nu as putea trai intr-o asemenea tara. Este &#8220;noaptea mintii&#8221;!<\/div>\n<ul class=\"cf cactions\">\n<li><a class=\"comment-179289\" href rel=\"raspunde\" title=\"Raspunde\">Raspunde<\/a><\/li>\n<li>|<\/li>\n<li><a href class=\"comment-179289\" rel=\"raspunde-citeaza\" title=\"Raspunde cu citat\">Raspunde cu citat<\/a><\/li>\n<li>|<\/li>\n<li><a href class=\"comment-179289\" title=\"Citat\" rel=\"citeaza\">Citat<\/a><\/li>\n<\/ul>\n<\/div>\n<\/div>\n<div class=\"comment\" id=\"comentariu-179303\">\n<div class=\"commentBody\">\n<div class=\"commentDate\">\n<p class=\"comment-details cf\"><span class=\"comment-id\"><br \/>\n\t\t\t\t\t\t\t\t#<br \/>\n\t\t\t\t\t\t\t\t<strong>ion<\/strong><img decoding=\"async\" src=\"https:\/\/analyse.optim.biz\/wp-content\/uploads\/2025\/12\/calendar-244.png\" alt=\"date\" title=\"calendar-244\"><br \/>\n\t\t\t\t\t\t\t\t23 October 2015 18:23<br \/>\n\t\t\t\t\t\t\t<\/span><span class=\"comment-quality cf\"><span class=\"green\">+4<\/span><\/span><\/p>\n<\/div>\n<div class=\"commentContent\">INCENDIAR ! V-ATI GANDIT ca Nitza a deschis dosarul mineriadei cu conditia sa se inchida cel cu revolutia unde domnia sa a tras&#8230;.trrrrr <\/div>\n<ul class=\"cf cactions\">\n<li><a class=\"comment-179303\" href rel=\"raspunde\" title=\"Raspunde\">Raspunde<\/a><\/li>\n<li>|<\/li>\n<li><a href class=\"comment-179303\" rel=\"raspunde-citeaza\" title=\"Raspunde cu citat\">Raspunde cu citat<\/a><\/li>\n<li>|<\/li>\n<li><a href class=\"comment-179303\" title=\"Citat\" rel=\"citeaza\">Citat<\/a><\/li>\n<\/ul>\n<\/div>\n<\/div>\n<div class=\"comment\" id=\"comentariu-179304\">\n<div class=\"commentBody\">\n<div class=\"commentDate\">\n<p class=\"comment-details cf\"><span class=\"comment-id\"><br \/>\n\t\t\t\t\t\t\t\t#<br \/>\n\t\t\t\t\t\t\t\t<strong>jan<\/strong><img decoding=\"async\" src=\"https:\/\/analyse.optim.biz\/wp-content\/uploads\/2025\/12\/calendar-244.png\" alt=\"date\" title=\"calendar-244\"><br \/>\n\t\t\t\t\t\t\t\t23 October 2015 18:24<br \/>\n\t\t\t\t\t\t\t<\/span><span class=\"comment-quality cf\"><span class=\"green\">+8<\/span><\/span><\/p>\n<\/div>\n<div class=\"commentContent\">Iata ce spune Parchetul Militar in solutia data:<\/p>\n<p>&#8211; Armata a tras in aer.<br \/>\n&#8211; Militia a tras in aer.<br \/>\n&#8211; Securitatea a tras in aer.<br \/>\nRevolutionarii au tras aeru-n piept.<\/p><\/div>\n<ul class=\"cf cactions\">\n<li><a class=\"comment-179304\" href rel=\"raspunde\" title=\"Raspunde\">Raspunde<\/a><\/li>\n<li>|<\/li>\n<li><a href class=\"comment-179304\" rel=\"raspunde-citeaza\" title=\"Raspunde cu citat\">Raspunde cu citat<\/a><\/li>\n<li>|<\/li>\n<li><a href class=\"comment-179304\" title=\"Citat\" rel=\"citeaza\">Citat<\/a><\/li>\n<\/ul>\n<\/div>\n<div class=\"sub-comment\" id=\"comentariu-179312\">\n<div class=\"commentBody\">\n<div class=\"commentDate\">\n<p class=\"comment-details cf\"><span class=\"comment-id\"><br \/>\n\t\t\t\t\t\t\t\t#<br \/>\n\t\t\t\t\t\t\t\t<strong>UNUL DIN LUMEA CEA MARE<\/strong><img decoding=\"async\" src=\"https:\/\/analyse.optim.biz\/wp-content\/uploads\/2025\/12\/calendar-244.png\" alt=\"date\" title=\"calendar-244\"><br \/>\n\t\t\t\t\t\t\t\t23 October 2015 20:33<br \/>\n\t\t\t\t\t\t\t<\/span><span class=\"comment-quality cf\"><span class=\"green\">+4<\/span><\/span><\/p>\n<\/div>\n<div class=\"commentContent\">ptr jan\/\/,,Revolutionarii au tras aeru-n piept.,, si au inhalat gloantele  fierbinti si au  FACUT PNEOMONIA!!!!!!! diagnostic ,,INSUFICIENTA RESPIRATORIE,,!!!!!<\/div>\n<ul class=\"cf cactions\">\n<li><a class=\"comment-179312\" href rel=\"raspunde\" title=\"Raspunde\">Raspunde<\/a><\/li>\n<li>|<\/li>\n<li><a href class=\"comment-179312\" rel=\"raspunde-citeaza\" title=\"Raspunde cu citat\">Raspunde cu citat<\/a><\/li>\n<li>|<\/li>\n<li><a href class=\"comment-179312\" title=\"Citat\" rel=\"citeaza\">Citat<\/a><\/li>\n<\/ul>\n<\/div>\n<div class=\"sub-comment\" id=\"comentariu-179318\">\n<div class=\"commentBody\">\n<div class=\"commentDate\">\n<p class=\"comment-details cf\"><span class=\"comment-id\"><br \/>\n\t\t\t\t\t\t\t\t#<br \/>\n\t\t\t\t\t\t\t\t<strong>obiectiva<\/strong><img decoding=\"async\" src=\"https:\/\/analyse.optim.biz\/wp-content\/uploads\/2025\/12\/calendar-244.png\" alt=\"date\" title=\"calendar-244\"><br \/>\n\t\t\t\t\t\t\t\t23 October 2015 21:58<br \/>\n\t\t\t\t\t\t\t<\/span><span class=\"comment-quality cf\"><span class=\"green\">+4<\/span><\/span><\/p>\n<\/div>\n<div class=\"commentContent\">@UNULE, completez diagnosticul&#8230;..INSUFICIENTA CARDIO RESPIRATORIE &#8230;. <img decoding=\"async\" src=\"https:\/\/analyse.optim.biz\/wp-content\/uploads\/2025\/12\/tongue-278.gif\" alt=\":P\" title=\"tongue-278\"> vai de capul meu ca era sa fiu si eu IMPUSCATA DE NITU&#8230;&#8230;CA M-AM PLIMBAT SI PE LA TVR in 23 dec. 1989 !!!!!!!!\u00a0 <img decoding=\"async\" src=\"https:\/\/analyse.optim.biz\/wp-content\/uploads\/2025\/12\/cry-271.gif\" alt=\":cry:\" title=\"cry-271\"><img decoding=\"async\" src=\"https:\/\/analyse.optim.biz\/wp-content\/uploads\/2025\/12\/cry-271.gif\" alt=\":cry:\" title=\"cry-271\"><img decoding=\"async\" src=\"https:\/\/analyse.optim.biz\/wp-content\/uploads\/2025\/12\/cry-271.gif\" alt=\":cry:\" title=\"cry-271\"> se tragea in prostie si pe acolo !\u00a0<\/div>\n<ul class=\"cf cactions\">\n<li><a class=\"comment-179318\" href rel=\"raspunde\" title=\"Raspunde\">Raspunde<\/a><\/li>\n<li>|<\/li>\n<li><a href class=\"comment-179318\" rel=\"raspunde-citeaza\" title=\"Raspunde cu citat\">Raspunde cu citat<\/a><\/li>\n<li>|<\/li>\n<li><a href class=\"comment-179318\" title=\"Citat\" rel=\"citeaza\">Citat<\/a><\/li>\n<\/ul>\n<\/div>\n<div class=\"sub-comment\" id=\"comentariu-179324\">\n<div class=\"commentBody\">\n<div class=\"commentDate\">\n<p class=\"comment-details cf\"><span class=\"comment-id\"><br \/>\n\t\t\t\t\t\t\t\t#<br \/>\n\t\t\t\t\t\t\t\t<strong>chitzac<\/strong><img decoding=\"async\" src=\"https:\/\/analyse.optim.biz\/wp-content\/uploads\/2025\/12\/calendar-244.png\" alt=\"date\" title=\"calendar-244\"><br \/>\n\t\t\t\t\t\t\t\t24 October 2015 00:45<br \/>\n\t\t\t\t\t\t\t<\/span><span class=\"comment-quality cf\"><span class=\"gray\">0<\/span><\/span><\/p>\n<\/div>\n<div class=\"commentContent\">obiectivo ii vezi zambetul ? Stiti de cand are acest zambet ? La revolutie , era cu kalasnicovul in mana , puf!-unu ! pac!-doi ! parrrrrrr!,parrrrr!,,,parrrrrr!-Mama ,ce bun sunt ! Langa el niste tipi cu ochii albastri au inregistrat performanta sportiva  , l-au felicitat :-OCHESTI BINE ! El cu zambetul asta tamp a intrebat :\u2013Cuuum ?&#8230;.erau de-adevaratelea ? adica cum? chiar erau de-adevaratelea ? si\u2026 aia erau \u2026? \u2026 si de atunci a ramas el cu zambetul ala tamp!  \u2026.Baietii cu ochii albastrii l-au linistit \u2026.nu te sparia \u2013numai noi am vazut \u2026. OCHESTI BINE ! O sa te promovam! Si l-au promovat \u2026ca altfel cum ajungea in functia asta \u2026nu va uitati la el Din cand in cand , cand mai uita , baietii cu ochi albastri ii amintesc cat de bine ochea ! si  lui ii revine iar zambetul asta \u2026.<\/div>\n<ul class=\"cf cactions\">\n<li><a class=\"comment-179324\" href rel=\"raspunde\" title=\"Raspunde\">Raspunde<\/a><\/li>\n<li>|<\/li>\n<li><a href class=\"comment-179324\" rel=\"raspunde-citeaza\" title=\"Raspunde cu citat\">Raspunde cu citat<\/a><\/li>\n<li>|<\/li>\n<li><a href class=\"comment-179324\" title=\"Citat\" rel=\"citeaza\">Citat<\/a><\/li>\n<\/ul>\n<\/div>\n<\/div>\n<div class=\"sub-comment\" id=\"comentariu-179338\">\n<div class=\"commentBody\">\n<div class=\"commentDate\">\n<p class=\"comment-details cf\"><span class=\"comment-id\"><br \/>\n\t\t\t\t\t\t\t\t#<br \/>\n\t\t\t\t\t\t\t\t<strong>ghita<\/strong><img decoding=\"async\" src=\"https:\/\/analyse.optim.biz\/wp-content\/uploads\/2025\/12\/calendar-244.png\" alt=\"date\" title=\"calendar-244\"><br \/>\n\t\t\t\t\t\t\t\t24 October 2015 12:10<br \/>\n\t\t\t\t\t\t\t<\/span><span class=\"comment-quality cf\"><span class=\"gray\">0<\/span><\/span><\/p>\n<\/div>\n<div class=\"commentContent\">Nu ai fost in raza lui&#8230; ca el tinteste bine.-n-a ratat nici o tinta &#8230;.. nu scpai<\/div>\n<ul class=\"cf cactions\">\n<li><a class=\"comment-179338\" href rel=\"raspunde\" title=\"Raspunde\">Raspunde<\/a><\/li>\n<li>|<\/li>\n<li><a href class=\"comment-179338\" rel=\"raspunde-citeaza\" title=\"Raspunde cu citat\">Raspunde cu citat<\/a><\/li>\n<li>|<\/li>\n<li><a href class=\"comment-179338\" title=\"Citat\" rel=\"citeaza\">Citat<\/a><\/li>\n<\/ul>\n<\/div>\n<\/div>\n<\/div>\n<\/div>\n<\/div>\n<div class=\"comment\" id=\"comentariu-179307\">\n<div class=\"commentBody\">\n<div class=\"commentDate\">\n<p class=\"comment-details cf\"><span class=\"comment-id\"><br \/>\n\t\t\t\t\t\t\t\t#<br \/>\n\t\t\t\t\t\t\t\t<strong>nitu<\/strong><img decoding=\"async\" src=\"https:\/\/analyse.optim.biz\/wp-content\/uploads\/2025\/12\/calendar-244.png\" alt=\"date\" title=\"calendar-244\"><br \/>\n\t\t\t\t\t\t\t\t23 October 2015 19:43<br \/>\n\t\t\t\t\t\t\t<\/span><span class=\"comment-quality cf\"><span class=\"red\">-4<\/span><\/span><\/p>\n<\/div>\n<div class=\"commentContent\">nitu asta nu e inscaunatul celei mai cinstite guvernari..sau basescu e de vina si pentru oamenii feseneului?<\/div>\n<ul class=\"cf cactions\">\n<li><a class=\"comment-179307\" href rel=\"raspunde\" title=\"Raspunde\">Raspunde<\/a><\/li>\n<li>|<\/li>\n<li><a href class=\"comment-179307\" rel=\"raspunde-citeaza\" title=\"Raspunde cu citat\">Raspunde cu citat<\/a><\/li>\n<li>|<\/li>\n<li><a href class=\"comment-179307\" title=\"Citat\" rel=\"citeaza\">Citat<\/a><\/li>\n<\/ul>\n<\/div>\n<\/div>\n<div class=\"comment\" id=\"comentariu-179308\">\n<div class=\"commentBody\">\n<div class=\"commentDate\">\n<p class=\"comment-details cf\"><span class=\"comment-id\"><br \/>\n\t\t\t\t\t\t\t\t#<br \/>\n\t\t\t\t\t\t\t\t<strong>Diana<\/strong><img decoding=\"async\" src=\"https:\/\/analyse.optim.biz\/wp-content\/uploads\/2025\/12\/calendar-244.png\" alt=\"date\" title=\"calendar-244\"><br \/>\n\t\t\t\t\t\t\t\t23 October 2015 20:09<br \/>\n\t\t\t\t\t\t\t<\/span><span class=\"comment-quality cf\"><span class=\"green\">+4<\/span><\/span><\/p>\n<\/div>\n<div class=\"commentContent\">EXPLICA\u021aIA ESTE SIMPLA : <\/p>\n<p> Cei care se fac vinova\u021bi de aceste crime au de\u021binut puterea 25 de ani \u00eempiedicand anchetele &#8211; doar SECURITATEA adic\u0103 SRI+SIE putea mu\u0219amaliza 25 de ani aceste crime\n<\/p><\/div>\n<ul class=\"cf cactions\">\n<li><a class=\"comment-179308\" href rel=\"raspunde\" title=\"Raspunde\">Raspunde<\/a><\/li>\n<li>|<\/li>\n<li><a href class=\"comment-179308\" rel=\"raspunde-citeaza\" title=\"Raspunde cu citat\">Raspunde cu citat<\/a><\/li>\n<li>|<\/li>\n<li><a href class=\"comment-179308\" title=\"Citat\" rel=\"citeaza\">Citat<\/a><\/li>\n<\/ul>\n<\/div>\n<\/div>\n<div class=\"comment\" id=\"comentariu-179323\">\n<div class=\"commentBody\">\n<div class=\"commentDate\">\n<p class=\"comment-details cf\"><span class=\"comment-id\"><br \/>\n\t\t\t\t\t\t\t\t#<br \/>\n\t\t\t\t\t\t\t\t<strong>Golan<\/strong><img decoding=\"async\" src=\"https:\/\/analyse.optim.biz\/wp-content\/uploads\/2025\/12\/calendar-244.png\" alt=\"date\" title=\"calendar-244\"><br \/>\n\t\t\t\t\t\t\t\t24 October 2015 00:32<br \/>\n\t\t\t\t\t\t\t<\/span><span class=\"comment-quality cf\"><span class=\"green\">+1<\/span><\/span><\/p>\n<\/div>\n<div class=\"commentContent\">D&#8217;a ce face Parlamentul,Presedintele Johaniss-democraticul,presa libera,societarea civila a democratiei din Romania afiliata U.E si SUA.nu se revolta pentru bataia asta de joc a Jutitiei &#8221;democratice&#8221;romanesti?Nu ia nimeni la rost justitia asta scelerata care a decis ca nu exista criminalii din DEC.&#8217;89?<\/div>\n<ul class=\"cf cactions\">\n<li><a class=\"comment-179323\" href rel=\"raspunde\" title=\"Raspunde\">Raspunde<\/a><\/li>\n<li>|<\/li>\n<li><a href class=\"comment-179323\" rel=\"raspunde-citeaza\" title=\"Raspunde cu citat\">Raspunde cu citat<\/a><\/li>\n<li>|<\/li>\n<li><a href class=\"comment-179323\" title=\"Citat\" rel=\"citeaza\">Citat<\/a><\/li>\n<\/ul>\n<\/div>\n<\/div>\n<div class=\"comment\" id=\"comentariu-179334\">\n<div class=\"commentBody\">\n<div class=\"commentDate\">\n<p class=\"comment-details cf\"><span class=\"comment-id\"><br \/>\n\t\t\t\t\t\t\t\t#<br \/>\n\t\t\t\t\t\t\t\t<strong>TITULESCU<\/strong><img decoding=\"async\" src=\"https:\/\/analyse.optim.biz\/wp-content\/uploads\/2025\/12\/calendar-244.png\" alt=\"date\" title=\"calendar-244\"><br \/>\n\t\t\t\t\t\t\t\t24 October 2015 10:26<br \/>\n\t\t\t\t\t\t\t<\/span><span class=\"comment-quality cf\"><span class=\"green\">+1<\/span><\/span><\/p>\n<\/div>\n<div class=\"commentContent\">PROCURORII CARE AU MUSAMALIZAT DOSARUL O SA RAMANA IN FUNCTII CU 30.000 LEI PE LUNA SAU O SA IASA LA PENSIE CU 30.000 PE LUNA  .DE FAPT  situatia e identica cu a  judecatorilor  care au trimis OAMENI IN PENITENCIARUL LUI VISINESCU, ei n-ar  TREBUI SA MEARGA LA PUSCARIE ?DAR COPIII LOR NU TREBUIE SA PLATEASCA CU AVEREA DAUNE DIN MOMENT CE PRESUPUN CA AU ACCEPTAT SUCCESIUNEA PARINTILOR LOR JUDECATORI,JUDECATORI CE AU TRIMIS  OAMENI IN PUSCARIA LUI VISINESCU SI A ALTORA ASEMENEA LUI ? <\/div>\n<ul class=\"cf cactions\">\n<li><a class=\"comment-179334\" href rel=\"raspunde\" title=\"Raspunde\">Raspunde<\/a><\/li>\n<li>|<\/li>\n<li><a href class=\"comment-179334\" rel=\"raspunde-citeaza\" title=\"Raspunde cu citat\">Raspunde cu citat<\/a><\/li>\n<li>|<\/li>\n<li><a href class=\"comment-179334\" title=\"Citat\" rel=\"citeaza\">Citat<\/a><\/li>\n<\/ul>\n<\/div>\n<\/div>\n<div class=\"comment\" id=\"comentariu-179346\">\n<div class=\"commentBody\">\n<div class=\"commentDate\">\n<p class=\"comment-details cf\"><span class=\"comment-id\"><br \/>\n\t\t\t\t\t\t\t\t#<br \/>\n\t\t\t\t\t\t\t\t<strong>Titi Naivul<\/strong><img decoding=\"async\" src=\"https:\/\/analyse.optim.biz\/wp-content\/uploads\/2025\/12\/calendar-244.png\" alt=\"date\" title=\"calendar-244\"><br \/>\n\t\t\t\t\t\t\t\t24 October 2015 19:06<br \/>\n\t\t\t\t\t\t\t<\/span><span class=\"comment-quality cf\"><span class=\"green\">+2<\/span><\/span><\/p>\n<\/div>\n<div class=\"commentContent\">De ce n-au recuperat proiectilele din trupurile celor \u00eempu\u0219ca\u021bi pentru a identifica ulterior armele din care au fost trase \u0219i implicit, solda\u021bii care le-au folosit? Nu ar putea fi identifica\u021bi to\u021bi cei cre le-aufolosit deoarece de la un moment dat, Iliescu \u0219i Militaru i-au izolat pe militari \u00een caz\u0103rmi \u0219i \u00een schimb i-au \u00eenarmat la \u00eent\u00e2mplare pe to\u021bi derbedeii care au tras \u00een toate direc\u021biile \u0219i spre cine le-a venit lor chef s\u0103 trag\u0103 iar aceste arme nu se \u0219tie cui au fost \u00eemp\u0103r\u021bite astfel c\u0103 numeroase pu\u0219ti mitraliere AK 47 nici ast\u0103zi nu au mai fost recuperate. PENTRU CE OARE \u00ceI PL\u0102TIM PE PROCURORII \u0218I JUDEC\u0102TORII CARE NE SFIDEAZ\u0102 \u0218I FAC CE VOR EI? PENTRU ASEMENEA FAPTE NU EXIST\u0102 LEGE? CU RARINCA CE S-A MAI \u00ceNT\u00c2MPLAT?! \u00a0\u00a0<\/div>\n<ul class=\"cf cactions\">\n<li><a class=\"comment-179346\" href rel=\"raspunde\" title=\"Raspunde\">Raspunde<\/a><\/li>\n<li>|<\/li>\n<li><a href class=\"comment-179346\" rel=\"raspunde-citeaza\" title=\"Raspunde cu citat\">Raspunde cu citat<\/a><\/li>\n<li>|<\/li>\n<li><a href class=\"comment-179346\" title=\"Citat\" rel=\"citeaza\">Citat<\/a><\/li>\n<\/ul>\n<\/div>\n<\/div>\n<\/section>\n<section id=\"comments\">\n<div class=\"heading\">\n<h2>Adauga comentariu<\/h2>\n<\/div>\n<div>\n<div id=\"emoticons-container\">\n<div id=\"comments-form-smilespanel\"><img decoding=\"async\" src=\"https:\/\/analyse.optim.biz\/wp-content\/uploads\/2025\/12\/laugh-283.gif\" alt=\":D\" class=\"smile\" title=\"laugh-283\"><img decoding=\"async\" src=\"https:\/\/analyse.optim.biz\/wp-content\/uploads\/2025\/12\/lol-291.gif\" alt=\":lol:\" class=\"smile\" title=\"lol-291\"><img decoding=\"async\" src=\"https:\/\/analyse.optim.biz\/wp-content\/uploads\/2025\/12\/smile-268.gif\" alt=\":-)\" class=\"smile\" title=\"smile-268\"><img decoding=\"async\" src=\"https:\/\/analyse.optim.biz\/wp-content\/uploads\/2025\/12\/wink-267.gif\" alt=\";-)\" class=\"smile\" title=\"wink-267\"><img decoding=\"async\" src=\"https:\/\/analyse.optim.biz\/wp-content\/uploads\/2025\/12\/cool-276.gif\" alt=\"8)\" class=\"smile\" title=\"cool-276\"><img decoding=\"async\" src=\"https:\/\/analyse.optim.biz\/wp-content\/uploads\/2025\/12\/normal-262.gif\" alt=\":-|\" class=\"smile\" title=\"normal-262\"><img decoding=\"async\" src=\"https:\/\/analyse.optim.biz\/wp-content\/uploads\/2025\/12\/whistling-278.gif\" alt=\":-*\" class=\"smile\" title=\"whistling-278\"><img decoding=\"async\" src=\"https:\/\/analyse.optim.biz\/wp-content\/uploads\/2025\/12\/redface-265.gif\" alt=\":oops:\" class=\"smile\" title=\"redface-265\"><img decoding=\"async\" src=\"https:\/\/analyse.optim.biz\/wp-content\/uploads\/2025\/12\/sad-270.gif\" alt=\":sad:\" class=\"smile\" title=\"sad-270\"><img decoding=\"async\" src=\"https:\/\/analyse.optim.biz\/wp-content\/uploads\/2025\/12\/cry-272.gif\" alt=\":cry:\" class=\"smile\" title=\"cry-272\"><img decoding=\"async\" src=\"https:\/\/analyse.optim.biz\/wp-content\/uploads\/2025\/12\/surprised-268.gif\" alt=\":o\" class=\"smile\" title=\"surprised-268\"><img decoding=\"async\" src=\"https:\/\/analyse.optim.biz\/wp-content\/uploads\/2025\/12\/confused-262.gif\" alt=\":-?\" class=\"smile\" title=\"confused-262\"><img decoding=\"async\" src=\"https:\/\/analyse.optim.biz\/wp-content\/uploads\/2025\/12\/sick-280.gif\" alt=\":-x\" class=\"smile\" title=\"sick-280\"><img decoding=\"async\" src=\"https:\/\/analyse.optim.biz\/wp-content\/uploads\/2025\/12\/shocked-280.gif\" alt=\":eek:\" class=\"smile\" title=\"shocked-280\"><img decoding=\"async\" src=\"https:\/\/analyse.optim.biz\/wp-content\/uploads\/2025\/12\/sleeping-268.gif\" alt=\":zzz\" class=\"smile\" title=\"sleeping-268\"><img decoding=\"async\" src=\"https:\/\/analyse.optim.biz\/wp-content\/uploads\/2025\/12\/tongue-279.gif\" alt=\":P\" class=\"smile\" title=\"tongue-279\"><img decoding=\"async\" src=\"https:\/\/analyse.optim.biz\/wp-content\/uploads\/2025\/12\/rolleyes-268.gif\" alt=\":roll:\" class=\"smile\" title=\"rolleyes-268\"><img decoding=\"async\" src=\"https:\/\/analyse.optim.biz\/wp-content\/uploads\/2025\/12\/unsure-264.gif\" alt=\":sigh:\" class=\"smile\" title=\"unsure-264\"><\/div>\n<\/div>\n<\/div>\n<div class=\"text-center\">\n<p>DISCLAIMER<\/p>\n<p>Atentie! Postati pe propria raspundere!<br \/> Inainte de a posta, cititi aici regulamentul: <a href=\"https:\/\/www.luju.ro\/termeni-legali-si-conditii\" title=\"Termeni legali si conditii\">Termeni legali si Conditii<\/a><\/p>\n<\/div>\n<\/section>\n<\/article>\n<p> Source URL: https:\/\/www.luju.ro\/au-clasat-1-000-de-asasinate-procurorii-care-au-musamalizat-crimele-din-decembrie-1989-trebuie-sa-intre-in-puscarie-dupa-ce-nu-a-facut-nimic-timp-de-25-de-ani-pentru-a-deconspira-criminalii-din-89-piccj-si-a-anuntat-isprava-dosarul-revolutiei-a-fost-clasa<\/p>\n","protected":false},"excerpt":{"rendered":"<p>AU CLASAT 1.000 DE ASASINATE \u2013 Procurorii care au musamalizat crimele din decembrie 1989 trebuie sa intre in puscarie! Dupa ce nu a facut nimic timp de 25 de ani pentru a deconspira criminalii din &#8217;89, PICCJ si-a anuntat \u201eisprava\u201d: dosarul \u201eRevolutiei\u201d a fost clasat pe motiv de prescriptie. Cum mai pot sta in functii [&hellip;]<\/p>\n","protected":false},"author":1,"featured_media":796441,"comment_status":"open","ping_status":"","sticky":false,"template":"","format":"standard","meta":{"footnotes":""},"categories":[89],"tags":[114],"class_list":["post-796440","post","type-post","status-publish","format-standard","has-post-thumbnail","hentry","category-romania","tag-luju-ro"],"_links":{"self":[{"href":"https:\/\/analyse.optim.biz\/index.php?rest_route=\/wp\/v2\/posts\/796440","targetHints":{"allow":["GET"]}}],"collection":[{"href":"https:\/\/analyse.optim.biz\/index.php?rest_route=\/wp\/v2\/posts"}],"about":[{"href":"https:\/\/analyse.optim.biz\/index.php?rest_route=\/wp\/v2\/types\/post"}],"author":[{"embeddable":true,"href":"https:\/\/analyse.optim.biz\/index.php?rest_route=\/wp\/v2\/users\/1"}],"replies":[{"embeddable":true,"href":"https:\/\/analyse.optim.biz\/index.php?rest_route=%2Fwp%2Fv2%2Fcomments&post=796440"}],"version-history":[{"count":0,"href":"https:\/\/analyse.optim.biz\/index.php?rest_route=\/wp\/v2\/posts\/796440\/revisions"}],"wp:featuredmedia":[{"embeddable":true,"href":"https:\/\/analyse.optim.biz\/index.php?rest_route=\/wp\/v2\/media\/796441"}],"wp:attachment":[{"href":"https:\/\/analyse.optim.biz\/index.php?rest_route=%2Fwp%2Fv2%2Fmedia&parent=796440"}],"wp:term":[{"taxonomy":"category","embeddable":true,"href":"https:\/\/analyse.optim.biz\/index.php?rest_route=%2Fwp%2Fv2%2Fcategories&post=796440"},{"taxonomy":"post_tag","embeddable":true,"href":"https:\/\/analyse.optim.biz\/index.php?rest_route=%2Fwp%2Fv2%2Ftags&post=796440"}],"curies":[{"name":"wp","href":"https:\/\/api.w.org\/{rel}","templated":true}]}}