{"id":792952,"date":"2025-05-19T12:48:34","date_gmt":"2025-05-19T09:48:34","guid":{"rendered":"https:\/\/analyse.optim.biz\/?p=792952"},"modified":"2025-05-19T12:48:34","modified_gmt":"2025-05-19T09:48:34","slug":"concluziile-mele-cu-privire-la-alegerile-din-2025-incorect-politic","status":"publish","type":"post","link":"https:\/\/analyse.optim.biz\/?p=792952","title":{"rendered":"Concluziile mele cu privire la alegerile din 2025 &#8211; Incorect Politic"},"content":{"rendered":"<article class=\"post-listing post-79399 post type-post status-publish format-standard has-post-thumbnail  category-actualitate category-stirea-zilei tag-concluziile-mele-cu-privire-la-alegerile-din-2025\" id=\"the-post\">\n<div class=\"post-inner\">\n<h1 class=\"name post-title entry-title\"><span>Concluziile mele cu privire la alegerile din 2025<\/span><\/h1>\n<div class=\"entry\">\n<p>Sterie Ciumetti<br \/><strong>Incorect Politic<\/strong><br \/>\nMai 19, 2025<\/p>\n<p><a href=\"https:\/\/www.incorectpolitic.com\/concluziile-mele-cu-privire-la-alegerile-din-2025\/harta-electorala\/\" rel=\"attachment wp-att-79405\"><img loading=\"lazy\" decoding=\"async\" class=\"aligncenter wp-image-79405 size-full\" src=\"https:\/\/analyse.optim.biz\/wp-content\/uploads\/2025\/12\/harta-electorala-1.jpg\" alt=\"Concluziile mele cu privire la alegerile din 2025\" width=\"1184\" height=\"691\" title=\"harta-electorala-1\"><\/a><\/p>\n<h2><strong>Concluziile mele cu privire la alegerile din 2025<\/strong><\/h2>\n<p><em>\u00cen cadrul unui schimb de replici cu un poet contemporan, iat\u0103 concluziile mele cu privire la alegeri:<\/em><\/p>\n<p>Democra\u021bia universal\u0103 este un sistem falimentar, care nu func\u021bioneaz\u0103 \u0219i nici nu poate func\u021biona \u00een realitate. De ce? Pentru c\u0103 oamenii nu au un consim\u021b\u0103m\u00e2nt informat \u00eenainte s\u0103 voteze, ci voteaz\u0103 din fric\u0103, iar aceast\u0103 fric\u0103 le este indus\u0103 de mass media. C\u00e2t\u0103 vreme exist\u0103 un uria\u0219 aparat de propagand\u0103 care pompeaz\u0103 fric\u0103 \u0219i o mas\u0103 de manevr\u0103 care pun botul, democra\u021bia nu poate func\u021biona. Au votat studen\u021bi ideologiza\u021bi pentru c\u0103 aveau impresia c\u0103 ne r\u0103pe\u0219te Rusia, ie\u0219im din U.E. \u0219i cade bursa. Trist.<\/p>\n<p>Dac\u0103 nu este suficient\u0103 puterea propagandei, sistemul \u00ee\u0219i pune \u00een func\u021biune aparatele fraud\u0103rii alegerilor.<\/p>\n<p>Dac\u0103 nu este suficient\u0103 puterea acestui uria\u0219 aparat de propagand\u0103 \u0219i nici mijloacele fraud\u0103rii, sistemul schimb\u0103 regulile jocului \u0219i anuleaz\u0103 alegerile.<\/p>\n<p>Nu avem o cale de sc\u0103pare prin vot democratic, dup\u0103 cum se repet\u0103 obsesiv pe la televiziuni. Iar pentru a sc\u0103pa de situa\u021bia din care ne afl\u0103m pe cale ne-democratic\u0103, rom\u00e2nii nu sunt capabili de a face insurec\u021bie, care este al treilea considerent al c\u0103r\u021bii drepturilor omului ( \u201eAutoritatea Legii trebuie s\u0103 \u00eel apere pe cet\u0103\u021bean, ca el s\u0103 nu fie nevoit s\u0103 se revolte contra tiraniei \u0219i asupririi!\u201d).S-a v\u0103zut \u00een plandemie. S-a v\u0103zut dup\u0103 anularea alegerilor. S-a v\u0103zut dup\u0103 interzicerea lui C\u0103lin Georgescu. Experimentele sociale desf\u0103\u0219urate aici au demonstrat c\u0103 Rom\u00e2nul nu se ridic\u0103, nu se r\u0103scoal\u0103, nu riposteaz\u0103, nu face revolu\u021bie, ci \u00eenghite totul, probabil pentru c\u0103 o duce prea bine.<\/p>\n<p>Cu toate acestea, am fost afectat negativ de rezultatul alegerilor \u0219i mla\u0219tina dezn\u0103dejdii m\u0103 \u00eempresoar\u0103. Pentru cine fac eu \u0219i cu colegii de redac\u021bie munc\u0103 voluntar\u0103 de 8 ani? Pentru ce-mi sacrific via\u021ba personal\u0103, o rela\u021bie normal\u0103 cu cineva sau timp \u0219i bani din buzunar? \u00cemi revin rapid, aud o \u0219oapt\u0103. Nu dispera, \u00eemi \u0219opte\u0219te o voce, c\u0103 nu faci ceea ce faci pentru colectivitatea na\u021bional\u0103, ci pentru neamul care trece dincolo de limitele timpului. Mai mult dec\u00e2t at\u00e2t, o fac pentru ca jertfa legionarilor s\u0103 nu fi fost \u00een zadar. Cei care m\u0103 citesc \u0219tiu despre ce e vorba \u0219i \u00een\u021beleg c\u0103 realitatea nu se rezum\u0103 la aspectul fizic \u0219i material, ci exist\u0103 o parte spiritual\u0103 a existen\u021bei noastre.<\/p>\n<p>Domnule Ianu\u0219, tr\u0103im \u00eentr-o \u021bar\u0103 plin\u0103 cu corporati\u0219ti, tefeli\u0219ti, ha\u0219tagi\u0219ti \u0219i tot felul de specimene mancurtizate. E adev\u0103rat c\u0103 s-a fraudat, e adev\u0103rat c\u0103 s-a furat, dar oamenii care au ie\u0219it \u00een strad\u0103 \u00een Bucure\u0219ti cu steaguri U.E. s\u0103-\u0219i s\u0103rb\u0103toreasc\u0103 propria robie sunt reali, nu cifre pe foaie. Studen\u021bii de la Regia Bucure\u0219ti sau de la U.B.B. Cluj care au mers \u00een mar\u0219 la vot s\u0103 voteze Mucul sunt reali, sunt printre noi, au convingeri fanatice \u0219i nu vor disp\u0103rea prea cur\u00e2nd. Democra\u021bia, din nou, se dovede\u0219te a fi falimentar\u0103 \u00een contextul unor dezbin\u0103ri sociale semnificative, cum sunt la noi unde pare c\u0103 jum\u0103tate din societate este suveranist\u0103 \u0219i cealalt\u0103 jum\u0103tate globalist\u0103. M\u0103 tem c\u0103 nu poate exista o schimbare colectiv\u0103 rom\u00e2neasc\u0103 din interiorul Rom\u00e2niei, ci doar printr-un context extern excep\u021bional ne vom putea rupe lan\u021burile. Care va fi acel context? R\u0103m\u00e2ne de v\u0103zut.<\/p>\n<h3><strong>Acum, pentru audien\u021ba Incorect Politic:<\/strong><\/h3>\n<p>-Ridic\u0103-te, cititorule, din agonia dezam\u0103girii. Acum nu este timp s\u0103 pl\u00e2ngi. Pentru al\u021bii este, dar nu pentru tine. Tu ai o misiune pe care s\u0103 o duci la bun sf\u00e2r\u0219it.<\/p>\n<p>-Fiecare act antirom\u00e2nesc va trebui contorizat. Fiecare nedreptate, fiecare criz\u0103 va trebui pus\u0103 \u00een c\u00e2rca regimului care refuz\u0103 schimbarea. Nu v\u0103 \u00eenchide\u021bi conturile, ci continua\u021bi s\u0103 activa\u021bi. Nu v\u0103 retrage\u021bi, ci avansa\u021bi. Vremurile grele nasc eroi.<\/p>\n<p>-Vor fi al\u021bi de\u021binu\u021bi politici \u00een baza legilor delictului de opinie. Ei vor trebui sus\u021binu\u021bi cu toate for\u021bele, inclusiv financiar. Intra\u021bi pe detinutipolitici.ro , care este un site \u00een lucru \u0219i care urmeaz\u0103 s\u0103 g\u0103zduiasc\u0103 mai multe personalit\u0103\u021bi (\u00eenc\u0103 nu apare colonelul Vasile Z\u0103rnescu acolo). Promova\u021bi materialele care apar \u00een spa\u021biul public despre prigoana antirom\u00e2neasc\u0103 \u0219i milita\u021bi activ pentru abrogarea legilor delictului de opinie (OUG 31\/2002, 217\/2015, 158\/2018), informa\u021bi-v\u0103 cunoscu\u021bii despre existen\u021ba acestor legi, vorbi\u021bi la \u0219edin\u021be de partid dac\u0103 sunte\u021bi membru \u00een vreun partid, contacta\u021bi-v\u0103 deputatul din circumscrip\u021bie, vorbi\u021bi-le elevilor dac\u0103 sunte\u021bi profesor, trimite\u021bi email la alte asocia\u021bii \u0219i \u00eencerca\u021bi s\u0103 mobiliza\u021bi c\u00e2t mai multe voci pentru anularea delictului de opinie.<\/p>\n<p>-O victorie politic\u0103 nu va fi posibil\u0103 \u00eenaintea unei victorii culturale. Pe plan cultural am f\u0103cut mult mai mult progres dec\u00e2t pe plan politic. A\u0219adar, fie ca num\u0103rul canalelor, paginilor, conturilor \u0219i a con\u021binutului na\u021bionalist s\u0103 creasc\u0103 exponen\u021bial.<\/p>\n<p>Via\u021ba nu s-a sf\u00e2r\u0219it. \u00cen loc s\u0103 ne lament\u0103m \u0219i s\u0103 renun\u021b\u0103m, \u00een loc s\u0103 fim ni\u0219te urma\u0219i nedemni ai unor str\u0103mo\u0219i glorio\u0219i, hai s\u0103 ne adun\u0103m for\u021bele, s\u0103 ne ridic\u0103m de pe jos \u0219i s\u0103 ar\u0103t\u0103m \u00een ochii lui Dumnezeu c\u0103 spiritul nostru nu a fost fr\u00e2nt. <strong>\u00cenfr\u00e2ngerea ne c\u0103le\u0219te, astfel merit\u0103m biruin\u021ba care va veni.<\/strong><\/p>\n<p><a href=\"https:\/\/www.incorectpolitic.com\/incorect-politic-invie-dupa-3-zile-de-moarte-digitala\/s604x0_legionari\/\" rel=\"attachment wp-att-14317\"><img loading=\"lazy\" decoding=\"async\" class=\"size-full wp-image-14317 aligncenter lazyload\" width=\"604\" height=\"734\" src=\"https:\/\/analyse.optim.biz\/wp-content\/uploads\/2025\/12\/s604x0_legionari-1.jpg\" title=\"s604x0_legionari-1\"><\/a><\/p>\n<p><img loading=\"lazy\" decoding=\"async\" class=\"size-full wp-image-14317 aligncenter\" src=\"https:\/\/analyse.optim.biz\/wp-content\/uploads\/2025\/12\/s604x0_legionari-1.jpg\" width=\"604\" height=\"734\" data-eio=\"l\" title=\"s604x0_legionari-1\"><\/p>\n<p>\u00a0<\/p>\n<\/div>\n<div class=\"share-post\"><span class=\"share-text\">Share<\/span><\/p>\n<ul class=\"flat-social\">\n<li><a href=\"http:\/\/www.facebook.com\/sharer.php?u=https:\/\/www.incorectpolitic.com\/?p=79399\" class=\"social-facebook\" rel=\"external\" target=\"_blank\"><span>Facebook<\/span><\/a><\/li>\n<li><a href=\"https:\/\/twitter.com\/intent\/tweet?text=Concluziile+mele+cu+privire+la+alegerile+din+2025&amp;url=https:\/\/www.incorectpolitic.com\/?p=79399\" class=\"social-twitter\" rel=\"external\" target=\"_blank\"><span>Twitter<\/span><\/a><\/li>\n<li><a href=\"http:\/\/pinterest.com\/pin\/create\/button\/?url=https:\/\/www.incorectpolitic.com\/?p=79399&amp;description=Concluziile+mele+cu+privire+la+alegerile+din+2025&amp;media=https:\/\/analyse.optim.biz\/wp-content\/uploads\/2025\/12\/harta-electorala-1.jpg\" class=\"social-pinterest\" rel=\"external\" target=\"_blank\"><span>Pinterest<\/span><\/a><\/li>\n<\/ul>\n<\/div>\n<\/div>\n<\/article>\n<p> Source URL: https:\/\/www.incorectpolitic.com\/concluziile-mele-cu-privire-la-alegerile-din-2025\/<\/p>\n","protected":false},"excerpt":{"rendered":"<p>Concluziile mele cu privire la alegerile din 2025 Sterie CiumettiIncorect Politic Mai 19, 2025 Concluziile mele cu privire la alegerile din 2025 \u00cen cadrul unui schimb de replici cu un poet contemporan, iat\u0103 concluziile mele cu privire la alegeri: Democra\u021bia universal\u0103 este un sistem falimentar, care nu func\u021bioneaz\u0103 \u0219i nici nu poate func\u021biona \u00een realitate. [&hellip;]<\/p>\n","protected":false},"author":1,"featured_media":792953,"comment_status":"open","ping_status":"","sticky":false,"template":"","format":"standard","meta":{"footnotes":""},"categories":[89],"tags":[95],"class_list":["post-792952","post","type-post","status-publish","format-standard","has-post-thumbnail","hentry","category-romania","tag-incorectpolitic-com"],"_links":{"self":[{"href":"https:\/\/analyse.optim.biz\/index.php?rest_route=\/wp\/v2\/posts\/792952","targetHints":{"allow":["GET"]}}],"collection":[{"href":"https:\/\/analyse.optim.biz\/index.php?rest_route=\/wp\/v2\/posts"}],"about":[{"href":"https:\/\/analyse.optim.biz\/index.php?rest_route=\/wp\/v2\/types\/post"}],"author":[{"embeddable":true,"href":"https:\/\/analyse.optim.biz\/index.php?rest_route=\/wp\/v2\/users\/1"}],"replies":[{"embeddable":true,"href":"https:\/\/analyse.optim.biz\/index.php?rest_route=%2Fwp%2Fv2%2Fcomments&post=792952"}],"version-history":[{"count":0,"href":"https:\/\/analyse.optim.biz\/index.php?rest_route=\/wp\/v2\/posts\/792952\/revisions"}],"wp:featuredmedia":[{"embeddable":true,"href":"https:\/\/analyse.optim.biz\/index.php?rest_route=\/wp\/v2\/media\/792953"}],"wp:attachment":[{"href":"https:\/\/analyse.optim.biz\/index.php?rest_route=%2Fwp%2Fv2%2Fmedia&parent=792952"}],"wp:term":[{"taxonomy":"category","embeddable":true,"href":"https:\/\/analyse.optim.biz\/index.php?rest_route=%2Fwp%2Fv2%2Fcategories&post=792952"},{"taxonomy":"post_tag","embeddable":true,"href":"https:\/\/analyse.optim.biz\/index.php?rest_route=%2Fwp%2Fv2%2Ftags&post=792952"}],"curies":[{"name":"wp","href":"https:\/\/api.w.org\/{rel}","templated":true}]}}