{"id":792947,"date":"2025-05-22T13:51:34","date_gmt":"2025-05-22T10:51:34","guid":{"rendered":"https:\/\/analyse.optim.biz\/?p=792947"},"modified":"2025-05-22T13:51:34","modified_gmt":"2025-05-22T10:51:34","slug":"a-fost-blat-incorect-politic","status":"publish","type":"post","link":"https:\/\/analyse.optim.biz\/?p=792947","title":{"rendered":"A fost blat? &#8211; Incorect Politic"},"content":{"rendered":"<article class=\"post-listing post-79434 post type-post status-publish format-standard has-post-thumbnail  category-actualitate category-stirea-zilei tag-a-fost-blat\" id=\"the-post\">\n<div class=\"post-inner\">\n<h1 class=\"name post-title entry-title\"><span>A fost blat?<\/span><\/h1>\n<div class=\"entry\">\n<p><strong>Incorect Politic<\/strong><br \/>\nMai 22, 2025<\/p>\n<h2 class=\"post-title entry-title\"><strong>O imagine spune mai mult dec\u00e2t 100 de cuvinte<\/strong><\/h2>\n<p><a href=\"https:\/\/www.incorectpolitic.com\/a-fost-blat\/ccs-enache\/\" rel=\"attachment wp-att-79435\"><img loading=\"lazy\" decoding=\"async\" class=\"size-full wp-image-79435 aligncenter\" src=\"https:\/\/analyse.optim.biz\/wp-content\/uploads\/2025\/12\/ccs-enache.jpeg\" width=\"290\" height=\"174\" title=\"ccs-enache\"><\/a><br \/>\nVrei s\u0103 \u00een\u021belegi cum e Rom\u00e2nia? Nu cred c\u0103 exist\u0103 ceva mai evident, mai intuitiv dec\u00e2t imaginea asta: un bandit, un informator al securit\u0103\u021bii \u0219i un retardat nesp\u0103lat asupra c\u0103ruia planeaz\u0103, de asemenea, suspiciuni de colaborare cu securitatea. Uita\u021bi-v\u0103 la fe\u021bele lor, uita\u021bi-v\u0103 c\u00e2t de cocli\u021bi sunt!<\/p>\n<p>Asta e Rom\u00e2nia, dragii mei. Fix asta e imaginea ei. Nici mai mult nici mai pu\u021bin! At\u00e2t s-a putut<\/p>\n<p><a href=\"https:\/\/www.incorectpolitic.com\/a-fost-blat\/simi-si-nicu\/\" rel=\"attachment wp-att-79436\"><img loading=\"lazy\" decoding=\"async\" class=\"size-full wp-image-79436 aligncenter lazyload\" src=\"https:\/\/analyse.optim.biz\/wp-content\/uploads\/2025\/12\/simi-si-nicu-1.jpg\" width=\"537\" height=\"404\" title=\"simi-si-nicu-1\"><\/a><\/p>\n<p><img loading=\"lazy\" decoding=\"async\" class=\"size-full wp-image-79436 aligncenter\" src=\"https:\/\/analyse.optim.biz\/wp-content\/uploads\/2025\/12\/simi-si-nicu-1.jpg\" width=\"537\" height=\"404\" data-eio=\"l\" title=\"simi-si-nicu-1\"><\/p>\n<h2><strong>BLATUL<\/strong><\/h2>\n<p><em>Via <a href=\"https:\/\/ddwall.blogspot.com\/2025\/05\/nu-va-mai-infierbantati-partida-fost.html\">DD<\/a>:<\/em><\/p>\n<p>Tot v\u0103d pe c\u00e2te unii c\u0103 a\u0219teapt\u0103 cu \u00eenfrigurare s\u0103 vad\u0103 ce-o zice CCR-ul. Oameni buni, Sunte\u021bi copii? \u00cen acest mod televiziunile v\u0103 \u021bin \u00een captivitate ca pe pro\u0219ti. Mi-a trimis cineva acum c\u00e2teva clipe un soi de replici de pe la Realitatea \u00een care moderatorii se r\u0103steau la invita\u021bi cum c\u0103 \u201e<i>n-a fost lovitur\u0103 de stat!<\/i>\u201d. Cu alte cuvinte, gata, nu mai ai voie s\u0103 spui \u201e<i>lovitur\u0103 de stat<\/i>\u201d. Cool!<\/p>\n<p>Hai s\u0103 ne adun\u0103m s\u0103 \u00een\u021belegem care-i treaba.<\/p>\n<ol>\n<li>S-au anulat alegerile pentru c\u0103 nici Georgescu \u0219i nici Lasconi nu erau suficient de controlabili,<\/li>\n<li>Televiziunile \u0219i a\u0219a-zi\u0219ii suverani\u0219ti au fost \u021binu\u021bi \u00een fr\u00e2u cu z\u0103h\u0103relul prin urm\u0103toarele false mesaje:\n<ul>\n<li>C\u0103 urmeaz\u0103 s\u0103 vin\u0103 un mesaj de la Washington;<\/li>\n<li>C\u0103 a zis nu \u0219tiu ce Elon sau fie-su lui Trump;<\/li>\n<li>Ca \u201ese va \u00eent\u00e2mpla ceva\u201d;<\/li>\n<li>C\u0103 \u201eo s\u0103 loveasc\u0103 justi\u021bia\u201d. <b>S-a adeverit ceva? NIMIC! Doar dusul cu pre\u0219ule\u021bul<\/b><\/li>\n<\/ul>\n<\/li>\n<li>Inclusiv pe Georgescu \u00eel b\u0103nuiesc de complicitate \u00eentruc\u00e2t nu \u00een\u021beleg de ce nu a mers pe linia contest\u0103rii p\u00e2n\u0103 la cap, cu ceva de genul: EU NU RECUSC REORGANIZAREA ALEGERILOR, DECI NU PARTICIP LA MASCARAD\u0102.<\/li>\n<li>Transferul voturilor c\u0103tre Simion mi s-a p\u0103rut, din nou, ceva de genul \u201e<i>hai s\u0103 pic\u0103m la pace cu sistemul<\/i>\u201d.<\/li>\n<li>\u00cen timpul \u0103sta, Realitatea avea program gen C\u00e2ntarea Rom\u00e2niei, \u00eentrerupt de discursurile patetice ale Anc\u0103i Alexandrescu, parc\u0103 preluate de la G\u00e2dea.<\/li>\n<li>\u00centre turul 1 \u0219i turul 2, Simion s-a auto-sabotat voit cu subiectul \u201e500 000 bugetari\u201d. La fel cum Ponta, c\u00e2nd crescuse \u00een sondaje, s-a auto-sabotat cu subiectul \u201eam inundat Rom\u00e2nia ca s\u00ee\u0103 scape Serbia\u201d. De asemenea, \u00een dezbatere Simion s-a auto-sabotat accept\u00e2nd dezbaterea la Euronews, oficin\u0103 globalist\u0103, unde Jegu\u0219or a avut \u00eentreb\u0103rile servite. <b>Re\u021bine\u021bi paralela Ponta-Simion c\u0103 se va adeveri tot ce v\u0103 spun eu aici!<\/b><\/li>\n<li>Un alt subiect unde n-a punctat Simion a fost campania. De ce NU \u0218I-A F\u0102CUT CAMPANIE \u00eentre cele dou\u0103 tururi? De ce a acceptat ca globali\u0219tii s\u0103 ias\u0103 la manifesta\u021bie \u00een Pia\u021ba Victoriei? Ar fi putut organiza lejer o contra-manifesta\u021bie de 10 ori mai mare, dar n-a vrut. A fost l\u0103sat Jegu\u0219or s\u0103-\u0219i fac\u0103 de cap pentru a demonstra c\u0103 \u201elupta e pierdut\u0103\u201d.<\/li>\n<li>M-am \u00eentrebat de ce nu s-a dus la Banca Na\u021bional\u0103 ca s\u0103 combat\u0103 gol\u0103nia consilierului \u0103luia matusalemic \u2013 asemeni \u00eentregii structuri a BNR. N-a f\u0103cut-o, mai mult a asigurat c\u0103 \u201e<i>el \u00eel sus\u021bine pe Is\u0103rescu<\/i>\u201d. Cum adic\u0103, \u00een loc s\u0103 comba\u021bi ferm intrarea BNR \u00een politic\u0103, tu te apuci s\u0103 te guduri??? Ie\u0219irea de dup\u0103 alegeri a lui Is\u0103rescu mi se pare o chestie mai limpede dec\u00e2t un autodenun\u021b!<\/li>\n<li>S-a trecut prea facil peste amestecul autorit\u0103\u021bilor moldovene\u0219ti \u00een procesul electoral. Trimiterea unei brig\u0103zi de ame\u021bi\u021bi la STS nu are capacitatea de a opri abuzul. Trebuia ca \u00eenc\u0103 de atunci s\u0103 se documenteze \u00eenc\u0103lc\u0103rile legii \u0219i s\u0103 cear\u0103 CCR oprirea votului. Nu s-a f\u0103cut!<\/li>\n<li>Mesajul lui Durov a fost transmis doar de idio\u021bi precum subsemnatul. Toat\u0103 \u201e<i>floarea cea vestit\u0103 a suverani\u0219tilor<\/i>\u201d l-a ignorat. Inclusiv la Realitatea nu s-a dat. De ce?<\/li>\n<li>Discursul lui Simion de dup\u0103 exit poll a fost dubios prin mul\u021bumirile adresate \u201e<i>institu\u021biilor statului pentru modul impecabil \u00een care au organizat alegerile<\/i>\u201d. Ce-a fost asta? Verdele pentru blat!<\/li>\n<li>Felicitarea lui Jegu\u0219or din noaptea alegerilor \u0219i \u201efuga de la Cluj\u201d, iat\u0103, se constituie \u00een corpuri delict ale unui blat care pare a fi fost anterior stabilit.<\/li>\n<li>\u00cenainte de a contesta la CCR, Simion a mai avut o ie\u0219ire \u00een care a spus el \u0219i oamenii lui \u201e<i>au monitorizat alegerile, dar n-au g\u0103sit nimic<\/i>\u201d.<\/li>\n<li>Abia ulterior, dup\u0103 ce votan\u021bii realmente au explodat prinz\u00e2ndu-se c\u0103 a fost blat, a \u00eenceput s\u0103 fac\u0103 joc de glezne, depun\u00e2nd contesta\u021bie. Acum se face doar circ deoarece simte c\u0103-i fuge partidul de sub picioare.<\/li>\n<li>A mai fost ceva: dup\u0103 ce a depus contesta\u021bia a \u201e\u00eent\u0103rit-o\u201d spun\u00e2nd c\u0103 \u201e<i>oricum nu se va accepta<\/i>\u201d. P\u0103i ce lupt\u0103tor e\u0219ti tu, b\u0103 b\u0103iatule, dac\u0103 te apuci s\u0103 spui de dinainte c\u0103 pierzi meciul? De ce-a fost necesar\u0103 afirma\u021bia aia? Ca s\u0103-i dai \u201eoxigen\u201d securistului \u0219ef de la CCR?<\/li>\n<\/ol>\n<p>Asta e ceea ce am v\u0103zut eu. Dac\u0103 am gre\u0219it undeva, corecteaz\u0103-m\u0103! Eu \u00eens\u0103 te \u00eentreb ceva: dac\u0103 realizezi c\u0103 s-a f\u0103cut blatul ce faci? Stai la fel de lini\u0219tit, aliniat \u00een spatele suveranistului t\u0103u de galerie? Nu-\u021bi vine s\u0103 urli?<\/p>\n<p>\u00cenc\u0103 un lucru. N-ai cum s\u0103-\u021bi reduci programul politic la \u201eeu sunt cu Trump, deci eu trebuie s\u0103 vin la putere\u201d sau \u201eoamenii lui Trump m\u0103 sus\u021bin pe mine\u201d. B\u0103i, Georgic\u0103, ce plm suveranist e\u0219ti tu dac\u0103 tu \u00eemi spui c\u0103 \u021bi l-ai g\u0103sit pe Trump de Senior. Cu ce te ridici tu deasupra lui Jegu\u0219or care-l are pe Macron senior?<\/p>\n<p><a href=\"https:\/\/www.incorectpolitic.com\/a-fost-blat\/nicusor-dan\/\" rel=\"attachment wp-att-79437\"><img loading=\"lazy\" decoding=\"async\" class=\"size-full wp-image-79437 aligncenter lazyload\" src=\"https:\/\/analyse.optim.biz\/wp-content\/uploads\/2025\/12\/nicusor-dan.jpg\" width=\"1024\" height=\"1024\" title=\"nicusor-dan\"><\/a><\/p>\n<p><img loading=\"lazy\" decoding=\"async\" class=\"size-full wp-image-79437 aligncenter\" src=\"https:\/\/analyse.optim.biz\/wp-content\/uploads\/2025\/12\/nicusor-dan.jpg\" width=\"1024\" height=\"1024\" data-eio=\"l\" title=\"nicusor-dan\"><\/p>\n<h2 class=\"post-title entry-title\"><strong>25 de motive pentru care, dac\u0103 ai votat Nicu\u0219or Dan, ai mari \u0219anse s\u0103 fii cretin irecuperabil!<\/strong><\/h2>\n<p><em>Via <a href=\"https:\/\/ddwall.blogspot.com\/2025\/05\/25-de-motive-pentru-care-daca-ai-votat.html\">DD<\/a>:<\/em><\/p>\n<ol>\n<li>Asemeni lui Al Bundy, se laud\u0103 cu ni\u0219te ispr\u0103vi de-ale sale din liceu;<\/li>\n<li>Are un trecut neclar \u00een ceea ce prive\u0219te colaborarea sa cu fosta Securitate;<\/li>\n<li>Cu toate c\u0103 las\u0103 s\u0103 se \u00een\u021beleag\u0103 c\u0103 ar fi fost un geniu, are bac-ul luat la un liceu industrial din Craiova;<\/li>\n<li>\u00ce\u0219i spune matematician \u00een condi\u021biile \u00een care nu mai profeseaz\u0103 de cel pu\u021bin 25 de ani;<\/li>\n<li>S-a afirmat ca lupt\u0103tor pentru Bucure\u0219ti, dar singurul rezultat palpabil al ac\u021biunilor sale a fost un num\u0103r interminabil de procese;<\/li>\n<li>A fondat USR, cel mai toxic partid din Rom\u00e2nia, responsabil, printre altele, de politica aberant\u0103 din timpul pandemiei, moment \u00een care au dorit inclusiv introducerea vaccin\u0103rii obligatorii;<\/li>\n<li>A avut un mandat de deputat \u00een care NU A F\u0102CUT ABSOLUT NIMIC!<\/li>\n<li>Din 2020 se afl\u0103 la c\u00e2rma Prim\u0103riei Bucure\u0219ti, ne\u0219tiind s\u0103 fac\u0103 altceva dec\u00e2t s\u0103 dea vina pe al\u021bii pentru orice problem\u0103;<\/li>\n<li>A pretins c\u0103 a sc\u0103zut datoriile Bucure\u0219tiului \u00een condi\u021biile \u00een care municipiul Bucure\u0219ti are datorii cu aproximativ 40% mai mari dec\u00e2t \u00een 2020;<\/li>\n<li>Bucure\u0219tiul este un ora\u0219 mizerabil fa\u021b\u0103 de mandatul anterior, cur\u0103\u021benia fiind deficitar\u0103, iar spa\u021biile verzi l\u0103sate de izbeli\u0219te;<\/li>\n<li>Traficul din Bucure\u0219ti este infernal, \u00een condi\u021biile \u00een care Nicu\u0219or Dan a promis c\u0103 aceast\u0103 problem\u0103 va fi rezolvat\u0103 rapid dup\u0103 ce va veni el la Prim\u0103rie. C\u00e2nd, \u00een campania electoral\u0103 a fost \u00eentrebat despre aceast\u0103 problem\u0103, s-a mul\u021bumit s\u0103 afirme c\u0103 cel care ar fi trebuit s\u0103 rezolve problema \u2026 a murit!<\/li>\n<li>A reu\u0219it s\u0103 blocheze absolut toate proiectele de construc\u021bie din Bucure\u0219ti;<\/li>\n<li>A insistat s\u0103 bage bani absolut aiurea \u00een proiectul socialist de \u00eenc\u0103lzire centralizat\u0103 care seac\u0103 Bugetul Bucure\u0219tiului;<\/li>\n<li>Cu toate c\u0103 se bag\u0103 bani cu nemiluita, bucure\u0219tenii au parte de frig \u0219i lipsa apei calde, exact ca \u00een perioada comunist\u0103. Pentru aceste lipsuri pl\u0103tesc facturi uneori mai mari dec\u00e2t cei care\u00a0au centrale termice individuale, \u00ceN CONDI\u021aIILE \u00ceN CARE GIGACALORIA ESTE SUBVEN\u021aIONAT\u0102 \u00ceN BUCURE\u0218TI!<\/li>\n<li>A b\u0103gat aberant de mul\u021bi bani \u00een autobuze electrice care iau foc, pun\u00e2nd via\u021ba c\u0103l\u0103torilor \u00een pericol;<\/li>\n<li>La 54 de ani nu a fost capabil s\u0103-\u0219i achizi\u021bioneze o locuin\u021b\u0103, st\u00e2nd \u00een chirie;<\/li>\n<li>Filmat \u00een interiorul locuin\u021bei sale pentru campania electoral\u0103, a \u0219ocat cu mizeria din cas\u0103, \u00een condi\u021biile \u00een care s-a filmat \u00een zona \u00een care spunea c\u0103 \u201es-a f\u0103cut ordine\u201d;<\/li>\n<li>Are \u00een spate for\u021be politice obscure: ONG-uri finan\u021bate de Soros, Grupul de la Cluj, inclusiv un afacerist care face afaceri cu Belarusul \u0219i cu Rusia;<\/li>\n<li>Cu toate c\u0103 s-a marketat ca fiind anti-sistem, el este o crea\u021bie a sistemului politic actual, fiind sus\u021binut la pre\u0219edin\u021bie de \u00eentreg spectrul politic care a dus Rom\u00e2nia n dezastru;<\/li>\n<li>Nu are habar pe ce lume tr\u0103ie\u0219te, fiind numeroase momentele \u00een care a dat r\u0103spunsuri bizare sau a avut comportamente absolut de neexplicat;<\/li>\n<li>Sus\u021bine c\u0103 are solu\u021bii \u00een condi\u021biile \u00een care, din r\u0103spunsurile pe care le d\u0103, nu este capabil s\u0103 \u00een\u021beleag\u0103 problema;<\/li>\n<li>Are ticuri ciudate, cel cu m\u00e2ncatul mucilor fiind cel mai bizar;<\/li>\n<li>D\u0103 dovada unei schizoidii accentuate: vorbe\u0219te cu capul \u00een p\u0103m\u00e2nt, f\u0103r\u0103 a-\u0219i privi partenerul de discu\u021bie, rupe dialogul sau se blocheaz\u0103;<\/li>\n<li>Sunt dovezi c\u00e2t se poate de evidente ale slabei sale inteligen\u021be emo\u021bionale;<\/li>\n<li>Se va dovedi pentru Rom\u00e2nia mai catastrofal dec\u00e2t a fost Biden pentru America.<\/li>\n<\/ol>\n<p>Iar lista poate continua. Ceea ce este clar e c\u0103, dac\u0103 ai votat Jegu\u0219or Dan, sunt \u0219anse foarte mari s\u0103 te afli \u00een spectrul irecuperabililor din punct de vedere intelectual. Nu te lua dup\u0103 faptul c\u0103 sunte\u021bi mul\u021bi! Din vremea lui L\u0103pu\u0219nenau e vorba \u201epro\u0219ti, dar mul\u021bi\u201d.<\/p>\n<\/div>\n<div class=\"share-post\"><span class=\"share-text\">Share<\/span><\/p>\n<ul class=\"flat-social\">\n<li><a href=\"http:\/\/www.facebook.com\/sharer.php?u=https:\/\/www.incorectpolitic.com\/?p=79434\" class=\"social-facebook\" rel=\"external\" target=\"_blank\"><span>Facebook<\/span><\/a><\/li>\n<li><a href=\"https:\/\/twitter.com\/intent\/tweet?text=A+fost+blat%3F&amp;url=https:\/\/www.incorectpolitic.com\/?p=79434\" class=\"social-twitter\" rel=\"external\" target=\"_blank\"><span>Twitter<\/span><\/a><\/li>\n<li><a href=\"http:\/\/pinterest.com\/pin\/create\/button\/?url=https:\/\/www.incorectpolitic.com\/?p=79434&amp;description=A+fost+blat%3F&amp;media=https:\/\/analyse.optim.biz\/wp-content\/uploads\/2025\/12\/simi-si-nicu-1.jpg\" class=\"social-pinterest\" rel=\"external\" target=\"_blank\"><span>Pinterest<\/span><\/a><\/li>\n<\/ul>\n<\/div>\n<\/div>\n<\/article>\n<p> Source URL: https:\/\/www.incorectpolitic.com\/a-fost-blat\/<\/p>\n","protected":false},"excerpt":{"rendered":"<p>A fost blat? Incorect Politic Mai 22, 2025 O imagine spune mai mult dec\u00e2t 100 de cuvinte Vrei s\u0103 \u00een\u021belegi cum e Rom\u00e2nia? Nu cred c\u0103 exist\u0103 ceva mai evident, mai intuitiv dec\u00e2t imaginea asta: un bandit, un informator al securit\u0103\u021bii \u0219i un retardat nesp\u0103lat asupra c\u0103ruia planeaz\u0103, de asemenea, suspiciuni de colaborare cu securitatea. [&hellip;]<\/p>\n","protected":false},"author":1,"featured_media":792948,"comment_status":"open","ping_status":"","sticky":false,"template":"","format":"standard","meta":{"footnotes":""},"categories":[89],"tags":[95],"class_list":["post-792947","post","type-post","status-publish","format-standard","has-post-thumbnail","hentry","category-romania","tag-incorectpolitic-com"],"_links":{"self":[{"href":"https:\/\/analyse.optim.biz\/index.php?rest_route=\/wp\/v2\/posts\/792947","targetHints":{"allow":["GET"]}}],"collection":[{"href":"https:\/\/analyse.optim.biz\/index.php?rest_route=\/wp\/v2\/posts"}],"about":[{"href":"https:\/\/analyse.optim.biz\/index.php?rest_route=\/wp\/v2\/types\/post"}],"author":[{"embeddable":true,"href":"https:\/\/analyse.optim.biz\/index.php?rest_route=\/wp\/v2\/users\/1"}],"replies":[{"embeddable":true,"href":"https:\/\/analyse.optim.biz\/index.php?rest_route=%2Fwp%2Fv2%2Fcomments&post=792947"}],"version-history":[{"count":0,"href":"https:\/\/analyse.optim.biz\/index.php?rest_route=\/wp\/v2\/posts\/792947\/revisions"}],"wp:featuredmedia":[{"embeddable":true,"href":"https:\/\/analyse.optim.biz\/index.php?rest_route=\/wp\/v2\/media\/792948"}],"wp:attachment":[{"href":"https:\/\/analyse.optim.biz\/index.php?rest_route=%2Fwp%2Fv2%2Fmedia&parent=792947"}],"wp:term":[{"taxonomy":"category","embeddable":true,"href":"https:\/\/analyse.optim.biz\/index.php?rest_route=%2Fwp%2Fv2%2Fcategories&post=792947"},{"taxonomy":"post_tag","embeddable":true,"href":"https:\/\/analyse.optim.biz\/index.php?rest_route=%2Fwp%2Fv2%2Ftags&post=792947"}],"curies":[{"name":"wp","href":"https:\/\/api.w.org\/{rel}","templated":true}]}}