{"id":792944,"date":"2025-05-24T05:43:53","date_gmt":"2025-05-24T02:43:53","guid":{"rendered":"https:\/\/analyse.optim.biz\/?p=792944"},"modified":"2025-05-24T05:43:53","modified_gmt":"2025-05-24T02:43:53","slug":"scrisoare-deschisa-catre-nicusor-dan-incorect-politic","status":"publish","type":"post","link":"https:\/\/analyse.optim.biz\/?p=792944","title":{"rendered":"Scrisoare deschis\u0103 c\u0103tre Nicu\u0219or Dan &#8211; Incorect Politic"},"content":{"rendered":"<article class=\"post-listing post-79443 post type-post status-publish format-standard has-post-thumbnail  category-actualitate category-stirea-zilei tag-scrisoare-deschisa-catre-nicusor-dan\" id=\"the-post\">\n<div class=\"post-inner\">\n<h1 class=\"name post-title entry-title\"><span>Scrisoare deschis\u0103 c\u0103tre Nicu\u0219or Dan<\/span><\/h1>\n<div class=\"entry\">\n<p>Ioan Ro\u0219ca<br \/><strong>Incorect Politic<\/strong><br \/>\nMai 24, 2025<\/p>\n<p><a href=\"https:\/\/www.incorectpolitic.com\/scrisoare-deschisa-catre-nicusor-dan\/juramant-nd\/\" rel=\"attachment wp-att-79444\"><img loading=\"lazy\" decoding=\"async\" class=\"size-full wp-image-79444 aligncenter\" src=\"https:\/\/analyse.optim.biz\/wp-content\/uploads\/2025\/12\/juramant-nd-1.jpg\" width=\"499\" height=\"326\" title=\"juramant-nd-1\"><\/a><\/p>\n<h2><strong>Scrisoare deschis\u0103 c\u0103tre Nicu\u0219or Dan<\/strong><\/h2>\n<p>Scrisoare deschis\u0103, unui coleg aparent r\u0103t\u0103cit<\/p>\n<p>Domnule Nicu\u015for Dan,<\/p>\n<p>V\u0103 scriu de pe o alt\u0103 fa\u0163\u0103 a lumii, con\u015ftient c\u0103 s\u00eent \u015fanse mici s\u0103 r\u0103spunde\u0163i la acest mesaj \u015fi chiar s\u0103 \u00eel cititi\u0163i (nu mi-a\u0163i r\u0103spuns nici la altele, trimise \u00een condi\u0163ii mai favorabile- de\u015fi ne \u015ftiam; g\u00eendindu-m\u0103 c\u0103 poate nu v-au ajuns respectivele emailuri, procedez acum altfel). O fac din iner\u0163ie (am mai comis gesturi similare fa\u0163\u0103 de predecesori ai dv.) \u015fi \u00een numele unei vagi speran\u0163e de rezonan\u0163\u0103 profesional\u0103\/ intelectual\u0103 (fiind \u015fi eu, printre altele,\u00a0 olimpic de matematic\u0103 \u015fi activist \u00een cauze justi\u0163iare); \u015fi mai ales pentru c\u0103, de\u015fi rolul pe care vi l-a\u0163i asumat \u00eemi apare odios \u015fi presta\u0163ia dv. public\u0103 a cuprins numeroase episoade stupefiante\/ resping\u0103toare- pentru mine, mai am ni\u015fte motive s\u0103 sper c\u0103 putem g\u0103si zone de rezonan\u0163\u0103, sau m\u0103car disponibilitate de comunicare \u00een contradictoriu. V\u0103 scriu acum, gr\u0103bit (deci incomplet), c\u00eet \u00eenc\u0103 nu a\u0163i comis pa\u015fii iremediabili spre care s\u00eente\u0163i \u00eempins- indiferent de ce \u015fi\/sau de cine.<\/p>\n<p>A\u0163i c\u00ee\u015ftigat o b\u0103t\u0103lie deturnat\u0103, \u00een urma unei confrunt\u0103ri trucate, bazat\u0103 pe siluirea \u201cdemocra\u0163iei\u201d \u015fi pe farsa simul\u0103rii unei tabere care ar pune \u2013 chipurile- \u00een pericol \u201cintegrarea\u201d \u0163\u0103rii cu\u2026. h\u0103ul. A\u0163i \u00eenvins un adversar fantomatic. V-a\u0163i \u00eenfruntat cu pretin\u015fi \u201csuverani\u015fti\u201d (\u201cjusti\u0163iari\u201d)\u2026. care vor \u00een UE \u015fi NATO, cer \u00eent\u0103rirea bazelor miltare str\u0103ine, sus\u0163in corpor\u0163iile multina\u0163ionale, aduleaz\u0103 axa Trump-Netanyahou (modul onorabil cum a\u0163i tratat acest subiect mi-a permis s\u0103 v\u0103 scriu), sforari care promit jefuitorilor \u201ctranzi\u0163iei\u201d conservarea pr\u0103zii etc. A\u0163i avut avantajul, fa\u0163\u0103 de farsorii care au tr\u00eembi\u0163at demagogic \u201cschimbarea\u201d,\u00a0 de a v\u0103 putea declara \u00een clar , sincer, decent, inten\u0163iile de slujire a colonizatorilor si mercenarilor lor (care au uzurpat statul prin care paraziteaz\u0103 popula\u0163ia). Nu ve\u0163i putea deci fi acuzat de tr\u0103dare a electoratului dv., din moment ce a\u0163i fost votat pe un program anti- na\u0163ional f\u0103\u0163i\u015f, asumat.<\/p>\n<p>A\u0163i evitat tema cotropirii \/aservirii\/coloniz\u0103rii Rom\u00e2niei, c\u0103ci nu dori\u0163i eliberarea ei. Dar de team\u0103 c\u0103 o parte din adep\u0163ii dv. (fraieri care nu au \u00een\u0163eles ce reprezenta\u0163i) s-ar putea r\u0103zg\u00eendi, nu a\u0163i dus onestitatea p\u00een\u0103 la punctul de a v\u0103 explicita misunea: s\u0103 gestiona\u0163i dispari\u0163ia Rom\u00e2niei \u00een UE. Acesta este, indiscutabil, primul rol istoric pe care vi l-a\u0163i asumat. \u015ei pentru aceast\u0103 misiune funest\u0103 (fiind vorba de moartea unei na\u0163iuni), mul\u0163i rom\u00e2ni, europeniza\u0163i deja, v-au votat. Nu mai vor s\u0103 tr\u0103iasc\u0103 \u00eentr-o Rom\u00e2nie \u201cindependent\u0103\u201d, care \u2013 cred ei- \u015fi-a b\u0103tut joc de rom\u00e2ni (de\u015fi nu Rom\u00e2nia\u2026. ci rom\u00e2nii, au f\u0103cut totul praf). Consider\u0103 c\u0103 existen\u0163a lor, personal\u0103, are de c\u00ee\u015ftigat, dac\u0103 frontierele incomodante dispar \u015fi ei devin ceta\u0163enii marelui stat civilizat care va face s\u0103 dispar\u0103 fostele na\u0163iuni de pe hart\u0103, \u00eenghi\u0163indu-le progresist. Unii nu o spun (\u00eenc\u0103) prea net, ci ac\u0163ioneaz\u0103 cu tact\/ pruden\u0163\u0103, agit\u00eend simbolic stegule\u0163ele euro-integriste, fiind \u00eens\u0103 de fapt vorba de \u00eengroparea proiectului comunitar rom\u00e2nesc, la care au pus suflet at\u00ee\u0163ia, timp de 200 de ani: pl\u0103m\u0103direa Rom\u00e2niei ca \u0163ar\u0103.<\/p>\n<p>Nu voi face aici analiza cauzelor abandon\u0103rii proiectului \u201cRom\u00e2nia\u201d. Conteaz\u0103 rezultatul pe care doar orbii\/ exalta\u0163ii\/ farsorii nu-l vad. Cei ce mai jinduiesc dup\u0103 o \u0163ar\u0103 a lor, independent\u0103, protejat\u0103 de o membran\u0103 separatoare, care s\u0103 permit\u0103 un metabolism intern, au devenit minoritari. \u015ei avem toate motivele s\u0103 intuim c\u0103 num\u0103rul lor va scade, \u00een ciuda iluziilor diseminate de \u201cna\u0163ionalistii\u201d de operet\u0103. A cam sunat deci ceasul Rom\u00e2niei\u2026 S\u0103 le fie de bine noilor cet\u0103\u0163eni, europeni. Nu crede\u0163i totu\u015fi c\u0103 e indecent s\u0103 jubila\u0163i la o \u00eenmorm\u00eentare? C\u0103 e penibil s\u0103 pretinde\u0163i c\u0103 sluji\u0163i alt\u0103 agend\u0103 (\u00eent\u0103rirea Romaniei in cadrul UE- sau alte absurdit\u0103\u0163i)?\u00a0 S\u00eente\u0163i pe cale , \u00eempreun\u0103 cu cei ce v-au mandatat, s\u0103 desfiin\u0163a\u0163i resturile membranei\/fiin\u0163ei na\u0163ionale, \u00een numele nevoilor noului organism inglobant. Fie. Dragoste \/agregare cu sila nu se poate. Mor \u015fi na\u0163iunile. Dar ne putea\u0163i scuti de ipocrizii, av\u00eend decen\u0163a s\u0103 nu mai vorbi\u0163i, niciodat\u0103, de loc, de \u201cinterese rom\u00e2ne\u015fti\u201d? Ca s\u0103 gestionezi o regiune\/provincie a Europei, nu e nevoie de etos \u201cseparator\u201d, nici de stat local. Dup\u0103 ce va veni de hac organismului rom\u00e2nesc, Europa va putea desfiin\u0163a administra\u0163ia putred\u0103 de la Bucure\u015fti, devenit\u0103 inutil\u0103 (sau o va l\u0103sa. doar ca s\u0103 faciliteze exploatarea central\u0103?).<\/p>\n<p>Confuzia \u00een care a fost aruncat electoratul \u201csuveranist\u201d explic\u0103 (par\u0163ial) \u201cvictoria\u201d taberei dv.; dar nu schimb\u0103 sensul acesteia: a\u0163i \u00eenvins ideea de conservare a na\u0163iunii rom\u00e2ne, printr-un stat propriu (sper c\u0103 m\u0103car dv., om logic,\u00a0 \u015fti\u0163i c\u0103 un stat \u201csuveran\u201d nu poate fi integrat \u00eentr-o structur\u0103 care s\u0103-i \u015ftirbeasc\u0103 independen\u0163a).<\/p>\n<p>Dar nu e numai asta. Pe l\u00eeng\u0103 dimensiunea na\u0163ional\u0103, lupta recent\u0103 a avut \u015fi o dimensiune social\u0103: \u00eenfruntarea dintre parazi\u0163ii care s-au \u00eembog\u0103\u0163it\/descurcat\/oplo\u015fit (foarte bine, bine sau bini\u015for) \u015fi cei r\u0103ma\u015fi de c\u0103ru\u0163\u0103, \u00eeneca\u0163i \u00een s\u0103r\u0103cie \u015fi neputin\u0163\u0103. Cu o sinceritate demn\u0103 de o cauz\u0103 mai bun\u0103, v-a\u0163i asumat, pe aceast\u0103 linie de front, sus\u0163inerea parazi\u0163ilor\/ exploatatorilor, \u00een dauna victimelor lor. Nu a\u0163i fi putut c\u00ee\u015ftiga dac\u0103 clica mafiot\u0103 nu ar fi trecut peste competi\u0163ia \u00eentru ciolane, sus\u0163inindu-v\u0103 \u00eempreun\u0103, ca s\u0103-i sus\u0163ine\u0163i. Nu consider c\u0103 s\u0103r\u0103cimea resentimentar\u0103 format\u0103 de tranzi\u0163ie e mai breaz\u0103 (antropologic, spiritual) dec\u00eet rechinimea pe care o reprezenta\u0163i. Dar mi se pare foarte jenant\u0103 postura de a sluji o clas\u0103 de parveni\u0163i f\u0103r\u0103 scrupule\/ merite, care \u015fi-au manifestat at\u00eet de plenar tic\u0103lo\u015fia. Uit\u00eendu-m\u0103 la adep\u0163ii dv. imbuiba\u0163i prin rapt, la tinerimea beizadeasc\u0103 ce-\u015fi l\u0103l\u0103ie suficien\u0163a, \u015ftiind c\u00eet de par\u015fiv i\u015fi sug tainul mul\u0163umi\u0163ii prin tot felul de sinecuri, deplor\u00eendu-le teama s\u0103 nu mai poat\u0103 c\u00ee\u015ftiga nemeritat, m\u0103 intreb: ce a putut face un om ca dv sa se pun\u0103 la dispozi\u0163ia ap\u0103r\u0103rii bun\u0103st\u0103rii unor limbrici\/ \u015facali\/ rechini? \u015ei constat c\u0103 nici aici nu a\u0163i dus franche\u0163ea p\u00een\u0103 la cap\u0103t.\u00a0 A evita recunoa\u015fterea limpede a rolului de agent al oligarhiei compradore, vorbind de \u201d corup\u0163ie\u201d ca s\u0103 ascunzi c\u0103 e vorba de un sistem criminal, nu e tot o forma de demagogie?<\/p>\n<p>Confuzia liniilor de contrapunere politic\u0103 (problema na\u0163ional\u0103 versus cea social\u0103) nu v\u0103 poate proteja. C\u0103ci v-a\u0163i a\u015fezat \u00een cadranul trei, de dou\u0103 ori ru\u015finos: sluji\u0163i \u015fi agenda euro-integrist\u0103 si cea local-oligarhic\u0103. Pentru a v\u0103 repera postura \u00een oglind\u0103, e suficient s\u0103 observa\u0163i cine v\u0103 su\u0163ine; deschiderea dv spre cei ce au distrus Rom\u00e2nia, cu care \u00een\u0163elege\u0163i s\u0103 p\u0103stori\u0163i redresarea lag\u0103rului, miroase\u00a0 a cinism cras. Oamenii de afaceri la care recurge\u0163i s\u00eent \u201casasini economici\u201d, care nici nu mai pretind c\u0103 ar avea scrupule. Iar intelectualii la care f\u0103ce\u0163i trimitere admirativ s\u00eent ni\u015fte g\u0103inari, c\u0103pu\u015f\u00eend cu preten\u0163ii jalnice de iluminism, incapabili de a se mai ridica la temperatura marilor probleme ale condi\u0163iei umane contemporane.<\/p>\n<p>Aici se ascunde a treia pozi\u0163ionare ur\u00eet\u0103 a dv.: de partea sabotorilor emancip\u0103rii spirituale, a celor ce sacrific\u0103 aspira\u0163iile de \u00eennobilare a speciei \u00eentru satisfacerea agendelor josnice, a celor ce se c\u0103p\u0103tuiesc degrad\u00eend cugetele \u201cpulimii\u201d- transformat\u0103 \u00een turm\u0103 \u201cconsumatoare\u201d (degradat\u0103 antropologic\/ intelectual \u00een numele \u201cprogresului\u201d). Ce tendin\u0163e occidentale saluta\u0163i\/ sus\u0163ine\u0163i dv. ca fiind de dorit pentru rom\u00e2ni? Mercantilismul care slu\u0163e\u015fte caracterele? \u00cencurajarea specula\u0163iei, \u00een locul muncii \u015fi meritului? Intoxicarea spa\u0163iului informa\u0163ional cu l\u0103turile publicit\u0103\u0163ii? \u00cenlocuirea alimenta\u0163iei s\u0103n\u0103toase cu \u00eenlocuitori \u201cnedegradabili\u201d care sporesc ghi\u015feftul distributorilor-c\u0103pu\u015f\u0103? Ipocrizia monstruoas\u0103 care acoper\u0103 adev\u0103rata surs\u0103 a bun\u0103st\u0103rii excesive? Stingerea sentimentalismului umanist, valorilor nobile,\u00a0 \u00een favoarea unui \u201csolidarism\u201d orwellian? Uniformizarea vie\u0163ii pe planet\u0103, \u00eenc\u00eet s\u0103 dispar\u0103 diferen\u0163ele de etos care ar putea \u00eengreuna p\u0103trunderea universal\u0103 a unor produse? Fabricarea industrial\u0103 a am\u0103girii? Acoperirea dictaturii mondiale prin diversiunea \u201cdemocra\u0163iei\u201d? Religia unei statalita\u0163i\/legalit\u0103\u0163i ilegitime, care sluje\u015fte ca instrument de exploatare a masei prinse \u00een plasa normativ\u0103?\u00a0 Cultura pl\u0103cerilor sterile, onaniei generalizate?<\/p>\n<p>\u015ei mai ales: nu v\u0103 jeneaz\u0103 s\u0103 sus\u0163ine\u0163i eliminarea autonomiei persoanei- principala \u0163int\u0103 a for\u0163elor care piloteaz\u0103 acum civiliza\u0163ia occidental\u0103? Nu \u015fti\u0163i c\u0103 poprietatea real\u0103 (asupra unui produs soft, asupra banilor etc.) este \u00eenlocuit\u0103 perfid cu un drept limitat de folosin\u0163\u0103, pentru ca utilizatorul s\u0103 fie imparabil capturat? Nu \u015fti\u0163i de ce informa\u0163iile revelatoare\/ demascatoare sint \u201cclasificate\u201d? De ce media\/ presa\/ \u015fcoala mint \/ \u00eendobitocesc\/ domesticesc? De ce s-a trecut la distribuirea prin servere centralizate a serviciilor? De ce nu mai ai acces la situri dac\u0103 nu te \u201cupgradezi\u201d (adic\u0103 cumperi iar soft si hard- controlate de sistem).\u00a0 De ce utilizatorii internetului au fost captura\u0163i monopolistic de google, facebook etc?\u00a0 V\u0103 aranja\u0163i s\u0103 nu \u00een\u0163elege\u0163i c\u0103 \u015fi opera\u0163ia \u201ccoronavirus\u201d a avut ca scop eliminarea autonomiei fiziologice si ca ea ne previne privind ce va urma (c\u0103ci nimic nu pare a se mai putea opune distrugerii suveranit\u0103\u0163ii persoanei, \u00eentru capturarea ei de cine \u015ftie ce miriapod corporatist\/ mafiot\/ parazitar). Pot b\u0103nui c\u0103 nu a\u0163i \u00een\u0163eles de ce a fost pus\u0103 \u00een func\u0163ie propaganda de delegitimare a \u201cteoriei complotului\u201d, dar c\u0103 nici m\u0103car nu a\u0163i \u00een\u0163eles de ce au devenit uciga\u015fii autonomiei individului megamiliardari, de ce ne devin st\u0103p\u00eeni profitorii reproductibilit\u0103\u0163ii nelimitate, beneficiarii schemelor Ponzi\u2026. nu pot crede.<\/p>\n<p>Nu ave\u0163i \u015fi altceva de f\u0103cut dec\u00eet sa sprijini\u0163i degradarea speciei umane? C\u0103ci asta este realitatea\/ menirea societ\u0103\u0163ii pe care o vor instalat\u0103 mai temeinic \u00een Romania, cei \u00eengrozi\u0163i de ideea ca ar putea apare o membran\u0103 protectoare, care s\u0103 ne permit\u0103 s\u0103 \u00eencerc\u0103m a pl\u0103m\u0103di \u00een\u0103untru o condi\u0163ie uman\u0103 ceva mai frumoas\u0103; o carantin\u0103- \u00eenc\u00eet s\u0103 nu ne p\u0103trund\u0103 imediat veninul care ucide umanitatea.<\/p>\n<p>Nu pot \u00een\u0163elege ce v-a putut determina sa juca\u0163i un asemenea rol, asum\u00eendu-v\u0103 o compromitere etern\u0103, dv, un om care putea intra \u015fi ie\u015fi din scen\u0103 respectabil. Ca matematician- coleg, \u015ftiu ce \u00eenseamn\u0103 performan\u0163ele dv. : ave\u0163i cu ce g\u00eendi; ca lup\u0103tor justi\u0163iar, v\u0103 pot aprecia presta\u0163iile civice: ave\u0163i cu ce discerne. E adev\u0103rat c\u0103 excelen\u0163a g\u00eendirii nu e incompatibila cu autismul social, fiind chiar plauzibil ca de at\u00eeta concentrare pe problemele unui cosmos ideatic artificial, nu a\u0163i mai avut cum s\u0103 in\u0163elege\u0163i lumea \u00een care tr\u0103i\u0163i (\u015fi nu m\u0103 refer la turnule\u0163ul de filde\u015f al alinta\u0163ilor sor\u0163ii). Altfel nu-mi pot explica at\u00eetea afirma\u0163ii uluitoare\/revolt\u0103toare livrate de dv. cu senin\u0103tate unui public tarat de m\u0103rginire \u015fi propagand\u0103, despre situa\u0163ia interna\u0163ional\u0103 sau intern\u0103. Vorbi\u0163i de \u201cparteneri externi\u201d \u015fi de \u201ccorectitudine\u201d\u2026 \u00eentr-o colonie men\u0163inut\u0103 \u00een putreziciune- de sus \u015fi de jos. P\u0103re\u0163i c\u0103zut din cer\u2026 f\u0103r\u0103 a sem\u0103na cu Micul Prin\u0163. E mare riscul ca s\u0103 v\u0103 folosi\u0163i cu\u0163itul performant al g\u00eendirii, f\u0103r\u0103 pic de discern\u0103m\u00eent etic (nu imoral- ci amoral), ca un handicapat socio-politic.<\/p>\n<p>V\u0103 scriu pentru c\u0103 mi-a r\u0103mas o minuscul\u0103 speran\u0163\u0103 c\u0103 juca\u0163i un rol complicat, fiind genial \u015fi \u00een domeniul politic, de care v-a\u0163i apucat acum. \u015ei anume c\u0103, \u00een\u0163eleg\u00eend c\u0103 nu se poate \u00eencerca altfel un pas spre bine, c\u0103ci ne lovim de lucrarea st\u0103p\u00eenilor lumii conjugat\u0103 cu lucrarea racilelor condi\u0163iei umane, a\u0163i convins pe to\u0163i tic\u0103lo\u015fii, pe to\u0163i profitorii, s\u0103 v\u0103 sus\u0163in\u0103, pentru ca, o dat\u0103 strecurat la putere, cu tact \u015fi \u015firetenie, s\u0103 lucra\u0163i \u00een sens invers fa\u0163\u0103 de cel la care p\u0103re\u0163i c\u0103 v-a\u0163i angajat. S\u0103 \u00eent\u0103ri\u0163i suveranitatea Rom\u00e2niei, pref\u0103c\u00eendu-v\u0103 europenist\/ mondialist; sau s\u0103 ajutati oropsi\u0163ii soartei contra st\u0103p\u00eenilor lor- care au uzurpat statul rom\u00e2n; sau s\u0103 cataliza\u0163i rena\u015fterea spiritual\u0103- comb\u0103t\u00eend subtil degradarea operat\u0103 \u00een numele \u201cprogresului\u201d.<\/p>\n<p>Dac\u0103 astea v\u0103 s\u00eent ascunsele inten\u0163ii, ave\u0163i admira\u0163ia mea pentru \u00eendr\u0103zneal\u0103 \/creativitate\u2026 combinat\u0103 cu ne\u00eencrederea c\u0103 a\u0163i putea reu\u015fi. Nu pentru c\u0103 metoda ar fi perfid\u0103 (de\u015fi nu v\u0103d- \u00een istorie- c\u00eend a scuzat scopul mijloacele). Dar nu cred c\u0103 se poate vindeca un bolnav pref\u0103c\u00eendu-te protectorul\/agentul agresorilor lui.\u00a0 \u015ei nu ve\u0163i putea r\u0103m\u00eene mult timp camuflat. Actele benefice v\u0103 vor tr\u0103da adev\u0103ratele inten\u0163ii \u015fi ve\u0163i fi imediat debarcat, aruncat la co\u015f, zdrobit. Ca s\u0103 pute\u0163i continua, ar trebui sa conveni\u0163i celor ce v-au pro\u0163\u0103pit la c\u00eerma- \u015fi asta se poate doar \u00eentr-un singur fel: f\u0103c\u00eendu-le jocul. Fiind doar un pion \u00een m\u00eenile sistemului tic\u0103lo\u015fit, nu-i pute\u0163i face fa\u0163\u0103. Spera\u0163i s\u0103 vi se al\u0103ture acum oameni de calitate \u015fi de bun\u0103 credin\u0163\u0103? E absurd.\u00a0 Ca atare, dac\u0103 v-a\u0163i f\u0103cut iluzia ca puteti sluji Binele \u201cdin\u0103untru\u201d, lu\u00eend chiar conducerea armatei Raului, va ve\u0163i dezumfla lamentabil.<\/p>\n<p>Considera\u0163i-v\u0103 prevenit. Era mai bine s\u0103 nu v\u0103 preta\u0163i la jocuri pe care nu le pute\u0163i controla\u2026 s\u0103 nu v\u0103 b\u0103ga\u0163i \u00een oala \u00een care fierbe noroiul spurcat.<\/p>\n<p>Iar dac\u0103 chiar s\u00eente\u0163i cine p\u0103re\u0163i, un monstru moral, aventura dv. va compromite ultimele \u015fanse de eliberare \u2026 \u015fi casta matematicienilor.<\/p>\n<p>A\u0163i cam murit ca \u201com vechi\u201d. Condolean\u0163e.<\/p>\n<p>\u00a0<\/p>\n<p>Ioan Rosca 20 mai 2025<\/p>\n<\/div>\n<div class=\"share-post\"><span class=\"share-text\">Share<\/span><\/p>\n<ul class=\"flat-social\">\n<li><a href=\"http:\/\/www.facebook.com\/sharer.php?u=https:\/\/www.incorectpolitic.com\/?p=79443\" class=\"social-facebook\" rel=\"external\" target=\"_blank\"><span>Facebook<\/span><\/a><\/li>\n<li><a href=\"https:\/\/twitter.com\/intent\/tweet?text=Scrisoare+deschis%C4%83+c%C4%83tre+Nicu%C8%99or+Dan&amp;url=https:\/\/www.incorectpolitic.com\/?p=79443\" class=\"social-twitter\" rel=\"external\" target=\"_blank\"><span>Twitter<\/span><\/a><\/li>\n<li><a href=\"http:\/\/pinterest.com\/pin\/create\/button\/?url=https:\/\/www.incorectpolitic.com\/?p=79443&amp;description=Scrisoare+deschis%C4%83+c%C4%83tre+Nicu%C8%99or+Dan&amp;media=https:\/\/analyse.optim.biz\/wp-content\/uploads\/2025\/12\/juramant-nd-1.jpg\" class=\"social-pinterest\" rel=\"external\" target=\"_blank\"><span>Pinterest<\/span><\/a><\/li>\n<\/ul>\n<\/div>\n<\/div>\n<\/article>\n<p> Source URL: https:\/\/www.incorectpolitic.com\/scrisoare-deschisa-catre-nicusor-dan\/<\/p>\n","protected":false},"excerpt":{"rendered":"<p>Scrisoare deschis\u0103 c\u0103tre Nicu\u0219or Dan Ioan Ro\u0219caIncorect Politic Mai 24, 2025 Scrisoare deschis\u0103 c\u0103tre Nicu\u0219or Dan Scrisoare deschis\u0103, unui coleg aparent r\u0103t\u0103cit Domnule Nicu\u015for Dan, V\u0103 scriu de pe o alt\u0103 fa\u0163\u0103 a lumii, con\u015ftient c\u0103 s\u00eent \u015fanse mici s\u0103 r\u0103spunde\u0163i la acest mesaj \u015fi chiar s\u0103 \u00eel cititi\u0163i (nu mi-a\u0163i r\u0103spuns nici la altele, [&hellip;]<\/p>\n","protected":false},"author":1,"featured_media":792945,"comment_status":"open","ping_status":"","sticky":false,"template":"","format":"standard","meta":{"footnotes":""},"categories":[89],"tags":[95],"class_list":["post-792944","post","type-post","status-publish","format-standard","has-post-thumbnail","hentry","category-romania","tag-incorectpolitic-com"],"_links":{"self":[{"href":"https:\/\/analyse.optim.biz\/index.php?rest_route=\/wp\/v2\/posts\/792944","targetHints":{"allow":["GET"]}}],"collection":[{"href":"https:\/\/analyse.optim.biz\/index.php?rest_route=\/wp\/v2\/posts"}],"about":[{"href":"https:\/\/analyse.optim.biz\/index.php?rest_route=\/wp\/v2\/types\/post"}],"author":[{"embeddable":true,"href":"https:\/\/analyse.optim.biz\/index.php?rest_route=\/wp\/v2\/users\/1"}],"replies":[{"embeddable":true,"href":"https:\/\/analyse.optim.biz\/index.php?rest_route=%2Fwp%2Fv2%2Fcomments&post=792944"}],"version-history":[{"count":0,"href":"https:\/\/analyse.optim.biz\/index.php?rest_route=\/wp\/v2\/posts\/792944\/revisions"}],"wp:featuredmedia":[{"embeddable":true,"href":"https:\/\/analyse.optim.biz\/index.php?rest_route=\/wp\/v2\/media\/792945"}],"wp:attachment":[{"href":"https:\/\/analyse.optim.biz\/index.php?rest_route=%2Fwp%2Fv2%2Fmedia&parent=792944"}],"wp:term":[{"taxonomy":"category","embeddable":true,"href":"https:\/\/analyse.optim.biz\/index.php?rest_route=%2Fwp%2Fv2%2Fcategories&post=792944"},{"taxonomy":"post_tag","embeddable":true,"href":"https:\/\/analyse.optim.biz\/index.php?rest_route=%2Fwp%2Fv2%2Ftags&post=792944"}],"curies":[{"name":"wp","href":"https:\/\/api.w.org\/{rel}","templated":true}]}}