{"id":792923,"date":"2025-05-25T11:33:46","date_gmt":"2025-05-25T08:33:46","guid":{"rendered":"https:\/\/analyse.optim.biz\/?p=792923"},"modified":"2025-05-25T11:33:46","modified_gmt":"2025-05-25T08:33:46","slug":"zoaiele-din-mlastina-mass-media-incorect-politic","status":"publish","type":"post","link":"https:\/\/analyse.optim.biz\/?p=792923","title":{"rendered":"Zoaiele din mla\u0219tina mass media &#8211; Incorect Politic"},"content":{"rendered":"<article class=\"post-listing post-79478 post type-post status-publish format-standard has-post-thumbnail  category-actualitate category-stirea-zilei tag-articole-colonel-vasile-zarnescu tag-zoaiele-din-mlastina-mass-media\" id=\"the-post\">\n<div class=\"post-inner\">\n<h1 class=\"name post-title entry-title\"><span>Zoaiele din mla\u0219tina mass media<\/span><\/h1>\n<div class=\"entry\">\n<p>Colonel (rtg) Vasile I. Z\u0103rnescu<br \/><strong>Incorect Politic<\/strong><br \/>\nMai 25, 2025<\/p>\n<p>\u00a0<\/p>\n<h2><strong>Zoaiele din mla\u0219tina <em>mass media<\/em><\/strong><\/h2>\n<p>\u00cen mla\u0219tina <em>mass media<a href=\"https:\/\/www.incorectpolitic.com\/zoaiele-din-mlastina-mass-media\/#_ftn1\" name=\"_ftnref1\"><strong>[1]<\/strong><\/a><\/em> se g\u0103sesc tot felul de lucruri nepl\u0103cute. Unele sunt efemeride, altele vie\u021buiesc mai mult timp \u0219i polueaz\u0103 r\u0103u atmosfera. Un astfel de individ dezagreabil \u0219i care duhne\u0219te a prostie este un anume Vlad \u0218tefan Orjan. Acesta a publicat articolul idiot cu titlul tic\u0103los \u201eFostul colonel SRI Vasile Z\u0103rnescu r\u0103m\u00eene f\u0103r\u0103 pistol dup\u0103 anun\u021bul intr\u0103rii \u00een partidul Dianei \u0218o\u0219oac\u0103\u201c. De ce spun c\u0103 titlul este tic\u0103los?! Pentru c\u0103 este absolut fals! De ce spun c\u0103 este idiot?! Pentru c\u0103 este scursura din capul lui de idiot. Ca s\u0103 m\u0103 scuteasc\u0103 pe mine s-o fac \u0219i s\u0103 demonstreze singur c\u0103 este idiot, public\u0103 xerocopia unui document pe care \u00eel d\u0103dusem \u00een p\u0103strare, pentru orice eventualitate, unor prieteni, urm\u00eend s\u0103 comentez eu t\u0103r\u0103\u0219enia c\u00eend va fi cazul. \u0218i va fi, \u00een cur\u00eend, cazul! Unul dintre ace\u0219tia s-a dovedit tr\u0103d\u0103tor \u0219i l-a pus pe internet a\u0219a, \u00eentr-o doar\u0103. De aici l-a pescuit acest Orjan, care, evident, are c\u00eerje la cerebel, fiindc\u0103 scrie cum scrie. S\u0103 facem analiza scursurii sale din <em>mass media<\/em>, via <em>Puterea<\/em><a href=\"https:\/\/www.incorectpolitic.com\/zoaiele-din-mlastina-mass-media\/#_ftn2\" name=\"_ftnref2\">[2]<\/a>!<\/p>\n<p>\u00cen primul r\u00eend, nu sunt \u201efostul colonel\u201c, \u00eentruc\u00eet sunt \u201eactualul\u201c colonel, dar \u00een retragere. E-adev\u0103rat c\u0103 sunt mul\u021bi t\u00eempi\u021bi ca el, care scriu astfel (\u201efostul colonel\u201c, \u201efostul general\u201c, \u201efostul maior\u201c etc.), deoarece nu au f\u0103cut nici o zi de armat\u0103, nici nu au respectul care se cuvine fa\u021b\u0103 de haina militar\u0103 \u0219i nici nu se documenteaz\u0103 despre subiect; a\u0219a c\u0103 scriu cum \u00eei taie capul sau cum au auzit ei \u00een t\u00eerg.<\/p>\n<p>\u00cen al doilea r\u00eend, \u201eanun\u021bul intr\u0103rii \u00een partidul Dianei \u0218o\u0219oac\u0103\u201c s-a f\u0103cut \u00een 22 septembrie 2024. \u0218i cum s\u0103 \u201er\u0103m\u00een f\u0103r\u0103 pistol DUP\u0102\u201c anun\u021bul respectiv, c\u00eend el public\u0103, mai jos, xerocopia documentului transmis de mine prietenilor, capturat\u0103 de el de pe Internet, document emis de \u201eServiciul Arme, Explozibili\u2026\u201c, al M.A.I., \u00een \u201e10.04.2024\u201c, adic\u0103 cu 7 (\u0219apte) luni \u00ceNAINTE, \u00een care sunt anun\u021bat c\u0103 mi se retrage permisul de port-arm\u0103?!?! E clar c\u0103 acest Vlad \u0218tefan Orjan nu e idiot, ci e scamator, e magician, nu? Sau e doar un mizerabil mincinos?!<\/p>\n<p>\u00cen al treilea r\u00eend, el scrie, la \u00eenceputul articolului s\u0103u, \u201e<strong>va trebui s\u0103 predea pistolul Mauser letal pe care \u00eel de\u021binea<\/strong>\u201c; \u0219i, peste c\u00eeteva r\u00eenduri \u0219i poze, revine cu minciuna, ca s\u0103 \u00eei conving\u0103 pe cititori c\u0103 a\u0219a e, cum scrie el: \u201ePistolul Mauser, o arm\u0103 letal\u0103 de\u021binut\u0103 legal de Z\u0103rnescu, trebuie predat autorit\u0103\u021bilor \u00eempreun\u0103 cu toate cartu\u0219ele,\u2026\u201c<\/p>\n<p>Dar, \u00een imaginea capturat\u0103, \u00een documentul nr. 848106\/11.04.2024, emis de \u201eServiciul Arme\u2026\u201c, scrie clar: \u201e\u2026\u00eempotriva dvs. s-a dispus m\u0103sura anul\u0103rii dreptului de port arm\u0103 \u0219i folosire a armelor <strong>neletale<\/strong>, respectiv a armei de autoap\u0103rare, marca MAUSER, seria R9003\u2026\u201c (s.n. \u2013 V.I.Z.). Deci, pistolul pe care mi-l procurasem, marca MAUSER, seria R9003\u2026, cu aprobarea \u201eServiciului arme, explozibili,\u2026\u201c, este <strong>arm\u0103 neletal\u0103<\/strong>, de autoap\u0103rare, cu cartu\u0219e cu gloan\u021be de cauciuc! Dar tic\u0103lo\u0219ii din conducerea M.A.I. au complotat s\u0103 mi-l retrag\u0103 \u0219i pe acesta, ca s\u0103 fiu dezarmat \u00een cazul unei agresiuni foarte posibile contra mea. \u00cen situa\u021bia atac\u0103rii mele de vreun borfa\u0219 cu pielea groas\u0103, gloan\u021bele de cauciuc ar avea efectul unei frec\u021bii la un picior de lemn! Voi reveni asupra chestiunii, dar acum s\u0103 vorbim de dezinformarea m\u0103g\u0103reasc\u0103 comis\u0103 de Orjan.<\/p>\n<p>\u00cen maculatura sa, continu\u0103 s\u0103 bat\u0103 c\u00eempii: \u201eDecizia vine la doar c\u00e2teva zile dup\u0103 ce Z\u0103rnescu \u0219i-a anun\u021bat public afilierea la partidul Dianei \u0218o\u0219oac\u0103, S.O.S. Rom\u00e2nia, ceea ce a ridicat suspiciuni \u00een r\u00e2ndul sus\u021bin\u0103torilor s\u0103i cu privire la motivele din spatele acestei m\u0103suri.\u201c Am ar\u0103tat, mai sus, c\u0103 anularea deciziei de port-arm\u0103 nu \u201evine la doar c\u00e2teva zile dup\u0103\u201c ce intrasem \u00een S.O.S. Rom\u00e2nia, ci era <strong>anterioar\u0103<\/strong> cu \u0219apte luni! \u0218i d\u0103-i, \u0219i d\u0103-i: \u201e\u2026ceea ce a ridicat suspiciuni \u00een r\u00e2ndul sus\u021bin\u0103torilor s\u0103i\u2026\u201c! Dintre sus\u021bin\u0103torii mei, doar <strong>trei<\/strong> amici \u2013 generalul (r.) S.M., colonelul (r.) A.D. \u0219i colonelul (r.) D.I. \u2013 \u0219tiau despre anularea permisului de port-arm\u0103 (iar al\u021bii nici nu \u0219tiau c\u0103 am pistol!), fiindc\u0103 \u00eei rugasem s\u0103 apeleze la generalul Bogdan Berechet, care \u00eemi anulase permisul de port-arm\u0103, s\u0103-l conving\u0103 s\u0103 revin\u0103 asupra deciziei, fiindc\u0103 fusese prost informat. Dar nu au f\u0103cut-o!<\/p>\n<p>Apoi, numitul Orjan abereaz\u0103 alte dezinform\u0103ri cu tem\u0103: \u201ezvonuri despre S.R.I. care ar \u0219ti \u00a0despre posibile leg\u0103turi ale Dianei \u0218o\u0219oac\u0103 cu serviciile din Rusia.\u201c Vede\u021bi cum idiotul de Orjan \u2013 dac\u0103 ar fi adev\u0103rate insinu\u0103rile sale \u2013 se ofer\u0103 singur ca \u021bint\u0103?! Ru\u0219ii s-au \u00eemprietenit, iar\u0103\u0219i, cu cecenii (\u0103\u0219tia din Caucaz seam\u0103n\u0103 leit cu noi la figur\u0103!) \u0219i nu le-ar fi greu s\u0103 trimit\u0103 aici un <em>killer<\/em>, cum are \u0219i Mossadul; sau C.I.A.; sau M.I.6; nu mai vorbesc de K.G.B., care este \u00een vecin\u0103tatea noastr\u0103! Dar ce spun eu \u201edac\u0103 ar fi adev\u0103rate insinu\u0103rile\u201c: chiar dac\u0103 nu sunt, dar, a\u0219a cum sunt formulate \u0219i expuse constituie, deja, un motiv de <em>casus belli<\/em>, deoarece reprezint\u0103 o denigrare grav\u0103 a serviciilor, inclusiv a S.R.I., c\u0103ruia i se pun \u00een c\u00eerc\u0103 abera\u021biile orjaniste!<\/p>\n<p>Orice revist\u0103 care se respect\u0103 are un redactor de rubric\u0103 pe post de \u201ecap limpede\u201c, care avizeaz\u0103 articolele care intr\u0103 la tipar, spre a nu se strecura ceva ca mizeriile acestui Orjan! Dar se vede c\u0103 revista <em>Puterea<\/em> nu are a\u0219a ceva, de aceea \u00eei propun s\u0103-\u0219i schimbe numele \u00een <em>Putoarea<\/em>, c\u0103ci prea duhne\u0219te! Mai ales c\u0103 exist\u0103 riscul s\u0103 se reediteze \u00eent\u00eemplarea cu s\u0103pt\u0103m\u00eenalul francez <em>Charlie<\/em>, c\u00eend multor ziari\u0219ti de acolo le-au b\u0103gat unii \u00een cap nu idei, ci ni\u0219te gloan\u021be: \u0219i nu erau din cauciuc, ci din plumb! E-adev\u0103rat c\u0103 revista <em>Puterea<\/em> nu are aceea\u0219i faim\u0103 \u0219i importan\u021b\u0103 ca <em>Charlie<\/em>, dar,\u2026 ori\u0219ic\u00eetu\u0219i de pu\u021bin conteaz\u0103 enorm de mult, mai \u00eent\u00eei prin \u00eensu\u0219i faptul \u0219i, apoi, din cauza lui\u2026 sigur c\u0103 da de unde!<\/p>\n<p>\u00a0<\/p>\n<p><a href=\"https:\/\/www.incorectpolitic.com\/?attachment_id=79468\" rel=\"attachment wp-att-79468\"><img loading=\"lazy\" decoding=\"async\" class=\"size-full wp-image-79468 aligncenter\" src=\"https:\/\/analyse.optim.biz\/wp-content\/uploads\/2025\/12\/vasile-zarnescu-sri-1-1-1.jpg\" width=\"700\" height=\"1075\" title=\"vasile-zarnescu-sri-1-1-1\"><\/a><\/p>\n<p>\u00a0<\/p>\n<p>\u00a0<\/p>\n<p><a href=\"https:\/\/www.incorectpolitic.com\/zoaiele-din-mlastina-mass-media\/#_ftnref1\" name=\"_ftn1\">[1]<\/a> Cf. <a href=\"https:\/\/www.incorectpolitic.com\/mlastina-mass-media-serial-complet\/\">https:\/\/www.incorectpolitic.com\/mlastina-mass-media-serial-complet\/<\/a><\/p>\n<p><a href=\"https:\/\/www.incorectpolitic.com\/zoaiele-din-mlastina-mass-media\/#_ftnref2\" name=\"_ftn2\">[2]<\/a> Cf. Vlad \u0218tefan Orjan, \u201eFostul colonel SRI Vasile Z\u0103rnescu r\u0103m\u00e2ne f\u0103r\u0103 pistol dup\u0103 anun\u021bul intr\u0103rii \u00een partidul Dianei \u0218o\u0219oac\u0103\u201c, <em>Puterea<\/em>, 3 oct. 2024, pe <a href=\"https:\/\/www.puterea.ro\/fostul-colonel-sri-vasile-zarnescu-ramane-fara-pistol-dupa-anuntul-intrarii-in-partidul-dianei-sosoaca\/?fbclid=IwZXh0bgNhZW0BMAABHdZOmLAY8DMI5xTvD6fhpikIFzWm8BIJKllzTc5XOqjUbgVkAKdNd66Q4g_aem_LqCVC8jlwP2kb2i_O_K-mA\">https:\/\/www.puterea.ro\/fostul-colonel-sri-vasile-zarnescu-ramane-fara-pistol-dupa-anuntul-intrarii-in-partidul-dianei-sosoaca\/?fbclid=IwZXh0bgNhZW0BMAABHdZOmLAY8DMI5xTvD6fhpikIFzWm8BIJKllzTc5XOqjUbgVkAKdNd66Q4g_aem_LqCVC8jlwP2kb2i_O_K-mA<\/a><\/p>\n<p>\u00a0<\/p>\n<\/div>\n<div class=\"share-post\"><span class=\"share-text\">Share<\/span><\/p>\n<ul class=\"flat-social\">\n<li><a href=\"http:\/\/www.facebook.com\/sharer.php?u=https:\/\/www.incorectpolitic.com\/?p=79478\" class=\"social-facebook\" rel=\"external\" target=\"_blank\"><span>Facebook<\/span><\/a><\/li>\n<li><a href=\"https:\/\/twitter.com\/intent\/tweet?text=Zoaiele+din+mla%C8%99tina+mass+media&amp;url=https:\/\/www.incorectpolitic.com\/?p=79478\" class=\"social-twitter\" rel=\"external\" target=\"_blank\"><span>Twitter<\/span><\/a><\/li>\n<li><a href=\"http:\/\/pinterest.com\/pin\/create\/button\/?url=https:\/\/www.incorectpolitic.com\/?p=79478&amp;description=Zoaiele+din+mla%C8%99tina+mass+media&amp;media=https:\/\/analyse.optim.biz\/wp-content\/uploads\/2025\/12\/vasile-zarnescu-sri-1-1-1.jpg\" class=\"social-pinterest\" rel=\"external\" target=\"_blank\"><span>Pinterest<\/span><\/a><\/li>\n<\/ul>\n<\/div>\n<\/div>\n<\/article>\n<p> Source URL: https:\/\/www.incorectpolitic.com\/zoaiele-din-mlastina-mass-media\/<\/p>\n","protected":false},"excerpt":{"rendered":"<p>Zoaiele din mla\u0219tina mass media Colonel (rtg) Vasile I. Z\u0103rnescuIncorect Politic Mai 25, 2025 \u00a0 Zoaiele din mla\u0219tina mass media \u00cen mla\u0219tina mass media[1] se g\u0103sesc tot felul de lucruri nepl\u0103cute. Unele sunt efemeride, altele vie\u021buiesc mai mult timp \u0219i polueaz\u0103 r\u0103u atmosfera. Un astfel de individ dezagreabil \u0219i care duhne\u0219te a prostie este un [&hellip;]<\/p>\n","protected":false},"author":1,"featured_media":792924,"comment_status":"open","ping_status":"","sticky":false,"template":"","format":"standard","meta":{"footnotes":""},"categories":[89],"tags":[95],"class_list":["post-792923","post","type-post","status-publish","format-standard","has-post-thumbnail","hentry","category-romania","tag-incorectpolitic-com"],"_links":{"self":[{"href":"https:\/\/analyse.optim.biz\/index.php?rest_route=\/wp\/v2\/posts\/792923","targetHints":{"allow":["GET"]}}],"collection":[{"href":"https:\/\/analyse.optim.biz\/index.php?rest_route=\/wp\/v2\/posts"}],"about":[{"href":"https:\/\/analyse.optim.biz\/index.php?rest_route=\/wp\/v2\/types\/post"}],"author":[{"embeddable":true,"href":"https:\/\/analyse.optim.biz\/index.php?rest_route=\/wp\/v2\/users\/1"}],"replies":[{"embeddable":true,"href":"https:\/\/analyse.optim.biz\/index.php?rest_route=%2Fwp%2Fv2%2Fcomments&post=792923"}],"version-history":[{"count":0,"href":"https:\/\/analyse.optim.biz\/index.php?rest_route=\/wp\/v2\/posts\/792923\/revisions"}],"wp:featuredmedia":[{"embeddable":true,"href":"https:\/\/analyse.optim.biz\/index.php?rest_route=\/wp\/v2\/media\/792924"}],"wp:attachment":[{"href":"https:\/\/analyse.optim.biz\/index.php?rest_route=%2Fwp%2Fv2%2Fmedia&parent=792923"}],"wp:term":[{"taxonomy":"category","embeddable":true,"href":"https:\/\/analyse.optim.biz\/index.php?rest_route=%2Fwp%2Fv2%2Fcategories&post=792923"},{"taxonomy":"post_tag","embeddable":true,"href":"https:\/\/analyse.optim.biz\/index.php?rest_route=%2Fwp%2Fv2%2Ftags&post=792923"}],"curies":[{"name":"wp","href":"https:\/\/api.w.org\/{rel}","templated":true}]}}