{"id":792696,"date":"2025-05-27T14:26:51","date_gmt":"2025-05-27T11:26:51","guid":{"rendered":"https:\/\/analyse.optim.biz\/?p=792696"},"modified":"2025-05-27T14:26:51","modified_gmt":"2025-05-27T11:26:51","slug":"alogenul-silviu-vexler-dicteaza-parlamentul-voteaza-pedepse-majorate-pentru-delictul-de-opinie-oug-31-2002-incorect-politic","status":"publish","type":"post","link":"https:\/\/analyse.optim.biz\/?p=792696","title":{"rendered":"Alogenul Silviu Vexler dicteaz\u0103 &#8211; Parlamentul voteaz\u0103: pedepse majorate pentru delictul de opinie OUG 31\/2002 &#8211; Incorect Politic"},"content":{"rendered":"<article class=\"post-listing post-79502 post type-post status-publish format-standard has-post-thumbnail  category-actualitate category-stirea-zilei tag-217-2015 tag-delictul-de-opinie-in-romania tag-extremisti-lege-pedepse tag-legea-antilegionara tag-legea-delictului-de-opinie tag-organizatii-cu-caracter-fascist tag-organizatii-cu-caracter-legionar tag-oug-31-2002 tag-pedepse-pentru-fascism tag-pedepse-pentru-legionarism\" id=\"the-post\">\n<div class=\"post-inner\">\n<h1 class=\"name post-title entry-title\"><span>Alogenul Silviu Vexler dicteaz\u0103 \u2013 Parlamentul voteaz\u0103: pedepse majorate pentru delictul de opinie OUG 31\/2002<\/span><\/h1>\n<div class=\"entry\">\n<p>Sterie Ciumetti<br \/><strong>Incorect Politic<\/strong><br \/>\nMai 27, 2025<\/p>\n<p><a href=\"https:\/\/www.incorectpolitic.com\/o-noua-lege-impotriva-antisemitismului\/silviu-vexler-620x350\/\" rel=\"attachment wp-att-5547\"><img loading=\"lazy\" decoding=\"async\" class=\"size-full wp-image-5547 aligncenter lazyload\" width=\"620\" height=\"350\" src=\"https:\/\/analyse.optim.biz\/wp-content\/uploads\/2025\/12\/silviu-vexler-620x350-2.jpg\" title=\"silviu-vexler-620x350-2\"><\/a><\/p>\n<p><img loading=\"lazy\" decoding=\"async\" class=\"size-full wp-image-5547 aligncenter\" src=\"https:\/\/analyse.optim.biz\/wp-content\/uploads\/2025\/12\/silviu-vexler-620x350-2.jpg\" width=\"620\" height=\"350\" data-eio=\"l\" title=\"silviu-vexler-620x350-2\"><\/p>\n<h2><strong>Alogenul Silviu Vexler dicteaz\u0103 \u2013 Parlamentul voteaz\u0103: pedepse majorate pentru delictul de opinie OUG 31\/2002<\/strong><\/h2>\n<p>Se pare c\u0103 Silviu Vexler face legea \u00een Rom\u00e2nia \u0219i nu mai surprinde pe nimeni.<\/p>\n<p><a href=\"https:\/\/archive.is\/vI8Jv\">HotNews<\/a>:<\/p>\n<blockquote>\n<p><strong>Senatul a adoptat, luni, cu 78 de voturi \u201epentru\u201d, 15 \u201e\u00eempotriv\u0103\u201d \u0219i 25 de ab\u021bineri, proiectul care prevede c\u0103 ini\u021bierea sau constituirea unei organiza\u021bii cu caracter fascist, legionar, rasist ori xenofob, aderarea sau sprijinirea, sub orice form\u0103, a unui astfel de grup \u201econstituie infrac\u021biune \u0219i se pedepse\u0219te cu \u00eenchisoare de la 3 la 10 ani \u0219i interzicerea unor drepturi\u201d, transmite\u00a0<a href=\"https:\/\/archive.is\/o\/vI8Jv\/https:\/\/agerpres.ro\/politic\/2025\/05\/26\/senat-inchisoare-de-la-3-la-10-ani-pentru-initierea-de-organizatii-fasciste-legionare-rasiste-sau-xe--1453271\" target=\"_blank\" rel=\"noopener\">Agerpres<\/a>.<\/strong><\/p>\n<p>Proiectul a fost ini\u021biat de Silviu Vexler, deputat al minorit\u0103\u021bilor, \u0219i are ca obiect modificarea \u0219i completarea Ordonan\u021bei de urgen\u021b\u0103 nr. 31\/2002 privind interzicerea organiza\u021biilor, simbolurilor \u0219i faptelor cu caracter fascist, legionar, rasist sau xenofob \u0219i a promov\u0103rii cultului persoanelor vinovate de s\u0103v\u00e2r\u0219irea unor infrac\u021biuni de genocid contra umanit\u0103\u021bii \u0219i de crime de r\u0103zboi, aprobat\u0103 cu modific\u0103ri \u0219i complet\u0103ri prin Legea nr. 107\/2006, cu modific\u0103rile \u0219i complet\u0103rile ulterioare, precum \u0219i modificarea Legii nr. 157\/2018 privind unele m\u0103suri pentru prevenirea \u0219i combaterea antisemitismului.<\/p>\n<p>\u00cen expunerea de motive este men\u021bionat c\u0103 modific\u0103rile preconizate au scopul de a conferi \u201eo viziune coerent\u0103, integratoare, armonioas\u0103 \u0219i coerent\u0103 textelor de incriminare a infrac\u021biunilor motivate de ur\u0103, inclusiv ca reac\u021bie la amploarea situa\u021biilor de incitare la ur\u0103 \u0219i la violen\u021b\u0103 din mediul online\u201d.<\/p>\n<\/blockquote>\n<p>Deci, dac\u0103 distribuirea de materiale \u201cextremiste\u201d (termen interpretabil care poate \u00eensemna orice nu convine sistemului) se face prin mijloace informatice (pe Internet), pedepsele se majoreaz\u0103 cu jum\u0103tate. \u00cei deranjeaz\u0103 foarte tare faptul c\u0103 pe Internet se propag\u0103 idei s\u0103n\u0103toase, rom\u00e2ne\u0219ti, valori morale, repere istorice \u0219i modele de eroism, ca aceste imagini:<\/p>\n<p><a href=\"https:\/\/www.incorectpolitic.com\/despre-nationalismul-romanesc-si-a-u-r-sterie-ciumetti-in-dialog-cu-profesorul-corvin-lupu-ii\/afis-legionar-creion1a1-2ab-2\/\" rel=\"attachment wp-att-46448\"><img loading=\"lazy\" decoding=\"async\" class=\"size-full wp-image-46448 aligncenter lazyload\" width=\"390\" height=\"545\" src=\"https:\/\/analyse.optim.biz\/wp-content\/uploads\/2025\/12\/afis-legionar-creion1a1-2ab-1.jpg\" title=\"afis-legionar-creion1a1-2ab-1\"><\/a><\/p>\n<p><img loading=\"lazy\" decoding=\"async\" class=\"size-full wp-image-46448 aligncenter\" src=\"https:\/\/analyse.optim.biz\/wp-content\/uploads\/2025\/12\/afis-legionar-creion1a1-2ab-1.jpg\" width=\"390\" height=\"545\" data-eio=\"l\" title=\"afis-legionar-creion1a1-2ab-1\"><a href=\"https:\/\/www.incorectpolitic.com\/lansare-de-carte-antologii-de-cantece-nationaliste\/afis-legionar-2\/\" rel=\"attachment wp-att-1973\"><img loading=\"lazy\" decoding=\"async\" class=\"size-full wp-image-1973 aligncenter lazyload\" width=\"366\" height=\"366\" src=\"https:\/\/analyse.optim.biz\/wp-content\/uploads\/2025\/12\/afis-legionar.jpg\" title=\"afis-legionar\"><img loading=\"lazy\" decoding=\"async\" class=\"size-full wp-image-1973 aligncenter\" src=\"https:\/\/analyse.optim.biz\/wp-content\/uploads\/2025\/12\/afis-legionar.jpg\" width=\"366\" height=\"366\" data-eio=\"l\" title=\"afis-legionar\"><\/a><\/p>\n<p><a href=\"https:\/\/www.incorectpolitic.com\/faust-bradescu-omul-legionar-si-omul-nou\/omul-nou-legionar\/\" rel=\"attachment wp-att-73069\"><img loading=\"lazy\" decoding=\"async\" class=\"size-full wp-image-73069 aligncenter lazyload\" src=\"https:\/\/analyse.optim.biz\/wp-content\/uploads\/2025\/12\/omul-nou-legionar.jpg\" width=\"379\" height=\"630\" title=\"omul-nou-legionar\"><\/a><\/p>\n<p><img loading=\"lazy\" decoding=\"async\" class=\"size-full wp-image-73069 aligncenter\" src=\"https:\/\/analyse.optim.biz\/wp-content\/uploads\/2025\/12\/omul-nou-legionar.jpg\" width=\"379\" height=\"630\" data-eio=\"l\" title=\"omul-nou-legionar\"><\/p>\n<p>Totodat\u0103 \u00eei deranjeaz\u0103 sim\u021bul umorului \u0219i meme ca acestea:<\/p>\n<p><a href=\"https:\/\/www.incorectpolitic.com\/expertii-in-egalitatea-de-gen\/jidanus\/\" rel=\"attachment wp-att-587\"><img loading=\"lazy\" decoding=\"async\" class=\"size-large wp-image-587 aligncenter lazyload\" width=\"618\" height=\"413\" src=\"https:\/\/analyse.optim.biz\/wp-content\/uploads\/2025\/12\/jidanus-1024x684-1.jpg\" title=\"jidanus-1024x684-1\"><\/a><\/p>\n<p><img loading=\"lazy\" decoding=\"async\" class=\"size-large wp-image-587 aligncenter\" src=\"https:\/\/analyse.optim.biz\/wp-content\/uploads\/2025\/12\/jidanus-1024x684-1.jpg\" width=\"618\" height=\"413\" data-eio=\"l\" title=\"jidanus-1024x684-1\"><a href=\"https:\/\/www.incorectpolitic.com\/chestiunea-evreiasca2\/thot\/\" rel=\"attachment wp-att-64\"><img loading=\"lazy\" decoding=\"async\" class=\"size-full wp-image-64 aligncenter lazyload\" alt=\"chestiunea evreiasc\u0103\" width=\"600\" height=\"750\" src=\"https:\/\/analyse.optim.biz\/wp-content\/uploads\/2025\/12\/thot.jpg\" title=\"thot\"><img loading=\"lazy\" decoding=\"async\" class=\"size-full wp-image-64 aligncenter\" src=\"https:\/\/analyse.optim.biz\/wp-content\/uploads\/2025\/12\/thot.jpg\" alt=\"chestiunea evreiasc\u0103\" width=\"600\" height=\"750\" data-eio=\"l\" title=\"thot\"><\/a><\/p>\n<blockquote>\n<p>Porivit ini\u021biatorului, \u201edistribuirea sau punerea la dispozi\u021bia publicului, \u00een orice mod, de materiale fasciste, legionare, rasiste \u0219i xenofobe constituie infrac\u021biune \u0219i se pedepse\u0219te cu \u00eenchisoare de la un an la 5 ani \u0219i interzicerea unor drepturi\u201d, iar dac\u0103 fapta este comis\u0103 prin intermediul unui sistem informatic, \u201elimita de pedeaps\u0103 se majoreaz\u0103 cu jum\u0103tate\u201d.<\/p>\n<\/blockquote>\n<blockquote>\n<p>Proiectul adoptat de Senat a fost transmis Camerei Deputa\u021bilor pentru dezbateri \u0219i vot final, \u00een calitate de for decizional.<\/p>\n<\/blockquote>\n<p>Am intrat \u00eentr-o nou\u0103 faz\u0103 a prigoanei antirom\u00e2ne\u0219ti, cu Nicu\u0219or Dan proasp\u0103t pre\u0219edinte, sistemul \u00ee\u0219i consolideaz\u0103 pozi\u021bia \u0219i pl\u0103nuie\u0219te v\u00e2n\u0103toarea de vr\u0103jitoare \u00eempotriva patrio\u021bilor.<\/p>\n<div class=\"wp-video\"><video class=\"wp-video-shortcode\" id=\"video-79502-1\" width=\"618\" height=\"348\" preload=\"metadata\" controls=\"controls\"><source type=\"video\/mp4\" src=\"https:\/\/www.incorectpolitic.com\/wp-content\/uploads\/2025\/05\/crestin-ortodox-1.mp4?_=1\" \/><\/video><\/div>\n<p>C\u00e2nd mai auzi\u021bi pe cineva care v\u0103 spune c\u0103 \u00een Rom\u00e2nia este democra\u021bie, tip\u0103ri\u021bi legea pe o foaie, face\u021bi-o sul \u0219i da\u021bi-i \u00een cap cu ea spun\u00e2ndu-i c\u0103 nu poate exista democra\u021bie dac\u0103 nu exist\u0103 libertate de exprimare. Iar aceste legi, OUG 31\/2002, 217\/2015, 157\/2018 (Legea Vexler) \u0219i acum acest nou amendament fac imposibil\u0103 exercitarea libert\u0103\u021bii de exprimare (cic\u0103 garantat de Constitu\u021bie).<\/p>\n<p><strong>V\u0103 da\u021bi seama c\u0103 s-a murit degeaba \u00een 1989 dac\u0103 Parlamentul Rom\u00e2niei a ajuns s\u0103 voteze asemenea legi?<\/strong><\/p>\n<h2><strong>Cum au votat senatorii<\/strong><\/h2>\n<p><strong>PENTRU (78):<\/strong><br \/>\n17 senatori PNL<br \/>\n17 senatori USR<br \/>\n33 senatori PSD<br \/>\n9 senatori UDMR<\/p>\n<p><strong>CONTRA (15):<\/strong><br \/>\n2 AUR<br \/>\n5 neafilia\u021bi<br \/>\n8 S.O.S.<\/p>\n<p><strong>AB\u021aINERI (25):<br \/><\/strong>23 AUR<br \/>\n2 neafilia\u021bi<\/p>\n<p>\u00a0<\/p>\n<p><a href=\"https:\/\/www.incorectpolitic.com\/alogenul-silviu-vexler-dicteaza-parlamentul-voteaza-pedepse-majorate-pentru-delictul-de-opinie-oug-31-2002\/cum-au-votat\/\" rel=\"attachment wp-att-79503\"><img loading=\"lazy\" decoding=\"async\" class=\"size-full wp-image-79503 aligncenter lazyload\" src=\"https:\/\/analyse.optim.biz\/wp-content\/uploads\/2025\/12\/cum-au-votat.jpg\" width=\"1280\" height=\"593\" title=\"cum-au-votat\"><\/a><\/p>\n<p><img loading=\"lazy\" decoding=\"async\" class=\"size-full wp-image-79503 aligncenter\" src=\"https:\/\/analyse.optim.biz\/wp-content\/uploads\/2025\/12\/cum-au-votat.jpg\" width=\"1280\" height=\"593\" data-eio=\"l\" title=\"cum-au-votat\"><\/p>\n<p><span><strong>Senatorii care au votat \u00eempotriva acestei mizerii merit\u0103 men\u021biona\u021bi \u0219i felicita\u021bi.<\/strong><\/span><\/p>\n<p><strong>Din partea celui mai mare partid care este perceput ca fiind suveranist, A.U.R., doar doi senatori au avut curajul de a vota contra acestei legi. Numele lor sunt:<\/strong><\/p>\n<p>VL\u0102ESCU Virgiliu-George<br \/>\nP\u0102UCEAN-FERNANDES Lumini\u021ba<\/p>\n<p><strong>Din partea partidului S.O.S., care r\u0103m\u00e2ne cel mai radical partid pro-rom\u00e2nesc din Parlament \u00een ce prive\u0219te opozi\u021bia la cotropirea Rom\u00e2niei de alogeni, OPT (to\u021bi cei prezen\u021bi) au votat contra legii. Numele lor sunt:<\/strong><\/p>\n<p>BEM Cristian<br \/>\nCU\u0218NIR Rodica<br \/>\nMANEA Dumitru (MIRON MANEGA)<br \/>\nONEA Olga<br \/>\nPEIA Ninel<br \/>\nPEIU Grigore-Adrian<br \/>\nPETRA Dorin-Silviu<br \/>\nSAVA Clement<\/p>\n<p><strong>Dintre senatorii neafilia\u021bi, cinci au votat contra legii. Numele lor sunt:<\/strong><\/p>\n<p>ALDEA Mariana-Vali<br \/>\nGHI\u021a\u0102 Robert-Daniel<br \/>\nPINTEA Paul-Ciprian<br \/>\nROBE Liviu Sorin<br \/>\nVELA Gheorghe<\/p>\n<p>To\u021bi \u201cpro-europenii\u201d au votat \u00een bloc pentru o lege care anuleaz\u0103 un principiu fundamental al democra\u021biei: libertatea de exprimare. Aceia care au votat pentru aceast\u0103 lege au nume de tr\u0103d\u0103tori \u0219i vor fi blestema\u021bi din neam \u00een neam.<\/p>\n<h1><strong>Fi\u021bi activi<\/strong><\/h1>\n<p>Suna\u021bi-v\u0103 senatorii care au votat rom\u00e2ne\u0219te, da\u021bi-le email \u0219i exprima\u021bi-v\u0103 aprecierea fa\u021b\u0103 de gestul lor, astfel \u00eencuraj\u00e2ndu-i s\u0103 fac\u0103 la fel \u00een alte situa\u021bii similare. Probabil c\u0103 se pune presiune pe ei \u0219i ar ajuta dac\u0103 ar vedea c\u0103 exist\u0103 sus\u021binere popular\u0103 de la firul ierbii pentru asemenea ac\u021biuni. Mai mult, cere\u021bi-le s\u0103 intervin\u0103 public, \u00een Parlament, prin interpel\u0103ri \u0219i lu\u0103ri de pozi\u021bie, \u00eempotriva acestor legi nedrepte.<\/p>\n<p>Un model de email\/apel:<\/p>\n<p><em>\u201cBun\u0103 ziua, m\u0103 numesc Ixulescu, v-am sunat\/v-am scris pentru a-mi exprima profunda apreciere fa\u021b\u0103 de gestul curajos pe care l-a\u021bi f\u0103cut atunci c\u00e2nd a\u021bi votat contra major\u0103rii pedepselor cu \u00eenchisoarea la legea OUG 31\/2002. A\u021bi trecut un examen important \u0219i a\u021bi \u00een\u021beles c\u0103 nu poate exista democra\u021bie acolo unde nu exist\u0103 libertate de exprimare. V\u0103 mul\u021bumesc c\u0103 v\u0103 lua\u021bi rolul \u00een serios \u0219i ac\u021biona\u021bi pentru interesele rom\u00e2nilor. Nu regret c\u0103 v-am votat \u0219i voi continua s\u0103 v\u0103 votez dac\u0103 ve\u021bi men\u021bine aceast\u0103 linie. A\u0219 vrea s\u0103 v\u0103d interpel\u0103ri \u0219i lu\u0103ri de pozi\u021bie \u00eempotriva delictului de opinie, chiar ini\u021biative de abrogare a acestor legi, ave\u021bi ocazia s\u0103 v\u0103 cre\u0219te\u021bi capitalul politic lu\u00e2nd taurul de coarne \u0219i ap\u0103r\u00e2nd libertatea. Nu pentru astfel de legi s-a murit \u00een 1989. V\u0103 mul\u021bumesc, Doamne ajut\u0103!\u201d<\/em><a href=\"https:\/\/www.incorectpolitic.com\/alogenul-silviu-vexler-dicteaza-parlamentul-voteaza-pedepse-majorate-pentru-delictul-de-opinie-oug-31-2002\/pentru-ca-raul\/\" rel=\"attachment wp-att-79505\"><img loading=\"lazy\" decoding=\"async\" class=\"size-full wp-image-79505 aligncenter lazyload\" src=\"https:\/\/analyse.optim.biz\/wp-content\/uploads\/2025\/12\/pentru-ca-raul.jpg\" width=\"850\" height=\"450\" title=\"pentru-ca-raul\"><\/a><\/p>\n<p><img loading=\"lazy\" decoding=\"async\" class=\"size-full wp-image-79505 aligncenter\" src=\"https:\/\/analyse.optim.biz\/wp-content\/uploads\/2025\/12\/pentru-ca-raul.jpg\" width=\"850\" height=\"450\" data-eio=\"l\" title=\"pentru-ca-raul\"><\/p>\n<h1><strong>Dac\u0103 t\u0103ce\u021bi ast\u0103zi, m\u00e2ine ve\u021bi fi la \u00eenchisoare<\/strong><\/h1>\n<p>Subliniez \u0219i insist pe ideea c\u0103 trebuie s\u0103 facem zgomot dac\u0103 vrem s\u0103 ne rec\u00e2\u0219tig\u0103m libertatea. Niciun popor nu s-a eliberat st\u00e2nd cu capul plecat. Dac\u0103 ast\u0103zi te complaci \u00een comoditate, m\u00e2ine vor veni \u0219i dup\u0103 tine. Este momentul s\u0103 fi\u021bi activi.<\/p>\n<p>\u2013<strong>Informa\u021bi-v\u0103 cercul de prieteni \u0219i cunoscu\u021bi<\/strong> cu privire la existen\u021ba unor legi care prev\u0103d pedepse cu \u00eenchisoarea pentru anumite opinii.<\/p>\n<p>\u2013<strong>Contacta\u021bi asocia\u021bii, ONG-uri, funda\u021bii pro-rom\u00e2ne\u0219t<\/strong>i \u0219i s\u0103 le cere\u021bi s\u0103 ia o pozi\u021bie public\u0103 cu privire la legile delictului de opinie.<\/p>\n<p>\u2013<strong>Contacta\u021bi personalit\u0103\u021bi din lumea na\u021bionalist\u0103<\/strong> \u0219i le cere\u021bi acela\u0219i lucru.<\/p>\n<p>\u2013<strong>Deschide\u021bi pagini, canale, website-uri<\/strong>, unde s\u0103 avertiza\u021bi cu privire la totalitarismul din Rom\u00e2nia (cum este pagina detinutipolitici.ro).<\/p>\n<p>\u2013<strong>Face\u021bi videoclipuri, montaje, podcasturi<\/strong>, produce\u021bi c\u00e2t mai mult con\u021binut pe subiect.<\/p>\n<p>Istoria a\u0219teapt\u0103 s\u0103 consemneze dac\u0103 mai avem eroi \u00een Rom\u00e2nia sau suntem ni\u0219te degenera\u021bi cu to\u021bii.<\/p>\n<p><a href=\"https:\/\/www.incorectpolitic.com\/necenzurat-discursurile-maresalului-georgescu-de-la-protestele-din-1-martie-2025\/salutul-maresalului\/\" rel=\"attachment wp-att-78269\"><img loading=\"lazy\" decoding=\"async\" class=\"size-full wp-image-78269 aligncenter lazyload\" src=\"https:\/\/analyse.optim.biz\/wp-content\/uploads\/2025\/12\/salutul-maresalului.png\" width=\"1065\" height=\"668\" title=\"salutul-maresalului\"><\/a><\/p>\n<p><img loading=\"lazy\" decoding=\"async\" class=\"size-full wp-image-78269 aligncenter\" src=\"https:\/\/analyse.optim.biz\/wp-content\/uploads\/2025\/12\/salutul-maresalului.png\" width=\"1065\" height=\"668\" data-eio=\"l\" title=\"salutul-maresalului\"><\/p>\n<h2><strong>C\u0103lin Georgescu \u00een vizor<\/strong><\/h2>\n<p>Acum c\u0103 s-au \u00eencheiat alegerile, procuratura condus\u0103 de interese str\u0103ine Rom\u00e2niei vrea s\u0103-l ancheteze pe C\u0103lin Georgescu pentru reformularea unor citate care \u00eei apar\u021bin lui Corneliu Zelea Codreanu, doar pentru c\u0103 acesta a spus \u00eentr-o emisiune c\u0103 <em>cel care se lupt\u0103 chiar \u015fi singur cu o m\u00e2n\u0103 de viteji pentru neam \u015fi \u0163ara lui \u015fi pentru Dumnezeu nu va fi \u00eenvins niciodat\u0103.<\/em><\/p>\n<p><a href=\"https:\/\/evz.ro\/decizie-de-ultima-ora-a-procurorilor-in-cazul-lui-calin-georgescu.html\">EVZ<\/a>:<\/p>\n<blockquote>\n<p>Decizie de ultim\u0103 or\u0103 a procurorilor \u00een cazul lui C\u0103lin Georgescu . C\u0103lin Georgescu, fost candidat la alegerile preziden\u021biale, a fost citat de procurorii de la Parchetul General pentru a fi audiat \u00eentr-un dosar \u00een care este deja cercetat penal. Motivul convoc\u0103rii este legat de o declara\u021bie public\u0103 f\u0103cut\u0103 recent de Georgescu \u00een cadrul unei emisiuni televizate, \u00een care a reprodus un citat atribuit liderului Mi\u0219c\u0103rii Legionare, Corneliu Zelea Codreanu. [..] \u201eEu spun asta: noi nu ne-am luptat pentru juc\u0103rii, cum a spus Avram Iancu, ci pentru drepturile noastre. \u015ei completez: c\u0103 cel care se lupt\u0103 chiar \u015fi singur cu o m\u00e2n\u0103 de viteji pentru neam \u015fi \u0163ara lui \u015fi pentru Dumnezeu nu va fi \u00eenvins niciodat\u0103.\u201d [\u2026]\n<\/p>\n<p>Una dintre acuza\u021bii vizeaz\u0103 un discurs rostit de Georgescu \u00een data de 20 octombrie 2021, \u00een fa\u021ba protestatarilor din Pia\u021ba Universit\u0103\u021bii. Evenimentul era organizat \u00eempotriva m\u0103surilor impuse de autorit\u0103\u021bi \u00een contextul pandemiei de COVID-19. Procurorii sus\u021bin c\u0103, \u00een timpul acelui discurs, C\u0103lin Georgescu ar fi imitat cuvintele, gesturile \u0219i tonul mare\u0219alului Ion Antonescu, \u00een stilul utilizat de acesta \u00een cadrul\u00a0Marii Adun\u0103ri Legionare din 6 octombrie 1940. Una dintre frazele incriminate este:\u00a0\u201ePrin lini\u015fte \u015fi credin\u0163\u0103, prin ordine \u015fi unire, prin munc\u0103 \u015fi iubire, cu Dumnezeu \u00eenainte.\u201d<\/p>\n<\/blockquote>\n<p>Indiferent de p\u0103rerile anumitor na\u021bionali\u0219ti cu privire la C\u0103lin Georgescu, el a devenit un simbol, iar sistemul vrea s\u0103-l dea exemplu. Dac\u0103 ar fi fost omul sistemului, l-ar fi l\u0103sat s\u0103 candideze, n-ar fi anulat alegerile, nu l-ar fi h\u0103ituit ca pe ultimul criminal. Po\u021bi s\u0103-l placi sau s\u0103-l ur\u0103\u0219ti, po\u021bi s\u0103 \u00eel confirmi sau s\u0103-l comba\u021bi \u00een argumente, dar faptul c\u0103 ar putea ajunge la \u00eenchisoare pentru reformularea unui citat este nedrept \u0219i reprezint\u0103 un precedent periculos pentru libertatea de exprimare. Dac\u0103 \u021bii la libertatea ta, trebuie s\u0103-l aperi at\u00e2t pe el c\u00e2t \u0219i pe al\u021bii, cum ar fi t\u00e2n\u0103rul care a fost condamnat la \u00eenchisoare pentru v\u00e2nzarea unor tricouri.<\/p>\n<p>*<\/p>\n<h2><strong>Premier\u0103 dup\u0103 23 de ani. Condamnare la \u00eenchisoare pentru un b\u0103rbat care a v\u00e2ndut tricouri cu \u00eensemne legionare. Institutul \u201eElie Wiesel\u201d: Decizia arat\u0103 c\u0103 democra\u021bia are anticorpi<\/strong><\/h2>\n<p>Precedentul a fost f\u0103cut. M\u0103 uitam \u00een tab\u0103ra ha\u0219tagi\u0219tilor tefeli\u0219ti care comentau \u0219tirea. \u0218ti\u021bi ce scriau? Scriau c\u0103 nu doar cel care a comercializat tricoul ar trebui arestat, ci \u0219i cei care au cump\u0103rat astfel de tricouri.<\/p>\n<p>Ast\u0103zi se leag\u0103 de tricouri, m\u00e2ine se vor lega de Biblie.<\/p>\n<p><a href=\"https:\/\/www.incorectpolitic.com\/alogenul-silviu-vexler-dicteaza-parlamentul-voteaza-pedepse-majorate-pentru-delictul-de-opinie-oug-31-2002\/pentru-extremism\/\" rel=\"attachment wp-att-79510\"><img loading=\"lazy\" decoding=\"async\" class=\"aligncenter wp-image-79510 lazyload\" src=\"https:\/\/analyse.optim.biz\/wp-content\/uploads\/2025\/12\/pentru-extremism.jpg\" width=\"580\" height=\"326\" title=\"pentru-extremism\"><\/a><\/p>\n<p><img loading=\"lazy\" decoding=\"async\" class=\"aligncenter wp-image-79510\" src=\"https:\/\/analyse.optim.biz\/wp-content\/uploads\/2025\/12\/pentru-extremism.jpg\" width=\"580\" height=\"326\" data-eio=\"l\" title=\"pentru-extremism\"><em>Imagine cu caracter sugestiv, tricoul pentru care t\u00e2n\u0103rul a fost condamnat la \u00eenchisoare nici m\u0103car nu avea chipul lui Codreanu pe el. Imaginea de mai sus a fost preluat\u0103 de pe canalul activi\u0219tilor na\u021bionali\u0219ti CIRO, din <a href=\"https:\/\/www.youtube.com\/watch?v=bdU4wT1CUbw\">videoclipul despre Lotul T\u00e2nc\u0103be\u0219ti<\/a>.<\/em><\/p>\n<p>\u00a0<\/p>\n<p>Vezi cum cre\u0219te valul de ur\u0103? Ai cump\u0103rat o insign\u0103 verde, ai cump\u0103rat o revist\u0103 interbelic\u0103 sau o carte cu caracter incorect politic? E\u0219ti expus persecu\u021biei politice. De aceea este important s\u0103 nu taci.<\/p>\n<p><a href=\"https:\/\/archive.is\/LvxHx\">TVR<\/a>:<\/p>\n<blockquote>\n<p>Un b\u0103rbat care are un magazin online unde a v\u00e2ndut tricouri cu \u00eensemne legionare, \u00eenso\u021bite de citate din Corneliu Zelea Codreanu \u0219i trimiteri la istoria extremismului de dreapta, a fost condamnat, definitiv, la un an de \u00eenchisoare cu suspendarea mai multor drepturi civile. Este pentru prima oar\u0103 c\u00e2nd o instan\u021b\u0103 decide un astfel de verdict, \u00een 23 de ani, de c\u00e2nd este \u00een vigoare Ordonan\u021ba 31\/2002, prin care sunt interzise organiza\u021biile, simbolurile \u0219i faptele cu caracter fascist, rasist, xenofob \u0219i prin care este interzis\u0103 promovarea cultului persoanelor vinovate de genocid \u0219i crime de r\u0103zboi. Istoricul Alexandru Florian, director al Institutului \u201e<a href=\"https:\/\/www.incorectpolitic.com\/jidanul-international-zvonit-agent-acoperit-al-mossadului-silviu-vexler-a-decis-ca-urmasii-rezistentilor-romani-care-au-fost-victimele-genocidului-si-lagarului-de-concentrare-iudeo-comunist-din-rom\/modelul-vexler\/\">Elie Wiesel<\/a>\u201d, care a adus cazul \u00een fa\u021ba justi\u021biei, a explicat, \u00eentr-o declara\u021bie pentru tvr.ro, c\u0103 aceast\u0103 decizie definitiv\u0103 este \u201eo prob\u0103 de maturizare a magistraturii\u201d, subliniind c\u0103 este o dovad\u0103 c\u0103 democra\u021bia are anticorpii necesari pentru a se proteja de mesaje, propagand\u0103 sau ac\u021biuni extremiste, mai ales dup\u0103 anul electoral 2024-2025.<\/p>\n<\/blockquote>\n<p>Evident c\u0103 turn\u0103torul \u0219i inchizitorul-\u0219ef este Alexandru Florian de la institutul terorist Elie Wiesel, care \u00een aceste vremuri \u00ee\u0219i \u00eente\u021be\u0219te activitatea terorist\u0103 \u00eempotriva popula\u021biei b\u0103\u0219tina\u0219e Rom\u00e2niei, similar cu ce f\u0103cea tat\u0103l s\u0103u care a venit pe tancurile iudeo-bol\u0219evice \u0219i a torturat patrio\u021bi cu credin\u021b\u0103 \u00een Dumnezeu.<\/p>\n<blockquote>\n<p>Dieter Johann Maurer, proprietarul unui magazin \u00een care sunt v\u00e2ndute tricouri, hanorace \u0219i steaguri imprimate cu simboluri na\u021bionaliste, a fost condamnat definitiv de Curtea de Apel Cluj la un an de \u00eenchisoare cu suspendare sub supraveghere, pentru c\u0103 a v\u00e2ndut tricouri cu \u00eensemne legionare, \u00eenc\u0103lc\u00e2nd OUG 31\/2002. Instan\u021ba i-a suspendat pentru un an \u0219i jum\u0103tate dreptul de a fi ales \u00eentr-o func\u021bie public\u0103, dup\u0103 ce prima instan\u021b\u0103, Judec\u0103toria Cluj-Napoca, \u00eei aplicase o pedeaps\u0103 mai bl\u00e2nd\u0103 (un an de \u00eenchisoare cu am\u00e2nare), iar Parchetul de pe l\u00e2ng\u0103 Judec\u0103toria Cluj a f\u0103cut apel.<\/p>\n<p>B\u0103rbatul are \u0219i un termen de supraveghere de doi ani, timp \u00een care trebuie s\u0103 se prezinte la Serviciul de Proba\u021biune Bra\u0219ov, s\u0103 primeasc\u0103 vizitele ofi\u021berului de proba\u021biune, s\u0103 fac\u0103 munc\u0103 \u00een folosul comunit\u0103\u021bii timp de 60 zile, s\u0103 participe la programe de reintegrare social\u0103, s\u0103 anun\u021be dac\u0103 \u00ee\u0219i schimb\u0103 locul de munc\u0103 \u0219i dac\u0103 pleac\u0103 din localitate pentru o durat\u0103 mai mare de cinci zile.<\/p>\n<p>Am cerut un punct de vedere lui Dieter Johann Maurer \u0219i \u00eel vom publica atunci c\u00e2nd \u00eel vom primi.<\/p>\n<p>Cazul a fost adus \u00een fa\u021ba justi\u021biei de Institutul Na\u021bional pentru Studierea Holocaustului \u201e<a href=\"https:\/\/www.incorectpolitic.com\/jidanul-international-zvonit-agent-acoperit-al-mossadului-silviu-vexler-a-decis-ca-urmasii-rezistentilor-romani-care-au-fost-victimele-genocidului-si-lagarului-de-concentrare-iudeo-comunist-din-rom\/modelul-vexler\/\">Elie Wiesel<\/a>\u201d, care a semnalat zeci de astfel de cazuri \u00een ultimii ani. Citi\u021bi\u00a0<a href=\"https:\/\/archive.is\/o\/LvxHx\/https:\/\/www.inshr-ew.ro\/raport-monitorizare-antisemitismul-in-romania-inainte-dupa-7-octombrie\/\" target=\"_blank\" rel=\"noopener\">aici<\/a>\u00a0cel mai recent raport al Institutului \u201e<a href=\"https:\/\/www.incorectpolitic.com\/jidanul-international-zvonit-agent-acoperit-al-mossadului-silviu-vexler-a-decis-ca-urmasii-rezistentilor-romani-care-au-fost-victimele-genocidului-si-lagarului-de-concentrare-iudeo-comunist-din-rom\/modelul-vexler\/\">Wiesel<\/a>\u201d pe aceast\u0103 tem\u0103.<\/p>\n<\/blockquote>\n<p><strong>Concluzia cu care r\u0103m\u00e2nem dup\u0103 toate aceste \u0219tiri este c\u0103 ne afl\u0103m \u00een fa\u021ba unui test important pentru poporul rom\u00e2n. Acela al unei noi rezisten\u021be anticomuniste.\u00a0<\/strong><\/p>\n<p>Lupta nu se mai duce (momentan) \u00een mun\u021bi, cu arma \u00een m\u00e2n\u0103, ci cu condeiul \u0219i cu tastatura. Nu-\u021bi trebuie diplome sau bani ca s\u0103-\u021bi faci partea pentru adev\u0103r \u0219i dreptate.<\/p>\n<p>\u00ce\u021bi trebuie doar voin\u021b\u0103.<\/p>\n<p><a href=\"https:\/\/www.incorectpolitic.com\/alogenul-silviu-vexler-dicteaza-parlamentul-voteaza-pedepse-majorate-pentru-delictul-de-opinie-oug-31-2002\/untitled-20-2\/\" rel=\"attachment wp-att-79513\"><img loading=\"lazy\" decoding=\"async\" class=\"size-full wp-image-79513 aligncenter lazyload\" src=\"https:\/\/analyse.optim.biz\/wp-content\/uploads\/2025\/12\/legionari-drepti.jpg\" width=\"698\" height=\"1000\" title=\"legionari-drepti\"><\/a><\/p>\n<p><img loading=\"lazy\" decoding=\"async\" class=\"size-full wp-image-79513 aligncenter\" src=\"https:\/\/analyse.optim.biz\/wp-content\/uploads\/2025\/12\/legionari-drepti.jpg\" width=\"698\" height=\"1000\" data-eio=\"l\" title=\"legionari-drepti\"><\/div>\n<div class=\"share-post\"><span class=\"share-text\">Share<\/span><\/p>\n<ul class=\"flat-social\">\n<li><a href=\"http:\/\/www.facebook.com\/sharer.php?u=https:\/\/www.incorectpolitic.com\/?p=79502\" class=\"social-facebook\" rel=\"external\" target=\"_blank\"><span>Facebook<\/span><\/a><\/li>\n<li><a href=\"https:\/\/twitter.com\/intent\/tweet?text=Alogenul+Silviu+Vexler+dicteaz%C4%83+%E2%80%93+Parlamentul+voteaz%C4%83%3A+pedepse+majorate+pentru+delictul+de+opinie+OUG+31%2F2002&amp;url=https:\/\/www.incorectpolitic.com\/?p=79502\" class=\"social-twitter\" rel=\"external\" target=\"_blank\"><span>Twitter<\/span><\/a><\/li>\n<li><a href=\"http:\/\/pinterest.com\/pin\/create\/button\/?url=https:\/\/www.incorectpolitic.com\/?p=79502&amp;description=Alogenul+Silviu+Vexler+dicteaz%C4%83+%E2%80%93+Parlamentul+voteaz%C4%83%3A+pedepse+majorate+pentru+delictul+de+opinie+OUG+31%2F2002&amp;media=https:\/\/www.incorectpolitic.com\/wp-content\/uploads\/2018\/04\/Silviu-Vexler-620x350-620x330.jpg\" class=\"social-pinterest\" rel=\"external\" target=\"_blank\"><span>Pinterest<\/span><\/a><\/li>\n<\/ul>\n<\/div>\n<\/div>\n<\/article>\n<p> Source URL: https:\/\/www.incorectpolitic.com\/alogenul-silviu-vexler-dicteaza-parlamentul-voteaza-pedepse-majorate-pentru-delictul-de-opinie-oug-31-2002\/<\/p>\n","protected":false},"excerpt":{"rendered":"<p>Alogenul Silviu Vexler dicteaz\u0103 \u2013 Parlamentul voteaz\u0103: pedepse majorate pentru delictul de opinie OUG 31\/2002 Sterie CiumettiIncorect Politic Mai 27, 2025 Alogenul Silviu Vexler dicteaz\u0103 \u2013 Parlamentul voteaz\u0103: pedepse majorate pentru delictul de opinie OUG 31\/2002 Se pare c\u0103 Silviu Vexler face legea \u00een Rom\u00e2nia \u0219i nu mai surprinde pe nimeni. HotNews: Senatul a adoptat, [&hellip;]<\/p>\n","protected":false},"author":1,"featured_media":792697,"comment_status":"open","ping_status":"","sticky":false,"template":"","format":"standard","meta":{"footnotes":""},"categories":[89],"tags":[95],"class_list":["post-792696","post","type-post","status-publish","format-standard","has-post-thumbnail","hentry","category-romania","tag-incorectpolitic-com"],"_links":{"self":[{"href":"https:\/\/analyse.optim.biz\/index.php?rest_route=\/wp\/v2\/posts\/792696","targetHints":{"allow":["GET"]}}],"collection":[{"href":"https:\/\/analyse.optim.biz\/index.php?rest_route=\/wp\/v2\/posts"}],"about":[{"href":"https:\/\/analyse.optim.biz\/index.php?rest_route=\/wp\/v2\/types\/post"}],"author":[{"embeddable":true,"href":"https:\/\/analyse.optim.biz\/index.php?rest_route=\/wp\/v2\/users\/1"}],"replies":[{"embeddable":true,"href":"https:\/\/analyse.optim.biz\/index.php?rest_route=%2Fwp%2Fv2%2Fcomments&post=792696"}],"version-history":[{"count":0,"href":"https:\/\/analyse.optim.biz\/index.php?rest_route=\/wp\/v2\/posts\/792696\/revisions"}],"wp:featuredmedia":[{"embeddable":true,"href":"https:\/\/analyse.optim.biz\/index.php?rest_route=\/wp\/v2\/media\/792697"}],"wp:attachment":[{"href":"https:\/\/analyse.optim.biz\/index.php?rest_route=%2Fwp%2Fv2%2Fmedia&parent=792696"}],"wp:term":[{"taxonomy":"category","embeddable":true,"href":"https:\/\/analyse.optim.biz\/index.php?rest_route=%2Fwp%2Fv2%2Fcategories&post=792696"},{"taxonomy":"post_tag","embeddable":true,"href":"https:\/\/analyse.optim.biz\/index.php?rest_route=%2Fwp%2Fv2%2Ftags&post=792696"}],"curies":[{"name":"wp","href":"https:\/\/api.w.org\/{rel}","templated":true}]}}