{"id":792693,"date":"2025-05-29T14:19:27","date_gmt":"2025-05-29T11:19:27","guid":{"rendered":"https:\/\/analyse.optim.biz\/?p=792693"},"modified":"2025-05-29T14:19:27","modified_gmt":"2025-05-29T11:19:27","slug":"cine-considera-oportun-sa-fie-interzis-nicolae-iorga-incorect-politic","status":"publish","type":"post","link":"https:\/\/analyse.optim.biz\/?p=792693","title":{"rendered":"Cine consider\u0103 \u201doportun\u201d s\u0103 fie interzis Nicolae Iorga? &#8211; Incorect Politic"},"content":{"rendered":"<article class=\"post-listing post-79519 post type-post status-publish format-standard has-post-thumbnail  category-actualitate category-stirea-zilei tag-cine-considera-oportun-sa-fie-interzis-nicolae-iorga\" id=\"the-post\">\n<div class=\"post-inner\">\n<h1 class=\"name post-title entry-title\"><span>Cine consider\u0103 \u201doportun\u201d s\u0103 fie interzis Nicolae Iorga?<\/span><\/h1>\n<div class=\"entry\">\n<p><strong>Incorect Politic<\/strong><br \/>\nMai 29, 2025<\/p>\n<p><a href=\"https:\/\/www.incorectpolitic.com\/cine-considera-oportun-sa-fie-interzis-nicolae-iorga\/csm-lege\/\" rel=\"attachment wp-att-79520\"><img loading=\"lazy\" decoding=\"async\" class=\"aligncenter wp-image-79520 size-full\" src=\"https:\/\/analyse.optim.biz\/wp-content\/uploads\/2025\/12\/csm-lege-1.jpg\" alt=\"Cine consider\u0103 \u201doportun\u201d s\u0103 fie interzis Nicolae Iorga?\" width=\"843\" height=\"505\" title=\"csm-lege-1\"><\/a><\/p>\n<h1><strong>Cine consider\u0103 \u201doportun\u201d s\u0103 fie interzis Nicolae Iorga?<\/strong><\/h1>\n<p><em>Via <a href=\"https:\/\/www.facebook.com\/100000044655151\/posts\/24141368428781309\/?rdid=rF7Kgug86rTo5mSB\">Mihai Tociu<\/a>:<\/em><\/p>\n<p>Cine consider\u0103 \u201doportun\u201d s\u0103 fie interzis Iorga? R\u0103spuns: Consiliul Suprem al Magistraturii, o cloac\u0103 de agrama\u021bi \u0219i de idio\u021bi, \u00een frunte cu secretarul general, judec\u0103toreasa Andreea Simona Uzl\u0103u<br \/>\nParlamentarul Silviu Wexler vrea s\u0103 ridice la nivel de nebunie legisla\u021bia antilegionar\u0103 deja existent\u0103 \u0219i cere s\u0103 fie interzise \u0219i persoanele din conducerea organiza\u0163iilor al c\u0103ror caracter criminal este inventat de el. Motivul este c\u0103 Corneliu Zelea Codreanu \u0219i Mi\u0219carea Legionar\u0103 nu au fost incrimina\u021bi de justi\u021bie niciodat\u0103, nici chiar de faimosul Tribunal de la Nurenberg, \u0219i Wexler face bale la gur\u0103 c\u0103 nu poate da timpul \u00eenapoi.<\/p>\n<p>Consiliul Superior al Magistraturii s-a f\u0103cut pre\u0219 \u0219i a emis Adresa 5037 din 28.04.2025 c\u0103tre Senatul Rom\u00e2niei, semnat\u0103 chiar de secretarul general, judec\u0103tor Andreea Simona Uzl\u0103u, prin care justific\u0103 abera\u021bia wexlerului, adic\u0103 nu mai conteaz\u0103 dac\u0103 nicio instan\u021b\u0103 nu a hot\u0103r\u00e2t c\u0103 cineva a fost vinovat de ceva. Conform CSM, oricine poate fi incriminat acum, \u0219i interzis, pe motiv de simpla lui prezen\u021b\u0103 \u00een conducerea unei organiza\u021bii fasciste, legionare, rasiste sau xenofobe, chiar dac\u0103 omul n-a f\u0103cut nimic r\u0103u!<\/p>\n<p>Partea absurd\u0103 e c\u0103 Consiliul Superior al Magistraturii nu precizeaz\u0103 cine, c\u00e2nd \u0219i cum a hot\u0103r\u00e2t c\u0103 asta \u201d\u00eencurajeaz\u0103 \u0219i consolideaz\u0103 sentimentul de ur\u0103 bla bla bla\u2026\u201d, \u00eens\u0103 noi, rom\u00e2nii, trebuie s\u0103 \u00eenghi\u021bim justificarea lor pe nemestecate \u0219i f\u0103r\u0103 s\u0103 punem \u00eentreb\u0103ri.<\/p>\n<p>Partea ridicol\u0103 const\u0103 \u00een consecin\u021bele acestei legi:<\/p>\n<p>Iorga a \u00eenfiin\u021bat organiza\u021bia \u201dAlian\u021ba Antisemit\u0103 Universal\u0103\u201d \u00een 1895? Cam da\u2026 Organiza\u021bia a fost rasist\u0103 \u0219i xenofob\u0103? Hmmmm\u2026 dac\u0103 da, la gunoi cu Iorga, statuile lui demolate, nicio strad\u0103, niciun liceu, niciun institut nu mai are voie s\u0103-i poarte numele, c\u0103r\u021bile lui interzise, nu mai e voie s\u0103 spui nimic de bine despre el!<\/p>\n<p>A.C. Cuza \u2013 trei doctorate la Paris (Sorbona cea adev\u0103rat\u0103), Berlin \u0219i Bruxelles, decanul facult\u0103\u021bii de drept de la Universitatea din Ia\u0219i, membru al Academiei Rom\u00e2ne. A fondat Liga Ap\u0103r\u0103rii Na\u021bional Cre\u0219tine. A fost conduc\u0103torul organiza\u021biei? Cam da\u2026 Organiza\u021bia a fost rasist\u0103 \u0219i xenofob\u0103? Hmmmm\u2026 dac\u0103 da, nu exist\u0103 niciun magistrat \u00een justi\u021bia rom\u00e2n\u0103 at\u00e2t de titrat \u00eenc\u00e2t s\u0103 fie \u00eendrept\u0103\u021bit s\u0103-i pronun\u021be numele\u2026 Plus c\u0103 nu s-ar fi \u00een\u021beles cu A.C. Cuza pentru c\u0103 acesta \u00ee\u0219i pleda cauzele exclusiv \u00een francez\u0103.<\/p>\n<p>De ce Consiliul Suprem al Magistraturii este o cloac\u0103 de idio\u021bi? Pentru c\u0103 un eveniment \u0219i o persoan\u0103 pot fi judecate exclusiv la momentul la care s-au manifestat. Nu po\u021bi acuza acum pe cineva c\u0103 a comis discriminare rasial\u0103 \u00eentr-un moment istoric \u00een care aceasta era normalitatea social\u0103. Dac\u0103 Iorga \u0219i A.C.Cuza au f\u0103cut ceva r\u0103u, era obliga\u021bia justi\u021biei de atunci s\u0103-i condamne \u0219i a societ\u0103\u021bii civile de atunci s\u0103 le zic\u0103 muie.<\/p>\n<p>La fel \u0219i cu Corneliu Zelea Codreanu \u0219i Mi\u0219carea Legionar\u0103: au existat \u0219i atunci tribunale, au existat \u0219i atunci asocia\u021bii civice, a existat chiar \u0219i un for juridic interna\u021bional care a judecat \u0219i a dat condamn\u0103ri la greu pentru organiza\u021biile similare din toate \u021b\u0103rile europene -Tribunalul de la Nurenberg. Mi\u0219carea Legionar\u0103 nu a fost nici m\u0103car acuzat\u0103. Au fost americanii-englezii-ru\u0219ii simpatizan\u021bi legio? Au fost juri\u0219tii lor pro\u0219ti?<\/p>\n<p>Iat\u0103 cum Consiliul Superior al Magistraturii consider\u0103 \u201doportun\u201d s\u0103 se judece acum, dup\u0103 o sut\u0103 de ani, ce s-a considerat atunci, pe timp de pace \u0219i \u00een Democra\u021bie, c\u0103 a fost legal, \u0219i decide c\u0103 men\u021bionarea unor oameni, nevinova\u021bi din punct de vedere juridic, face r\u0103u societ\u0103\u021bii \u0219i trebuie interzi\u0219i. Demen\u021b\u0103 sau servilism din idio\u021benie?<\/p>\n<p>C\u00e2t prive\u0219te limba rom\u00e2n\u0103, nu are nimeni preten\u021bii ca adn-ul lui Wexler s\u0103 rezoneze la agramatisme sau ca parlamentarii s\u0103 citeasc\u0103 ce voteaz\u0103 la ordin, dar s\u0103 ajungi la cel mai \u00eenalt nivel \u00een magistratur\u0103 f\u0103r\u0103 s\u0103 \u0219tii limba rom\u00e2n\u0103 la perfec\u021bie\u2026 asta \u00eenseamn\u0103 s\u0103 fii mafiot.<\/p>\n<p>Iat\u0103 un copy-paste din ce a semnat madama judec\u0103toare Uzl\u0103u pe h\u00e2rtia cu antet a CSM \u00eentr-un document trimis Senatului: <em>\u201dArt. 5. \u2013 Fapta persoanei de a promova, \u00een public, cultul persoanelor vinovate de s\u0103v\u00e2r\u0219irea unor infrac\u021biuni de genocid, \u00eempotriva umanit\u0103\u021bii \u0219i de r\u0103zboi, al persoanelor care au f\u0103cut parte din conducerea organiza\u021biilor fasciste, legionare, rasiste sau xenofobe, precum \u0219i fapta de a promova, \u00een public, idei, concep\u021bii sau doctrine fasciste, legionare, rasiste sau xenofobe, se pedepse\u0219te cu\u2026<\/em>\u201d. Buey, Uzl\u0103u, sun\u0103 ca dreaku, cum de nu te deranjeaz\u0103 c\u0103 lipse\u0219te un \u201d\u0219i\u201d? Cine te-a trecut la rom\u00e2n\u0103???<\/p>\n<p>Era un banc \u00een comunism: Care e asem\u0103narea dintre un inginer \u0219i un c\u00e2ine? R\u0103spuns: Am\u00e2ndoi \u0219tiu ce vor, dar nu pot s\u0103 se exprime. Democra\u021bia a translatat bancul, de la ingineri la magistra\u021bi.<br \/>\n\u00cen mod ironic, deviza CSM este: \u201dConsiliul Superior al Magistraturii este garantul independen\u0163ei justi\u021biei\u201d. E pe draku.<strong> Doar o alt\u0103 armat\u0103 de slugi ale Israelului!<\/strong><\/p>\n<\/div>\n<div class=\"share-post\"><span class=\"share-text\">Share<\/span><\/p>\n<ul class=\"flat-social\">\n<li><a href=\"http:\/\/www.facebook.com\/sharer.php?u=https:\/\/www.incorectpolitic.com\/?p=79519\" class=\"social-facebook\" rel=\"external\" target=\"_blank\"><span>Facebook<\/span><\/a><\/li>\n<li><a href=\"https:\/\/twitter.com\/intent\/tweet?text=Cine+consider%C4%83+%E2%80%9Doportun%E2%80%9D+s%C4%83+fie+interzis+Nicolae+Iorga%3F&amp;url=https:\/\/www.incorectpolitic.com\/?p=79519\" class=\"social-twitter\" rel=\"external\" target=\"_blank\"><span>Twitter<\/span><\/a><\/li>\n<li><a href=\"http:\/\/pinterest.com\/pin\/create\/button\/?url=https:\/\/www.incorectpolitic.com\/?p=79519&amp;description=Cine+consider%C4%83+%E2%80%9Doportun%E2%80%9D+s%C4%83+fie+interzis+Nicolae+Iorga%3F&amp;media=https:\/\/analyse.optim.biz\/wp-content\/uploads\/2025\/12\/csm-lege-1.jpg\" class=\"social-pinterest\" rel=\"external\" target=\"_blank\"><span>Pinterest<\/span><\/a><\/li>\n<\/ul>\n<\/div>\n<\/div>\n<\/article>\n<p> Source URL: https:\/\/www.incorectpolitic.com\/cine-considera-oportun-sa-fie-interzis-nicolae-iorga\/<\/p>\n","protected":false},"excerpt":{"rendered":"<p>Cine consider\u0103 \u201doportun\u201d s\u0103 fie interzis Nicolae Iorga? Incorect Politic Mai 29, 2025 Cine consider\u0103 \u201doportun\u201d s\u0103 fie interzis Nicolae Iorga? Via Mihai Tociu: Cine consider\u0103 \u201doportun\u201d s\u0103 fie interzis Iorga? R\u0103spuns: Consiliul Suprem al Magistraturii, o cloac\u0103 de agrama\u021bi \u0219i de idio\u021bi, \u00een frunte cu secretarul general, judec\u0103toreasa Andreea Simona Uzl\u0103u Parlamentarul Silviu Wexler [&hellip;]<\/p>\n","protected":false},"author":1,"featured_media":792694,"comment_status":"open","ping_status":"","sticky":false,"template":"","format":"standard","meta":{"footnotes":""},"categories":[89],"tags":[95],"class_list":["post-792693","post","type-post","status-publish","format-standard","has-post-thumbnail","hentry","category-romania","tag-incorectpolitic-com"],"_links":{"self":[{"href":"https:\/\/analyse.optim.biz\/index.php?rest_route=\/wp\/v2\/posts\/792693","targetHints":{"allow":["GET"]}}],"collection":[{"href":"https:\/\/analyse.optim.biz\/index.php?rest_route=\/wp\/v2\/posts"}],"about":[{"href":"https:\/\/analyse.optim.biz\/index.php?rest_route=\/wp\/v2\/types\/post"}],"author":[{"embeddable":true,"href":"https:\/\/analyse.optim.biz\/index.php?rest_route=\/wp\/v2\/users\/1"}],"replies":[{"embeddable":true,"href":"https:\/\/analyse.optim.biz\/index.php?rest_route=%2Fwp%2Fv2%2Fcomments&post=792693"}],"version-history":[{"count":0,"href":"https:\/\/analyse.optim.biz\/index.php?rest_route=\/wp\/v2\/posts\/792693\/revisions"}],"wp:featuredmedia":[{"embeddable":true,"href":"https:\/\/analyse.optim.biz\/index.php?rest_route=\/wp\/v2\/media\/792694"}],"wp:attachment":[{"href":"https:\/\/analyse.optim.biz\/index.php?rest_route=%2Fwp%2Fv2%2Fmedia&parent=792693"}],"wp:term":[{"taxonomy":"category","embeddable":true,"href":"https:\/\/analyse.optim.biz\/index.php?rest_route=%2Fwp%2Fv2%2Fcategories&post=792693"},{"taxonomy":"post_tag","embeddable":true,"href":"https:\/\/analyse.optim.biz\/index.php?rest_route=%2Fwp%2Fv2%2Ftags&post=792693"}],"curies":[{"name":"wp","href":"https:\/\/api.w.org\/{rel}","templated":true}]}}