{"id":792688,"date":"2025-06-01T08:03:59","date_gmt":"2025-06-01T05:03:59","guid":{"rendered":"https:\/\/analyse.optim.biz\/?p=792688"},"modified":"2025-06-01T08:03:59","modified_gmt":"2025-06-01T05:03:59","slug":"pentru-un-moment-t0-in-lupta-pentru-libertatea-de-exprimare-incorect-politic","status":"publish","type":"post","link":"https:\/\/analyse.optim.biz\/?p=792688","title":{"rendered":"Pentru un moment \u201eT0\u201d \u00een lupta pentru libertatea de exprimare &#8211; Incorect Politic"},"content":{"rendered":"<article class=\"post-listing post-79541 post type-post status-publish format-standard has-post-thumbnail  category-actualitate category-stirea-zilei tag-analiza-context-extremism tag-analiza-context-legionarism tag-bogdan-ionescu-avocat tag-delict-de-opinie tag-libertatea-de-exprimare tag-pentru-un-moment-t0-in-lupta-pentru-libertatea-de-exprimare tag-prima-condamnare-oug-31-2002\" id=\"the-post\">\n<div class=\"post-inner\">\n<h1 class=\"name post-title entry-title\"><span>Pentru un moment \u201eT0\u201d \u00een lupta pentru libertatea de exprimare<\/span><\/h1>\n<div class=\"entry\">\n<p>Sterie Ciumetti<br \/><strong>Incorect Politic<\/strong><br \/>\nIunie 1, 2025<\/p>\n<p><a href=\"https:\/\/www.incorectpolitic.com\/pentru-un-moment-t0-in-lupta-pentru-libertatea-de-exprimare\/bogdan-ionescu-2\/\" rel=\"attachment wp-att-79546\"><img loading=\"lazy\" decoding=\"async\" class=\"size-full wp-image-79546 aligncenter\" src=\"https:\/\/analyse.optim.biz\/wp-content\/uploads\/2025\/12\/bogdan-ionescu-2.jpg\" width=\"830\" height=\"509\" title=\"bogdan-ionescu-2\"><\/a><em>Autorul articolului din Adev\u0103rul, Bogdan Ionescu<\/em><\/p>\n<h2><strong>Pentru un moment \u201eT0\u201d \u00een lupta pentru libertatea de exprimare<\/strong><\/h2>\n<p>M\u0103 adresez, tuturor autorit\u0103\u021bilor etatice cu atribu\u021bii \u00een domeniu, dar \u0219i tuturor oamenilor de bun\u0103-credin\u021b\u0103 din aceast\u0103 \u021bar\u0103. Nu este un mesaj de repro\u0219, de imputare, de \u00eenvinuire. Este un mesaj care chem\u0103 la sinceritate, la onestitate, la (auto)analiz\u0103 la (auto)observare, la introspec\u021bie.<\/p>\n<p>M\u0103 adresez, \u00een deosebi, societ\u0103\u021bii rom\u00e2ne\u0219ti, dar \u0219i tuturor oamenilor care iubesc libertatea \u00een aceast\u0103 \u021bar\u0103. Este un mesaj care cheam\u0103 la implicare, solidaritate, activism pro-rom\u00e2nesc pentru a men\u021bine libert\u0103\u021bile c\u00e2\u0219tigate cu at\u00e2ta s\u00e2nge \u00een 1989.<\/p>\n<p><a href=\"https:\/\/archive.is\/JRQll#selection-263.9-263.140\">Adev\u0103rul<\/a>:<\/p>\n<blockquote>\n<p>Nu vreau s\u0103 vorbesc aici doar despre antisemitism, dar antisemitismul, fiind cea mai veche ur\u0103, form\u0103 de discriminare \u0219i rasism ne \u00eenva\u021b\u0103 (potrivit \u00een\u021beleptelor vorbe ale lui Dani Dayan): \u201e<i>Dac\u0103 vede\u021bi [antisemitism] ac\u021biona\u021bi imediat. Nu a\u0219tepta\u021bi. Dac\u0103 a\u0219tepta\u021bi, [antisemitismul] se va supradimensiona p\u00e2n\u0103\u00a0la propor\u021bii monstruoase. Iar atunci va fi imposibil de oprit.\u201d<\/i><\/p>\n<\/blockquote>\n<p>Poate c\u0103 ar trebui s\u0103 vorbim despre antirom\u00e2nism, care este cea mai ignorat\u0103 form\u0103 de ur\u0103, discriminare \u0219i rasism. Avem multiple legi pentru protec\u021bia minorit\u0103\u021bilor, legi \u00eempotriva instig\u0103rii la ur\u0103 (care nu exist\u0103 ca \u0219i concept juridic), dar nu avem vreo lege pentru protec\u021bia majorit\u0103\u021bii, nu avem vreo lege de combatere a antirom\u00e2nismului. Pentru c\u0103 \u021bara nu este condus\u0103 de rom\u00e2ni.<\/p>\n<blockquote>\n<p>\u00cenlocui\u021bi \u00een citatul de mai sus termenul de antisemitism, pe care l-am pus \u00een paranteze, cu orice alt flagel, ca bun\u0103oar\u0103: (neo)legionarism, apologia criminalilor de r\u0103zboi, extremism, violen\u021b\u0103 de gen \u00eempotriva femeilor sau violen\u021b\u0103 domestic\u0103, discriminare \u00eempotriva persoanelor cu dizabilit\u0103\u021bi, xenofobie, homofobie \u2013\u00a0<b>\u0219i mesajul se p\u0103strez\u0103 \u00een continuare, \u0219i imboldul la ac\u021biune este la fel de viu \u0219i necesar.<\/b><\/p>\n<\/blockquote>\n<p>S\u0103-l \u00eenlocuim cu antirom\u00e2nism \u0219i mesajul cap\u0103t\u0103 o autencititate sporit\u0103.<\/p>\n<blockquote>\n<p>Exist\u0103 at\u00e2t de mult extremism, radicalizare, violen\u021b\u0103 \u0219i ur\u0103 \u00een societatea noastr\u0103 inclusiv pentru c\u0103 autorit\u0103\u021bile etatice nu au luat la timp \u0219i\/sau nu luat cele mai eficiente\/adecvate m\u0103suri care se impuneau.<\/p>\n<\/blockquote>\n<p>Este \u00eentr-adev\u0103r mult\u0103 radicalizare, societatea se \u00eemparte \u00een dou\u0103. Pe de-o parte avem corporati\u0219tii ha\u0219tagi\u0219ti sp\u0103la\u021bi pe creier cu beneficii iudeo-euro-atlantice \u0219i manipula\u021bi prin psihoze rusofobe. Pe de alt\u0103 parte avem suverani\u0219tii care acoper\u0103 toate categoriile de v\u00e2rst\u0103 \u0219i care sunt caracteriza\u021bi de o dragoste de neam \u0219i \u021bar\u0103, un impuls de \u00eentoarcere la tradi\u021bii \u0219i o pornire spre pace \u0219\u00ee diploma\u021bie fa\u021b\u0103 de puterile mondiale, inclusiv Rusia.<\/p>\n<blockquote>\n<p><b>Dar s\u0103 nu ar\u0103t\u0103m doar spre autorit\u0103\u021bi, ci s\u0103 privim deopotriv\u0103 spre noi \u00een\u0219ine<\/b>.\u00a0<b>Cineva a spus c\u0103 po\u021bi scoate un om din mizerie, dar nu po\u021bi s\u0103 sco\u021bi mizeria din om.<\/b>\u00a0Este o lupt\u0103 cu noi \u00een\u0219ine (pe care ar trebui s\u0103 o purt\u0103m) pentru ca s\u0103 progres\u0103m mereu, s\u0103 devenim mai educa\u021bi, mai morali, mai integri, mai empatici, mai concilian\u021bi.<\/p>\n<\/blockquote>\n<p>Dac\u0103 primim spre noi \u00een\u0219ine, trebuie s\u0103 realiz\u0103m c\u0103 t\u0103cerea noastr\u0103 ast\u0103zi va aduce condamnarea noastr\u0103 m\u00e2ine. A trecut destul timp \u00een care am t\u0103cut, a venit vremea s\u0103 vorbim, s\u0103 activ\u0103m, s\u0103 milit\u0103m, s\u0103 ne implic\u0103m pentru a informa semenii cu privire la ni\u0219te legi nedrepte \u0219i cu privire la pierderea libert\u0103\u021bii de exprimare. Totodat\u0103 trebuie pus\u0103 presiune pe deputa\u021bi \u0219i senatori.<\/p>\n<blockquote>\n<p>Iar ceea ce trebuie s\u0103 \u00een\u021belegem \u0219i s\u0103 accept\u0103m (deoarece nu exist\u0103 alte alternative practice\/concrete) este c\u0103 atunci c\u00e2nd apelarea la ra\u021biune a e\u0219uat, c\u00e2nd apelarea la con\u0219tiin\u021b\u0103 a e\u0219uat \u0219i ea,\u00a0<b>atunci\u00a0<\/b><b><i>ultima ratio<\/i><\/b><b>\u00a0r\u0103m\u00e2ne doar for\u021ba constr\u00e2ng\u0103toare a legii.\u00a0<\/b>Oricine se manifest\u0103, de pild\u0103, printr-un act antisemit, oricine promoveaz\u0103 public concep\u021bii sau doctrine fasciste, legionare, rasiste sau xenofobe, oricine face apologia unui criminal de r\u0103zboi de genul lui Ion Antonescu va trebui s\u0103 suporte rigorile legii \u2013\u00a0<b>\u00een sensul de a fi sanc\u021bionat\/pedepsit potrivit dispozi\u021biilor legale \u00een vigoare.<\/b><\/p>\n<\/blockquote>\n<p>Acest mic bol\u0219evic, avocatul Bogdan Ionescu, cere arestarea celor care-l consider\u0103 pe Mare\u0219alul Antonescu sau pe Corneliu Zelea Codreanu un erou na\u021bional. Nu \u0219tiu de ce resurse beneficiaz\u0103, dar articolele sale brucaniste sunt publicate de Adev\u0103rul, unul dintre cele mai notorii ziare antirom\u00e2ne\u0219ti care exist\u0103 \u00eenc\u0103 din etapa interbelic\u0103.<\/p>\n<p>Va trebui procedat \u00een dublu impact. Pe de-o parte trebuie s\u0103 alert\u0103m popula\u021bia cu privire la faptul c\u0103 libertatea de exprimare \u0219i, deci, democra\u021bia, sunt anulate \u00een Rom\u00e2nia. Dac\u0103 se face destul zgomot, magistra\u021bii nu-\u0219i vor permite s\u0103 condamne foarte mult\u0103 lume la \u00eenchisoare pentru simple opinii. De aceea subliniez \u0219i repet importan\u021ba vorbitului.<\/p>\n<p>Pe de alt\u0103 parte, cei care acum urmeaz\u0103 \u0219coli \u0219i facult\u0103\u021bi ar trebui s\u0103 se g\u00e2ndeasc\u0103 serios la o carier\u0103 \u00een drept. Avem nevoie de avoca\u021bi na\u021bionali\u0219ti, judec\u0103tori na\u021bionali\u0219ti, procurori na\u021bionali\u0219ti.<\/p>\n<blockquote>\n<p>Efectiv NU se mai poate continua \u00een ritmul \u0219i \u00een maniera de p\u00e2n\u0103 acum.\u00a0<b>Autorit\u0103\u021bile statului trebuie s\u0103 ac\u021bioneze cu infinit mai mult\u0103 operativitate, profesionalism, responsabilitate \u0219i con\u0219tientizare a gravit\u0103\u021bii fenomenelor aici \u00een discu\u021bie<\/b>. De altfel, s\u0103 ne \u00eentreb\u0103m simplu: ce persoan\u0103 decent\u0103, de bun sim\u021b \u0219i de bun\u0103 credin\u021b\u0103 \u00ee\u0219i poate dori s\u0103 tr\u0103iasc\u0103 \u00eentr-un stat\u00a0<b>dominat\/sufocat<\/b>\u00a0de extremism, antisemitism, legionarism, \u0219ovinism, rasism, discriminare, bigotism sau orice tip de violen\u021b\u0103?<\/p>\n<\/blockquote>\n<p>\u00centrebarea este ce persoan\u0103 decent\u0103, de bun sim\u021b \u0219i de bun\u0103 credin\u021b\u0103 \u00ee\u0219i poate dori s\u0103 tr\u0103iasc\u0103 \u00eentr-un stat dominat\/sufocat de cenzur\u0103, antirom\u00e2nism, satanism \u0219i globalism nivelator sau orice tip de violen\u021b\u0103 legislativ\u0103 \u00eempotriva diziden\u021bilor?<\/p>\n<p><a href=\"https:\/\/www.incorectpolitic.com\/pentru-un-moment-t0-in-lupta-pentru-libertatea-de-exprimare\/bogdan-ionescu\/\" rel=\"attachment wp-att-79545\"><img loading=\"lazy\" decoding=\"async\" class=\"size-full wp-image-79545 aligncenter lazyload\" src=\"https:\/\/analyse.optim.biz\/wp-content\/uploads\/2025\/12\/bogdan-ionescu.jpg\" width=\"1060\" height=\"540\" title=\"bogdan-ionescu\"><\/a><\/p>\n<p><img loading=\"lazy\" decoding=\"async\" class=\"size-full wp-image-79545 aligncenter\" src=\"https:\/\/analyse.optim.biz\/wp-content\/uploads\/2025\/12\/bogdan-ionescu.jpg\" width=\"1060\" height=\"540\" data-eio=\"l\" title=\"bogdan-ionescu\"><\/p>\n<p>Bol\u0219evicul Bogdan Ionescu face o list\u0103 neagr\u0103 cu publica\u021biile \u0219i personalit\u0103\u021bile pe care le vrea arestate, trimise la gulag dac\u0103 se poate. Publica\u021bia noastr\u0103 ocup\u0103 primul loc.<\/p>\n<blockquote>\n<p>Sper\u0103m c\u0103 \u00eentr-un termen rezonabil s\u0103 nu mai vorbim la timpul prezent de urm\u0103toarele anomalii (imediat declinate \u2013 \u00eentr-o list\u0103 scurt\u0103) pentru care statul rom\u00e2n poart\u0103 cea mai mare responsabilitate. Astfel:<\/p>\n<\/blockquote>\n<blockquote>\n<p>\u2013 Este inadmisibil (juridic \u0219i moral) ca de ani de zile s\u0103 permi\u021bi existen\u021ba\/func\u021bionarea unui site de genul\u00a0<b>incorectpolitic<\/b>\u00a0(de un antisemitism dus la nivel patologic \u0219i care promoveaz\u0103 public concep\u021bii sau doctrine fasciste, legionare, rasiste, xenofobe, homofobe, precum \u0219i apologia persoanei\/regimului lui Ion Antonescu).<\/p>\n<p>\u2013 Este inadmisibil (juridic \u0219i moral) ca de ani de zile s\u0103 permi\u021bi existen\u021ba\/func\u021bionarea\u00a0<b>Radio Camarad<\/b>\u00a0[un radio legionar, care nu se sfie\u0219te s\u0103 transmist\u0103 \u0219i expun\u0103 (inclusiv pe propriul site) simboluri \u0219i mesaje legionare interzise prin lege].<\/p>\n<p>\u2013 Este inadmisibil (juridic \u0219i moral) ca de ani de zile s\u0103 permi\u021bi existen\u021ba\/func\u021bionarea paginii web\u00a0<b>Ion Coja<\/b>\u00a0(un antisemit feroce \u0219i un nega\u021bionist al Holocaustului, pagin\u0103 pe care persoane cu viziuni similare \u00ee\u0219i disemineaz\u0103 ura \u0219i otr\u0103vurile ideatice).<\/p>\n<p>\u2013 Este inadmisibil (juridic \u0219i moral)\u00a0<b>ca prima condamnare\u00a0<\/b><b>penal<\/b><b>\u0103 definitiv\u0103 \u00een justi\u021bia din Rom\u00e2nia,\u00a0<\/b><b>pentru<\/b><b>\u00a0negarea Holocaustului, s\u0103 se fac\u0103 la mai \u00a0bine de 20 de ani de la intrarea \u00een vigoare a\u00a0<\/b><b>OUG nr. 31 din 13 martie 2002<\/b>\u00a0(adic\u0103 a actului normativ care incrimineaz\u0103 ca infrac\u021biune tocmai astfel de fapte).<\/p>\n<p>\u2013 Este inadmisibil (juridic \u0219i moral) ca pedeapsa pentru aceast\u0103 prim\u0103 condamnare pentru negarea Holocaustului (fapta fiind s\u0103v\u00e2r\u0219it\u0103 sub forma public\u0103rii unei c\u0103r\u021bi \u0219i a dou\u0103 articole) s\u0103 constea \u00eentr-un simplu\u00a0<b>avertisment<\/b>\u00a0aplicat incupatului, nimeni altul dec\u00e2t antisemitul visceral\u00a0<b>Vasile Z\u0103rnescu<\/b>;<\/p>\n<p>\u2013 Este inadmisibil (juridic \u0219i moral) ca de ani de zile s\u0103 permi\u021bi existen\u021ba\/func\u021bionarea unui site\/<b>reviste ART-EMIS<\/b>, \u00een care, printre altele, Vasile Z\u0103rnescu s\u0103 continue s\u0103 publice (\u0219i dup\u0103 condamnare) articole de un antisemitism extrem;<\/p>\n<p>\u2013 Este inadmisibil (juridic \u0219i moral) s\u0103 mai permi\u021bi difuzarea unor emisiuni de factura \u201e<b>Inim\u0103 de Rom\u00e2n\u201d\u00a0<\/b>(la\u00a0<b>Apollonia TV<\/b>) \u00een care un antisemit feroce \u0219i un nega\u021bionist al Holocaustului rom\u00e2nesc de genul lui\u00a0<b>Gic\u0103 Manole\u00a0<\/b>s\u0103 otr\u0103veasc\u0103 prin diatribele sale antisemite \u0219i prin denaturarea adev\u0103rului istoric opinia public\u0103;<\/p>\n<p>\u2013 Este inadmisibil\u00a0<b>ca o unitate administrativ teritorial\u0103 din Rom\u00e2nia (cu concursul\/complicitatea Institu\u021biei Prefectului \u2013 jud. Boto\u0219ani \u0219i a Guvernului Rom\u00e2niei) s\u0103 emit\u0103 un act administrativ prin care s\u0103 confere numele \u201eProf. Dr. Gic\u0103 Manole\u201d unui c\u0103min cultural<\/b>, sub motivarea c\u0103: \u201e\u0219i-a dedicat \u00eentreaga via\u021b\u0103 afl\u0103rii \u0219i transmiterii adev\u0103rului istoric at\u00e2tor genera\u021bii de elevi, dar \u0219i celor care iubesc istoria, fiind o personalitate emblematic\u0103 a Rom\u00e2niei cu care ne m\u00e2ndrim.\u201d\u00a0<b>(Sic!)<\/b>; reamintim c\u0103 vorbim despre acela\u0219i antisemit notoriu Gic\u0103 Manole, care\u00a0<i>inter alia<\/i>\u00a0a ridicat un bust al Mare\u0219alului Ion Antonescu \u00een propria ograd\u0103 sau care vorbe\u0219te despre un criminal de factura lui Corneliu Zelea Codreanu \u00een termeni de \u201esf\u00e2nt\u201d, socotind chiar c\u0103 ar trebui \u201ecanonizat\u201d.<\/p>\n<p>\u2013 Este inadmisibil (juridic \u0219i moral), iar acest lucru l-am constatat inclusiv din coresponden\u021ba personal\u0103 purtat\u0103 cu aceast\u0103 institu\u021bie,\u00a0<b>ca CNCD s\u0103 fie at\u00e2t de \u00een urm\u0103 cu solu\u021bionarera dosarelor \u0219i pronun\u021barea deciziilor, \u00eenc\u00e2t \u00een luna septembrie a anului 2024 s\u0103 delibereze \u00een leg\u0103tur\u0103 cu dosarele \u00eenregistrate pe anul 2022.<\/b><\/p>\n<p>\u2013 Este inadmisibil (juridic \u0219i moral) ca dosare penale clare \u00a0(formulate \u00een baza OUG nr. 31\/2002, a Legii nr. 157\/2018 \u0219i\/sau a art. 369 C. pen. \u2013 incitarea la violen\u021b\u0103, ur\u0103 sau discriminare)\u00a0<b>s\u0103 treneze ani de zile pe rolul parchetelor, pentru ca faptele s\u0103 se prescrie sau s\u0103 fie emise solu\u021bii v\u0103dit nelegale de clasare;<\/b><\/p>\n<p>\u2013 Este inadmisibil (juridic \u0219i moral) ca indivizi cu mai multe dosare \u00een materie,\u00a0<b>amintind aici pe Diana Iovanovici \u0218o\u0219oac\u0103, George Simion sau chiar Gic\u0103 Manole<\/b>\u00a0s\u0103 beneficieze de indolen\u021ba sau complicitatea autorit\u0103\u021bilor, \u00eencuraj\u00e2ndu-i practic s\u0103 continue \u0219i chiar s\u0103 persevereze \u00een \u00eenc\u0103lcarea legii.<\/p>\n<p>\u2013 Este inadmisibil (juridic \u0219i moral) ca indivizi de genul lui\u00a0<b>C\u0103lin Georgescu<\/b>, timp de ani de zile, s\u0103 aib\u0103 libertatea s\u0103 fac\u0103 \u00een spa\u021biul public apologia lui Corneliu Zelea Codreanu \u0219i Ion Antonescu, s\u0103 preia \u0219i s\u0103 transmit\u0103 public (uneori chiar\u00a0<i>ad litteram)<\/i>\u00a0discursuri, concep\u021bii \u0219i ideologii ale celor doi criminali antenominaliza\u021bi (adic\u0103 fascisto-legionare) ori s\u0103 coaguleze \u00een jurul s\u0103u\/lor asocia\u021bii \u0219i mi\u0219c\u0103ri (neo)legionare, partide extremiste \u0219i alte entit\u0103\u021bi (locale &amp; str\u0103ine), care urm\u0103resc destabilizarea democra\u021biei \u0219i a ordinii constitu\u021bionale.<\/p>\n<\/blockquote>\n<p>Dup\u0103 victoria lui Nicu\u0219or Dan, to\u021bi bol\u0219evicii ies din debara \u0219i \u00ee\u0219i dau arama pe fa\u021ba cer\u00e2nd poli\u021bie politic\u0103, persecutarea vocilor dizidente \u0219i arestarea na\u021bionali\u0219tilor. <strong>Acesta trebuie s\u0103 fie pentru noi un moment \u201cT0\u201d \u00een lupta pentru libertatea de exprimare.<\/strong><\/p>\n<p>Este inadmisibil ca publica\u021bii ca g4media, adev\u0103rul, antena3 (de un globalism dus la nivel patologic \u0219i care promoveaz\u0103 public concep\u021bii sau doctrine pervertitoare de valori (LGBT, imigra\u021bia non-european\u0103, cultul nebunilor climaterici, apologia regimului comunist, cenzura) s\u0103 continue s\u0103 existe.<\/p>\n<p>Este inadmisibil (juridic \u0219i moral) ca s\u0103 existe doar un singur radio legionar \u00een Rom\u00e2nia, <b>Radio Camarad, <\/b>c\u00e2nd aceast\u0103 mi\u0219care a dat v\u00e2rfuri \u00een toate domeniile \u0219i reprezint\u0103 o pagin\u0103 glorioas\u0103 din istoria na\u021bional\u0103 insuficient cunoscut\u0103. Ar trebui date subven\u021bii de la statul rom\u00e2n pentru crearea mai multor astfel de radiouri.<\/p>\n<p>Este inadmisibil (juridic \u0219i moral) s\u0103 permi\u021bi existen\u021ba\/func\u021bionarea paginii web AI de noi (ni\u0219te antirom\u00e2ni feroce care h\u0103r\u021buiesc \u00een mod activ persoane cu viziuni diferite fa\u021b\u0103 de ale lor) care promoveaz\u0103 conflictul social \u0219i \u00eencurajeaz\u0103 turn\u0103toria.<\/p>\n<p>Este inadmisibil (juridic \u0219i moral) ca de ani de zile s\u0103 permi\u021bi existen\u021ba\/func\u021bionarea unor puseuri de comunism \u00een facult\u0103\u021bi la sec\u021biunea Psihologie sau Litere, cu profesori-activi\u0219ti ca Dumitru Cornel V\u00eelcu, care \u00ee\u0219i ia studen\u021bii de la ore \u0219i \u00eei pune s\u0103 mearg\u0103 pe strad\u0103 s\u0103 dezlipeasc\u0103 ab\u021bibilduri na\u021bionaliste.<\/p>\n<p>Este inadmisibil (juridic \u0219i moral) <b>ca \u00eentr-o \u021bar\u0103 democrat\u0103, \u00een care s-a murit pentru libertate \u00een 1989, s\u0103 existe vreo condamnare <\/b><b>penal<\/b><b>\u0103 definitiv\u0103 \u00een justi\u021bie <\/b><b>pentru<\/b><b> negarea vreunui eveniment istoric sau pentru exprimarea vreunei opinii. Este inadmisibil s\u0103 existe mijloace juridice pentru instaurarea delictului de opinie \u00een Rom\u00e2nia (<\/b><b>OUG 31\/2002)<\/b> .<\/p>\n<p>S\u0103 fim foarte clari, tovar\u0103\u0219ilor bol\u0219evici. <strong>A \u00eel elogia pe Antonescu, Hitler, sau Mussolini <\/strong>(Codreanu nici m\u0103car nu are vreo condamnare pentru crime de r\u0103zboi sau genocid. \u0218i aceste condamn\u0103ri pentru Antonescu, Mussolini sau Hitler are s-au dat din ra\u021biuni politice, Nuremberg a fost o fars\u0103 de tribunal stalinist, ca tribunalele poporului de pe timpul regimului bol\u0219evic)<strong> sau a nega holocaustul prin scris sau prin viu grai <span>nu lezeaz\u0103 pe nimeni.<\/span><\/strong><strong>Dac\u0103 eu neg holocaustul, Adolf Hitler nu va \u00eenvia ca prin miracol \u0219i nu va aduce un al patrulea reich. Dac\u0103 eu \u00eel laud pe Antonescu, nu voi determina prin telechinezie s\u0103 apar\u0103 r\u0103ni fizice pe trupul vreunui jidan sau \u021bigan. <\/strong>La fel cu cineva care neag\u0103 fenomenul Pite\u0219ti sau \u00eel elogiaz\u0103 pe Stalin, nu voi face infarct dac\u0103 aud pe cineva spun\u00e2nd asta \u00een public.<\/p>\n<p>Cu c\u00e2t ve\u021bi c\u0103uta s\u0103 cenzura\u021bi mai mult o idee, cu at\u00e2t mai interesant\u0103 va fi, cu at\u00e2t mai \u00eenc\u0103p\u0103\u021b\u00e2nat\u0103 va deveni, mai neclintit\u0103 \u0219i mai prezent\u0103 \u00een mintea oamenilor liberi.<\/p>\n<p><a href=\"https:\/\/www.incorectpolitic.com\/presedintele-legal-al-statelor-unite-donald-trump-declara-abolita-constitutia-americana\/kanye-bazatul-6\/\" rel=\"attachment wp-att-64627\"><img loading=\"lazy\" decoding=\"async\" class=\"size-large wp-image-64627 aligncenter lazyload\" width=\"510\" height=\"800\" src=\"https:\/\/analyse.optim.biz\/wp-content\/uploads\/2025\/12\/kanye-bazatul-6-510x800-1.jpeg\" title=\"kanye-bazatul-6-510x800-1\"><\/a><\/p>\n<p><img loading=\"lazy\" decoding=\"async\" class=\"size-large wp-image-64627 aligncenter\" src=\"https:\/\/analyse.optim.biz\/wp-content\/uploads\/2025\/12\/kanye-bazatul-6-510x800-1.jpeg\" width=\"510\" height=\"800\" data-eio=\"l\" title=\"kanye-bazatul-6-510x800-1\"><\/div>\n<div class=\"share-post\"><span class=\"share-text\">Share<\/span><\/p>\n<ul class=\"flat-social\">\n<li><a href=\"http:\/\/www.facebook.com\/sharer.php?u=https:\/\/www.incorectpolitic.com\/?p=79541\" class=\"social-facebook\" rel=\"external\" target=\"_blank\"><span>Facebook<\/span><\/a><\/li>\n<li><a href=\"https:\/\/twitter.com\/intent\/tweet?text=Pentru+un+moment+%E2%80%9ET0%E2%80%9D+%C3%AEn+lupta+pentru+libertatea+de+exprimare&amp;url=https:\/\/www.incorectpolitic.com\/?p=79541\" class=\"social-twitter\" rel=\"external\" target=\"_blank\"><span>Twitter<\/span><\/a><\/li>\n<li><a href=\"http:\/\/pinterest.com\/pin\/create\/button\/?url=https:\/\/www.incorectpolitic.com\/?p=79541&amp;description=Pentru+un+moment+%E2%80%9ET0%E2%80%9D+%C3%AEn+lupta+pentru+libertatea+de+exprimare&amp;media=https:\/\/analyse.optim.biz\/wp-content\/uploads\/2025\/12\/portavoce.jpg\" class=\"social-pinterest\" rel=\"external\" target=\"_blank\"><span>Pinterest<\/span><\/a><\/li>\n<\/ul>\n<\/div>\n<\/div>\n<\/article>\n<p> Source URL: https:\/\/www.incorectpolitic.com\/pentru-un-moment-t0-in-lupta-pentru-libertatea-de-exprimare\/<\/p>\n","protected":false},"excerpt":{"rendered":"<p>Pentru un moment \u201eT0\u201d \u00een lupta pentru libertatea de exprimare Sterie CiumettiIncorect Politic Iunie 1, 2025 Autorul articolului din Adev\u0103rul, Bogdan Ionescu Pentru un moment \u201eT0\u201d \u00een lupta pentru libertatea de exprimare M\u0103 adresez, tuturor autorit\u0103\u021bilor etatice cu atribu\u021bii \u00een domeniu, dar \u0219i tuturor oamenilor de bun\u0103-credin\u021b\u0103 din aceast\u0103 \u021bar\u0103. Nu este un mesaj de [&hellip;]<\/p>\n","protected":false},"author":1,"featured_media":792689,"comment_status":"open","ping_status":"","sticky":false,"template":"","format":"standard","meta":{"footnotes":""},"categories":[89],"tags":[95],"class_list":["post-792688","post","type-post","status-publish","format-standard","has-post-thumbnail","hentry","category-romania","tag-incorectpolitic-com"],"_links":{"self":[{"href":"https:\/\/analyse.optim.biz\/index.php?rest_route=\/wp\/v2\/posts\/792688","targetHints":{"allow":["GET"]}}],"collection":[{"href":"https:\/\/analyse.optim.biz\/index.php?rest_route=\/wp\/v2\/posts"}],"about":[{"href":"https:\/\/analyse.optim.biz\/index.php?rest_route=\/wp\/v2\/types\/post"}],"author":[{"embeddable":true,"href":"https:\/\/analyse.optim.biz\/index.php?rest_route=\/wp\/v2\/users\/1"}],"replies":[{"embeddable":true,"href":"https:\/\/analyse.optim.biz\/index.php?rest_route=%2Fwp%2Fv2%2Fcomments&post=792688"}],"version-history":[{"count":0,"href":"https:\/\/analyse.optim.biz\/index.php?rest_route=\/wp\/v2\/posts\/792688\/revisions"}],"wp:featuredmedia":[{"embeddable":true,"href":"https:\/\/analyse.optim.biz\/index.php?rest_route=\/wp\/v2\/media\/792689"}],"wp:attachment":[{"href":"https:\/\/analyse.optim.biz\/index.php?rest_route=%2Fwp%2Fv2%2Fmedia&parent=792688"}],"wp:term":[{"taxonomy":"category","embeddable":true,"href":"https:\/\/analyse.optim.biz\/index.php?rest_route=%2Fwp%2Fv2%2Fcategories&post=792688"},{"taxonomy":"post_tag","embeddable":true,"href":"https:\/\/analyse.optim.biz\/index.php?rest_route=%2Fwp%2Fv2%2Ftags&post=792688"}],"curies":[{"name":"wp","href":"https:\/\/api.w.org\/{rel}","templated":true}]}}