{"id":792685,"date":"2025-06-01T17:53:57","date_gmt":"2025-06-01T14:53:57","guid":{"rendered":"https:\/\/analyse.optim.biz\/?p=792685"},"modified":"2025-06-01T17:53:57","modified_gmt":"2025-06-01T14:53:57","slug":"cand-javrele-ataca-doar-lasii-se-predau-incorect-politic","status":"publish","type":"post","link":"https:\/\/analyse.optim.biz\/?p=792685","title":{"rendered":"C\u00e2nd javrele atac\u0103, doar la\u0219ii se predau &#8211; Incorect Politic"},"content":{"rendered":"<article class=\"post-listing post-79553 post type-post status-publish format-standard has-post-thumbnail  category-actualitate category-stirea-zilei tag-cand-javrele-ataca-doar-lasii-se-predau\" id=\"the-post\">\n<div class=\"post-inner\">\n<h1 class=\"name post-title entry-title\"><span>C\u00e2nd javrele atac\u0103, doar la\u0219ii se predau<\/span><\/h1>\n<div class=\"entry\">\n<p><strong>Incorect Politic<\/strong><br \/>\nIunie 1, 2025<\/p>\n<p><a href=\"https:\/\/www.incorectpolitic.com\/?attachment_id=79554\" rel=\"attachment wp-att-79554\"><img loading=\"lazy\" decoding=\"async\" class=\"aligncenter wp-image-79554\" src=\"https:\/\/analyse.optim.biz\/wp-content\/uploads\/2025\/12\/javre-1.jpg\" alt=\"C\u00e2nd javrele atac\u0103 doar la\u0219ii se predau\" width=\"624\" height=\"499\" title=\"javre-1\"><\/a><\/p>\n<div class=\"entry-header\">\n<h2><strong>C\u00e2nd javrele atac\u0103, doar la\u0219ii se predau<\/strong><\/h2>\n<\/div>\n<p><em>Via <a href=\"https:\/\/www.art-emis.ro\/analize\/cand-javrele-ataca-doar-lasii-se-predau\">Art-Emis<\/a>:<\/em><\/p>\n<p>Dup\u0103 1989 s-au emis stive \u00eentregi de legi, majoritatea \u00eempotriva rom\u00e2nilor, dar o lege \u00eempotriva antirom\u00e2nismului nu a fost nici m\u0103car supus\u0103 discu\u021biei \u00een Parlamentul Rom\u00e2niei! De ce ? Pentru c\u0103 rom\u00e2nii nu mai sunt st\u0103p\u00e2ni \u00een \u021bara lor, iar cozile de topor decizionale sunt f\u0103cute din lemn putred, modelat de str\u0103ini. Veneticii\u00a0 ar trebui s\u0103-\u015fi cunoasc\u0103 bine locul \u00een societatea rom\u00e2neasc\u0103! Toleran\u0163a \u015fi ospitalitatea noastr\u0103 i-a determinat pe str\u0103ini s\u0103 se amestece nepermis de mult \u00een treburile interne ale \u0163\u0103rii. Aici putem aplica axioma gunoaielor de prestigiu, prin asamblarea \u015fi \u00eentre\u0163inerea unui sistem de justi\u0163ie alc\u0103tuit din de\u015feuri. Un sistem opresiv, dictatorial. C\u00e2nd ni\u015fte institu\u0163ii fantom\u0103\u00a0 siluiesc \u015fi batjocoresc poporul rom\u00e2n, c\u00e2nd \u00eei confisc\u0103 demnitatea, c\u00e2nd \u00eel v\u00e2neaz\u0103 pe rom\u00e2n \u015fi valorile sale culturale, c\u00e2nd asasineaz\u0103 moral exponen\u0163ii spiritului rom\u00e2nesc, c\u00e2nd distrug prestigiul na\u0163ional \u015fi caut\u0103 cu orice pre\u0163 s\u0103-\u015fi bat\u0103 joc de r\u0103bd\u0103torul popor rom\u00e2n, atunci nu ne mai apar\u0163inem ca neam!\u00a0 Dictatura a \u00eenlocuit democra\u0163ia \u015fi a\u015fa g\u0103unos implementat\u0103.\u00a0 Trezit din hibernare de recenta \u00eenc\u0103lcare a Constitu\u021biei Rom\u00e2niei<strong>,<\/strong>\u00a0comis\u0103 cu asentimentul \u201eale\u0219ilor neamului\u201d, o slug\u0103 a acelei institu\u021bii care, de dou\u0103zeci de ani condamn\u0103 \u0219i asasineaz\u0103 moral valorile na\u021bionale ale rom\u00e2nilor, pe un blog \u201ede trei parale\u201d<strong>,<\/strong>\u00a0un \u201esc\u00e2r\u021ba sc\u00e2r\u021ba pe h\u00e2rtie\u201d \u021bine isonul noii f\u0103r\u0103-de-legi OUG 31\/2002<strong>,<\/strong>\u00a0completat\u0103 \u0219i metamorfozat\u0103 \u00een cenzur\u0103 inchizitorial\u0103 antirom\u00e2neasc\u0103.<\/p>\n<p>Pre\u0219edintele real al Senatului Rom\u00e2niei este un nerom\u00e2n anti-rom\u00e2n, \u201eale\u0219ii neamului\u201d nu reprezint\u0103 poporul, fiind simple marionete sfor\u0103rite din exteriorul Rom\u00e2niei<strong>,<\/strong>\u00a0iar poporul rom\u00e2n a fost sclavizat \u0219i transformat \u00een mas\u0103 de manevr\u0103 \u00eempotriva intereselor na\u021bionale.<\/p>\n<p>Da, poporul rom\u00e2n a fost transformat \u00een \u201ecorul robilor\u201d (inten\u021bionat scris cu liter\u0103 mic\u0103), fapt demonstrat la \u201ealegerile\u201d cu repeti\u021bie<strong>,<\/strong>\u00a0dup\u0103 care o \u201ecezarian\u0103\u201d for\u021bat\u0103 a permis \u00eensc\u0103unarea unui robot nepotrivit pentru \u0219efia statului. Fostul chiria\u0219 de la Cotroceni r\u00e2de morm\u0103ind\u00a0:\u00a0<em>\u201eA\u021bi crezut c\u0103 eu am fost o pacoste costisitoare\u00a0? S\u0103-l vede\u021bi p-\u0103sta\u00a0c\u00e2t o s\u0103 v\u0103 coste!\u201d\u2026<\/em><\/p>\n<p>Autorul neadev\u0103rurilor scrie despre antisemitism, dar nici m\u0103car habar nu are ce \u00eenseamn\u0103 acest cuc\u00e2nt. Avocat fiind, (nu-i\u00a0 dau nici satisfac\u021bia \u0219i nici posibilitatea de a dialoga; e prea plin de noroi \u0219i ne poate murd\u0103ri) specimenul afirm\u0103\u00a0:\u00a0<em>\u201eAutorit\u0103\u021bile statului trebuie s\u0103 ac\u021bioneze cu infinit mai mult\u0103 operativitate, profesionalism, responsabilitate \u0219i con\u0219tientizare a gravit\u0103\u021bii fenomenelor \u2026 extremism, antisemitism, legionarism, \u0219ovinism, rasism, discriminare, bigotism sau orice tip de violen\u021b\u0103?\u201d.<\/em>\u00a0Dup\u0103 o astfel de logoree plin\u0103 de inexactit\u0103\u0163i \u0219i ur\u0103 \u00eempotriva a ce este rom\u00e2nesc, autorului ar trebui s\u0103 i se ia licen\u021ba de a practica \u201edreptul\u201d \u00een Rom\u00e2nia.<\/p>\n<p>M\u0103i, \u201esc\u00e2r\u021ba sc\u00e2r\u021ba pe h\u00e2rtie\u201d \u00a0despre violen\u021ba ta antirom\u00e2neasc\u0103 n-ai nimic de spus? Cum se face \u0219i cum se define\u0219te atacul t\u0103u \u00eempotriva celor viza\u021bi \u00een \u201earia calomniei\u201d care \u2013 coinciden\u021b\u0103 \u2013 sunt numai rom\u00e2ni? Curtea Penal\u0103 Interna\u021bional\u0103 a declarat statul Israel drept criminal de r\u0103zboi \u0219i condamnat pentru crime \u00eempotriva umanit\u0103\u021bii\u00a0 Dar s\u0103 nu ne mai mir\u0103m. Oare autorul vrea s\u0103 ne transmit\u0103 c\u0103 \u00een Rom\u00e2nia, c\u0103ciula \u0219i p\u0103l\u0103ria trebuiesc \u00eenlocuite cu kipa? N-are dec\u00e2t s-o poarte pe cre\u015ftetul s\u0103u \u00eenfierb\u00e2ntat de ur\u0103 \u00eempotriva poporului rom\u00e2n, at\u00e2ta vreme c\u00e2t nu-i va mai ataca pe rom\u00e2ni! Dac\u0103 \u00een Rom\u00e2nia nu-i place, de ce nu pleac\u0103 \u00een Israel?<\/p>\n<p>P\u00e2n\u0103 atunci<em>\u00a0\u201edac\u0103 t\u0103cea, filosof r\u0103m\u00e2nea!\u201d.<\/em>\u00a0C\u00e2nd javrele atac\u0103, doar la\u0219ii se predau. Alo, domnilor \u201eale\u0219i ai neamului\u201d, pe c\u00e2nd o lege \u00eempotriva urii \u00eendreptat\u0103 spre poporul rom\u00e2n?<\/p>\n<p>\u00a0<\/p>\n<\/div>\n<div class=\"share-post\"><span class=\"share-text\">Share<\/span><\/p>\n<ul class=\"flat-social\">\n<li><a href=\"http:\/\/www.facebook.com\/sharer.php?u=https:\/\/www.incorectpolitic.com\/?p=79553\" class=\"social-facebook\" rel=\"external\" target=\"_blank\"><span>Facebook<\/span><\/a><\/li>\n<li><a href=\"https:\/\/twitter.com\/intent\/tweet?text=C%C3%A2nd+javrele+atac%C4%83%2C+doar+la%C8%99ii+se+predau&amp;url=https:\/\/www.incorectpolitic.com\/?p=79553\" class=\"social-twitter\" rel=\"external\" target=\"_blank\"><span>Twitter<\/span><\/a><\/li>\n<li><a href=\"http:\/\/pinterest.com\/pin\/create\/button\/?url=https:\/\/www.incorectpolitic.com\/?p=79553&amp;description=C%C3%A2nd+javrele+atac%C4%83%2C+doar+la%C8%99ii+se+predau&amp;media=https:\/\/analyse.optim.biz\/wp-content\/uploads\/2025\/12\/javre-1.jpg\" class=\"social-pinterest\" rel=\"external\" target=\"_blank\"><span>Pinterest<\/span><\/a><\/li>\n<\/ul>\n<\/div>\n<\/div>\n<\/article>\n<p> Source URL: https:\/\/www.incorectpolitic.com\/cand-javrele-ataca-doar-lasii-se-predau\/<\/p>\n","protected":false},"excerpt":{"rendered":"<p>C\u00e2nd javrele atac\u0103, doar la\u0219ii se predau Incorect Politic Iunie 1, 2025 C\u00e2nd javrele atac\u0103, doar la\u0219ii se predau Via Art-Emis: Dup\u0103 1989 s-au emis stive \u00eentregi de legi, majoritatea \u00eempotriva rom\u00e2nilor, dar o lege \u00eempotriva antirom\u00e2nismului nu a fost nici m\u0103car supus\u0103 discu\u021biei \u00een Parlamentul Rom\u00e2niei! De ce ? Pentru c\u0103 rom\u00e2nii nu mai [&hellip;]<\/p>\n","protected":false},"author":1,"featured_media":792686,"comment_status":"open","ping_status":"","sticky":false,"template":"","format":"standard","meta":{"footnotes":""},"categories":[89],"tags":[95],"class_list":["post-792685","post","type-post","status-publish","format-standard","has-post-thumbnail","hentry","category-romania","tag-incorectpolitic-com"],"_links":{"self":[{"href":"https:\/\/analyse.optim.biz\/index.php?rest_route=\/wp\/v2\/posts\/792685","targetHints":{"allow":["GET"]}}],"collection":[{"href":"https:\/\/analyse.optim.biz\/index.php?rest_route=\/wp\/v2\/posts"}],"about":[{"href":"https:\/\/analyse.optim.biz\/index.php?rest_route=\/wp\/v2\/types\/post"}],"author":[{"embeddable":true,"href":"https:\/\/analyse.optim.biz\/index.php?rest_route=\/wp\/v2\/users\/1"}],"replies":[{"embeddable":true,"href":"https:\/\/analyse.optim.biz\/index.php?rest_route=%2Fwp%2Fv2%2Fcomments&post=792685"}],"version-history":[{"count":0,"href":"https:\/\/analyse.optim.biz\/index.php?rest_route=\/wp\/v2\/posts\/792685\/revisions"}],"wp:featuredmedia":[{"embeddable":true,"href":"https:\/\/analyse.optim.biz\/index.php?rest_route=\/wp\/v2\/media\/792686"}],"wp:attachment":[{"href":"https:\/\/analyse.optim.biz\/index.php?rest_route=%2Fwp%2Fv2%2Fmedia&parent=792685"}],"wp:term":[{"taxonomy":"category","embeddable":true,"href":"https:\/\/analyse.optim.biz\/index.php?rest_route=%2Fwp%2Fv2%2Fcategories&post=792685"},{"taxonomy":"post_tag","embeddable":true,"href":"https:\/\/analyse.optim.biz\/index.php?rest_route=%2Fwp%2Fv2%2Ftags&post=792685"}],"curies":[{"name":"wp","href":"https:\/\/api.w.org\/{rel}","templated":true}]}}