{"id":792682,"date":"2025-06-02T16:21:23","date_gmt":"2025-06-02T13:21:23","guid":{"rendered":"https:\/\/analyse.optim.biz\/?p=792682"},"modified":"2025-06-02T16:21:23","modified_gmt":"2025-06-02T13:21:23","slug":"romania-are-nevoie-de-libertatea-cuvantului-nu-de-cenzura-incorect-politic","status":"publish","type":"post","link":"https:\/\/analyse.optim.biz\/?p=792682","title":{"rendered":"Rom\u00e2nia are nevoie de libertatea cuv\u00e2ntului, nu de cenzur\u0103! &#8211; Incorect Politic"},"content":{"rendered":"<article class=\"post-listing post-79560 post type-post status-publish format-standard has-post-thumbnail  category-actualitate category-stirea-zilei tag-romania-are-nevoie-de-libertatea-cuvantului-nu-de-cenzura\" id=\"the-post\">\n<div class=\"post-inner\">\n<h1 class=\"name post-title entry-title\"><span>Rom\u00e2nia are nevoie de libertatea cuv\u00e2ntului, nu de cenzur\u0103!<\/span><\/h1>\n<div class=\"entry\">\n<p><strong>Incorect Politic<\/strong><br \/>\nIunie 2, 2025<\/p>\n<p><a href=\"https:\/\/www.incorectpolitic.com\/apel-pentru-abrogarea-legilor-antiromanesti\/legi-liberticide-2\/\" rel=\"attachment wp-att-57232\"><img loading=\"lazy\" decoding=\"async\" class=\"size-large wp-image-57232 aligncenter lazyload\" width=\"571\" height=\"800\" src=\"https:\/\/analyse.optim.biz\/wp-content\/uploads\/2025\/12\/legi-liberticide-571x800-1.jpg\" title=\"legi-liberticide-571x800-1\"><\/a><\/p>\n<p><img loading=\"lazy\" decoding=\"async\" class=\"size-large wp-image-57232 aligncenter\" src=\"https:\/\/analyse.optim.biz\/wp-content\/uploads\/2025\/12\/legi-liberticide-571x800-1.jpg\" width=\"571\" height=\"800\" data-eio=\"l\" title=\"legi-liberticide-571x800-1\"><\/p>\n<h2><strong>Rom\u00e2nia are nevoie de libertatea cuv\u00e2ntului, nu de cenzur\u0103!<\/strong><\/h2>\n<p><em>Via <a href=\"https:\/\/t.me\/nat88org\">NAT<\/a>:<\/em><\/p>\n<p>Senatul a adoptat, cu 78 de voturi \u201epentru\u201d, 15 \u201e\u00eempotriv\u0103\u201d \u0219i 25 de ab\u021bineri, proiectul care prevede c\u0103 ini\u021bierea sau constituirea unei organiza\u021bii cu caracter fascist, legionar, rasist ori xenofob, aderarea sau sprijinirea, sub orice form\u0103, a unui astfel de grup \u201econstituie infrac\u021biune \u0219i se pedepse\u0219te cu \u00eenchisoare de la 3 la 10 ani \u0219i interzicerea unor drepturi\u201d, transmite Agerpres.<br \/>\nProiectul a fost ini\u021biat de Silviu Vexler (anti-rom\u00e2n notoriu!), deputat al minorit\u0103\u021bilor (comunitatea evreiasc\u0103), \u0219i are ca obiect modificarea \u0219i completarea Ordonan\u021bei de urgen\u021b\u0103 nr. 31\/2002.<\/p>\n<p><strong>Rom\u00e2nia are nevoie de libertatea cuv\u00e2ntului, nu de cenzur\u0103.<\/strong><\/p>\n<p><strong>Libertatea de exprimare este sf\u00e2nt\u0103<\/strong><\/p>\n<p>Rom\u00e2nii nu mai pot fi redu\u0219i la t\u0103cere \u00een propria lor \u021bar\u0103. Constitu\u021bia Rom\u00e2niei GARANTEAZ\u0102 libertatea cuv\u00e2ntului. Aceasta nu poate fi condi\u021bionat\u0103 de interpret\u0103ri subiective, de etichete politice sau de temeri fabricate de cei care se tem de adev\u0103r. Libertatea de exprimare este temelia oric\u0103rei democra\u021bii \u0219i trebuie s\u0103 fie absolut\u0103, at\u00e2t timp c\u00e2t nu incit\u0103 direct la violen\u021b\u0103 fizic\u0103 \u00eempotriva altora.<\/p>\n<p><strong>O \u021bar\u0103 nu poate tr\u0103i \u00een fric\u0103<\/strong><\/p>\n<p>Rom\u00e2nii au dreptul s\u0103 critice orice regim politic, orice ideologie, orice minoritate sau majoritate, at\u00e2ta timp c\u00e2t o fac f\u0103r\u0103 a chema la violen\u021b\u0103. T\u0103cerea for\u021bat\u0103 nu aduce pace, ci revolt\u0103 mocnit\u0103. Cenzura nu previne extremismul, ea este o manifestare a extremismului. Este de datoria noastr\u0103 s\u0103 ap\u0103r\u0103m dreptul la opinie, oric\u00e2t de incomod\u0103 ar fi ea pentru elitele de azi.<\/p>\n<p>Cerem:<\/p>\n<ul>\n<li><strong>Abrogarea legilor care permit interpret\u0103ri abuzive asupra libert\u0103\u021bii de exprimare.<\/strong><\/li>\n<li><strong>Respectarea integral\u0103 a articolului 30 din Constitu\u021bie, f\u0103r\u0103 ad\u0103ugiri restrictive prin legi subordonate.<\/strong><\/li>\n<li><strong>Libertatea pentru rom\u00e2nii care \u00ee\u0219i iubesc \u021bara de a vorbi f\u0103r\u0103 team\u0103, f\u0103r\u0103 etichete, f\u0103r\u0103 dosare fabricate.<\/strong><\/li>\n<\/ul>\n<p>\u00cen numele libert\u0103\u021bii \u0219i al demnit\u0103\u021bii rom\u00e2ne\u0219ti.<\/p>\n<p>Suntem rom\u00e2ni, suntem demni, suntem liberi \u0219i nu vom permite nim\u0103nui s\u0103 ne \u00eenchid\u0103 gura \u00een propria noastr\u0103 \u021bar\u0103.<\/p>\n<p>@nat88org\u00a0 Rom\u00e2nia rom\u00e2nilor, Europa europenilor!<\/p>\n<\/div>\n<div class=\"share-post\"><span class=\"share-text\">Share<\/span><\/p>\n<ul class=\"flat-social\">\n<li><a href=\"http:\/\/www.facebook.com\/sharer.php?u=https:\/\/www.incorectpolitic.com\/?p=79560\" class=\"social-facebook\" rel=\"external\" target=\"_blank\"><span>Facebook<\/span><\/a><\/li>\n<li><a href=\"https:\/\/twitter.com\/intent\/tweet?text=Rom%C3%A2nia+are+nevoie+de+libertatea+cuv%C3%A2ntului%2C+nu+de+cenzur%C4%83%21&amp;url=https:\/\/www.incorectpolitic.com\/?p=79560\" class=\"social-twitter\" rel=\"external\" target=\"_blank\"><span>Twitter<\/span><\/a><\/li>\n<li><a href=\"http:\/\/pinterest.com\/pin\/create\/button\/?url=https:\/\/www.incorectpolitic.com\/?p=79560&amp;description=Rom%C3%A2nia+are+nevoie+de+libertatea+cuv%C3%A2ntului%2C+nu+de+cenzur%C4%83%21&amp;media=https:\/\/www.incorectpolitic.com\/wp-content\/uploads\/2021\/03\/legi-liberticide-660x330.jpg\" class=\"social-pinterest\" rel=\"external\" target=\"_blank\"><span>Pinterest<\/span><\/a><\/li>\n<\/ul>\n<\/div>\n<\/div>\n<\/article>\n<p> Source URL: https:\/\/www.incorectpolitic.com\/romania-are-nevoie-de-libertatea-cuvantului-nu-de-cenzura\/<\/p>\n","protected":false},"excerpt":{"rendered":"<p>Rom\u00e2nia are nevoie de libertatea cuv\u00e2ntului, nu de cenzur\u0103! Incorect Politic Iunie 2, 2025 Rom\u00e2nia are nevoie de libertatea cuv\u00e2ntului, nu de cenzur\u0103! Via NAT: Senatul a adoptat, cu 78 de voturi \u201epentru\u201d, 15 \u201e\u00eempotriv\u0103\u201d \u0219i 25 de ab\u021bineri, proiectul care prevede c\u0103 ini\u021bierea sau constituirea unei organiza\u021bii cu caracter fascist, legionar, rasist ori xenofob, [&hellip;]<\/p>\n","protected":false},"author":1,"featured_media":792683,"comment_status":"open","ping_status":"","sticky":false,"template":"","format":"standard","meta":{"footnotes":""},"categories":[89],"tags":[95],"class_list":["post-792682","post","type-post","status-publish","format-standard","has-post-thumbnail","hentry","category-romania","tag-incorectpolitic-com"],"_links":{"self":[{"href":"https:\/\/analyse.optim.biz\/index.php?rest_route=\/wp\/v2\/posts\/792682","targetHints":{"allow":["GET"]}}],"collection":[{"href":"https:\/\/analyse.optim.biz\/index.php?rest_route=\/wp\/v2\/posts"}],"about":[{"href":"https:\/\/analyse.optim.biz\/index.php?rest_route=\/wp\/v2\/types\/post"}],"author":[{"embeddable":true,"href":"https:\/\/analyse.optim.biz\/index.php?rest_route=\/wp\/v2\/users\/1"}],"replies":[{"embeddable":true,"href":"https:\/\/analyse.optim.biz\/index.php?rest_route=%2Fwp%2Fv2%2Fcomments&post=792682"}],"version-history":[{"count":0,"href":"https:\/\/analyse.optim.biz\/index.php?rest_route=\/wp\/v2\/posts\/792682\/revisions"}],"wp:featuredmedia":[{"embeddable":true,"href":"https:\/\/analyse.optim.biz\/index.php?rest_route=\/wp\/v2\/media\/792683"}],"wp:attachment":[{"href":"https:\/\/analyse.optim.biz\/index.php?rest_route=%2Fwp%2Fv2%2Fmedia&parent=792682"}],"wp:term":[{"taxonomy":"category","embeddable":true,"href":"https:\/\/analyse.optim.biz\/index.php?rest_route=%2Fwp%2Fv2%2Fcategories&post=792682"},{"taxonomy":"post_tag","embeddable":true,"href":"https:\/\/analyse.optim.biz\/index.php?rest_route=%2Fwp%2Fv2%2Ftags&post=792682"}],"curies":[{"name":"wp","href":"https:\/\/api.w.org\/{rel}","templated":true}]}}