{"id":792452,"date":"2025-06-06T20:16:14","date_gmt":"2025-06-06T17:16:14","guid":{"rendered":"https:\/\/analyse.optim.biz\/?p=792452"},"modified":"2025-06-06T20:16:14","modified_gmt":"2025-06-06T17:16:14","slug":"cerbul-carpatin-sub-jupiter-incorect-politic","status":"publish","type":"post","link":"https:\/\/analyse.optim.biz\/?p=792452","title":{"rendered":"Cerbul Carpatin Sub Jupiter &#8211; Incorect Politic"},"content":{"rendered":"<article class=\"post-listing post-79583 post type-post status-publish format-standard has-post-thumbnail  category-actualitate category-stirea-zilei tag-cerbul-carpatin-sub-jupiter tag-delict-de-opinie tag-detinuti-politici tag-dictatura-si-libertate-de-exprimare tag-fabule-contemporane tag-legi-opresive tag-lotul-tancabesti tag-oug-31-2002\" id=\"the-post\">\n<div class=\"post-inner\">\n<h1 class=\"name post-title entry-title\"><span>Cerbul Carpatin Sub Jupiter<\/span><\/h1>\n<div class=\"entry\">\n<p>Sterie Ciumetti<br \/><strong>Incorect Politic<\/strong><br \/>\nIunie 6, 2025<\/p>\n<p><a href=\"https:\/\/www.incorectpolitic.com\/cerbul-carpatin-sub-jupiter\/cerb1\/\" rel=\"attachment wp-att-79584\"><img loading=\"lazy\" decoding=\"async\" class=\"size-full wp-image-79584 aligncenter\" src=\"https:\/\/analyse.optim.biz\/wp-content\/uploads\/2025\/12\/cerb1-1.jpg\" width=\"1024\" height=\"1024\" title=\"cerb1-1\"><\/a><\/p>\n<h1><strong>Cerbul Carpatin Sub Jupiter<\/strong><\/h1>\n<p>Dis de diminea\u021b\u0103, Cerbul carpatin se \u00eendrept\u0103 spre copacul cel mare din P\u0103durea Fermecat\u0103.<\/p>\n<p>Acolo, zi de zi, scrijelea \u00een scoar\u021b\u0103 folosindu-\u0219i coarnele maiestuoase. Scrijelea despre via\u021ba p\u0103durii \u0219i despre creaturile care o populau. \u00cei pl\u0103cea s\u0103 scrie despre \u0219tirile actualit\u0103\u021bii, dar \u0219i despre istoria P\u0103durii. Celelalte viet\u0103\u021bi veneau \u00een fiecare zi pe la copac \u0219i \u00ee\u0219i luau informa\u021biile de acolo, exprim\u00e2ndu-\u0219i recuno\u0219tin\u021ba prin fructe depuse la baza copacului. Uneori ele \u00eensele crestau \u00een scoar\u021b\u0103 comentarii \u0219i se implicau \u00een schimbul de idei.<\/p>\n<p>S\u00e2rguincios \u0219i curajos, \u00een fiecare zi Cerbul f\u0103cea munca de informare \u00een comunitate, uneori oferindu-\u0219i propria opinie fa\u021b\u0103 de actualitate \u0219i istorie, opinie care era considerat\u0103 de unii ca fiind\u2026incorect\u0103 politic, chiar periculoas\u0103 pentru or\u00e2nduirea P\u0103durii, care devenise tot mai dictatorial\u0103. Cerbul, prin fire, iubea libertatea \u0219i afirma adev\u0103rul \u00een fiecare r\u00e2nd din scoar\u021b\u0103, fapt care deranja tot mai tare.<\/p>\n<p>A\u0219adar, nu toate viet\u0103\u021bile \u00eei iubeau scrisul. \u00cen tenebrele umbroase ale p\u0103durii s-a format un grup secret, condus de Vulpea cea viclean\u0103. Aceasta a recrutat \u0219erpii \u0219i \u0219obolanii \u0219i a st\u00e2rnit resentimente \u00eempotriva Cerbului. Zilnic se \u00eent\u00e2lneau la ceasul lupului, conspir\u00e2nd \u00eentre ele. Cuv\u00e2nt\u0103rile lor erau pline de venin \u00eempotriva celorlalte viet\u0103\u021bi \u0219i dorin\u021ba lor era s\u0103 st\u0103p\u00e2neasc\u0103 P\u0103durea, revendic\u00e2ndu-se ca viet\u0103\u021bi alese, superioare celorlalte.<\/p>\n<p>Acestea au n\u0103scocit un plan malefic, care cu fiecare noaptea prindea mai mult contur. Vreme de multe luni de zile au adunat ciuperci, viermi, melci, ghinde, au furat chiar \u0219i ou\u0103 de la p\u0103s\u0103ri \u0219i le-au dosit \u00eentr-un loc \u0219tiut numai de ele. Apoi vulpea a negociat cu un grup de porci slino\u0219i \u0219i mari, cu care s-a \u00een\u021beles s\u0103 le predea hrana \u00een schimbul unui singur serviciu \u2013 arestarea Cerbului.<\/p>\n<p>Pe a\u0219ternutul de frunze unde dormea Cerbul carpatin, \u00eentr-o ad\u00e2ncitur\u0103 ferit\u0103, domnea o lini\u0219te feeric\u0103 \u00eentrerupt\u0103 doar de briza fin\u0103 care m\u00e2ng\u00e2ia frunzele stejarilor. \u00cenainte de r\u0103sarit, lini\u0219tea fu perturbat\u0103 de trop\u0103itul copitelor despicate ale porcilor care au invadat spa\u021biul Cerbului \u0219i l-au \u00eencol\u021bit. Era ziua \u00een care Jupiter avea o influen\u021b\u0103 predominant\u0103.<\/p>\n<p>Cerbul s-a v\u0103zut \u00eencercuit, a\u0219ternutul \u00eei fu r\u0103scolit, culcu\u0219ul r\u0103v\u0103\u0219it. Ne putem doar imagina ce a sim\u021bit. Porcii nemilo\u0219i l-au repezit \u0219i \u00een direc\u021bia vulpii l-au sporit.<\/p>\n<p>Dup\u0103 o c\u0103l\u0103torie lung\u0103 p\u00e2n\u0103 \u00een cel mai \u00eentunecat cotlon al P\u0103durii, Cerbul se afla fa\u021b\u0103 \u00een fa\u021b\u0103 cu Vulpea, \u00een jurul ei fiind plin de \u0219erpi \u0219i \u0219obolani lingu\u0219itori.<\/p>\n<p>-E\u0219ti prea periculos pentru sistemul pe care l-am construit, instigi mereu la nesupunere, pe care noi o percepem ca ur\u0103, instigi la libertate, la adev\u0103r, la dreptate, virtu\u021bi care nu mai sunt compatibile cu ce dorim s\u0103 promov\u0103m \u00een P\u0103dure. Acest lucru nu mai poate continua, iar acum c\u0103 te-am depistat, vei fi nevoit s\u0103 te supui verdictului nostru sau s\u0103 suferi consecin\u021bele. Ce ai de declarat?<\/p>\n<p>Cerbul privi vulpea drept \u00een ochi, neimpresionat. \u00cen jurul ei, \u0219erpii s\u00e2s\u00e2iau satisf\u0103cu\u021bi, iar \u0219obolanii \u00ee\u0219i frecau membrele anterioare \u0219i r\u00e2njeau. Nori negri \u00eencepeau s\u0103 acopere cerul, prevestind o perioad\u0103 \u00eentunecat\u0103 \u00een istoria P\u0103durii.<\/p>\n<p>-Nu am nimic de declarat, spuse Cerbul cu voce calm\u0103. El s-a a\u0219teptat ca la un moment dat scrierile sale s\u0103 deranjeze or\u00e2nduirea \u00eentr-at\u00e2t de tare \u00eenc\u00e2t s\u0103 se ia m\u0103suri represive \u00eempotriva sa. Nu \u00eel impresiona spectacolul t\u00e2r\u00e2toarelor, a \u0219obolanilor sau a vulpii arogante. El \u0219tia c\u0103 activitatea sa era pl\u0103cut\u0103 \u00een ochii lui Dumnezeu, \u0219tia c\u0103 cei prigoni\u021bi pentru dreptate nu pot fi dec\u00e2t ferici\u021bi.<\/p>\n<p>Vulpea se a\u0219ez\u0103 pe un jil\u021b f\u0103cut din crengi \u0219i coarne sparte ale unor cerbi de mult trecu\u021bi dincolo, pe care le considera trofee de r\u0103zboi. Ea se m\u00e2ndrea cu faptul c\u0103 putea duce r\u0103zboi f\u0103r\u0103 s\u0103 ridice o arm\u0103, doar prin cuvinte \u0219i prin negocieri. O mit\u0103 aici, un favor acolo, tot ce trebuie pentru a i se asigura suprema\u021bia \u00een via\u021ba P\u0103durii. Cu un z\u00e2mbet plin de satisfac\u021bie, aceasta spuse:<\/p>\n<p>-Fie ca acest decret s\u0103 fie transmis tuturor viet\u0103\u021bilor, din aceast\u0103 zi Cerbul nu mai are voie s\u0103 scrie pe copacul cel b\u0103tr\u00e2n, cu prec\u0103dere nu mai are voie s\u0103 scrie despre noi, conduc\u0103torii, dar nici despre al\u021bi cerbi care au luptat \u00een trecut \u00eempotriva or\u00e2nduirii. Gata cu instig\u0103rile la ur\u0103, gata cu negarea suferin\u021belor vulpilor de pretutindeni, s-a terminat \u00een sf\u00e2r\u0219it cu obr\u0103znicia contest\u0103rii puterii noastre \u0219i cu glorificarea crimelor de r\u0103zboi f\u0103cute de str\u0103mo\u0219ii Cerbului. \u00cen aceast\u0103 zi istoric\u0103, cu ajutorul porcilor obedien\u021bi, influen\u021ba Cerbului a fost curmat\u0103.<\/p>\n<p>S\u00e2s\u00e2itul \u0219erpilor devenea asurzitor \u00een timp ce \u0219obolanii dansau ferici\u021bi. Cerul era acoperit de nori at\u00e2t de negri \u00eenc\u00e2t \u021bi se p\u0103rea c\u0103 e o eclips\u0103 solar\u0103. Creaturile nop\u021bii s-au trezit, liliecii zburdau prin aer \u0219i parc\u0103 iadul era in s\u0103rb\u0103toare.<\/p>\n<p>Dup\u0103 dou\u0103 zile de umilin\u021be, Cerbul carpatin s-a intors \u00een ad\u00e2ncitura de unde a fost ridicat \u0219i cu r\u0103bdare \u00eencepu s\u0103-\u0219i aranjeze culcu\u0219ul \u0219i s\u0103 cure\u021be mizeria l\u0103sat\u0103 de asupritori.<\/p>\n<p><em>\u201cA meritat?\u201d<\/em> G\u00e2ndi Cerbul \u00eentr-un moment de dezn\u0103dejde.<em> \u201cSacrificiul pe care l-am f\u0103cut a fost degeaba?\u201d<\/em> Lacrimi de cristal se prelingeau pe chipu-i bl\u00e2nd \u0219i \u00eentristat. <em>\u201cM\u0103 vor sus\u021bine sau m\u0103 vor abandona?\u201d<\/em><\/p>\n<p>*<\/p>\n<p><span>A venit momentul s\u0103 v\u0103 cer ajutorul, v\u0103 rog dona\u021bi ETH la aceast\u0103 adres\u0103: 0x56332478f4171176896158EdcD324f69048BD0bc<\/span><\/p>\n<p>\u00a0<\/p>\n<p>\u00a0<\/p>\n<\/div>\n<div class=\"share-post\"><span class=\"share-text\">Share<\/span><\/p>\n<ul class=\"flat-social\">\n<li><a href=\"http:\/\/www.facebook.com\/sharer.php?u=https:\/\/www.incorectpolitic.com\/?p=79583\" class=\"social-facebook\" rel=\"external\" target=\"_blank\"><span>Facebook<\/span><\/a><\/li>\n<li><a href=\"https:\/\/twitter.com\/intent\/tweet?text=Cerbul+Carpatin+Sub+Jupiter&amp;url=https:\/\/www.incorectpolitic.com\/?p=79583\" class=\"social-twitter\" rel=\"external\" target=\"_blank\"><span>Twitter<\/span><\/a><\/li>\n<li><a href=\"http:\/\/pinterest.com\/pin\/create\/button\/?url=https:\/\/www.incorectpolitic.com\/?p=79583&amp;description=Cerbul+Carpatin+Sub+Jupiter&amp;media=https:\/\/analyse.optim.biz\/wp-content\/uploads\/2025\/12\/cerb1-1.jpg\" class=\"social-pinterest\" rel=\"external\" target=\"_blank\"><span>Pinterest<\/span><\/a><\/li>\n<\/ul>\n<\/div>\n<\/div>\n<\/article>\n<p> Source URL: https:\/\/www.incorectpolitic.com\/cerbul-carpatin-sub-jupiter\/<\/p>\n","protected":false},"excerpt":{"rendered":"<p>Cerbul Carpatin Sub Jupiter Sterie CiumettiIncorect Politic Iunie 6, 2025 Cerbul Carpatin Sub Jupiter Dis de diminea\u021b\u0103, Cerbul carpatin se \u00eendrept\u0103 spre copacul cel mare din P\u0103durea Fermecat\u0103. Acolo, zi de zi, scrijelea \u00een scoar\u021b\u0103 folosindu-\u0219i coarnele maiestuoase. Scrijelea despre via\u021ba p\u0103durii \u0219i despre creaturile care o populau. \u00cei pl\u0103cea s\u0103 scrie despre \u0219tirile actualit\u0103\u021bii, [&hellip;]<\/p>\n","protected":false},"author":1,"featured_media":792453,"comment_status":"open","ping_status":"","sticky":false,"template":"","format":"standard","meta":{"footnotes":""},"categories":[89],"tags":[95],"class_list":["post-792452","post","type-post","status-publish","format-standard","has-post-thumbnail","hentry","category-romania","tag-incorectpolitic-com"],"_links":{"self":[{"href":"https:\/\/analyse.optim.biz\/index.php?rest_route=\/wp\/v2\/posts\/792452","targetHints":{"allow":["GET"]}}],"collection":[{"href":"https:\/\/analyse.optim.biz\/index.php?rest_route=\/wp\/v2\/posts"}],"about":[{"href":"https:\/\/analyse.optim.biz\/index.php?rest_route=\/wp\/v2\/types\/post"}],"author":[{"embeddable":true,"href":"https:\/\/analyse.optim.biz\/index.php?rest_route=\/wp\/v2\/users\/1"}],"replies":[{"embeddable":true,"href":"https:\/\/analyse.optim.biz\/index.php?rest_route=%2Fwp%2Fv2%2Fcomments&post=792452"}],"version-history":[{"count":0,"href":"https:\/\/analyse.optim.biz\/index.php?rest_route=\/wp\/v2\/posts\/792452\/revisions"}],"wp:featuredmedia":[{"embeddable":true,"href":"https:\/\/analyse.optim.biz\/index.php?rest_route=\/wp\/v2\/media\/792453"}],"wp:attachment":[{"href":"https:\/\/analyse.optim.biz\/index.php?rest_route=%2Fwp%2Fv2%2Fmedia&parent=792452"}],"wp:term":[{"taxonomy":"category","embeddable":true,"href":"https:\/\/analyse.optim.biz\/index.php?rest_route=%2Fwp%2Fv2%2Fcategories&post=792452"},{"taxonomy":"post_tag","embeddable":true,"href":"https:\/\/analyse.optim.biz\/index.php?rest_route=%2Fwp%2Fv2%2Ftags&post=792452"}],"curies":[{"name":"wp","href":"https:\/\/api.w.org\/{rel}","templated":true}]}}