{"id":792448,"date":"2025-07-02T09:35:22","date_gmt":"2025-07-02T06:35:22","guid":{"rendered":"https:\/\/analyse.optim.biz\/?p=792448"},"modified":"2025-07-02T09:35:22","modified_gmt":"2025-07-02T06:35:22","slug":"care-sunt-masurile-de-austeritate-nicusor-dan-a-mintit-cand-a-dat-in-scris-ca-tva-nu-va-creste-incorect-politic","status":"publish","type":"post","link":"https:\/\/analyse.optim.biz\/?p=792448","title":{"rendered":"Care Sunt M\u0103surile de Austeritate &#8211; Nicu\u0219or Dan a min\u021bit c\u00e2nd a dat \u00een scris c\u0103 TVA nu va cre\u0219te &#8211; Incorect Politic"},"content":{"rendered":"<article class=\"post-listing post-79621 post type-post status-publish format-standard has-post-thumbnail  category-actualitate category-stirea-zilei tag-care-sunt-masurile-de-austeritate-nicusor-dan-a-mintit-cand-a-dat-in-scris-ca-tva-nu-va-creste\" id=\"the-post\">\n<div class=\"post-inner\">\n<h1 class=\"name post-title entry-title\"><span>Care Sunt M\u0103surile de Austeritate \u2013 Nicu\u0219or Dan a min\u021bit c\u00e2nd a dat \u00een scris c\u0103 TVA nu va cre\u0219te<\/span><\/h1>\n<div class=\"entry\">\n<p>Margareta Prodan<strong><br \/>\nIncorect Politic<\/strong><br \/>\nIulie 2, 2025<\/p>\n<p><a href=\"https:\/\/www.incorectpolitic.com\/care-sunt-masurile-de-austeritate-nicusor-dan-a-mintit-cand-a-dat-in-scris-ca-tva-nu-va-creste\/promisiune2\/\" rel=\"attachment wp-att-79623\"><br \/><img loading=\"lazy\" decoding=\"async\" class=\"size-large wp-image-79623 aligncenter\" src=\"https:\/\/analyse.optim.biz\/wp-content\/uploads\/2025\/12\/promisiune2-1.jpg\" width=\"618\" height=\"326\" title=\"promisiune2-1\"><\/a><\/p>\n<h2><strong>Care Sunt M\u0103surile de Austeritate \u2013 Nicu\u0219or Dan a min\u021bit c\u00e2nd a dat \u00een scris c\u0103 TVA nu va cre\u0219te<\/strong><\/h2>\n<p>Liderii coali\u021biei de guvernare se vor \u00eent\u00e2lni, miercuri, \u00eentr-o \u0219edin\u021b\u0103 \u00een care vor discuta m\u0103surile din OUG-ul \u201dausterit\u0103\u021bii\u201d. Publica\u021bia STIRIPESURSE.RO a prezentat o ciorn\u0103 a acestei OUG \u0219i pachetul de 23 de m\u0103suri care ar putea fi anun\u021bate \u00een urm\u0103toarele ore. Vor \u00eenghe\u021ba pensiile, salariile \u0219i drepturile sociale, va cre\u0219te cota general\u0103 de TVA de la 19% la 21%, se impune plata CASS la pensiile de peste 3000 de lei. De asemenea, va cre\u0219te acciza la alcool, combustibil, tutun, va cre\u0219te pre\u021bul rovinietei, dar va cre\u0219te \u0219i impozitul pe profiturile b\u0103ncilor de la 2% la 4%.<\/p>\n<p>Se pare c\u0103 nu s-a \u021binut de promisiune Nicu\u0219or Dan atunci c\u00e2nd a semnat pe o foaie \u00een studioul Antena 3 c\u0103 nu va cre\u0219te TVA-ul. Sunt chiar \u0219ocat, cine ar fi crezut c\u0103 Nicu\u0219or Dan nu se va \u021bine de cuv\u00e2nt?<\/p>\n<p><a href=\"https:\/\/www.incorectpolitic.com\/care-sunt-masurile-de-austeritate-nicusor-dan-a-mintit-cand-a-dat-in-scris-ca-tva-nu-va-creste\/promisiune1\/\" rel=\"attachment wp-att-79622\"><img loading=\"lazy\" decoding=\"async\" class=\"size-full wp-image-79622 aligncenter lazyload\" src=\"https:\/\/analyse.optim.biz\/wp-content\/uploads\/2025\/12\/promisiune1.jpg\" width=\"1200\" height=\"675\" title=\"promisiune1\"><\/a><\/p>\n<p><img loading=\"lazy\" decoding=\"async\" class=\"size-full wp-image-79622 aligncenter\" src=\"https:\/\/analyse.optim.biz\/wp-content\/uploads\/2025\/12\/promisiune1.jpg\" width=\"1200\" height=\"675\" data-eio=\"l\" title=\"promisiune1\">Ce conteaz\u0103 o minciun\u0103 \u00een plus? V-am prostit, fraierilor. A\u021bi crezut c\u0103 vin ru\u0219ii, c\u0103 ne scoate Simion din U.E. \u0219i c\u0103 dac\u0103 nu m\u0103 vota\u021bi se va destabiliza economia. Acuma regreta\u021bi c\u0103 au crescut taxele. V-o merita\u021bi cu v\u00e2rf \u0219i \u00eendesat, va fi mai r\u0103u dec\u00e2t v\u0103 pute\u021bi \u00eenchipui, iar voi ve\u021bi aplauda ca focile pentru c\u0103 alternativa ar fi s\u0103 recunoa\u0219te\u021bi c\u0103 a\u021bi fost pro\u0219ti.<\/p>\n<h1><strong>M\u0103surile de austeritate\u00a0<\/strong><\/h1>\n<h3><strong>1. Cre\u0219terea cotei standard de TVA de la 19% la 21%.<\/strong><\/h3>\n<h3><strong>2 Cre\u0219terea cotei reduse de TVA de la 9% la 11% (alimente, medicamente, ap\u0103, pesticide etc.<\/strong><\/h3>\n<p>Cre\u0219terea cotei de TVA de la 9% la 11% se aplic\u0103 pentru: Livrarea de medicamente de uz uman \u0219i veterinar; Livrarea de bunuri precum alimente, inclusiv b\u0103uturi, destinate consumului uman \u0219i animal; Livrarea apei pentru iriga\u021bii \u00een agricultur\u0103; Livrarea de \u00eengr\u0103\u0219\u0103minte \u0219i pesticide chimice; Servicii de alimentare cu ap\u0103 \u0219i de canalizare<\/p>\n<h3><strong>3 Cre\u0219terea cotei reduse de TVA de la 5% la 11% (c\u0103r\u021bi, cultur\u0103, energie, lemne de foc)<\/strong><\/h3>\n<p>Cre\u0219terea cotei de TVA de la 5% la 11% se aplic\u0103 pentru: Livrarea de energie termic\u0103 \u00een sezonul rece, pentru anumite categorii de consumatori; Livrarea de lemne de foc c\u0103tre persoane fizice \u0219i juridice, sub form\u0103 de trunchiuri, butuci, crengi, vreascuri sau forme similare; Servicii care permit accesul la castele, muzee, case memoriale, monumente istorice, monumente de arhitectur\u0103 \u0219i arheologice, gr\u0103dini zoologice \u0219i botanice; Livrarea de manuale \u0219colare, c\u0103r\u021bi, ziare \u0219i reviste, \u00een format fizic \u0219i\/sau electronic, cu excep\u021bia celor care con\u021bin \u00een totalitate sau \u00een principal con\u021binut video sau muzical audio, sau a celor destinate exclusiv sau \u00een principal publicit\u0103\u021bii.<\/p>\n<h3><strong>4 Cre\u0219terea cotelor reduse de TVA r\u0103mase la 21%<\/strong><\/h3>\n<p>Cre\u0219terea cotei de TVA de la 9% la 21% se aplic\u0103 pentru: Servicii de cazare \u00een sectorul hotelier sau sectoare similare, inclusiv \u00eenchirierea terenurilor amenajate pentru camping; Servicii de restaurant \u0219i de catering, cu excep\u021bia b\u0103uturilor alcoolice \u0219i a b\u0103uturilor nealcoolice care se \u00eencadreaz\u0103 la codul NC 2202; Livrarea de locuin\u021be ca parte a politicii sociale, inclusiv a terenului pe care sunt construite; Livrarea \u0219i instalarea de panouri fotovoltaice, panouri solare termice, pompe de c\u0103ldur\u0103 \u0219i alte sisteme de \u00eenc\u0103lzire de \u00eenalt\u0103 eficien\u021b\u0103; Servicii care permit accesul la t\u00e2rguri; Servicii care permit accesul la evenimente sportive.<\/p>\n<h3><strong>5 Cre\u0219terea accizelor (carburan\u021bi, alcool, tutun, zah\u0103r etc.)<\/strong><\/h3>\n<p>Cre\u0219terea accizelor specifice \u0219i ad valorem pentru produsele accizabile selectate, a\u0219a cum sunt definite \u00een Titlul VIII \u2013 Accize din Legea nr. 227\/2015 privind Codul fiscal. M\u0103sura se aplic\u0103 urm\u0103toarelor categorii: Produse energetice \u0219i electricitate; Alcool \u0219i b\u0103uturi alcoolice; Tutun prelucrat; Produse cu con\u021binut ridicat de zah\u0103r.<\/p>\n<h3><strong>6 Contribu\u021bii de asigur\u0103ri de s\u0103n\u0103tate (CASS) pentru pensiile de peste 3.000 RON<\/strong><\/h3>\n<p>\u00cencep\u00e2nd cu 1 august 2025, se va introduce o contribu\u021bie de asigur\u0103ri de s\u0103n\u0103tate (CASS) pentru toate categoriile de pensionari, aplicabil\u0103 doar p\u0103r\u021bii din pensie care dep\u0103\u0219e\u0219te 3.000 RON pe lun\u0103.<\/p>\n<h3><strong>7 Impozit suplimentar pe sectorul bancar<\/strong><\/h3>\n<p>Modificarea Legii nr. 227\/2015 privind Codul Fiscal, prin majorarea cotei impozitului suplimentar pe sectorul bancar de la 2% la 4% din cifra de afaceri.<\/p>\n<h3><strong>8 Impozit suplimentar pe jocurile de noroc<\/strong><\/h3>\n<p>\u00cencep\u00e2nd cu 2025, se propun m\u0103suri fiscale pentru operatorii de jocuri de noroc, inclusiv majorarea taxei de autorizare pentru jocurile de noroc online (de la 21% la 25%), pentru aparatele de tip \u201cslot machine\u201d (de la 5.300 EUR la 5.800 EUR\/an), a taxei pe viciu pentru sloturi (de la 500 EUR la 1.000 EUR), a taxei de autorizare pentru pariuri \u00een cot\u0103 fix\u0103 (de la 21% la 23%) \u0219i a cotei pentru aparatele VLT operate de Loteria Na\u021bional\u0103 (de la 4,5% la 12%).<\/p>\n<h3><strong>9 Reducerea sporurilor (ex. condi\u021bii v\u0103t\u0103m\u0103toare, fonduri UE, stimulente)<\/strong><\/h3>\n<p>Reducerea plafonului sporului pentru condi\u021bii periculoase de la 1.500 RON la 300 RON\/lun\u0103, \u00eencep\u00e2nd cu a doua jum\u0103tate a anului 2025. Reducerea sporului pentru fonduri europene de la 50% la 35% din salariul de baz\u0103 \u0219i plafonarea altor stimulente la maximum 30% din salariul de baz\u0103.<\/p>\n<h3><strong>10 M\u0103suri \u00een educa\u021bie (burse, consolidare elevi, norm\u0103 didactic\u0103 m\u0103rit\u0103)<\/strong><\/h3>\n<p>\u00cencep\u00e2nd cu anul \u0219colar 2025-2026, se vor implementa urm\u0103toarele m\u0103suri: ajustarea normei didactice printr-o cre\u0219tere medie de 10%; restructurarea programului de burse pentru studen\u021bi, revenind la criteriile \u0219i nivelurile din anul \u0219colar 2022-2023 (cu excep\u021bia burselor sociale); cre\u0219terea num\u0103rului mediu de elevi pe clas\u0103.<\/p>\n<h3><strong>11 M\u0103suri CNAS (co-asigura\u021bi, concedii medicale)<\/strong><\/h3>\n<p>Se propune introducerea contribu\u021biei obligatorii de asigur\u0103ri de s\u0103n\u0103tate pentru persoanele co-asigurate \u0219i ajustarea procentelor de compensare pentru concediile medicale \u00een func\u021bie de durata acestora (55% pentru p\u00e2n\u0103 la 7 zile, 65% pentru 8-14 zile, 75% pentru peste 15 zile).<\/p>\n<h3><strong>12 M\u0103suri de eficientizare pentru autorit\u0103\u021bile publice locale<\/strong><\/h3>\n<p>Se propun reforme structurale pentru autorit\u0103\u021bile publice locale, inclusiv: reducerea normativelor de personal \u00een func\u021bie de popula\u021bie, actualizarea formulei de egalizare bugetar\u0103 pentru a \u00eencuraja colectarea veniturilor proprii, introducerea de condi\u021bionalit\u0103\u021bi bazate pe performan\u021b\u0103 (ex. legarea transferurilor de rata de colectare a taxelor locale \u0219i cofinan\u021barea obligatorie a investi\u021biilor na\u021bionale).<\/p>\n<h3><strong>13 Reforma companiilor de stat (subven\u021bii, contracte comerciale)<\/strong><\/h3>\n<p>M\u0103surile includ: reducerea treptat\u0103 a subven\u021biilor bugetare, \u00een special pentru companiile cu pierderi; reducerea cheltuielilor opera\u021bionale ineficiente prin restructurarea activit\u0103\u021bilor neprofitabile; continuarea profesionaliz\u0103rii guvernan\u021bei corporative; transparen\u021b\u0103 sporit\u0103 a opera\u021biunilor comerciale \u0219i maximizarea profiturilor \u0219i a dividendelor pl\u0103tite la bugetul de stat.<\/p>\n<h3><strong>14 Reforma institu\u021biilor publice autofinan\u021bate<\/strong><\/h3>\n<p>Se propun m\u0103suri pentru a spori disciplina fiscal\u0103, inclusiv: o supraveghere bugetar\u0103 mai strict\u0103; ra\u021bionalizarea \u0219i reducerea cheltuielilor opera\u021bionale curente; reorganizarea \u0219i regionalizarea structurilor teritoriale; reducerea personalului TESA \u0219i externalizarea func\u021biilor de suport; restric\u021bii privind cre\u0219terile salariale \u00een institu\u021biile cu niveluri salariale nejustificat de mari.<\/p>\n<h3><strong>15 Reducerea investi\u021biilor publice (transfer \u00eemprumut PNRR c\u0103tre grant, dezafect\u0103ri \u00eemprumuturi PNRR, prioritizare programe na\u021bionale)<\/strong><\/h3>\n<p>Se propun m\u0103suri precum: transferul proiectelor de investi\u021bii eligibile din PNRR de la componenta de \u00eemprumut la cea de grant; finalizarea revizuirii componentei de \u00eemprumut a PNRR; restructurarea programelor na\u021bionale de investi\u021bii; introducerea cofinan\u021b\u0103rii obligatorii de c\u0103tre autorit\u0103\u021bile publice locale; \u0219i actualizarea cadrului legal pentru evaluarea \u0219i selec\u021bia investi\u021biilor.<\/p>\n<h3><strong>16 Impozit pe dividende (16%)<\/strong><\/h3>\n<p>Cota de impozitare a veniturilor din dividende va fi majorat\u0103 de la nivelul actual de 10% la 16%. Noua cot\u0103 se aplic\u0103 tuturor pl\u0103titorilor de dividende, indiferent dac\u0103 sunt persoane fizice sau juridice, rezidente sau nerezidente.<\/p>\n<h3><strong>17 Impozit pe proprietate bazat pe valoarea de pia\u021b\u0103<\/strong><\/h3>\n<p>\u00cencep\u00e2nd cu 2026, impozitarea propriet\u0103\u021bilor pentru persoanele fizice se va baza pe valoarea de pia\u021b\u0103 a activelor imobiliare. Se preconizeaz\u0103 c\u0103 reforma va duce la o dublare a veniturilor din impozitul pe proprietate de la persoane fizice.<\/p>\n<h3><strong>18 Impozitare de mediu \u2013 reform\u0103 PNRR<\/strong><\/h3>\n<p>Guvernul va implementa o reform\u0103 a fiscalit\u0103\u021bii verzi \u00een sectorul transporturilor. M\u0103sura cheie const\u0103 \u00een introducerea TollRo, un nou sistem electronic de taxare care va \u00eenlocui actuala roviniet\u0103 pentru vehiculele de transport marf\u0103 cu o mas\u0103 maxim\u0103 autorizat\u0103 de peste 3,5 tone.<\/p>\n<h3><strong>19 Cre\u0219terea rovinietei la 50 EUR de la 28 EUR<\/strong><\/h3>\n<p>Rom\u00e2nia va majora taxa anual\u0103 pentru vigneta (rovinieta) pentru autoturisme de la nivelul actual de 28 \u20ac\/an la 50 \u20ac\/an.<\/p>\n<h3><strong>20 Redeven\u021be \u0219i monetizarea activelor statului<\/strong><\/h3>\n<p>Redeven\u021bele vor fi revizuite \u0219i actualizate, \u00een special la expirarea contractelor actuale, pe baza indicelui de infla\u021bie. \u00cen plus, se vor implementa m\u0103suri pentru a spori valoarea activelor de\u021binute de stat.<\/p>\n<h3><strong>21 \u00cenghe\u021barea salariilor publice \u0219i a presta\u021biilor sociale<\/strong><\/h3>\n<p>Se va aplica o \u00eenghe\u021bare general\u0103 a salariilor \u00een \u00eentregul sector al administra\u021biei publice. Simultan, se va aplica o \u00eenghe\u021bare a tuturor drepturilor de asisten\u021b\u0103 social\u0103, inclusiv a tuturor categoriilor de pensii publice (at\u00e2t contributive, c\u00e2t \u0219i necontributive), indemniza\u021bii \u0219i alte beneficii sociale, care vor r\u0103m\u00e2ne la nivelurile de plat\u0103 din anul 2025.<\/p>\n<h3><strong>22. Reforma administra\u021biei centrale (reorganizarea ministerelor \u0219i a serviciilor deconcentrate)<\/strong><\/h3>\n<p>Se ini\u021biaz\u0103 procesul de reorganizare a ministerelor, a institu\u021biilor subordonate \u0219i a structurilor descentralizate. Reorganizarea va include consolidarea entit\u0103\u021bilor cu responsabilit\u0103\u021bi similare, regionalizarea func\u021biilor administrative \u0219i reducerea num\u0103rului de organisme descentralizate.<\/p>\n<h3><strong>23 Reducerea pragului pentru voucherele de vacan\u021b\u0103<\/strong><\/h3>\n<p>Se propune o restructurare a politicii privind voucherele de vacan\u021b\u0103, acestea urm\u00e2nd a fi acordate exclusiv angaja\u021bilor din sectorul public cu venituri lunare brute de p\u00e2n\u0103 la 6.000 RON. Utilizarea voucherelor va fi restric\u021bionat\u0103 la perioada de extrasezon (\u00een afara intervalului iunie-august).<\/p>\n<p><em>*Momentan aceste m\u0103suri sunt considerate \u201cciorn\u0103\u201d sau \u201cdraft\u201d, vom vedea pe la finalul zilei dac\u0103 toate r\u0103m\u00e2n a\u0219a cum sunt aici sau se supun modific\u0103rilor.<\/em><\/p>\n<\/div>\n<div class=\"share-post\"><span class=\"share-text\">Share<\/span><\/p>\n<ul class=\"flat-social\">\n<li><a href=\"http:\/\/www.facebook.com\/sharer.php?u=https:\/\/www.incorectpolitic.com\/?p=79621\" class=\"social-facebook\" rel=\"external\" target=\"_blank\"><span>Facebook<\/span><\/a><\/li>\n<li><a href=\"https:\/\/twitter.com\/intent\/tweet?text=Care+Sunt+M%C4%83surile+de+Austeritate+%E2%80%93+Nicu%C8%99or+Dan+a+min%C8%9Bit+c%C3%A2nd+a+dat+%C3%AEn+scris+c%C4%83+TVA+nu+va+cre%C8%99te&amp;url=https:\/\/www.incorectpolitic.com\/?p=79621\" class=\"social-twitter\" rel=\"external\" target=\"_blank\"><span>Twitter<\/span><\/a><\/li>\n<li><a href=\"http:\/\/pinterest.com\/pin\/create\/button\/?url=https:\/\/www.incorectpolitic.com\/?p=79621&amp;description=Care+Sunt+M%C4%83surile+de+Austeritate+%E2%80%93+Nicu%C8%99or+Dan+a+min%C8%9Bit+c%C3%A2nd+a+dat+%C3%AEn+scris+c%C4%83+TVA+nu+va+cre%C8%99te&amp;media=https:\/\/analyse.optim.biz\/wp-content\/uploads\/2025\/12\/promisiune2-1.jpg\" class=\"social-pinterest\" rel=\"external\" target=\"_blank\"><span>Pinterest<\/span><\/a><\/li>\n<\/ul>\n<\/div>\n<\/div>\n<\/article>\n<p> Source URL: https:\/\/www.incorectpolitic.com\/care-sunt-masurile-de-austeritate-nicusor-dan-a-mintit-cand-a-dat-in-scris-ca-tva-nu-va-creste\/<\/p>\n","protected":false},"excerpt":{"rendered":"<p>Care Sunt M\u0103surile de Austeritate \u2013 Nicu\u0219or Dan a min\u021bit c\u00e2nd a dat \u00een scris c\u0103 TVA nu va cre\u0219te Margareta Prodan Incorect Politic Iulie 2, 2025 Care Sunt M\u0103surile de Austeritate \u2013 Nicu\u0219or Dan a min\u021bit c\u00e2nd a dat \u00een scris c\u0103 TVA nu va cre\u0219te Liderii coali\u021biei de guvernare se vor \u00eent\u00e2lni, miercuri, [&hellip;]<\/p>\n","protected":false},"author":1,"featured_media":792449,"comment_status":"open","ping_status":"","sticky":false,"template":"","format":"standard","meta":{"footnotes":""},"categories":[89],"tags":[95],"class_list":["post-792448","post","type-post","status-publish","format-standard","has-post-thumbnail","hentry","category-romania","tag-incorectpolitic-com"],"_links":{"self":[{"href":"https:\/\/analyse.optim.biz\/index.php?rest_route=\/wp\/v2\/posts\/792448","targetHints":{"allow":["GET"]}}],"collection":[{"href":"https:\/\/analyse.optim.biz\/index.php?rest_route=\/wp\/v2\/posts"}],"about":[{"href":"https:\/\/analyse.optim.biz\/index.php?rest_route=\/wp\/v2\/types\/post"}],"author":[{"embeddable":true,"href":"https:\/\/analyse.optim.biz\/index.php?rest_route=\/wp\/v2\/users\/1"}],"replies":[{"embeddable":true,"href":"https:\/\/analyse.optim.biz\/index.php?rest_route=%2Fwp%2Fv2%2Fcomments&post=792448"}],"version-history":[{"count":0,"href":"https:\/\/analyse.optim.biz\/index.php?rest_route=\/wp\/v2\/posts\/792448\/revisions"}],"wp:featuredmedia":[{"embeddable":true,"href":"https:\/\/analyse.optim.biz\/index.php?rest_route=\/wp\/v2\/media\/792449"}],"wp:attachment":[{"href":"https:\/\/analyse.optim.biz\/index.php?rest_route=%2Fwp%2Fv2%2Fmedia&parent=792448"}],"wp:term":[{"taxonomy":"category","embeddable":true,"href":"https:\/\/analyse.optim.biz\/index.php?rest_route=%2Fwp%2Fv2%2Fcategories&post=792448"},{"taxonomy":"post_tag","embeddable":true,"href":"https:\/\/analyse.optim.biz\/index.php?rest_route=%2Fwp%2Fv2%2Ftags&post=792448"}],"curies":[{"name":"wp","href":"https:\/\/api.w.org\/{rel}","templated":true}]}}