{"id":792442,"date":"2025-07-12T07:20:02","date_gmt":"2025-07-12T04:20:02","guid":{"rendered":"https:\/\/analyse.optim.biz\/?p=792442"},"modified":"2025-07-12T07:20:02","modified_gmt":"2025-07-12T04:20:02","slug":"cripto-fascistul-nicusor-dan-si-capcana-perfecta-incorect-politic","status":"publish","type":"post","link":"https:\/\/analyse.optim.biz\/?p=792442","title":{"rendered":"Cripto-Fascistul Nicu\u0219or Dan \u0219i Capcana Perfect\u0103 &#8211; Incorect Politic"},"content":{"rendered":"<article class=\"post-listing post-79660 post type-post status-publish format-standard has-post-thumbnail  category-actualitate category-stirea-zilei tag-capcana-perfecta tag-cripto-fascistul-nicusor-dan-si-capcana-perfecta tag-cripto-legionar-nicusor-dan tag-nicusor-dan-homosexuali tag-nicusor-dan-incorect-politic tag-nicusor-dan-legea-vexler tag-nicusor-dan-nationalism\" id=\"the-post\">\n<div class=\"post-inner\">\n<h1 class=\"name post-title entry-title\"><span>Cripto-Fascistul Nicu\u0219or Dan \u0219i Capcana Perfect\u0103<\/span><\/h1>\n<div class=\"entry\">\n<p>Margareta Prodan<br \/><strong>Incorect Politic<\/strong><br \/>\nIulie 12, 2025<\/p>\n<p><a href=\"https:\/\/analyse.optim.biz\/wp-content\/uploads\/2025\/12\/nicusor-dan-era-al-nostru.jpg\" rel=\"attachment wp-att-79662\"><img loading=\"lazy\" decoding=\"async\" class=\"aligncenter wp-image-79662 size-full\" src=\"https:\/\/analyse.optim.biz\/wp-content\/uploads\/2025\/12\/nicusor-dan-era-al-nostru.jpg\" alt=\"Cripto-Fascistul Nicu\u0219or Dan \u0219i Capcana Perfect\u0103\" width=\"737\" height=\"679\" title=\"nicusor-dan-era-al-nostru\"><\/a><\/p>\n<h1><strong>Cripto-Fascistul Nicu\u0219or Dan \u0219i Capcana Perfect\u0103<\/strong><\/h1>\n<p>Ca reac\u021bie la decizia lui Nicu\u0219or Dan de a trimite legea la CCR, tot felul de antirom\u00e2ni alogeni ca Tism\u0103neanu au \u00eenceput s\u0103 fumege de ciud\u0103. E adev\u0103rat c\u0103 nu s-a a\u0219teptat nimeni la aceast\u0103 decizie. Iat\u0103 un link arhivat de pe Gay4Media cu reac\u021bia frustratului Tism\u0103neanu: <a href=\"https:\/\/archive.is\/yAaB0\">https:\/\/archive.is\/yAaB0<\/a><\/p>\n<p><a href=\"https:\/\/www.incorectpolitic.com\/avocatul-mihai-rapcea-lanseaza-atacuri-furibunde-la-adresa-lui-silviu-vexler\/tismaneanu\/\" rel=\"attachment wp-att-79656\"><img loading=\"lazy\" decoding=\"async\" class=\"size-full wp-image-79656 aligncenter lazyload\" src=\"https:\/\/analyse.optim.biz\/wp-content\/uploads\/2025\/12\/tismaneanu.jpg\" width=\"639\" height=\"708\" title=\"tismaneanu\"><\/a><\/p>\n<p><img loading=\"lazy\" decoding=\"async\" class=\"size-full wp-image-79656 aligncenter\" src=\"https:\/\/analyse.optim.biz\/wp-content\/uploads\/2025\/12\/tismaneanu.jpg\" width=\"639\" height=\"708\" data-eio=\"l\" title=\"tismaneanu\"><\/p>\n<p>Totodat\u0103, Silviu Vexler a anun\u021bat c\u0103 \u00ee\u0219i returneaz\u0103 decora\u021bia primit\u0103 de pre\u0219eden\u021bia Rom\u00e2niei. Bine face, n-o merita oricum.<\/p>\n<p><a href=\"https:\/\/www.incorectpolitic.com\/avocatul-mihai-rapcea-lanseaza-atacuri-furibunde-la-adresa-lui-silviu-vexler\/vexler-prost\/\" rel=\"attachment wp-att-79655\"><img loading=\"lazy\" decoding=\"async\" class=\"size-full wp-image-79655 aligncenter lazyload\" src=\"https:\/\/analyse.optim.biz\/wp-content\/uploads\/2025\/12\/vexler-prost.jpg\" width=\"706\" height=\"1277\" title=\"vexler-prost\"><\/a><\/p>\n<p><img loading=\"lazy\" decoding=\"async\" class=\"size-full wp-image-79655 aligncenter\" src=\"https:\/\/analyse.optim.biz\/wp-content\/uploads\/2025\/12\/vexler-prost.jpg\" width=\"706\" height=\"1277\" data-eio=\"l\" title=\"vexler-prost\"><\/p>\n<h2><strong>Capcana Perfect\u0103<\/strong><\/h2>\n<p>Au c\u0103zut cu to\u021bii \u00een plas\u0103. Planul a fost executat perfect. De la studen\u021bi antifasci\u0219ti la intelectuali globali\u0219ti, de la prezentatori de \u0219tiri la profesori ideologiza\u021bi, cu to\u021bii au crezut c\u0103 aleg un bleg care va urma directivele impuse de str\u0103ini, ca \u0219i p\u00e2n\u0103 acum, un Iohannis doi. Cu toate c\u0103 semnele erau \u00een fa\u021ba lor, ace\u0219tia le-au ignorat. Au fost orbi\u021bi de panica auto-indus\u0103 cu privire la ru\u0219i, la \u201cextremi\u0219tii\u201d C\u0103lin Georgescu \u0219i la George Simion. Nu \u0219i-au dat seama ce voteaz\u0103, iar acum este prea t\u00e2rziu. Dragi tefeli\u0219ti, a\u021bi fost p\u0103c\u0103li\u021bi \u0219i acum sunte\u021bi at\u00e2t de n\u0103uci\u021bi, at\u00e2t de demoraliza\u021bi c\u0103 nici s\u0103 protesta\u021bi nu mai pute\u021bi.<\/p>\n<p>Nicu\u0219or Dan a scris articole despre na\u021bionalism \u0219i \u00eempotriva poponarilor prin anii \u201990, Nicu\u0219or a votat DA la referendumul pentru familie. A f\u0103cut salutul de la balcon. Toate semnele erau \u00een fa\u021ba voastr\u0103. \u0218i sub masca unui aparent centrism inocent, Nicu\u0219or Dan a a\u0219teptat r\u0103bd\u0103tor s\u0103 preia puterea. Leg\u0103turile sale cu Grupul Carpatin F\u0103gar\u0103\u0219ean au fost \u021binute \u00een secret, iar ast\u0103zi un cripto-legionar conduce Rom\u00e2nia. A\u0219teptarea lung\u0103 p\u00e2n\u0103 la instalarea guvernului Bolojan \u0219i validarea coali\u021biei PSD-PNL-USR-UDMR-minorit\u0103\u021bi a avut ca scop erodarea \u00eencrederii populare \u00een aceste partide. PSD \u00een sondaje este acum sub 10%. Master-Planul lui Nicu\u0219or Dan merge \u00eenainte: Pr\u0103bu\u0219irea coali\u021biei de guvernare prin \u00eencurajarea m\u0103surilor de austeritate, apoi declan\u0219area alegerilor anticipate, \u00een urma c\u0103rora s\u0103 avem o majoritate suveranist\u0103 de peste 60% \u0219i consecin\u021ba direct\u0103 s\u0103 fie desfiin\u021barea partidelor care au distrus Rom\u00e2nia timp de 35 de ani.<\/p>\n<p><a href=\"https:\/\/www.incorectpolitic.com\/avocatul-mihai-rapcea-lanseaza-atacuri-furibunde-la-adresa-lui-silviu-vexler\/tlc-nicusoare\/\" rel=\"attachment wp-att-79657\"><img loading=\"lazy\" decoding=\"async\" class=\"aligncenter wp-image-79657 size-full lazyload\" src=\"https:\/\/analyse.optim.biz\/wp-content\/uploads\/2025\/12\/tlc-nicusoare-1.jpg\" alt=\"Cripto-Fascistul Nicu\u0219or Dan \u0219i Capcana Perfect\u0103\" width=\"906\" height=\"587\" title=\"tlc-nicusoare-1\"><\/a><\/p>\n<p><img loading=\"lazy\" decoding=\"async\" class=\"aligncenter wp-image-79657 size-full\" src=\"https:\/\/analyse.optim.biz\/wp-content\/uploads\/2025\/12\/tlc-nicusoare-1.jpg\" alt=\"Cripto-Fascistul Nicu\u0219or Dan \u0219i Capcana Perfect\u0103\" width=\"906\" height=\"587\" data-eio=\"l\" title=\"tlc-nicusoare-1\"><\/div>\n<div class=\"share-post\"><span class=\"share-text\">Share<\/span><\/p>\n<ul class=\"flat-social\">\n<li><a href=\"http:\/\/www.facebook.com\/sharer.php?u=https:\/\/www.incorectpolitic.com\/?p=79660\" class=\"social-facebook\" rel=\"external\" target=\"_blank\"><span>Facebook<\/span><\/a><\/li>\n<li><a href=\"https:\/\/twitter.com\/intent\/tweet?text=Cripto-Fascistul+Nicu%C8%99or+Dan+%C8%99i+Capcana+Perfect%C4%83&amp;url=https:\/\/www.incorectpolitic.com\/?p=79660\" class=\"social-twitter\" rel=\"external\" target=\"_blank\"><span>Twitter<\/span><\/a><\/li>\n<li><a href=\"http:\/\/pinterest.com\/pin\/create\/button\/?url=https:\/\/www.incorectpolitic.com\/?p=79660&amp;description=Cripto-Fascistul+Nicu%C8%99or+Dan+%C8%99i+Capcana+Perfect%C4%83&amp;media=https:\/\/analyse.optim.biz\/wp-content\/uploads\/2025\/12\/tlc-nicusoare-1.jpg\" class=\"social-pinterest\" rel=\"external\" target=\"_blank\"><span>Pinterest<\/span><\/a><\/li>\n<\/ul>\n<\/div>\n<\/div>\n<\/article>\n<p> Source URL: https:\/\/www.incorectpolitic.com\/cripto-fascistul-nicusor-dan-si-capcana-perfecta\/<\/p>\n","protected":false},"excerpt":{"rendered":"<p>Cripto-Fascistul Nicu\u0219or Dan \u0219i Capcana Perfect\u0103 Margareta ProdanIncorect Politic Iulie 12, 2025 Cripto-Fascistul Nicu\u0219or Dan \u0219i Capcana Perfect\u0103 Ca reac\u021bie la decizia lui Nicu\u0219or Dan de a trimite legea la CCR, tot felul de antirom\u00e2ni alogeni ca Tism\u0103neanu au \u00eenceput s\u0103 fumege de ciud\u0103. E adev\u0103rat c\u0103 nu s-a a\u0219teptat nimeni la aceast\u0103 decizie. Iat\u0103 [&hellip;]<\/p>\n","protected":false},"author":1,"featured_media":792443,"comment_status":"open","ping_status":"","sticky":false,"template":"","format":"standard","meta":{"footnotes":""},"categories":[89],"tags":[95],"class_list":["post-792442","post","type-post","status-publish","format-standard","has-post-thumbnail","hentry","category-romania","tag-incorectpolitic-com"],"_links":{"self":[{"href":"https:\/\/analyse.optim.biz\/index.php?rest_route=\/wp\/v2\/posts\/792442","targetHints":{"allow":["GET"]}}],"collection":[{"href":"https:\/\/analyse.optim.biz\/index.php?rest_route=\/wp\/v2\/posts"}],"about":[{"href":"https:\/\/analyse.optim.biz\/index.php?rest_route=\/wp\/v2\/types\/post"}],"author":[{"embeddable":true,"href":"https:\/\/analyse.optim.biz\/index.php?rest_route=\/wp\/v2\/users\/1"}],"replies":[{"embeddable":true,"href":"https:\/\/analyse.optim.biz\/index.php?rest_route=%2Fwp%2Fv2%2Fcomments&post=792442"}],"version-history":[{"count":0,"href":"https:\/\/analyse.optim.biz\/index.php?rest_route=\/wp\/v2\/posts\/792442\/revisions"}],"wp:featuredmedia":[{"embeddable":true,"href":"https:\/\/analyse.optim.biz\/index.php?rest_route=\/wp\/v2\/media\/792443"}],"wp:attachment":[{"href":"https:\/\/analyse.optim.biz\/index.php?rest_route=%2Fwp%2Fv2%2Fmedia&parent=792442"}],"wp:term":[{"taxonomy":"category","embeddable":true,"href":"https:\/\/analyse.optim.biz\/index.php?rest_route=%2Fwp%2Fv2%2Fcategories&post=792442"},{"taxonomy":"post_tag","embeddable":true,"href":"https:\/\/analyse.optim.biz\/index.php?rest_route=%2Fwp%2Fv2%2Ftags&post=792442"}],"curies":[{"name":"wp","href":"https:\/\/api.w.org\/{rel}","templated":true}]}}