{"id":792439,"date":"2025-07-13T18:40:09","date_gmt":"2025-07-13T15:40:09","guid":{"rendered":"https:\/\/analyse.optim.biz\/?p=792439"},"modified":"2025-07-13T18:40:09","modified_gmt":"2025-07-13T15:40:09","slug":"scrisoare-deschisa-pentru-protejarea-familiilor-parintii-care-cresc-copii-nu-trebuie-penalizati-fiscal-incorect-politic","status":"publish","type":"post","link":"https:\/\/analyse.optim.biz\/?p=792439","title":{"rendered":"SCRISOARE DESCHIS\u0102 pentru protejarea familiilor: p\u0103rin\u021bii care cresc copii nu trebuie penaliza\u021bi fiscal! &#8211; Incorect Politic"},"content":{"rendered":"<article class=\"post-listing post-79669 post type-post status-publish format-standard has-post-thumbnail  category-actualitate category-stirea-zilei tag-scrisoare-deschisa-pentru-protejarea-familiilor-parintii-care-cresc-copii-nu-trebuie-penalizati-fiscal\" id=\"the-post\">\n<div class=\"post-inner\">\n<h1 class=\"name post-title entry-title\"><span>SCRISOARE DESCHIS\u0102  pentru protejarea familiilor: p\u0103rin\u021bii care cresc copii nu trebuie penaliza\u021bi fiscal!<\/span><\/h1>\n<div class=\"entry\">\n<p><strong>Incorect Politic<\/strong><br \/>\nIulie 13, 2025<\/p>\n<p><a href=\"https:\/\/www.incorectpolitic.com\/scrisoare-deschisa-pentru-protejarea-familiilor-parintii-care-cresc-copii-nu-trebuie-penalizati-fiscal\/copii-numerosi\/\" rel=\"attachment wp-att-79672\"><img loading=\"lazy\" decoding=\"async\" class=\"aligncenter wp-image-79672 size-full\" src=\"https:\/\/analyse.optim.biz\/wp-content\/uploads\/2025\/12\/copii-numerosi-1.jpg\" alt=\"SCRISOARE DESCHIS\u0102  pentru protejarea familiilor: p\u0103rin\u021bii care cresc copii nu trebuie penaliza\u021bi fiscal!\" width=\"793\" height=\"597\" title=\"copii-numerosi-1\"><\/a><\/p>\n<h1><strong>SCRISOARE DESCHIS\u0102 pentru protejarea familiilor: p\u0103rin\u021bii care cresc copii nu trebuie penaliza\u021bi fiscal!<\/strong><\/h1>\n<p>\ud83d\udd38 Niciun p\u0103rinte nu ar trebui s\u0103-\u0219i justifice grija pentru copilul s\u0103u.<br \/>\n\ud83d\udd38 Nicio mam\u0103 sau tat\u0103 nu ar trebui s\u0103 explice de ce st\u0103 acas\u0103 cu un bebelu\u0219.<br \/>\n\ud83d\udd38 Niciun argument nu ar trebui s\u0103 fie necesar pentru a dovedi c\u0103 a cre\u0219te un copil e munc\u0103 zi \u0219i noapte.<\/p>\n<p>\u0218i totu\u0219i\u2026 am ajuns aici.<\/p>\n<p>\ud83d\uddd3 \u00cencep\u00e2nd cu 1 august 2025, dou\u0103 m\u0103suri fiscale vor lovi direct familiile cu copii:<\/p>\n<p>\u27a1\ufe0f P\u0103rin\u021bii afla\u021bi \u00een concediu de cre\u0219tere a copilului vor primi o indemniza\u021bie diminuat\u0103, din cauza impunerii contribu\u021biei de 10% la s\u0103n\u0103tate.<br \/>\n\u27a1\ufe0f So\u021bii\/so\u021biile f\u0103r\u0103 venituri, care au \u00een \u00eengrijire unul sau mai mul\u021bi copii, nu vor mai putea fi coasigura\u021bi \u2013 fiind obliga\u021bi s\u0103 pl\u0103teasc\u0103 contribu\u021bia la s\u0103n\u0103tate din fonduri proprii.<\/p>\n<p>\ud83d\udc65 Aceste m\u0103suri au fost adoptate f\u0103r\u0103 consultarea p\u0103rin\u021bilor \u0219i f\u0103r\u0103 o analiz\u0103 real\u0103 a impactului asupra familiilor. De aceea, ASFANU spune lucrurilor pe nume, printr-o scrisoare deschis\u0103 adresat\u0103 deciden\u021bilor. Cerem corectarea acestor m\u0103suri profund inechitabile, care afecteaza echilibrul social \u0219i protec\u021bia copilului.<br \/>\n\ud83d\udce2 Dac\u0103 \u0219i tu crezi c\u0103 p\u0103rin\u021bii nu trebuie penaliza\u021bi pentru c\u0103 \u00ee\u0219i cresc copiii, al\u0103tur\u0103-te demersului nostru:<br \/>\n\u2705 Distribuie.<br \/>\n\u2705 Vorbe\u0219te.<br \/>\n\u2705 F\u0103-te auzit.<br \/>\n\ud83d\udd0a E timpul ca vocea p\u0103rin\u021bilor s\u0103 conteze.<br \/>\n\ud83e\udde9 F\u0103r\u0103 p\u0103rin\u021bi sus\u021binu\u021bi, nu avem copii. F\u0103r\u0103 copii, nu avem contribuabili. F\u0103r\u0103 contribuabili, nu avem economie. F\u0103r\u0103 economie, nu avem viitor.<br \/>\n\ud83c\udfaf Este punctul zero de la care trebuie s\u0103 \u00eenceap\u0103 investi\u021bia real\u0103 \u00een familii.<br \/>\n\ud83e\udec2 \u00cempreun\u0103 ne ap\u0103r\u0103m nu doar pe noi, p\u0103rin\u021bii, ci \u0219i viitorul copiilor no\u0219tri \u0219i al \u00eentregii societ\u0103\u021bi.<\/p>\n<p>#familienumeroasa<br \/>\nhttps:\/\/www.facebook.com\/share\/1ZYvM3Uxgm\/<\/p>\n<\/div>\n<div class=\"share-post\"><span class=\"share-text\">Share<\/span><\/p>\n<ul class=\"flat-social\">\n<li><a href=\"http:\/\/www.facebook.com\/sharer.php?u=https:\/\/www.incorectpolitic.com\/?p=79669\" class=\"social-facebook\" rel=\"external\" target=\"_blank\"><span>Facebook<\/span><\/a><\/li>\n<li><a href=\"https:\/\/twitter.com\/intent\/tweet?text=SCRISOARE+DESCHIS%C4%82++pentru+protejarea+familiilor%3A+p%C4%83rin%C8%9Bii+care+cresc+copii+nu+trebuie+penaliza%C8%9Bi+fiscal%21&amp;url=https:\/\/www.incorectpolitic.com\/?p=79669\" class=\"social-twitter\" rel=\"external\" target=\"_blank\"><span>Twitter<\/span><\/a><\/li>\n<li><a href=\"http:\/\/pinterest.com\/pin\/create\/button\/?url=https:\/\/www.incorectpolitic.com\/?p=79669&amp;description=SCRISOARE+DESCHIS%C4%82++pentru+protejarea+familiilor%3A+p%C4%83rin%C8%9Bii+care+cresc+copii+nu+trebuie+penaliza%C8%9Bi+fiscal%21&amp;media=https:\/\/analyse.optim.biz\/wp-content\/uploads\/2025\/12\/copii-numerosi-1.jpg\" class=\"social-pinterest\" rel=\"external\" target=\"_blank\"><span>Pinterest<\/span><\/a><\/li>\n<\/ul>\n<\/div>\n<\/div>\n<\/article>\n<p> Source URL: https:\/\/www.incorectpolitic.com\/scrisoare-deschisa-pentru-protejarea-familiilor-parintii-care-cresc-copii-nu-trebuie-penalizati-fiscal\/<\/p>\n","protected":false},"excerpt":{"rendered":"<p>SCRISOARE DESCHIS\u0102 pentru protejarea familiilor: p\u0103rin\u021bii care cresc copii nu trebuie penaliza\u021bi fiscal! Incorect Politic Iulie 13, 2025 SCRISOARE DESCHIS\u0102 pentru protejarea familiilor: p\u0103rin\u021bii care cresc copii nu trebuie penaliza\u021bi fiscal! \ud83d\udd38 Niciun p\u0103rinte nu ar trebui s\u0103-\u0219i justifice grija pentru copilul s\u0103u. \ud83d\udd38 Nicio mam\u0103 sau tat\u0103 nu ar trebui s\u0103 explice de ce [&hellip;]<\/p>\n","protected":false},"author":1,"featured_media":792440,"comment_status":"open","ping_status":"","sticky":false,"template":"","format":"standard","meta":{"footnotes":""},"categories":[89],"tags":[95],"class_list":["post-792439","post","type-post","status-publish","format-standard","has-post-thumbnail","hentry","category-romania","tag-incorectpolitic-com"],"_links":{"self":[{"href":"https:\/\/analyse.optim.biz\/index.php?rest_route=\/wp\/v2\/posts\/792439","targetHints":{"allow":["GET"]}}],"collection":[{"href":"https:\/\/analyse.optim.biz\/index.php?rest_route=\/wp\/v2\/posts"}],"about":[{"href":"https:\/\/analyse.optim.biz\/index.php?rest_route=\/wp\/v2\/types\/post"}],"author":[{"embeddable":true,"href":"https:\/\/analyse.optim.biz\/index.php?rest_route=\/wp\/v2\/users\/1"}],"replies":[{"embeddable":true,"href":"https:\/\/analyse.optim.biz\/index.php?rest_route=%2Fwp%2Fv2%2Fcomments&post=792439"}],"version-history":[{"count":0,"href":"https:\/\/analyse.optim.biz\/index.php?rest_route=\/wp\/v2\/posts\/792439\/revisions"}],"wp:featuredmedia":[{"embeddable":true,"href":"https:\/\/analyse.optim.biz\/index.php?rest_route=\/wp\/v2\/media\/792440"}],"wp:attachment":[{"href":"https:\/\/analyse.optim.biz\/index.php?rest_route=%2Fwp%2Fv2%2Fmedia&parent=792439"}],"wp:term":[{"taxonomy":"category","embeddable":true,"href":"https:\/\/analyse.optim.biz\/index.php?rest_route=%2Fwp%2Fv2%2Fcategories&post=792439"},{"taxonomy":"post_tag","embeddable":true,"href":"https:\/\/analyse.optim.biz\/index.php?rest_route=%2Fwp%2Fv2%2Ftags&post=792439"}],"curies":[{"name":"wp","href":"https:\/\/api.w.org\/{rel}","templated":true}]}}