{"id":792435,"date":"2025-07-14T06:54:38","date_gmt":"2025-07-14T03:54:38","guid":{"rendered":"https:\/\/analyse.optim.biz\/?p=792435"},"modified":"2025-07-14T06:54:38","modified_gmt":"2025-07-14T03:54:38","slug":"eveniment-scoala-politica-nationalista-inscrieri-limitate-incorect-politic","status":"publish","type":"post","link":"https:\/\/analyse.optim.biz\/?p=792435","title":{"rendered":"EVENIMENT: \u0218coala Politic\u0103 Na\u021bionalist\u0103 &#8211; \u00censcrieri Limitate &#8211; Incorect Politic"},"content":{"rendered":"<article class=\"post-listing post-79675 post type-post status-publish format-standard has-post-thumbnail  category-actualitate category-evenimente category-stirea-zilei tag-eveniment-scoala-politica-nationalista-inscrieri-limitate tag-scoala-de-vara-sos-inscrieri tag-scoala-de-vara-sos-romania tag-scoala-politica-nationalista\" id=\"the-post\">\n<div class=\"post-inner\">\n<h1 class=\"name post-title entry-title\"><span>EVENIMENT: \u0218coala Politic\u0103 Na\u021bionalist\u0103 \u2013 \u00censcrieri Limitate<\/span><\/h1>\n<div class=\"entry\">\n<p>Margareta Prodan<strong><br \/>\nIncorect Politic<\/strong><br \/>\nIulie 14, 2025<\/p>\n<p><a href=\"https:\/\/www.incorectpolitic.com\/eveniment-scoala-politica-nationalista-inscrieri-limitate\/laculverde2\/\" rel=\"attachment wp-att-79676\"><img loading=\"lazy\" decoding=\"async\" class=\"size-full wp-image-79676 aligncenter\" src=\"https:\/\/analyse.optim.biz\/wp-content\/uploads\/2025\/12\/laculverde2-1.jpg\" width=\"899\" height=\"510\" title=\"laculverde2-1\"><\/a><em>Lacul Verde<\/em><\/p>\n<h2><strong>EVENIMENT: \u0218coala Politic\u0103 Na\u021bionalist\u0103 \u2013 \u00censcrieri Limitate<\/strong><\/h2>\n<p>Vrei s\u0103 afli istoria pe care nu \u021bi-o spun \u00een \u0219coli? Vrei s\u0103 ascul\u021bi adev\u0103rurile interzise despre teritoriile rom\u00e2ne\u0219ti furate \u0219i despre eroii ne\u0219tiu\u021bi ai neamului nostru? Atunci locul t\u0103u este la aceast\u0103 \u0219coal\u0103 politic\u0103 na\u021bionalist\u0103.<\/p>\n<p>\u00centr-o superb\u0103 loca\u021bie din jude\u021bul Prahova, la Lacul Verde, anul acesta \u00een perioada 31 iulie \u2013 5 august va avea loc \u0219coala de var\u0103 a mi\u0219carii politice S.O.S. Rom\u00e2nia, singura \u0219coal\u0103 de var\u0103 care dureaz\u0103 \u0219ase zile. Acolo vor fi invita\u021bi rom\u00e2ni din teritoriile furate de-a lungul istoriei noastre \u0219i istorici curajo\u0219i\u00a0vor ar\u0103ta cum neamul rom\u00e2nesc a fost jertfit pe altarul intereselor str\u0103ine.<\/p>\n<p>De la activi\u0219ti civici na\u021bionali\u0219ti la ambasadori \u0219i politicieni suverani\u0219ti din toat\u0103 lumea, se anun\u021b\u0103 o prezen\u021b\u0103 puternic\u0103 la aceast\u0103 edi\u021bie a \u0218colii de Var\u0103 SOS Rom\u00e2nia!<\/p>\n<p>Iat\u0103 mesajul organizatorului, pre\u0219edinta S.O.S. Rom\u00e2nia, Diana \u0218o\u0219oac\u0103:<\/p>\n<blockquote>\n<p>V\u0103 a\u0219tept\u0103m la \u0219coala de var\u0103 a mi\u0219c\u0103rii de S.O.S. Rom\u00e2nia, mi\u0219carea na\u021bionalist\u0103 \u0219i suveranist\u0103, care rena\u0219te na\u021biunea rom\u00e2n\u0103 din propria ei cenu\u0219\u0103, ca pas\u0103rea Phoenix.<\/p>\n<p>\u00cen aceast\u0103 loca\u021bie superb\u0103 \u00een jude\u021bul Prahova, la Lacul Verde, v\u0103 a\u0219tept\u0103m \u00een perioada 31 iulie \u2013 5 august, singura \u0219coal\u0103 de var\u0103 a unui partid politic, a unei mi\u0219c\u0103ri politice, care \u021bine \u0219ase zile.<\/p>\n<p>O \u0219coal\u0103 care v\u0103 va reda istoria real\u0103, m\u00e2ndria de a fi rom\u00e2n, m\u00e2ndria na\u021biunii rom\u00e2ne \u0219i rena\u0219terea na\u021bional\u0103. Cu invita\u021bi rom\u00e2ni de pretutindeni din \u021binuturile noastre furate m\u0103r\u0219av de-a lungul istoriei, rom\u00e2ni de pretutindeni \u0219i invita\u021bi de seam\u0103: ambasadori, mini\u0219tri, partide na\u021bionaliste, suveraniste, din toat\u0103 lumea.<\/p>\n<p>V\u0103 a\u0219tept\u0103m aici pentru cultur\u0103, pentru educa\u021bie, pentru o \u00eenfr\u0103\u021bire \u0219i o unitate, cu adev\u0103rat unitate na\u021bional\u0103. 31 iulie \u2013 5 august, jude\u021bul Prapova, Lacul Verde: o \u0219coal\u0103 de neuitat a mi\u0219c\u0103rii S.O.S. Rom\u00e2nia. Va a\u0219tept\u0103m!<\/p>\n<\/blockquote>\n<p class=\"ds-markdown-paragraph\">Dac\u0103 inima \u021bi-e plin\u0103 de m\u00e2ndrie rom\u00e2neasc\u0103 \u0219i vrei s\u0103 faci parte din mi\u0219carea care pune lucrurile la punct, \u00eenscrie-te acum! <strong>Locurile sunt limitate, iar lupta pentru adev\u0103r nu a\u0219teapt\u0103!<\/strong><\/p>\n<p>\u00censcrierile se fac prin e-mail la scoaladevara@sosro.co<br \/>\ninclude \u00een e-mail:<br \/>\n-nume complet<br \/>\n-num\u0103r telefon<br \/>\n-poz\u0103 C.I.<br \/>\n\u00censcrierile se fac p\u00e2n\u0103 la data de 20.07.2025<\/p>\n\n<p>Miron Manega, directorul ziarului CERTITUDINEA, a f\u0103cut \u0219i el un anun\u021b \u00een care ne spune c\u00e2teva am\u0103nunte despre cine vine \u0219i cum se va desf\u0103\u0219ura:<\/p>\n<blockquote>\n<p>Re\u021bine\u021bi: 31 Iulie \u2013 5 August, Lacul Verde, Iude\u021bul Prahova. Tr\u0103iasc\u0103 na\u021bia! Ne afl\u0103m iat\u0103 la a treia edi\u021bie a \u0218colii de Var\u0103 a mi\u0219c\u0103rii S.O.S. Rom\u00e2nia. A fost R\u00e2nca, a fost Poiana Bra\u0219ov, scoala a crescut \u00een avergur\u0103 \u0219i \u00een prestigiul \u00een timpul \u0103sta \u0219i iat\u0103 c\u0103 suntem acum \u00eentr-un spa\u021biu mult mai generos din toate punctele de vedere, inclusiv din punct de vedere al frumuse\u021bi, al esteticii. Vreau s\u0103 readuc minte c\u0103 \u0219coala de var\u0103 a mi\u0219c\u0103rii S.O.S. Rom\u00e2nia este f\u0103cut\u0103 dup\u0103 modelul universit\u0103\u021bii populare a lui Nicolae Iorga de la V\u0103leni, \u00eenfiin\u021bat\u0103 \u00een 1908.<\/p>\n<p>Aceast\u0103 \u0219coal\u0103 de var\u0103 este o \u0219coal\u0103 de rom\u00e2nism, se vor \u021bine conferin\u021be despre istoria rom\u00e2nilor, despre economie aplicat\u0103, diagnostice \u0219i solu\u021bii, geopolitic\u0103, politologie, vom vorbi despre Eminescu raccordat la zilele noastre, despre actualitatea halucinant\u0103 a lui Eminescu \u00een contemporaneitate \u0219i vor veni rom\u00e2ni de pretutinde. Din Rom\u00e2nia, din jurul Rom\u00e2niei, dar \u0219i din alte \u021b\u0103ri. Va veni din Voivodina, Nicu Ciobanu, scriitorul \u0219i jurnalistul Nicu Ciobanu, din Valea Timocului Jurgi Zavisa, presidentele Asociatiei pentru Cultura Rom\u00e2nilor \u0219i Vlahilor din Bor, Borul este o localitate \u00een Valea Timocului, va veni din Basarabia Drago\u0219 Vicol, iar din Statele Unite, Cristian Pascu, pre\u0219edentele celei mai vechi asociatii rom\u00e2ne\u0219ti din Statele Unite, de la New York, societatea filantropic\u0103 Dorul.<\/p>\n<p>A\u0219adar, v\u0103 a\u0219tept\u0103m la Lacul Verde, \u00een jude\u021bul Prahova, la cur\u021burile \u0219colii de var\u0103 a mi\u0219c\u0103rii S.O.S. Rom\u00e2nia, 31 Iulie \u2013 5 August 2025. Lacul Verde, jude\u021bul Prahova. V\u0103 a\u0219tept\u0103m!<\/p>\n<\/blockquote>\n\n<p><a href=\"https:\/\/www.incorectpolitic.com\/eveniment-scoala-politica-nationalista-inscrieri-limitate\/laculverde1\/\" rel=\"attachment wp-att-79677\"><img loading=\"lazy\" decoding=\"async\" class=\"size-large wp-image-79677 aligncenter lazyload\" src=\"https:\/\/analyse.optim.biz\/wp-content\/uploads\/2025\/12\/laculverde1.jpg\" width=\"618\" height=\"397\" title=\"laculverde1\"><\/a><\/p>\n<p><img loading=\"lazy\" decoding=\"async\" class=\"size-large wp-image-79677 aligncenter\" src=\"https:\/\/analyse.optim.biz\/wp-content\/uploads\/2025\/12\/laculverde1.jpg\" width=\"618\" height=\"397\" data-eio=\"l\" title=\"laculverde1\"><\/div>\n<div class=\"share-post\"><span class=\"share-text\">Share<\/span><\/p>\n<ul class=\"flat-social\">\n<li><a href=\"http:\/\/www.facebook.com\/sharer.php?u=https:\/\/www.incorectpolitic.com\/?p=79675\" class=\"social-facebook\" rel=\"external\" target=\"_blank\"><span>Facebook<\/span><\/a><\/li>\n<li><a href=\"https:\/\/twitter.com\/intent\/tweet?text=EVENIMENT%3A+%C8%98coala+Politic%C4%83+Na%C8%9Bionalist%C4%83+%E2%80%93+%C3%8Enscrieri+Limitate&amp;url=https:\/\/www.incorectpolitic.com\/?p=79675\" class=\"social-twitter\" rel=\"external\" target=\"_blank\"><span>Twitter<\/span><\/a><\/li>\n<li><a href=\"http:\/\/pinterest.com\/pin\/create\/button\/?url=https:\/\/www.incorectpolitic.com\/?p=79675&amp;description=EVENIMENT%3A+%C8%98coala+Politic%C4%83+Na%C8%9Bionalist%C4%83+%E2%80%93+%C3%8Enscrieri+Limitate&amp;media=https:\/\/analyse.optim.biz\/wp-content\/uploads\/2025\/12\/laculverde2-1.jpg\" class=\"social-pinterest\" rel=\"external\" target=\"_blank\"><span>Pinterest<\/span><\/a><\/li>\n<\/ul>\n<\/div>\n<\/div>\n<\/article>\n<p> Source URL: https:\/\/www.incorectpolitic.com\/eveniment-scoala-politica-nationalista-inscrieri-limitate\/<\/p>\n","protected":false},"excerpt":{"rendered":"<p>EVENIMENT: \u0218coala Politic\u0103 Na\u021bionalist\u0103 \u2013 \u00censcrieri Limitate Margareta Prodan Incorect Politic Iulie 14, 2025 Lacul Verde EVENIMENT: \u0218coala Politic\u0103 Na\u021bionalist\u0103 \u2013 \u00censcrieri Limitate Vrei s\u0103 afli istoria pe care nu \u021bi-o spun \u00een \u0219coli? Vrei s\u0103 ascul\u021bi adev\u0103rurile interzise despre teritoriile rom\u00e2ne\u0219ti furate \u0219i despre eroii ne\u0219tiu\u021bi ai neamului nostru? Atunci locul t\u0103u este la [&hellip;]<\/p>\n","protected":false},"author":1,"featured_media":792436,"comment_status":"open","ping_status":"","sticky":false,"template":"","format":"standard","meta":{"footnotes":""},"categories":[89],"tags":[95],"class_list":["post-792435","post","type-post","status-publish","format-standard","has-post-thumbnail","hentry","category-romania","tag-incorectpolitic-com"],"_links":{"self":[{"href":"https:\/\/analyse.optim.biz\/index.php?rest_route=\/wp\/v2\/posts\/792435","targetHints":{"allow":["GET"]}}],"collection":[{"href":"https:\/\/analyse.optim.biz\/index.php?rest_route=\/wp\/v2\/posts"}],"about":[{"href":"https:\/\/analyse.optim.biz\/index.php?rest_route=\/wp\/v2\/types\/post"}],"author":[{"embeddable":true,"href":"https:\/\/analyse.optim.biz\/index.php?rest_route=\/wp\/v2\/users\/1"}],"replies":[{"embeddable":true,"href":"https:\/\/analyse.optim.biz\/index.php?rest_route=%2Fwp%2Fv2%2Fcomments&post=792435"}],"version-history":[{"count":0,"href":"https:\/\/analyse.optim.biz\/index.php?rest_route=\/wp\/v2\/posts\/792435\/revisions"}],"wp:featuredmedia":[{"embeddable":true,"href":"https:\/\/analyse.optim.biz\/index.php?rest_route=\/wp\/v2\/media\/792436"}],"wp:attachment":[{"href":"https:\/\/analyse.optim.biz\/index.php?rest_route=%2Fwp%2Fv2%2Fmedia&parent=792435"}],"wp:term":[{"taxonomy":"category","embeddable":true,"href":"https:\/\/analyse.optim.biz\/index.php?rest_route=%2Fwp%2Fv2%2Fcategories&post=792435"},{"taxonomy":"post_tag","embeddable":true,"href":"https:\/\/analyse.optim.biz\/index.php?rest_route=%2Fwp%2Fv2%2Ftags&post=792435"}],"curies":[{"name":"wp","href":"https:\/\/api.w.org\/{rel}","templated":true}]}}