{"id":792195,"date":"2025-07-16T07:55:45","date_gmt":"2025-07-16T04:55:45","guid":{"rendered":"https:\/\/analyse.optim.biz\/?p=792195"},"modified":"2025-07-16T07:55:45","modified_gmt":"2025-07-16T04:55:45","slug":"presa-e-gunoi-incorect-politic","status":"publish","type":"post","link":"https:\/\/analyse.optim.biz\/?p=792195","title":{"rendered":"Presa e Gunoi &#8211; Incorect Politic"},"content":{"rendered":"<article class=\"post-listing post-79702 post type-post status-publish format-standard has-post-thumbnail  category-actualitate category-stirea-zilei tag-presa-e-gunoi tag-presa-mainstream-e-gunoi\" id=\"the-post\">\n<div class=\"post-inner\">\n<h1 class=\"name post-title entry-title\"><span>Presa e Gunoi<\/span><\/h1>\n<div class=\"entry\">\n<p><strong>Incorect Politic<\/strong><br \/>\nIulie 16, 2025<\/p>\n<p><a href=\"https:\/\/www.incorectpolitic.com\/presa-e-gunoi\/presa-4\/\" rel=\"attachment wp-att-79705\"><img loading=\"lazy\" decoding=\"async\" class=\"aligncenter wp-image-79705\" src=\"https:\/\/analyse.optim.biz\/wp-content\/uploads\/2025\/12\/presa.jpg\" width=\"378\" height=\"451\" title=\"presa\"><\/a><\/p>\n<h2><strong>Presa e Gunoi<\/strong><\/h2>\n<p><em>Via <a href=\"https:\/\/telegra.ph\/Presa-Mainstream-e-Gunoi-07-15\">Telegra.Ph:<\/a><\/em><\/p>\n<p>Nu este curios cum presa mainstream a \u00eenceput iar s\u0103 scrie despre Diana Iovanovoci-\u0218o\u0219oac\u0103, dup\u0103 ce aceasta a izbucnit \u00eempotriva lui \u0218elly, a \u201eartistului\u201d care a jignit Rom\u00e2nia \u0219i a concertului <em>Beach,Please<\/em>?<\/p>\n<p>Nu este curios cum presa scria cu av\u00e2nt despre \u201ep\u0103ruiala din tab\u0103ra suveranist\u0103\u201d atunci c\u00e2nd infiltra\u021bii declan\u0219au turbulen\u021be \u00een partid, f\u0103c\u00e2nd mare caz din faptul c\u0103 S.O.S. a r\u0103mas f\u0103r\u0103 grup la Senat, dar nu scriau despre cum europarlamentarul a cerut sanc\u021biuni pentru Israel \u00een Parlamentul European?<\/p>\n<p>Nu este curios cum presa scria despre cum s-a certat cu jandarmii care nu voiau s\u0103 o lase s\u0103 filmeze la Guvern, dar nu scria despre solu\u021biile economice propuse de S.O.S. Rom\u00e2nia pentru care se afla acolo?<\/p>\n<p>Presa mainstream pare c\u0103 urm\u0103re\u0219te s\u0103 duc\u0103 demersurile Partidului S.O.S. \u00een derizoriu \u0219i s\u0103 scrie numai despre circ p\u00e2n\u0103 c\u00e2nd circul devine prea periculos pentru ei. C\u00e2nd vorbe\u0219te despre khazarii care i-au ucis bunicul c\u00e2nd ea avea doar 16 ani, atunci presa tace. C\u00e2nd vorbe\u0219te despre \u00eenlocuirea demografic\u0103 a rom\u00e2nilor cu imigran\u021bi musulmani, cu israelieni \u0219i cu etnia rom\u0103, care are o natalitate \u00een cre\u0219tere, presa tace. C\u00e2nd cere desfiin\u021barea Institutului Levantului sau Institutului Elie Wiesel, presa tace. Presa ignor\u0103 total lucrurile cu adev\u0103rat importante, ignor\u0103 momentul c\u00e2nd se pune la \u00eendoial\u0103 beneficiile apartenen\u021bei noastre la N.A.T.O. \u0219i se discut\u0103 despre B.R.IC.S. ca \u0219i alternativ\u0103 \u00een Parlamentul European. Presa tace c\u00e2nd se cer sanc\u021biuni pentru Israel. De ce? Pentru ca aceste mesaje, aceste teme, aceste dolean\u021be populare s\u0103 nu se propage mai departe. Le este fric\u0103 de acest mesaj \u0219i au primit ordin s\u0103-l cenzureze, s\u0103 limiteze r\u0103sp\u00e2ndirea lui. Dac\u0103 au v\u0103zut c\u0103 denigrarea Dianei \u0218o\u0219oac\u0103 nu reu\u0219e\u0219te s\u0103 opreasc\u0103 avalan\u0219a de sus\u021binere pentru Partidul S.O.S. Rom\u00e2nia, atunci au emis sondaje mincinoase menite sa demobilizeze, iar acum \u00eencearc\u0103 tactica ignor\u0103rii.<\/p>\n<p><strong>Beach,Please a fost o jignire mai mare dec\u00e2t ce-a spus Diana \u0218osoac\u0103<\/strong><\/p>\n<p>\u00centr-un articol de pe Rom\u00e2niaTV, autoarea Bianca Bocioac\u0103 recunoa\u0219te c\u0103 \u201eartistul\u201d Albert NBM a \u201e avut mai multe versuri jignitoare la adresa Rom\u00e2niei\u201d, iar \u00een urm\u0103torul paragraf o atac\u0103 pe Diana \u0218o\u0219oac\u0103 pentru \u201ccuvintele jignitoare, nedemne de un politician care ne reprezint\u0103 \u021bara \u00een Parlamentul European\u201d.<\/p>\n<p>Una este cum vorbe\u0219te \u00een Parlamentul European, alta este cum vorbe\u0219te despre un golan vulgar \u0219i drogat care jigne\u0219te Rom\u00e2nia \u00een fa\u021ba a mii de copii.<\/p>\n<p>\u00cen Parlamentul European, Diana Iovanovici-\u0218o\u0219oac\u0103 vorbe\u0219te conform cu institu\u021bia pe care o reprezint\u0103, iar discursurile ei fac \u00eenconjurul lumii \u0219i sunt traduse \u00een multiple limbi, av\u00e2nd un prestigiu interna\u021bional. \u00cens\u0103 cu specimenul care mic\u021bioneaz\u0103 pe Rom\u00e2nia \u0219i \u00eencurajeaz\u0103 copiii s\u0103 se arunce de pe scen\u0103, ea a vorbit exact cum merit\u0103 s\u0103 i se vorbeasc\u0103. Cu samuraii vorbe\u0219ti ca samuraii, cu pu\u0219c\u0103ria\u0219ii vorbe\u0219ti ca pu\u0219c\u0103ria\u0219ii, fiecare s\u0103 priceap\u0103 pe limba lui. Cum ar fi trebuit ca doamna avocat s\u0103 i se adreseze lui Albert, ca unui gentilom rasat, \u00eembr\u0103cat la costum \u00eentr-o ambian\u021b\u0103 aristocratic\u0103?<\/p>\n<p><a href=\"https:\/\/www.incorectpolitic.com\/presa-e-gunoi\/aristocrat\/\" rel=\"attachment wp-att-79704\"><img loading=\"lazy\" decoding=\"async\" class=\"size-full wp-image-79704 aligncenter lazyload\" src=\"https:\/\/analyse.optim.biz\/wp-content\/uploads\/2025\/12\/aristocrat.jpg\" width=\"481\" height=\"576\" title=\"aristocrat\"><\/a><\/p>\n<p><img loading=\"lazy\" decoding=\"async\" class=\"size-full wp-image-79704 aligncenter\" src=\"https:\/\/analyse.optim.biz\/wp-content\/uploads\/2025\/12\/aristocrat.jpg\" width=\"481\" height=\"576\" data-eio=\"l\" title=\"aristocrat\"><\/p>\n<p>Sau ca unui borfa\u0219 nesim\u021bit, ie\u0219it din ghetou, plin de tatuaje, lan\u021b la g\u00e2t, ceapic\u0103 \u00eentoars\u0103 \u0219i cercei \u00een urechi?<\/p>\n<p><a href=\"https:\/\/www.incorectpolitic.com\/presa-e-gunoi\/borfas\/\" rel=\"attachment wp-att-79703\"><img loading=\"lazy\" decoding=\"async\" class=\"size-full wp-image-79703 aligncenter lazyload\" src=\"https:\/\/analyse.optim.biz\/wp-content\/uploads\/2025\/12\/borfas-1.jpg\" width=\"468\" height=\"442\" title=\"borfas-1\"><\/a><\/p>\n<p><img loading=\"lazy\" decoding=\"async\" class=\"size-full wp-image-79703 aligncenter\" src=\"https:\/\/analyse.optim.biz\/wp-content\/uploads\/2025\/12\/borfas-1.jpg\" width=\"468\" height=\"442\" data-eio=\"l\" title=\"borfas-1\"><\/p>\n<p>\u0218ocul mimat al curvelor virgine care populeaz\u0103 presa mainstream este infinit mai sc\u00e2rbos dec\u00e2t cuvintele folosite de Diana \u0218o\u0219oac\u0103 s\u0103 descrie un rebut social, care n-ar fi trebuit niciodat\u0103 s\u0103 ajung\u0103 s\u0103 fie pl\u0103tit s\u0103 denigreze o \u021bar\u0103 \u00eentreag\u0103 \u0219i s\u0103 corup\u0103 tineretul \u00een prezen\u021ba pasiv\u0103 a autorit\u0103\u021bilor.<\/p>\n<p>Europarlamentarul Diana Iovanovici-\u0218o\u0219oac\u0103 a anun\u021bat c\u0103 va redacta o pl\u00e2ngere penal\u0103 \u00eempotriva \u201cartistului\u201d \u0219i se va implica personal pentru ca acest degenerat spectacol s\u0103 nu mai aib\u0103 loc \u0219i anul viitor.<\/p>\n<\/div>\n<div class=\"share-post\"><span class=\"share-text\">Share<\/span><\/p>\n<ul class=\"flat-social\">\n<li><a href=\"http:\/\/www.facebook.com\/sharer.php?u=https:\/\/www.incorectpolitic.com\/?p=79702\" class=\"social-facebook\" rel=\"external\" target=\"_blank\"><span>Facebook<\/span><\/a><\/li>\n<li><a href=\"https:\/\/twitter.com\/intent\/tweet?text=Presa+e+Gunoi&amp;url=https:\/\/www.incorectpolitic.com\/?p=79702\" class=\"social-twitter\" rel=\"external\" target=\"_blank\"><span>Twitter<\/span><\/a><\/li>\n<li><a href=\"http:\/\/pinterest.com\/pin\/create\/button\/?url=https:\/\/www.incorectpolitic.com\/?p=79702&amp;description=Presa+e+Gunoi&amp;media=https:\/\/analyse.optim.biz\/wp-content\/uploads\/2025\/12\/borfas-1.jpg\" class=\"social-pinterest\" rel=\"external\" target=\"_blank\"><span>Pinterest<\/span><\/a><\/li>\n<\/ul>\n<\/div>\n<\/div>\n<\/article>\n<p> Source URL: https:\/\/www.incorectpolitic.com\/presa-e-gunoi\/<\/p>\n","protected":false},"excerpt":{"rendered":"<p>Presa e Gunoi Incorect Politic Iulie 16, 2025 Presa e Gunoi Via Telegra.Ph: Nu este curios cum presa mainstream a \u00eenceput iar s\u0103 scrie despre Diana Iovanovoci-\u0218o\u0219oac\u0103, dup\u0103 ce aceasta a izbucnit \u00eempotriva lui \u0218elly, a \u201eartistului\u201d care a jignit Rom\u00e2nia \u0219i a concertului Beach,Please? Nu este curios cum presa scria cu av\u00e2nt despre \u201ep\u0103ruiala [&hellip;]<\/p>\n","protected":false},"author":1,"featured_media":792196,"comment_status":"open","ping_status":"","sticky":false,"template":"","format":"standard","meta":{"footnotes":""},"categories":[89],"tags":[95],"class_list":["post-792195","post","type-post","status-publish","format-standard","has-post-thumbnail","hentry","category-romania","tag-incorectpolitic-com"],"_links":{"self":[{"href":"https:\/\/analyse.optim.biz\/index.php?rest_route=\/wp\/v2\/posts\/792195","targetHints":{"allow":["GET"]}}],"collection":[{"href":"https:\/\/analyse.optim.biz\/index.php?rest_route=\/wp\/v2\/posts"}],"about":[{"href":"https:\/\/analyse.optim.biz\/index.php?rest_route=\/wp\/v2\/types\/post"}],"author":[{"embeddable":true,"href":"https:\/\/analyse.optim.biz\/index.php?rest_route=\/wp\/v2\/users\/1"}],"replies":[{"embeddable":true,"href":"https:\/\/analyse.optim.biz\/index.php?rest_route=%2Fwp%2Fv2%2Fcomments&post=792195"}],"version-history":[{"count":0,"href":"https:\/\/analyse.optim.biz\/index.php?rest_route=\/wp\/v2\/posts\/792195\/revisions"}],"wp:featuredmedia":[{"embeddable":true,"href":"https:\/\/analyse.optim.biz\/index.php?rest_route=\/wp\/v2\/media\/792196"}],"wp:attachment":[{"href":"https:\/\/analyse.optim.biz\/index.php?rest_route=%2Fwp%2Fv2%2Fmedia&parent=792195"}],"wp:term":[{"taxonomy":"category","embeddable":true,"href":"https:\/\/analyse.optim.biz\/index.php?rest_route=%2Fwp%2Fv2%2Fcategories&post=792195"},{"taxonomy":"post_tag","embeddable":true,"href":"https:\/\/analyse.optim.biz\/index.php?rest_route=%2Fwp%2Fv2%2Ftags&post=792195"}],"curies":[{"name":"wp","href":"https:\/\/api.w.org\/{rel}","templated":true}]}}