{"id":792188,"date":"2025-07-21T16:41:31","date_gmt":"2025-07-21T13:41:31","guid":{"rendered":"https:\/\/analyse.optim.biz\/?p=792188"},"modified":"2025-07-21T16:41:31","modified_gmt":"2025-07-21T13:41:31","slug":"invazia-legalizata-romania-pe-primul-loc-in-ue-la-acordarea-cetateniei-pentru-migranti-incorect-politic","status":"publish","type":"post","link":"https:\/\/analyse.optim.biz\/?p=792188","title":{"rendered":"Invazia legalizat\u0103: Rom\u00e2nia pe primul loc \u00een UE la acordarea cet\u0103\u021beniei pentru migran\u021bi! &#8211; Incorect Politic"},"content":{"rendered":"<article class=\"post-listing post-79730 post type-post status-publish format-standard has-post-thumbnail  category-actualitate category-stirea-zilei tag-invazia-legalizata-romania-pe-primul-loc-in-ue-la-acordarea-cetateniei-pentru-migranti\" id=\"the-post\">\n<div class=\"post-inner\">\n<h1 class=\"name post-title entry-title\"><span>Invazia legalizat\u0103: Rom\u00e2nia pe primul loc \u00een UE la acordarea cet\u0103\u021beniei pentru migran\u021bi!<\/span><\/h1>\n<div class=\"entry\">\n<p><strong>Incorect Poltic<\/strong><br \/>\nIulie 21, 2025<\/p>\n<p><a href=\"https:\/\/www.incorectpolitic.com\/?attachment_id=79731\" rel=\"attachment wp-att-79731\"><img loading=\"lazy\" decoding=\"async\" class=\"size-full wp-image-79731 aligncenter\" src=\"https:\/\/analyse.optim.biz\/wp-content\/uploads\/2025\/12\/demografic-1.jpg\" width=\"828\" height=\"930\" title=\"demografic-1\"><\/a><\/p>\n<h2><strong>Invazia legalizat\u0103: Rom\u00e2nia pe primul loc \u00een UE la acordarea cet\u0103\u021beniei pentru migran\u021bi!<\/strong><\/h2>\n<p><em>Via <a href=\"https:\/\/lupta-ns.blogspot.com\/2025\/07\/deromanizarea-romaniei-prinde-viteza.html?m=0\">LuptaNS<\/a>:<\/em><\/p>\n<p><b>Rom\u00e2nia sub asediu demografic! \u00cen 2022, Rom\u00e2nia a avut una dintre cele mai mari rate de acordare a cet\u0103\u021beniei pentru str\u0103inii din afara UE \u2014 15,1%!<\/b><\/p>\n<p>Asta \u00eenseamn\u0103 c\u0103 <b>pentru fiecare 100 de migran\u021bi din \u021b\u0103ri ter\u021be, 15 au primit pa\u0219aport rom\u00e2nesc.<\/b> Mai mult dec\u00e2t \u00een Suedia (13,1%), \u021bar\u0103 celebr\u0103 pentru \u201emodelul multicultural\u201d care a e\u0219uat lamentabil chiar \u0219i pentru propriile lor a\u0219tept\u0103ri.<\/p>\n<p><b>Aceasta este marea \u00eenlocuire etnic\u0103 \u2014 legalizat\u0103!<\/b><\/p>\n<p>\ud83d\udd38 Zeci de mii de cet\u0103\u021benii acordate anual \u00een numele \u201cincluderii\u201d \u0219i \u201cdiversit\u0103\u021bii\u201d.<br \/>\n\ud83d\udd38 \u00cen timp ce milioane de rom\u00e2ni emigreaz\u0103, golind satele \u0219i ora\u0219ele noastre, sistemul aduce popula\u021bie str\u0103in\u0103 s\u0103-i \u00eenlocuiasc\u0103.<\/p>\n<p><b>Derom\u00e2nizarea este \u00een curs<\/b>, iar vinova\u021bi sunt tr\u0103d\u0103torii din Parlament, guvernele succesive \u0219i birocra\u021bii care v\u00e2nd cet\u0103\u021benia rom\u00e2n\u0103 ca pe semin\u021be!<\/p>\n<p><b>Nimeni nu ne-a \u00eentrebat dac\u0103 vrem asta. Nicio dezbatere, nicio consultare public\u0103. Doar ordine de sus, executate \u00een t\u0103cere.<\/b><\/p>\n<p>A venit timpul s\u0103 spunem <b>STOP<\/b>:<br \/><b>STOP<\/b> acord\u0103rii cet\u0103\u021beniei rom\u00e2ne pentru migran\u021bi din afara spa\u021biului european!<br \/><b>STOP<\/b> globalismului impus de UE, ONU \u0219i ONG-urile finan\u021bate din afar\u0103!<\/p>\n<p><b>STOP tr\u0103d\u0103rii na\u021biunii rom\u00e2ne sub masca \u201cdrepturilor omului\u201d!<\/b><\/p>\n<p>Rom\u00e2nia nu este o colonie! Rom\u00e2nii nu sunt toleran\u021bi cu dispari\u021bia propriei identit\u0103\u021bi! <b>Cine vrea s\u0103 ne \u00eenlocuiasc\u0103, trebuie s\u0103 ne \u00eenfrunte!<\/b><\/p>\n<div>Victor Br\u0103descu, Lupta NS<\/div>\n<\/div>\n<div class=\"share-post\"><span class=\"share-text\">Share<\/span><\/p>\n<ul class=\"flat-social\">\n<li><a href=\"http:\/\/www.facebook.com\/sharer.php?u=https:\/\/www.incorectpolitic.com\/?p=79730\" class=\"social-facebook\" rel=\"external\" target=\"_blank\"><span>Facebook<\/span><\/a><\/li>\n<li><a href=\"https:\/\/twitter.com\/intent\/tweet?text=Invazia+legalizat%C4%83%3A+Rom%C3%A2nia+pe+primul+loc+%C3%AEn+UE+la+acordarea+cet%C4%83%C8%9Beniei+pentru+migran%C8%9Bi%21&amp;url=https:\/\/www.incorectpolitic.com\/?p=79730\" class=\"social-twitter\" rel=\"external\" target=\"_blank\"><span>Twitter<\/span><\/a><\/li>\n<li><a href=\"http:\/\/pinterest.com\/pin\/create\/button\/?url=https:\/\/www.incorectpolitic.com\/?p=79730&amp;description=Invazia+legalizat%C4%83%3A+Rom%C3%A2nia+pe+primul+loc+%C3%AEn+UE+la+acordarea+cet%C4%83%C8%9Beniei+pentru+migran%C8%9Bi%21&amp;media=https:\/\/analyse.optim.biz\/wp-content\/uploads\/2025\/12\/demografic-1.jpg\" class=\"social-pinterest\" rel=\"external\" target=\"_blank\"><span>Pinterest<\/span><\/a><\/li>\n<\/ul>\n<\/div>\n<\/div>\n<\/article>\n<p> Source URL: https:\/\/www.incorectpolitic.com\/invazia-legalizata-romania-pe-primul-loc-in-ue-la-acordarea-cetateniei-pentru-migranti\/<\/p>\n","protected":false},"excerpt":{"rendered":"<p>Invazia legalizat\u0103: Rom\u00e2nia pe primul loc \u00een UE la acordarea cet\u0103\u021beniei pentru migran\u021bi! Incorect Poltic Iulie 21, 2025 Invazia legalizat\u0103: Rom\u00e2nia pe primul loc \u00een UE la acordarea cet\u0103\u021beniei pentru migran\u021bi! Via LuptaNS: Rom\u00e2nia sub asediu demografic! \u00cen 2022, Rom\u00e2nia a avut una dintre cele mai mari rate de acordare a cet\u0103\u021beniei pentru str\u0103inii din [&hellip;]<\/p>\n","protected":false},"author":1,"featured_media":792189,"comment_status":"open","ping_status":"","sticky":false,"template":"","format":"standard","meta":{"footnotes":""},"categories":[89],"tags":[95],"class_list":["post-792188","post","type-post","status-publish","format-standard","has-post-thumbnail","hentry","category-romania","tag-incorectpolitic-com"],"_links":{"self":[{"href":"https:\/\/analyse.optim.biz\/index.php?rest_route=\/wp\/v2\/posts\/792188","targetHints":{"allow":["GET"]}}],"collection":[{"href":"https:\/\/analyse.optim.biz\/index.php?rest_route=\/wp\/v2\/posts"}],"about":[{"href":"https:\/\/analyse.optim.biz\/index.php?rest_route=\/wp\/v2\/types\/post"}],"author":[{"embeddable":true,"href":"https:\/\/analyse.optim.biz\/index.php?rest_route=\/wp\/v2\/users\/1"}],"replies":[{"embeddable":true,"href":"https:\/\/analyse.optim.biz\/index.php?rest_route=%2Fwp%2Fv2%2Fcomments&post=792188"}],"version-history":[{"count":0,"href":"https:\/\/analyse.optim.biz\/index.php?rest_route=\/wp\/v2\/posts\/792188\/revisions"}],"wp:featuredmedia":[{"embeddable":true,"href":"https:\/\/analyse.optim.biz\/index.php?rest_route=\/wp\/v2\/media\/792189"}],"wp:attachment":[{"href":"https:\/\/analyse.optim.biz\/index.php?rest_route=%2Fwp%2Fv2%2Fmedia&parent=792188"}],"wp:term":[{"taxonomy":"category","embeddable":true,"href":"https:\/\/analyse.optim.biz\/index.php?rest_route=%2Fwp%2Fv2%2Fcategories&post=792188"},{"taxonomy":"post_tag","embeddable":true,"href":"https:\/\/analyse.optim.biz\/index.php?rest_route=%2Fwp%2Fv2%2Ftags&post=792188"}],"curies":[{"name":"wp","href":"https:\/\/api.w.org\/{rel}","templated":true}]}}