{"id":792185,"date":"2025-07-21T21:46:32","date_gmt":"2025-07-21T18:46:32","guid":{"rendered":"https:\/\/analyse.optim.biz\/?p=792185"},"modified":"2025-07-21T21:46:32","modified_gmt":"2025-07-21T18:46:32","slug":"mama-feroce-leoaica-din-carpati-daca-pune-mana-vreunul-pe-copilul-meu-va-omor-pe-toti-incorect-politic","status":"publish","type":"post","link":"https:\/\/analyse.optim.biz\/?p=792185","title":{"rendered":"MAMA FEROCE, Leoaica din Carpa\u021bi: &#8220;Dac\u0103 pune m\u00e2na vreunul pe copilul meu, v\u0103 omor pe to\u021bi! &#8211; Incorect Politic"},"content":{"rendered":"<article class=\"post-listing post-79741 post type-post status-publish format-standard has-post-thumbnail  category-actualitate category-stirea-zilei category-video tag-diana-sosoaca tag-diana-sosoaca-mama-luptatoare tag-eoaica-din-carpati-daca-pune-mana-vreunul-pe-copilul-meu tag-leoaica-din-carpati tag-leoaica-din-carpati-diana-sosoaca tag-leoaica-din-carpati-mama tag-mama-feroce tag-mama-feroce-diana-sosoaca tag-mama-luptatoare tag-va-omor-pe-toti\" id=\"the-post\">\n<div class=\"post-inner\">\n<h1 class=\"name post-title entry-title\"><span>MAMA FEROCE, Leoaica din Carpa\u021bi: \u201cDac\u0103 pune m\u00e2na vreunul pe copilul meu, v\u0103 omor pe to\u021bi!<\/span><\/h1>\n<div class=\"entry\">\n<p>Vlad Voicu<br \/><strong>Incorect Politic<\/strong><br \/>\nIulie 22, 2025<\/p>\n<p><a href=\"https:\/\/www.incorectpolitic.com\/mama-feroce-leoaica-din-carpati-daca-pune-mana-vreunul-pe-copilul-meu-va-omor-pe-toti\/leoaica-diana-sosoaca\/\" rel=\"attachment wp-att-79743\"><img loading=\"lazy\" decoding=\"async\" class=\"size-full wp-image-79743 aligncenter\" src=\"https:\/\/analyse.optim.biz\/wp-content\/uploads\/2025\/12\/leoaica-diana-sosoaca-1.jpg\" width=\"1000\" height=\"600\" title=\"leoaica-diana-sosoaca-1\"><\/a><\/p>\n<h2><strong>MAMA FEROCE, Leoaica din Carpa\u021bi: \u201cDac\u0103 pune m\u00e2na vreunul pe copilul meu, v\u0103 omor pe to\u021bi!<\/strong><\/h2>\n<p>\u00centr-o convorbire telefonic\u0103, Diana \u0218o\u0219oac\u0103 d\u0103 un avertisment fatal pentru func\u021bionarii care sunt dispu\u0219i s\u0103-\u0219i ri\u0219te via\u021ba merg\u00e2nd dup\u0103 copilul ei, afirm\u00e2nd c\u0103 \u00eei va omor\u00ee pe to\u021bi:<\/p>\n<p>VIDEO:<\/p>\n<div class=\"wp-video\"><video class=\"wp-video-shortcode\" id=\"video-79741-1\" width=\"360\" height=\"640\" preload=\"metadata\" controls=\"controls\"><source type=\"video\/mp4\" src=\"https:\/\/www.incorectpolitic.com\/wp-content\/uploads\/2025\/07\/leoaica-din-carpati.mp4?_=1\" \/><\/video><\/div>\n<p>\u00a0<\/p>\n<p>O ac\u021biune public\u0103 a fost anun\u021bat\u0103 pentru 13:00, pe strada Dimitrie Racovi\u021b\u0103 nr. 22, Sector 2, Bucure\u0219ti, la aceea\u0219i or\u0103 la care Diana \u0218o\u0219oac\u0103 este a\u0219teptat\u0103 la DGASPC. Este vorba despre un miting pentru protec\u021bia copiilor \u0219i pentru condamnarea func\u021bionarilor publici care execut\u0103 ordine politice.<\/p>\n<p class=\"ds-markdown-paragraph\">H\u0103r\u021buirea unui europarlamentar de c\u0103tre sistemul tic\u0103lo\u0219it tr\u0103deaz\u0103 teama \u00een care a c\u0103zut guvernul de ocupa\u021bie al Rom\u00e2niei, care folose\u0219te toate mijloacele pentru a o opri pe Diana \u0218o\u0219oac\u0103.<\/p>\n<blockquote>\n<p>Nu este normal \u2013 \u0219i nu va fi niciodat\u0103 normal \u2013 s\u0103 te atingi de copii pentru jocurile murdare ale sistemului. Copiii nu trebuie folosi\u021bi ca arm\u0103 \u00eempotriva p\u0103rin\u021bilor sau a convingerilor lor!<\/p>\n<p>A\u0219a ceva nu se poate tolera \u00eentr-o societate care pretinde c\u0103 este democratic\u0103. Indiferent ce p\u0103rere ai despre o persoan\u0103 public\u0103, c\u00e2nd autorit\u0103\u021bile ajung s\u0103 foloseasc\u0103 institu\u021bii precum DGASPC pentru a intimida sau pedepsi \u2013 este o linie ro\u0219ie pe care nu o putem accepta.<\/p>\n<p>\ud83d\udccd M\u00e2ine, ora 13:00<br \/>\n\ud83d\udccd Str. Dimitrie Racovi\u021b\u0103 22, Sector 2, Bucure\u0219ti<\/p>\n<p>Ar\u0103t\u0103m c\u0103 nu suntem orbi, surzi sau la\u0219i. Copiii trebuie proteja\u021bi, nu folosi\u021bi ca scuturi sau amenin\u021b\u0103ri!<\/p>\n<\/blockquote>\n<p>Uzurpatorii celei mai mari autorit\u0103\u021bi juridice din statul rom\u00e2n, judec\u0103torii de la Curtea Constitu\u021bional\u0103, au interzis Dianei dreptul de a candida la alegerile preziden\u021biale. Este dovada clar\u0103 c\u0103 o mam\u0103 care \u00ee\u0219i ap\u0103r\u0103 copiii este mai periculoas\u0103 pentru sistem dec\u00e2t to\u021bi ceilal\u021bi la un loc.<\/p>\n<p>Acum acela\u0219i sistem vrea s\u0103-i ia copilul. Mare gre\u0219eal\u0103.<\/p>\n<p><strong>Bravi bucure\u0219teni, unde sunte\u021bi? Ne solidariz\u0103m cu lupta Leoaicei din Carpa\u021bi sau o l\u0103s\u0103m singur\u0103 \u00eempotriva unui \u00eentreg sistem?<\/strong><\/p>\n<p>\ud83d\udccdOra 13:00 (22.07.2025)<br \/>\n\ud83d\udccd Str. Dimitrie Racovi\u021b\u0103 22, Sector 2, Bucure\u0219ti<\/p>\n<\/div>\n<div class=\"share-post\"><span class=\"share-text\">Share<\/span><\/p>\n<ul class=\"flat-social\">\n<li><a href=\"http:\/\/www.facebook.com\/sharer.php?u=https:\/\/www.incorectpolitic.com\/?p=79741\" class=\"social-facebook\" rel=\"external\" target=\"_blank\"><span>Facebook<\/span><\/a><\/li>\n<li><a href=\"https:\/\/twitter.com\/intent\/tweet?text=MAMA+FEROCE%2C+Leoaica+din+Carpa%C8%9Bi%3A+%E2%80%9CDac%C4%83+pune+m%C3%A2na+vreunul+pe+copilul+meu%2C+v%C4%83+omor+pe+to%C8%9Bi%21&amp;url=https:\/\/www.incorectpolitic.com\/?p=79741\" class=\"social-twitter\" rel=\"external\" target=\"_blank\"><span>Twitter<\/span><\/a><\/li>\n<li><a href=\"http:\/\/pinterest.com\/pin\/create\/button\/?url=https:\/\/www.incorectpolitic.com\/?p=79741&amp;description=MAMA+FEROCE%2C+Leoaica+din+Carpa%C8%9Bi%3A+%E2%80%9CDac%C4%83+pune+m%C3%A2na+vreunul+pe+copilul+meu%2C+v%C4%83+omor+pe+to%C8%9Bi%21&amp;media=https:\/\/analyse.optim.biz\/wp-content\/uploads\/2025\/12\/leoaica-diana-sosoaca-1.jpg\" class=\"social-pinterest\" rel=\"external\" target=\"_blank\"><span>Pinterest<\/span><\/a><\/li>\n<\/ul>\n<\/div>\n<\/div>\n<\/article>\n<p> Source URL: https:\/\/www.incorectpolitic.com\/mama-feroce-leoaica-din-carpati-daca-pune-mana-vreunul-pe-copilul-meu-va-omor-pe-toti\/<\/p>\n","protected":false},"excerpt":{"rendered":"<p>MAMA FEROCE, Leoaica din Carpa\u021bi: \u201cDac\u0103 pune m\u00e2na vreunul pe copilul meu, v\u0103 omor pe to\u021bi! Vlad VoicuIncorect Politic Iulie 22, 2025 MAMA FEROCE, Leoaica din Carpa\u021bi: \u201cDac\u0103 pune m\u00e2na vreunul pe copilul meu, v\u0103 omor pe to\u021bi! \u00centr-o convorbire telefonic\u0103, Diana \u0218o\u0219oac\u0103 d\u0103 un avertisment fatal pentru func\u021bionarii care sunt dispu\u0219i s\u0103-\u0219i ri\u0219te via\u021ba [&hellip;]<\/p>\n","protected":false},"author":1,"featured_media":792186,"comment_status":"open","ping_status":"","sticky":false,"template":"","format":"standard","meta":{"footnotes":""},"categories":[89],"tags":[95],"class_list":["post-792185","post","type-post","status-publish","format-standard","has-post-thumbnail","hentry","category-romania","tag-incorectpolitic-com"],"_links":{"self":[{"href":"https:\/\/analyse.optim.biz\/index.php?rest_route=\/wp\/v2\/posts\/792185","targetHints":{"allow":["GET"]}}],"collection":[{"href":"https:\/\/analyse.optim.biz\/index.php?rest_route=\/wp\/v2\/posts"}],"about":[{"href":"https:\/\/analyse.optim.biz\/index.php?rest_route=\/wp\/v2\/types\/post"}],"author":[{"embeddable":true,"href":"https:\/\/analyse.optim.biz\/index.php?rest_route=\/wp\/v2\/users\/1"}],"replies":[{"embeddable":true,"href":"https:\/\/analyse.optim.biz\/index.php?rest_route=%2Fwp%2Fv2%2Fcomments&post=792185"}],"version-history":[{"count":0,"href":"https:\/\/analyse.optim.biz\/index.php?rest_route=\/wp\/v2\/posts\/792185\/revisions"}],"wp:featuredmedia":[{"embeddable":true,"href":"https:\/\/analyse.optim.biz\/index.php?rest_route=\/wp\/v2\/media\/792186"}],"wp:attachment":[{"href":"https:\/\/analyse.optim.biz\/index.php?rest_route=%2Fwp%2Fv2%2Fmedia&parent=792185"}],"wp:term":[{"taxonomy":"category","embeddable":true,"href":"https:\/\/analyse.optim.biz\/index.php?rest_route=%2Fwp%2Fv2%2Fcategories&post=792185"},{"taxonomy":"post_tag","embeddable":true,"href":"https:\/\/analyse.optim.biz\/index.php?rest_route=%2Fwp%2Fv2%2Ftags&post=792185"}],"curies":[{"name":"wp","href":"https:\/\/api.w.org\/{rel}","templated":true}]}}