{"id":791949,"date":"2025-07-23T06:48:57","date_gmt":"2025-07-23T03:48:57","guid":{"rendered":"https:\/\/analyse.optim.biz\/?p=791949"},"modified":"2025-07-23T06:48:57","modified_gmt":"2025-07-23T03:48:57","slug":"tanar-de-21-de-ani-ranit-grav-in-muntii-fagaras-dupa-ce-a-fost-muscat-de-caini-ar-fi-scapat-daca-ar-fi-avut-petarde-la-el-incorect-politic","status":"publish","type":"post","link":"https:\/\/analyse.optim.biz\/?p=791949","title":{"rendered":"T\u00e2n\u0103r de 21 de ani r\u0103nit grav \u00een Mun\u021bii F\u0103g\u0103ra\u0219 dup\u0103 ce a fost mu\u0219cat de c\u00e2ini. Ar fi sc\u0103pat dac\u0103 ar fi avut petarde la el &#8211; Incorect Politic"},"content":{"rendered":"<article class=\"post-listing post-79734 post type-post status-publish format-standard has-post-thumbnail  category-actualitate category-stirea-zilei tag-tanar-de-21-de-ani-ranit-grav-in-muntii-fagaras-dupa-ce-a-fost-muscat-de-caini-ar-fi-scapat-daca-ar-fi-avut-petarde-la-el\" id=\"the-post\">\n<div class=\"post-inner\">\n<h1 class=\"name post-title entry-title\"><span>T\u00e2n\u0103r de 21 de ani r\u0103nit grav \u00een Mun\u021bii F\u0103g\u0103ra\u0219 dup\u0103 ce a fost mu\u0219cat de c\u00e2ini. Ar fi sc\u0103pat dac\u0103 ar fi avut petarde la el<\/span><\/h1>\n<div class=\"entry\">\n<p>Vlad Voicu<br \/><strong>Incorect Politic<\/strong><br \/>\nIulie 23, 2025<\/p>\n<p><a href=\"https:\/\/www.incorectpolitic.com\/tanar-de-21-de-ani-ranit-grav-in-muntii-fagaras-dupa-ce-a-fost-muscat-de-caini-ar-fi-scapat-daca-ar-fi-avut-petarde-la-el\/whatsapp-image-2024-06-27-at-20-15-51\/\" rel=\"attachment wp-att-79735\"><img loading=\"lazy\" decoding=\"async\" class=\"size-full wp-image-79735 aligncenter\" src=\"https:\/\/analyse.optim.biz\/wp-content\/uploads\/2025\/12\/whatsapp-image-2024-06-27-at-20-15-51-1.jpg\" width=\"820\" height=\"1093\" title=\"whatsapp-image-2024-06-27-at-20-15-51-1\"><\/a><\/p>\n<h2><strong>T\u00e2n\u0103r de 21 de ani r\u0103nit grav \u00een Mun\u021bii F\u0103g\u0103ra\u0219 dup\u0103 ce a fost mu\u0219cat de c\u00e2ini<\/strong><\/h2>\n<h2><strong>Ar fi sc\u0103pat dac\u0103 ar fi avut petarde la el!<\/strong><\/h2>\n<p><a href=\"https:\/\/www.news.ro\/eveniment\/tanar-de-21-de-ani-ranit-grav-in-muntii-fagaras-dupa-ce-a-fost-atacat-de-cainii-de-la-o-stana-cabanierii-avertizeaza-ca-in-zona-sunt-6-8-caini-din-rasa-ciobanesc-kangal-1922401220002025071622104252\">News.ro<\/a>:<\/p>\n<blockquote>\n<p><strong>Un t\u00e2n\u0103r de 21 de ani a fost r\u0103nit grav \u00een Mun\u0163ii F\u0103g\u0103ra\u015f, dup\u0103 ce a fost atacat de c\u00e2inii de la o st\u00e2n\u0103. El a fost transportat la baza muntelui de cabanieri \u015fi salvamonti\u015fti. Cabanierii avertizeaz\u0103 turi\u015ftii c\u0103 \u00een zon\u0103 sunt 6-8 c\u00e2ini din rasa ciob\u0103nesc kangal.<\/strong><\/p>\n<p>\u201dCu toate c\u0103 nu este treaba noastr\u0103, \u0163inem s\u0103 v\u0103 inform\u0103m ca \u00een ultimul timp tot mai mul\u0163i turi\u015fti ne-au semnalat prezenta c\u00e2inilor (6 sau 8 din rasa kangal ) de la st\u00e2na din Valea \u015eerbotei (Mun\u0163ii F\u0103g\u0103ra\u015f \u2013 n.r.) \u00een zona refugiul Scara, C\u0103ldarea Puha \u015fi Patoul Sc\u0103ri\u015foarei\u201d, au transmis, duminic\u0103, \u00eentr-un mesaj pe pagina de Facebook, cabanierii de la Cabana B\u0103rcaciu.<\/p>\n<p>Ace\u015ftia precizea\u0103 c\u0103, s\u00e2mb\u0103t\u0103, \u201dinevitabilul s-a produs\u201d: \u201dUn t\u00e2nar de 21 de ani a fost atacat si mu\u015fcat foarte grav. Din p\u0103cate, c\u0103\u0163elui lui a fost omor\u00e2t. Ciudat este c\u0103 pe toata durata zilei de ieri ciobanul cu turma de oi \u015fi haita de c\u00e2ini au stat toat\u0103 ziua pe Patoul Sc\u0103ri\u015foarei\u201d.<\/p>\n<\/blockquote>\n<p>Inevitabilul s-a produs din cauza deciziei aberante a parlamentarilor de a interzice achizi\u021bionarea \u0219i folosirea petardelor de c\u0103tre civili. Acest vot are deja consecin\u021be grave \u0219i vom ajunge s\u0103 vedem oameni uci\u0219i de animale pentru c\u0103 nu se pot ap\u0103ra.<\/p>\n<p>Dac\u0103 acel t\u00e2n\u0103r ar fi avut petarde la el, inclusiv cele mici (k0201), c\u00e2inii ciob\u0103ne\u0219ti ar fi fost alunga\u021bi f\u0103r\u0103 probleme. Iar dac\u0103 t\u00e2n\u0103rul ar fi avut la el petarde mai mari (FP3), nici m\u0103car ur\u0219ii nu l-ar fi agresat dac\u0103 s-ar fi \u00eent\u00e2lnit cu el. S\u00e2ngele r\u0103nilor b\u0103iatului sunt pe m\u00e2inile tuturor parlamentarilor care au votat interzicerea petardelor.<\/p>\n<\/div>\n<div class=\"share-post\"><span class=\"share-text\">Share<\/span><\/p>\n<ul class=\"flat-social\">\n<li><a href=\"http:\/\/www.facebook.com\/sharer.php?u=https:\/\/www.incorectpolitic.com\/?p=79734\" class=\"social-facebook\" rel=\"external\" target=\"_blank\"><span>Facebook<\/span><\/a><\/li>\n<li><a href=\"https:\/\/twitter.com\/intent\/tweet?text=T%C3%A2n%C4%83r+de+21+de+ani+r%C4%83nit+grav+%C3%AEn+Mun%C8%9Bii+F%C4%83g%C4%83ra%C8%99+dup%C4%83+ce+a+fost+mu%C8%99cat+de+c%C3%A2ini.+Ar+fi+sc%C4%83pat+dac%C4%83+ar+fi+avut+petarde+la+el&amp;url=https:\/\/www.incorectpolitic.com\/?p=79734\" class=\"social-twitter\" rel=\"external\" target=\"_blank\"><span>Twitter<\/span><\/a><\/li>\n<li><a href=\"http:\/\/pinterest.com\/pin\/create\/button\/?url=https:\/\/www.incorectpolitic.com\/?p=79734&amp;description=T%C3%A2n%C4%83r+de+21+de+ani+r%C4%83nit+grav+%C3%AEn+Mun%C8%9Bii+F%C4%83g%C4%83ra%C8%99+dup%C4%83+ce+a+fost+mu%C8%99cat+de+c%C3%A2ini.+Ar+fi+sc%C4%83pat+dac%C4%83+ar+fi+avut+petarde+la+el&amp;media=https:\/\/analyse.optim.biz\/wp-content\/uploads\/2025\/12\/whatsapp-image-2024-06-27-at-20-15-51-1.jpg\" class=\"social-pinterest\" rel=\"external\" target=\"_blank\"><span>Pinterest<\/span><\/a><\/li>\n<\/ul>\n<\/div>\n<\/div>\n<\/article>\n<p> Source URL: https:\/\/www.incorectpolitic.com\/tanar-de-21-de-ani-ranit-grav-in-muntii-fagaras-dupa-ce-a-fost-muscat-de-caini-ar-fi-scapat-daca-ar-fi-avut-petarde-la-el\/<\/p>\n","protected":false},"excerpt":{"rendered":"<p>T\u00e2n\u0103r de 21 de ani r\u0103nit grav \u00een Mun\u021bii F\u0103g\u0103ra\u0219 dup\u0103 ce a fost mu\u0219cat de c\u00e2ini. Ar fi sc\u0103pat dac\u0103 ar fi avut petarde la el Vlad VoicuIncorect Politic Iulie 23, 2025 T\u00e2n\u0103r de 21 de ani r\u0103nit grav \u00een Mun\u021bii F\u0103g\u0103ra\u0219 dup\u0103 ce a fost mu\u0219cat de c\u00e2ini Ar fi sc\u0103pat dac\u0103 ar [&hellip;]<\/p>\n","protected":false},"author":1,"featured_media":791950,"comment_status":"open","ping_status":"","sticky":false,"template":"","format":"standard","meta":{"footnotes":""},"categories":[89],"tags":[95],"class_list":["post-791949","post","type-post","status-publish","format-standard","has-post-thumbnail","hentry","category-romania","tag-incorectpolitic-com"],"_links":{"self":[{"href":"https:\/\/analyse.optim.biz\/index.php?rest_route=\/wp\/v2\/posts\/791949","targetHints":{"allow":["GET"]}}],"collection":[{"href":"https:\/\/analyse.optim.biz\/index.php?rest_route=\/wp\/v2\/posts"}],"about":[{"href":"https:\/\/analyse.optim.biz\/index.php?rest_route=\/wp\/v2\/types\/post"}],"author":[{"embeddable":true,"href":"https:\/\/analyse.optim.biz\/index.php?rest_route=\/wp\/v2\/users\/1"}],"replies":[{"embeddable":true,"href":"https:\/\/analyse.optim.biz\/index.php?rest_route=%2Fwp%2Fv2%2Fcomments&post=791949"}],"version-history":[{"count":0,"href":"https:\/\/analyse.optim.biz\/index.php?rest_route=\/wp\/v2\/posts\/791949\/revisions"}],"wp:featuredmedia":[{"embeddable":true,"href":"https:\/\/analyse.optim.biz\/index.php?rest_route=\/wp\/v2\/media\/791950"}],"wp:attachment":[{"href":"https:\/\/analyse.optim.biz\/index.php?rest_route=%2Fwp%2Fv2%2Fmedia&parent=791949"}],"wp:term":[{"taxonomy":"category","embeddable":true,"href":"https:\/\/analyse.optim.biz\/index.php?rest_route=%2Fwp%2Fv2%2Fcategories&post=791949"},{"taxonomy":"post_tag","embeddable":true,"href":"https:\/\/analyse.optim.biz\/index.php?rest_route=%2Fwp%2Fv2%2Ftags&post=791949"}],"curies":[{"name":"wp","href":"https:\/\/api.w.org\/{rel}","templated":true}]}}