{"id":791946,"date":"2025-07-23T11:48:53","date_gmt":"2025-07-23T08:48:53","guid":{"rendered":"https:\/\/analyse.optim.biz\/?p=791946"},"modified":"2025-07-23T11:48:53","modified_gmt":"2025-07-23T08:48:53","slug":"da-avem-niste-probleme-incorect-politic","status":"publish","type":"post","link":"https:\/\/analyse.optim.biz\/?p=791946","title":{"rendered":"Da, avem ni\u0219te probleme &#8211; Incorect Politic"},"content":{"rendered":"<article class=\"post-listing post-79611 post type-post status-publish format-standard has-post-thumbnail  category-actualitate category-stirea-zilei tag-da-avem-niste-probleme tag-delict-de-opinie tag-detinuti-politici tag-dictatura-in-romania tag-dizidenti-politici tag-incorect-politic tag-incorect-politic-probleme tag-redactia-arestata\" id=\"the-post\">\n<div class=\"post-inner\">\n<h1 class=\"name post-title entry-title\"><span>Da, avem ni\u0219te probleme<\/span><\/h1>\n<div class=\"entry\">\n<p>Sterie Ciumetti<br \/><strong>Incorect Politic<\/strong><br \/>\nIunie 28, 2025<\/p>\n<p><a href=\"https:\/\/www.incorectpolitic.com\/da-avem-niste-probleme\/probleme\/\" rel=\"attachment wp-att-79612\"><img loading=\"lazy\" decoding=\"async\" class=\"aligncenter wp-image-79612 size-full\" src=\"https:\/\/analyse.optim.biz\/wp-content\/uploads\/2025\/12\/probleme-1.jpg\" alt=\"Da avem ni\u0219te probleme\" width=\"1084\" height=\"627\" title=\"probleme-1\"><\/a><\/p>\n<h1><strong>Da, avem ni\u0219te probleme<\/strong><\/h1>\n<p>Dup\u0103 cum ai observat, \u00een ultimele s\u0103pt\u0103m\u00e2ni nu au ap\u0103rut articole noi pe Incorect Politic. Ultimul articol, fabula despre <a href=\"https:\/\/www.incorectpolitic.com\/cerbul-carpatin-sub-jupiter\/\">cerbul carpatin<\/a>, a dezv\u0103luit ce s-a \u00eent\u00e2mplat\u2026pentru cine pricepe. A\u0219adar, redac\u021bia noastr\u0103 se confrunt\u0103 cu ni\u0219te probleme. E\u0219ti destul de matur s\u0103 \u00een\u021belegi dificult\u0103\u021bile \u00een care ne afl\u0103m.<\/p>\n<p>Regimul dictatorial din Rom\u00e2nia, care \u0219i-a consolidat puterea \u0219i s-a impus prin abuzuri, a \u00eenceput s\u0103 v\u00e2neze formatorii de opinie care se \u00eenc\u0103p\u0103\u021b\u00e2neaz\u0103 s\u0103 nu repete linia corectitudinii politice.<\/p>\n<p>\u00cen aceast\u0103 nou\u0103 paradigm\u0103 nu vom mai putea servi publicul a\u0219a cum am f\u0103cut-o \u00een trecut, dar asta nu \u00eenseamn\u0103 c\u0103 renun\u021b\u0103m. Cel care crede nelimitat refuz\u0103 s\u0103 accepte ideea c\u0103 nu mai exist\u0103 nicio \u0219ans\u0103. Nu se \u00eencovoaie \u00een fa\u021ba excesului de for\u021b\u0103, nici \u00een fa\u021ba intimid\u0103rilor, nici \u00een fa\u021ba promisiunilor sau ademenirilor. Dumnezeu vede faptele noastre \u0219i le contorizeaz\u0103. Ruga\u021bi-v\u0103 pentru mine \u0219i pentru cei care urmeaz\u0103 s\u0103 judece, fie ca Dumnezeu s\u0103 lumineze mintea lor \u0219i s\u0103 fac\u0103 dreptate.<\/p>\n<p>Urmeaz\u0103 o scurt\u0103 etap\u0103 \u00eentunecat\u0103 \u00een Rom\u00e2nia. Scurt\u0103 din punct de vedere istoric, c\u0103ci actualul regim este nesustenabil. Totodat\u0103 urmeaz\u0103 o etap\u0103 diferit\u0103 pentru aceast\u0103 publica\u021bie. Vreme de ani de zile am men\u021binut un site curat, f\u0103r\u0103 s\u0103 \u00ee\u021bi murd\u0103rim retina cu reclame, f\u0103r\u0103 s\u0103 ne supra-victimiz\u0103m din cauza cenzurii, ne-am dus crucea \u0219i \u021bi-am furnizat con\u021binut pe care nu \u00eel g\u0103seai nic\u0103ieri altundeva \u00een Rom\u00e2nia. Ast\u0103zi, av\u00e2nd av\u00e2nd \u00een vedere problemele cu care ne confrunt\u0103m, suntem nevoi\u021bi s\u0103-\u021bi cerem ajutorul. Cine vrea s\u0103 ajute v\u0103 rog s\u0103 scrie la adresa <em>ciumetti @ protonmail.com<\/em><\/p>\n<p>Cine s-ar fi g\u00e2ndit c\u0103 la 35 de ani de la evenimentele din 1989 vom avea iar de\u021binu\u021bi politici \u0219i delict de opinie? Oricine este con\u0219tient c\u0103 un articol de pres\u0103, o carte sau o satir\u0103 nu are cum s\u0103 reprezinte violen\u021b\u0103. Cenzorii trebuie s\u0103 realizeze c\u0103 dac\u0103 vor interzice oamenilor s\u0103 se exprime liber pe Internet, tocmai acest lucru va determina reac\u021bii fizice \u0219i dezechilibre sociale. Exprimarea liber\u0103 pe Internet a fost mult\u0103 vreme o supap\u0103 care le-a permis oamenilor s\u0103 se descarce \u00een mod pa\u0219nic \u0219i non-violent. \u00cenc\u0103lcarea acestei libert\u0103\u021bi reprezint\u0103 o amenin\u021bare la adresa siguran\u021bei na\u021bionale. Da\u021bi-v\u0103 seama p\u00e2n\u0103 c\u00e2nd nu este prea t\u00e2rziu.<\/p>\n<p>\u00a0<\/p>\n<\/div>\n<div class=\"share-post\"><span class=\"share-text\">Share<\/span><\/p>\n<ul class=\"flat-social\">\n<li><a href=\"http:\/\/www.facebook.com\/sharer.php?u=https:\/\/www.incorectpolitic.com\/?p=79611\" class=\"social-facebook\" rel=\"external\" target=\"_blank\"><span>Facebook<\/span><\/a><\/li>\n<li><a href=\"https:\/\/twitter.com\/intent\/tweet?text=Da%2C+avem+ni%C8%99te+probleme&amp;url=https:\/\/www.incorectpolitic.com\/?p=79611\" class=\"social-twitter\" rel=\"external\" target=\"_blank\"><span>Twitter<\/span><\/a><\/li>\n<li><a href=\"http:\/\/pinterest.com\/pin\/create\/button\/?url=https:\/\/www.incorectpolitic.com\/?p=79611&amp;description=Da%2C+avem+ni%C8%99te+probleme&amp;media=https:\/\/analyse.optim.biz\/wp-content\/uploads\/2025\/12\/probleme-1.jpg\" class=\"social-pinterest\" rel=\"external\" target=\"_blank\"><span>Pinterest<\/span><\/a><\/li>\n<\/ul>\n<\/div>\n<\/div>\n<\/article>\n<p> Source URL: https:\/\/www.incorectpolitic.com\/da-avem-niste-probleme\/<\/p>\n","protected":false},"excerpt":{"rendered":"<p>Da, avem ni\u0219te probleme Sterie CiumettiIncorect Politic Iunie 28, 2025 Da, avem ni\u0219te probleme Dup\u0103 cum ai observat, \u00een ultimele s\u0103pt\u0103m\u00e2ni nu au ap\u0103rut articole noi pe Incorect Politic. Ultimul articol, fabula despre cerbul carpatin, a dezv\u0103luit ce s-a \u00eent\u00e2mplat\u2026pentru cine pricepe. A\u0219adar, redac\u021bia noastr\u0103 se confrunt\u0103 cu ni\u0219te probleme. E\u0219ti destul de matur s\u0103 [&hellip;]<\/p>\n","protected":false},"author":1,"featured_media":791947,"comment_status":"open","ping_status":"","sticky":false,"template":"","format":"standard","meta":{"footnotes":""},"categories":[89],"tags":[95],"class_list":["post-791946","post","type-post","status-publish","format-standard","has-post-thumbnail","hentry","category-romania","tag-incorectpolitic-com"],"_links":{"self":[{"href":"https:\/\/analyse.optim.biz\/index.php?rest_route=\/wp\/v2\/posts\/791946","targetHints":{"allow":["GET"]}}],"collection":[{"href":"https:\/\/analyse.optim.biz\/index.php?rest_route=\/wp\/v2\/posts"}],"about":[{"href":"https:\/\/analyse.optim.biz\/index.php?rest_route=\/wp\/v2\/types\/post"}],"author":[{"embeddable":true,"href":"https:\/\/analyse.optim.biz\/index.php?rest_route=\/wp\/v2\/users\/1"}],"replies":[{"embeddable":true,"href":"https:\/\/analyse.optim.biz\/index.php?rest_route=%2Fwp%2Fv2%2Fcomments&post=791946"}],"version-history":[{"count":0,"href":"https:\/\/analyse.optim.biz\/index.php?rest_route=\/wp\/v2\/posts\/791946\/revisions"}],"wp:featuredmedia":[{"embeddable":true,"href":"https:\/\/analyse.optim.biz\/index.php?rest_route=\/wp\/v2\/media\/791947"}],"wp:attachment":[{"href":"https:\/\/analyse.optim.biz\/index.php?rest_route=%2Fwp%2Fv2%2Fmedia&parent=791946"}],"wp:term":[{"taxonomy":"category","embeddable":true,"href":"https:\/\/analyse.optim.biz\/index.php?rest_route=%2Fwp%2Fv2%2Fcategories&post=791946"},{"taxonomy":"post_tag","embeddable":true,"href":"https:\/\/analyse.optim.biz\/index.php?rest_route=%2Fwp%2Fv2%2Ftags&post=791946"}],"curies":[{"name":"wp","href":"https:\/\/api.w.org\/{rel}","templated":true}]}}