{"id":791147,"date":"2025-12-01T00:00:00","date_gmt":"2025-11-30T21:00:00","guid":{"rendered":"https:\/\/analyse.optim.biz\/?p=791147"},"modified":"2025-12-01T00:00:00","modified_gmt":"2025-11-30T21:00:00","slug":"begona-trinco-un-millon-si-se-confirma-a-prision-periodista-digital","status":"publish","type":"post","link":"https:\/\/analyse.optim.biz\/?p=791147","title":{"rendered":"\u00bfBego\u00f1a trinc\u00f3 un mill\u00f3n? \u00a1Si se confirma, a prisi\u00f3n! &#8211; Periodista Digital"},"content":{"rendered":"<div class=\"m4p-post-content\">\n<p>Les vamos a confesar que han sido meses duros de ver c\u00f3mo los socialistas, ministros, familia del Presidente, nos mangoneaban en nuestras caras y no pasaba nada. Pero eso se acab\u00f3.<\/p>\n<p>Por suerte este final de 2025 y arranque del 2026 va a dejar a un <strong>Pedro S\u00e1nchez<\/strong> sumido en la m\u00e1s dura de sus depresiones pol\u00edticas, porque ya es hora de que los <strong>Santos Cerd\u00e1n<\/strong>, <strong>\u00c1balos<\/strong>, <strong>Koldo<\/strong> y <strong>Aldama<\/strong> de la vida canten de lo lindo.<\/p>\n<p>Ya lo han empezado a hacer y aqu\u00ed lo disfrutamos con alegr\u00eda. En <em>Periodista Digital<\/em> este lunes 1 de diciembre de 2025 tenemos una edici\u00f3n especial de \u2018La Retaguardia a Fondo, con dos de los profesionales que m\u00e1s saben de todo el proceso judicial de Bego\u00f1a y compa\u00f1\u00eda. Hablamos de <strong>Miguel Bernad<\/strong> y <strong>Luis Mar\u00eda Pardo<\/strong>, que con sus organizaciones, Manos Limpias y Iustitia Europa, son parte de las acusaciones populares.<\/p>\n<p>Mucha categor\u00eda y espectaculares titulares los que se nos vienen encima.<\/p>\n<\/div>\n<p> Source URL: https:\/\/www.periodistadigital.com\/periodismo\/20251201\/begona-trinco-millon-confirma-prision-video-689405159130\/<\/p>\n","protected":false},"excerpt":{"rendered":"<p>Les vamos a confesar que han sido meses duros de ver c\u00f3mo los socialistas, ministros, familia del Presidente, nos mangoneaban en nuestras caras y no pasaba nada. Pero eso se acab\u00f3. Por suerte este final de 2025 y arranque del 2026 va a dejar a un Pedro S\u00e1nchez sumido en la m\u00e1s dura de sus [&hellip;]<\/p>\n","protected":false},"author":1,"featured_media":791148,"comment_status":"open","ping_status":"","sticky":false,"template":"","format":"standard","meta":{"footnotes":""},"categories":[88],"tags":[112],"class_list":["post-791147","post","type-post","status-publish","format-standard","has-post-thumbnail","hentry","category-spain","tag-periodistadigital-com"],"_links":{"self":[{"href":"https:\/\/analyse.optim.biz\/index.php?rest_route=\/wp\/v2\/posts\/791147","targetHints":{"allow":["GET"]}}],"collection":[{"href":"https:\/\/analyse.optim.biz\/index.php?rest_route=\/wp\/v2\/posts"}],"about":[{"href":"https:\/\/analyse.optim.biz\/index.php?rest_route=\/wp\/v2\/types\/post"}],"author":[{"embeddable":true,"href":"https:\/\/analyse.optim.biz\/index.php?rest_route=\/wp\/v2\/users\/1"}],"replies":[{"embeddable":true,"href":"https:\/\/analyse.optim.biz\/index.php?rest_route=%2Fwp%2Fv2%2Fcomments&post=791147"}],"version-history":[{"count":0,"href":"https:\/\/analyse.optim.biz\/index.php?rest_route=\/wp\/v2\/posts\/791147\/revisions"}],"wp:featuredmedia":[{"embeddable":true,"href":"https:\/\/analyse.optim.biz\/index.php?rest_route=\/wp\/v2\/media\/791148"}],"wp:attachment":[{"href":"https:\/\/analyse.optim.biz\/index.php?rest_route=%2Fwp%2Fv2%2Fmedia&parent=791147"}],"wp:term":[{"taxonomy":"category","embeddable":true,"href":"https:\/\/analyse.optim.biz\/index.php?rest_route=%2Fwp%2Fv2%2Fcategories&post=791147"},{"taxonomy":"post_tag","embeddable":true,"href":"https:\/\/analyse.optim.biz\/index.php?rest_route=%2Fwp%2Fv2%2Ftags&post=791147"}],"curies":[{"name":"wp","href":"https:\/\/api.w.org\/{rel}","templated":true}]}}