{"id":789358,"date":"2015-03-30T16:49:00","date_gmt":"2015-03-30T13:49:00","guid":{"rendered":"https:\/\/analyse.optim.biz\/?p=789358"},"modified":"2015-03-30T16:49:00","modified_gmt":"2015-03-30T13:49:00","slug":"mosia-lulutzei-dna-refuza-sa-spuna-daca-laura-kovesi-si-tatal-ei-ioan-lascu-au-fost-cercetati-penal-in-2010-in-legatura-cu-promovarea-unui-recurs-in-interesul-legii-in-favoarea-afaceristului","status":"publish","type":"post","link":"https:\/\/analyse.optim.biz\/?p=789358","title":{"rendered":"MOSIA LULUTZEI \u2013 DNA refuza sa spuna daca Laura Kovesi si tatal ei Ioan Lascu au fost cercetati penal in 2010 in legatura cu promovarea unui recurs in interesul legii in favoarea afaceristului penal Ilie Carabulea. Culmea, ex-prim-procurorul PJ Sibiu Florin Apostu si Ilie Carabulea au fost condamnati la 5 ani inchisoare pentru trafic de influenta pe langa Procurorul General al Romaniei Laura Kovesi, in conditiile in care recursul a fost promovat (Refuzul)"},"content":{"rendered":"<article id=\"article-content\">\n<h1>MOSIA LULUTZEI \u2013 DNA refuza sa spuna daca Laura Kovesi si tatal ei Ioan Lascu au fost cercetati penal in 2010 in legatura cu promovarea unui recurs in interesul legii in favoarea afaceristului penal Ilie Carabulea. Culmea, ex-prim-procurorul PJ Sibiu Florin Apostu si Ilie Carabulea au fost condamnati la 5 ani inchisoare pentru trafic de influenta pe langa Procurorul General al Romaniei Laura Kovesi, in conditiile in care recursul a fost promovat (Refuzul)<\/h1>\n<section id=\"article-info\">\n<p class=\"author\">Scris de: Razvan SAVALIUC | <a href=\"https:\/\/www.luju.ro\/mosia-lulutzei-dna-refuza-sa-spuna-daca-laura-kovesi-si-tatal-ei-ioan-lascu-au-fost-cercetati-penal-in-2010-in-legatura-cu-promovarea-unui-recurs-in-interesul-legii-in-favoarea-afaceristului-penal-ilie-carabulea-culmea-ex-prim-procurorul-pj-sibiu-florin-a?pdf\" title=\"PDF\"><img decoding=\"async\" src=\"https:\/\/analyse.optim.biz\/wp-content\/uploads\/2025\/12\/pdf-122.png\" alt=\"pdf\" title=\"pdf-122\"><\/a> | <a href=\"https:\/\/www.luju.ro\/mosia-lulutzei-dna-refuza-sa-spuna-daca-laura-kovesi-si-tatal-ei-ioan-lascu-au-fost-cercetati-penal-in-2010-in-legatura-cu-promovarea-unui-recurs-in-interesul-legii-in-favoarea-afaceristului-penal-ilie-carabulea-culmea-ex-prim-procurorul-pj-sibiu-florin-a?print=1\" class=\"external\" title=\"Imprimare\"><img decoding=\"async\" src=\"https:\/\/analyse.optim.biz\/wp-content\/uploads\/2025\/12\/print-122.png\" alt=\"print\" title=\"print-122\"><\/a><\/p>\n<div class=\"info flex-container\">\n<div class=\"date\">30 March 2015 16:49<\/div>\n<div>Vizualizari: 29920<\/div>\n<\/div>\n<\/section>\n<section id=\"article-body\">\n<section id=\"page\" class=\"cf\">\n<div>\n<p align=\"JUSTIFY\"><span><span><img loading=\"lazy\" decoding=\"async\" src=\"https:\/\/analyse.optim.biz\/wp-content\/uploads\/2025\/12\/kovesi_20_mai_2010_016-1.jpg\" width=\"400\" height=\"225\" title=\"kovesi_20_mai_2010_016-1\">Patronata de <\/span><\/span><span><span><strong>Laura Kovesi <\/strong><\/span><\/span><span><span><span><strong>(foto)<\/strong><\/span><\/span><\/span><span><span> DNA refuza sa spuna ce s-a intamplat cu dosarul de coruptie in care a fost implicat, printre altii, si Ioan Lascu (tatal Laurei Kovesi), legat de activitatile infractionale, de trafic de influenta, care au precedat promovarea de catre fosta Procuror General al Romaniei, in decembrie 2010, a unui recurs in interesul legii in favoarea ATLASSIB \u2013 firma afaceristului penal Ilie Carabulea.<\/span><\/span><\/p>\n<hr>\n<p align=\"JUSTIFY\"><span><span>Amintim ca in august 2010, Serviciul teritorial DNA Alba a surprins interceptari intre infractorii Florin Apostu (fost prim-procuror al PJ Sibiu) si Ilie Carabulea (patronul ATLASSIB), planuind sa o determine pe Laura Kovesi, pe atunci Procuror General al Romaniei, sa promoveze un recurs in interesul legii in favoarea firmei ATLASSIB, recurs care daca ar fi fost admis<\/span><\/span><span><span><span> ar fi insemnat ca firma de transporturi internationale sa fie scutita de plata a sute de mi de euro <\/span><\/span><\/span><span><span><span>pentru diurnele soferilor care plecau in curse in strainatate.<\/span><\/span><\/span><span><span> Pe tehnica DNA, condus in august 2010 de Daniel Morar, a cazut si fostul prim-procuror al Parchetului Medias, Ioan Lascu \u2013 tatal lui Kovesi, care il indruma pe infractorul Apostu sa duca la fii-sa la cabinet memoriul pentru promovarea recursului in interesul legii.<\/span><\/span><\/p>\n<p align=\"JUSTIFY\"><span><span><span><strong>Tata Lascu: \u201c<\/strong><\/span><\/span><\/span><em><span><span><span><strong>Stii tu cum e cu CARABULEA&#8230; <\/strong><\/span><\/span><\/span><\/em><strong><span><span><span>Sa trimita un memoriu acolo si gata\u201d<\/span><\/span><\/span><\/strong><\/p>\n<p align=\"JUSTIFY\"><span><span>Iata cam ce spunea in interceptari Ioan Lascu, tatal lui Kovesi: \u201c<\/span><\/span><em><span><span><span>&#8230;<\/span><\/span><\/span><\/em><em><span><span><span><em><strong>Nici eu n-am vorbit de-o saptamana cu ea si nu stiu daca primeste in audienta. Stii tu cum e cu CARABULEA si Sibiu si chestii. Stii si\u2026 audienta (&#8230;) in al doilea rand a incercat si partea adversa sa ajunga la ea si l-a refuzat. Si-apoi iti dai seama daca ajunge asta, iti dai seama ce&#8230; (\u2026)<\/strong><\/em><\/span><\/span><\/span><\/em><strong><span><span><span><em>Da, sigur. Sa trimita un memoriu acolo si gata. Sigur ca da, e mai bine asa<\/em><\/span><\/span><\/span><\/strong><em><span><span>\u201d. <\/span><\/span><\/em><\/p>\n<p align=\"JUSTIFY\"><span><span><strong>Si ce sa vezi ce coincidenta: dupa discutia interceptata, si dupa ce aceeasi Kovesi a avut<\/strong><\/span><\/span><strong><span><span> la 24 septembrie 2010 o intalnire cu prim-procurorul Apostu in biroul acestuia de la PJ Sibiu,<\/span><\/span><\/strong><span><span><strong> Laura Kovesi a promovat recursul in interesul legii<\/strong><\/span><\/span><span><span>, desi anterior, atentie, firmei afaceristului penal Ilie Carabulea i s-au respins cinci solicitari similare. Dovada ca recursul in interesul legii a fost promovat in mod nejustificat sta in faptul ca Sectiile Unite ale Inaltei Curti l-au respins ca \u201cinadmisibi\u201d  la 21 februarie 2011.<\/span><\/span><\/p>\n<p align=\"JUSTIFY\"><span><span><strong>Procurorii DNA i-au<\/strong><\/span><\/span><strong><span><span>trimis in judecata pe Ilie Carabulea (cumparator de influenta si datator de mita) alaturi de fostul prim-procuror al Parchetului Judecatoriei Sibiu Florin Apostu (traficant de influenta si primitor de mita) sub acuzatia ca cel din urma, in schimbul mitei primite (folosirea unei limuzine Audi A6 si altele) de la Carabulea a promis interventia pe langa colega sa Laura Codruta Kovesi \u2013 Procuror General al Romaniei, in scopul promovarii unui recurs in interesul legii in favoarea Atlassib SRL<\/span><\/span><\/strong><span><span><span>. Prin decizia nr. 1300 din 25 aprilie 2012 (Dosar nr. 1628\/36\/2010), judecatorii ICCJ Mirela Sorina Popescu, Georgeta Barbalata si Ilie Iulian Dragomir i-au condamnat definitiv pe coruptii Ilie Carabulea si Florin Apostu la <\/span><\/span><\/span><span><span><span><strong>5 ani de inchisoare cu executare<\/strong><\/span><\/span><\/span><span><span><span>, retinandu-se ca cel din urma a primit mita pentru a interveni la Procurorul General al Romaniei Laura Kovesi in scopul promovarii recursului in interesul legii. Sentinta a ramas definitiva. <\/span><\/span><\/span><\/p>\n<p align=\"JUSTIFY\"><span><span><span>Ciudat insa, tatal lui Kovesi, dar si aceasta nu au factut obiectul unei inculpari din partea procurorilor DNA condusi pe atunci de Daniel Morar.<\/span><\/span><\/span><\/p>\n<p align=\"JUSTIFY\"><span><span><span><strong>DNA condus de Kovesi ne-a servit placa cu secretul la intrebarea daca Kovesi si tatal ei au fost cercetati penal<\/strong><\/span><\/span><\/span><\/p>\n<p align=\"JUSTIFY\"><span><span><span>Pentru a descifra misterul, i<\/span><\/span><\/span><span><span>n data de 4 martie 2015, Lumeajustitiei.ro a adresat DNA, printre altele, urmatoarele intrebari:<\/span><\/span><\/p>\n<p align=\"JUSTIFY\"><em><span>\u201c<span><em>1 &#8211; <\/em><\/span><\/span><\/em><em><span><span><span><em><strong>a existat vreun dosar\/lucrare\/disjungere pe numele Laura Codruta Kovesi si\/sau pe numele tatalui acesteia fostul procuror Ioan Lascu, in perioada cand aceasta era Procuror General al Romaniei<\/strong><\/em><\/span><\/span><\/span><\/em><em><span><span>, legat de actele de coruptie pentru care omul de afaceri Ilie Carabulea si ex-prim procurorul PJ Sibiu Florin Apostu au fost trimisi in judecata si condamnati definitiv pentru trafic de influenta pe langa Procurorul General al Romaniei in vederea promovarii unui recurs in interesul legii in favoarea firmei Atlassib? <\/span><\/span><\/em><em><span><span><span><em><strong>Daca a existat vreun dosar\/lucrare\/disjungere, va rugam sa ne comunicati care a fost solutia in respectiva cauza sau care e stadiul in care se afla<\/strong><\/em><\/span><\/span><\/span><\/em><em><span><span>;<\/span><\/span><\/em><\/p>\n<p align=\"JUSTIFY\"><em><span><span>2 &#8211; in conditiile in care exista procese verbale de interceptare (stenograme cu parte din aceste convorbiri au aparut in presa) privind pe fostul procuror Ioan Lascu, va rugam sa ne precizati in ce dosar s-a emis autorizatie de interceptare pe numele Ioan Lascu?\u201d<\/span><\/span><\/em><\/p>\n<p align=\"JUSTIFY\"><em><span><span><span><strong>Prin adresa nr<\/strong><\/span><\/span><\/span><\/em><span><span><strong>.<\/strong><\/span><\/span><span><span><strong> 729\/VIII\/2\/2015 din 23 martie 2015, DNA a refuzat sa ne raspunda la intrebari, invocand in mod neadevarat ca datele ar fi exceptate de la informarea publicului. <\/strong><\/span><\/span><\/p>\n<p align=\"JUSTIFY\"><span><span><strong>Iata raspunsul<\/strong><\/span><\/span><span><span>: <\/span><\/span><span><span><em>\u201c<\/em><\/span><\/span><span><span><em>Urmare solicitarii dumneavoastra din data de 4 martie 2015 facuta in baza Legii nr. 544\/2001, va aducem la cunostinta faptul ca deciziile Inaltei Curti de Casatie si Justitie pronuntate in cadrul recursurilor in interesul legii sunt publice si le puteti accesa si studia. Totodata, va informam ca <\/em><\/span><\/span><span><span><em><strong>celelalte informatii solicitate de dumneavoastra exced informatiilor de interes public prevazute de Legea nr.544\/2001, fiind aplicabile dispozitiile <\/strong><\/em><\/span><\/span><span><span><span><em><strong>art.12<\/strong><\/em><\/span><\/span><\/span><span><span><em><strong> din actul normativ mentionat anterior<\/strong><\/em><\/span><\/span><span><span><em>.\u201d <\/em><\/span><\/span><\/p>\n<p align=\"JUSTIFY\"><span><span>Evident, faptul ca o persoana a facut sau nu obiectul unor cercetari, precum si solutia finala data nu constituie o informatie exceptata de la informarea publicului. Acest lucru rezulta nu doar din lege, dar mai ales din faptul ca DNA da publicitatii intotdeauna informatii despre persoanele pe care le pune sub invinuire, le trimite in judecata, sau le retine ori le propune pentru arestare. <\/span><\/span><\/p>\n<p align=\"JUSTIFY\"><span><span><span><strong>Tinand cont ca DNA e condusa chiar de Laura Kovesi, pentru noi este limpede de ce nu s-a raspuns<\/strong><\/span><\/span><\/span><span><span>. <\/span><\/span><\/p>\n<p align=\"JUSTIFY\"><span><span>Chiar si o citire a articolului 12 din Legea 544\/2001 privind liberul acces la informatiile de interes public arata ca ceea ce am intrebat noi nu constituie o informatie de tinut la secret:<\/span><\/span><\/p>\n<p align=\"JUSTIFY\"><span><span><em><strong>Art. 12 din Legea 544\/2001<\/strong><\/em><\/span><\/span><span><span><em>: \u201c(1) <\/em><\/span><\/span><span><span><em><strong>Se excepteaza de la accesul liber al cetatenilor, prevazut la art. 1, urmatoarele informatii<\/strong><\/em><\/span><\/span><span><span><em>:<\/em><\/span><\/span><\/p>\n<p align=\"JUSTIFY\"><span><span><em>a) informatiile din domeniul apararii nationale, sigurantei si ordinii publice, daca fac parte din categoriile informatiilor clasificate, potrivit legii;<\/em><\/span><\/span><\/p>\n<p align=\"JUSTIFY\"><span><span><em>b) informatiile privind deliberarile autoritatilor, precum si cele care privesc interesele economice si politice ale Romaniei, daca fac parte din categoria informatiilor clasificate, potrivit legii;<\/em><\/span><\/span><\/p>\n<p align=\"JUSTIFY\"><span><span><em>c) informatiile privind activitatile comerciale sau financiare, daca publicitatea acestora aduce atingere principiului concurentei loiale, potrivit legii;<\/em><\/span><\/span><\/p>\n<p align=\"JUSTIFY\"><span><span><em>d) informatiile cu privire la datele personale, potrivit legii;<\/em><\/span><\/span><\/p>\n<p align=\"JUSTIFY\"><span><span><em>e) informatiile privind procedura in timpul anchetei penale sau disciplinare, daca se pericliteaza rezultatul anchetei, se dezvaluie surse confidentiale ori se pun in pericol viata, integritatea corporala, sanatatea unei persoane in urma anchetei efectuate sau in curs de desfasurare;<\/em><\/span><\/span><\/p>\n<p align=\"JUSTIFY\"><span><span><em>f) informatiile privind procedurile judiciare, daca publicitatea acestora aduce atingere asigurarii unui proces echitabil ori interesului legitim al oricareia dintre partile implicate in proces;<\/em><\/span><\/span><\/p>\n<p align=\"JUSTIFY\"><span><span><em>g) informatiile a caror publicare prejudiciaza masurile de protectie a tinerilor.\u201d<\/em><\/span><\/span><\/p>\n<p align=\"JUSTIFY\"><span><span>Si pentru ca tupeul DNA sa fie complet, in finalul raspunsului oferit ni s-au dat urmatoarele indicatii: \u201c<strong>In cazul in care aveti indicii despre savarsirea unor fapte de coruptie care sunt de competenta Directiei Nationale Anticoruptie, puteti proceda la formularea unei plangeri sau denunt<\/strong>\u201d<em>.<\/em><\/span><\/span><\/p>\n<p align=\"JUSTIFY\"><span><span><span><strong><a href=\"https:\/\/www.luju.ro\/static\/files\/2015\/martie\/30\/DNA_rspuns_729.mark.pdf\">* Cititi aici integral refuzul DNA de a raspunde privitor la Laura Kovesi si tatal ei Ioan Lascu<\/a><\/strong><\/span><\/span><\/span><\/p>\n<p align=\"JUSTIFY\"><span><span><span><strong><a href=\"https:\/\/www.luju.ro\/dezvaluiri\/musamalizari\/ce-facusi-lulutza-parchetul-laurei-kovesi-a-respins-in-2010-cinci-solicitari-de-recurs-in-interesul-legii-pentru-afaceristul-ilie-carabulea-coincidenta-dupa-ce-tatal-lui-kovesi-a-fost-interceptat-spunand-infractorilor-sa-duca-un-memoriu-la-fii-sa-la-cabin\">* Cititi aici interceptarile cu Ioan Lascu si intreaga poveste a acestei afaceri sulfuroase, cu documente<\/a><\/strong><\/span><\/span><\/span><\/p>\n<\/div>\n<\/section>\n<\/section>\n<section id=\"comments-boxes\">\n<div class=\"heading\">\n<h2>Comentarii<\/h2>\n<\/div>\n<div class=\"comment\" id=\"comentariu-161814\">\n<div class=\"commentBody\">\n<div class=\"commentDate\">\n<p class=\"comment-details cf\"><span class=\"comment-id\"><br \/>\n\t\t\t\t\t\t\t\t#<br \/>\n\t\t\t\t\t\t\t\t<strong>Iohanis<\/strong><img decoding=\"async\" src=\"https:\/\/analyse.optim.biz\/wp-content\/uploads\/2025\/12\/calendar-112.png\" alt=\"date\" title=\"calendar-112\"><br \/>\n\t\t\t\t\t\t\t\t30 March 2015 18:18<br \/>\n\t\t\t\t\t\t\t<\/span><span class=\"comment-quality cf\"><span class=\"green\">+34<\/span><\/span><\/p>\n<\/div>\n<div class=\"commentContent\">o tara in care DNA e lasat de capul lui si nimeni nu vrea sa vada ce se vede de la o posta. numai anticoruptie nu se face aici<\/div>\n<ul class=\"cf cactions\">\n<li><a class=\"comment-161814\" href rel=\"raspunde\" title=\"Raspunde\">Raspunde<\/a><\/li>\n<li>|<\/li>\n<li><a href class=\"comment-161814\" rel=\"raspunde-citeaza\" title=\"Raspunde cu citat\">Raspunde cu citat<\/a><\/li>\n<li>|<\/li>\n<li><a href class=\"comment-161814\" title=\"Citat\" rel=\"citeaza\">Citat<\/a><\/li>\n<\/ul>\n<\/div>\n<div class=\"sub-comment\" id=\"comentariu-161827\">\n<div class=\"commentBody\">\n<div class=\"commentDate\">\n<p class=\"comment-details cf\"><span class=\"comment-id\"><br \/>\n\t\t\t\t\t\t\t\t#<br \/>\n\t\t\t\t\t\t\t\t<strong>copyst<\/strong><img decoding=\"async\" src=\"https:\/\/analyse.optim.biz\/wp-content\/uploads\/2025\/12\/calendar-112.png\" alt=\"date\" title=\"calendar-112\"><br \/>\n\t\t\t\t\t\t\t\t30 March 2015 19:49<br \/>\n\t\t\t\t\t\t\t<\/span><span class=\"comment-quality cf\"><span class=\"green\">+22<\/span><\/span><\/p>\n<\/div>\n<div class=\"commentContent\">Altii pe asemenea interceptari &#8211; chiar neconcludente in unele cauze &#8211; au fost arestati preventiv. Oare principiul unicitatii legii (legea zice ca este unica pentru toti si peste tot) unde s-a ratacit?<\/div>\n<ul class=\"cf cactions\">\n<li><a class=\"comment-161827\" href rel=\"raspunde\" title=\"Raspunde\">Raspunde<\/a><\/li>\n<li>|<\/li>\n<li><a href class=\"comment-161827\" rel=\"raspunde-citeaza\" title=\"Raspunde cu citat\">Raspunde cu citat<\/a><\/li>\n<li>|<\/li>\n<li><a href class=\"comment-161827\" title=\"Citat\" rel=\"citeaza\">Citat<\/a><\/li>\n<\/ul>\n<\/div>\n<\/div>\n<div class=\"sub-comment\" id=\"comentariu-161829\">\n<div class=\"commentBody\">\n<div class=\"commentDate\">\n<p class=\"comment-details cf\"><span class=\"comment-id\"><br \/>\n\t\t\t\t\t\t\t\t#<br \/>\n\t\t\t\t\t\t\t\t<strong>Cine o poate cerceta pe LCK?<\/strong><img decoding=\"async\" src=\"https:\/\/analyse.optim.biz\/wp-content\/uploads\/2025\/12\/calendar-112.png\" alt=\"date\" title=\"calendar-112\"><br \/>\n\t\t\t\t\t\t\t\t30 March 2015 20:01<br \/>\n\t\t\t\t\t\t\t<\/span><span class=\"comment-quality cf\"><span class=\"green\">+23<\/span><\/span><\/p>\n<\/div>\n<div class=\"commentContent\">Se impun\u00a0cercet\u0103ri fa\u021b\u0103 de LAURA CODRU\u021aA KOVESI, \u00a0sub aspectul infractiunilor de abuz \u00een serviciu prev\/ ped de art. 246 CP &#8211; favorizarea infractorului; \u00a0art. 264 CP &#8211; favorizarea infractorului, art 289 CP &#8211; fals intelectual, cu aplicarea art. 25 \u0219i 26 C. P.<\/div>\n<ul class=\"cf cactions\">\n<li><a class=\"comment-161829\" href rel=\"raspunde\" title=\"Raspunde\">Raspunde<\/a><\/li>\n<li>|<\/li>\n<li><a href class=\"comment-161829\" rel=\"raspunde-citeaza\" title=\"Raspunde cu citat\">Raspunde cu citat<\/a><\/li>\n<li>|<\/li>\n<li><a href class=\"comment-161829\" title=\"Citat\" rel=\"citeaza\">Citat<\/a><\/li>\n<\/ul>\n<\/div>\n<\/div>\n<div class=\"sub-comment\" id=\"comentariu-162226\">\n<div class=\"commentBody\">\n<div class=\"commentDate\">\n<p class=\"comment-details cf\"><span class=\"comment-id\"><br \/>\n\t\t\t\t\t\t\t\t#<br \/>\n\t\t\t\t\t\t\t\t<strong>peticuta<\/strong><img decoding=\"async\" src=\"https:\/\/analyse.optim.biz\/wp-content\/uploads\/2025\/12\/calendar-112.png\" alt=\"date\" title=\"calendar-112\"><br \/>\n\t\t\t\t\t\t\t\t 2 April 2015 22:19<br \/>\n\t\t\t\t\t\t\t<\/span><span class=\"comment-quality cf\"><span class=\"green\">+3<\/span><\/span><\/p>\n<\/div>\n<div class=\"commentContent\">dar pentru dosarele revolutiei si mineriadei cine raspunde??exista abuz\/neglijenta in serviciu din partea d-nei kovesi??dar incalcarea deontologiei profesionale??csm-ule, se aude???<\/div>\n<ul class=\"cf cactions\">\n<li><a class=\"comment-162226\" href rel=\"raspunde\" title=\"Raspunde\">Raspunde<\/a><\/li>\n<li>|<\/li>\n<li><a href class=\"comment-162226\" rel=\"raspunde-citeaza\" title=\"Raspunde cu citat\">Raspunde cu citat<\/a><\/li>\n<li>|<\/li>\n<li><a href class=\"comment-162226\" title=\"Citat\" rel=\"citeaza\">Citat<\/a><\/li>\n<\/ul>\n<\/div>\n<\/div>\n<\/div>\n<div class=\"comment\" id=\"comentariu-161819\">\n<div class=\"commentBody\">\n<div class=\"commentDate\">\n<p class=\"comment-details cf\"><span class=\"comment-id\"><br \/>\n\t\t\t\t\t\t\t\t#<br \/>\n\t\t\t\t\t\t\t\t<strong>obiectiva<\/strong><img decoding=\"async\" src=\"https:\/\/analyse.optim.biz\/wp-content\/uploads\/2025\/12\/calendar-112.png\" alt=\"date\" title=\"calendar-112\"><br \/>\n\t\t\t\t\t\t\t\t30 March 2015 18:53<br \/>\n\t\t\t\t\t\t\t<\/span><span class=\"comment-quality cf\"><span class=\"green\">+25<\/span><\/span><\/p>\n<\/div>\n<div class=\"commentContent\">CITEZ DE PE FACEBOOK &#8230;&#8220;`Apropo, de ce nimeni nu este deranjat de faptul c\u0103 magistra\u021bii nu pot fi re\u021binu\u021bi, aresta\u021bi sau perchezi\u021bionati dec\u00e2t cu acordul CSM? \u00cen fond, vorbim despre o categorie profesional\u0103, nu despre reprezentan\u021bi ale\u0219i ai poporului. \u0218i nu scrie nici \u00een Constitu\u021bie&#8230;&#8220;` <img decoding=\"async\" src=\"https:\/\/analyse.optim.biz\/wp-content\/uploads\/2025\/12\/tongue-132.gif\" alt=\":P\" title=\"tongue-132\"><\/div>\n<ul class=\"cf cactions\">\n<li><a class=\"comment-161819\" href rel=\"raspunde\" title=\"Raspunde\">Raspunde<\/a><\/li>\n<li>|<\/li>\n<li><a href class=\"comment-161819\" rel=\"raspunde-citeaza\" title=\"Raspunde cu citat\">Raspunde cu citat<\/a><\/li>\n<li>|<\/li>\n<li><a href class=\"comment-161819\" title=\"Citat\" rel=\"citeaza\">Citat<\/a><\/li>\n<\/ul>\n<\/div>\n<div class=\"sub-comment\" id=\"comentariu-161830\">\n<div class=\"commentBody\">\n<div class=\"commentDate\">\n<p class=\"comment-details cf\"><span class=\"comment-id\"><br \/>\n\t\t\t\t\t\t\t\t#<br \/>\n\t\t\t\t\t\t\t\t<strong>turnatorul de serviciu<\/strong><img decoding=\"async\" src=\"https:\/\/analyse.optim.biz\/wp-content\/uploads\/2025\/12\/calendar-112.png\" alt=\"date\" title=\"calendar-112\"><br \/>\n\t\t\t\t\t\t\t\t30 March 2015 20:17<br \/>\n\t\t\t\t\t\t\t<\/span><span class=\"comment-quality cf\"><span class=\"green\">+19<\/span><\/span><\/p>\n<\/div>\n<div class=\"commentContent\">OBIECTIVA,exista asemenea prevederi in legislatia actuala???Si nimeni nu le-a contestat la CC??Explicatia e simpla:judecatorii sunt asimilati serviciilor iar tot ce se leaga de servicii, se situeaza deasupra tuturor legilor.Nu trebuie sa stii prea multa carte pentru a intelege ca nici un judecator nu va fi arestat preventiv, atata timp cat cei ce vor sa faca arestatrea, nu au avizul binomului CoKo!!!!!!! <img decoding=\"async\" src=\"https:\/\/analyse.optim.biz\/wp-content\/uploads\/2025\/12\/rolleyes-126.gif\" alt=\":roll:\" title=\"rolleyes-126\"><img decoding=\"async\" src=\"https:\/\/analyse.optim.biz\/wp-content\/uploads\/2025\/12\/rolleyes-126.gif\" alt=\":roll:\" title=\"rolleyes-126\"><img decoding=\"async\" src=\"https:\/\/analyse.optim.biz\/wp-content\/uploads\/2025\/12\/rolleyes-126.gif\" alt=\":roll:\" title=\"rolleyes-126\"><img decoding=\"async\" src=\"https:\/\/analyse.optim.biz\/wp-content\/uploads\/2025\/12\/redface-123.gif\" alt=\":o\" title=\"redface-123\">ops:&#8217; \/&gt;  <img decoding=\"async\" src=\"https:\/\/analyse.optim.biz\/wp-content\/uploads\/2025\/12\/redface-123.gif\" alt=\":o\" title=\"redface-123\">ops:&#8217; \/&gt;  <img decoding=\"async\" src=\"https:\/\/analyse.optim.biz\/wp-content\/uploads\/2025\/12\/redface-123.gif\" alt=\":o\" title=\"redface-123\">ops:&#8217; \/&gt;  <img decoding=\"async\" src=\"https:\/\/analyse.optim.biz\/wp-content\/uploads\/2025\/12\/redface-123.gif\" alt=\":o\" title=\"redface-123\">ops:&#8217; \/&gt;  <img decoding=\"async\" src=\"https:\/\/analyse.optim.biz\/wp-content\/uploads\/2025\/12\/shocked-134.gif\" alt=\":eek:\" title=\"shocked-134\"><img decoding=\"async\" src=\"https:\/\/analyse.optim.biz\/wp-content\/uploads\/2025\/12\/shocked-134.gif\" alt=\":eek:\" title=\"shocked-134\"><img decoding=\"async\" src=\"https:\/\/analyse.optim.biz\/wp-content\/uploads\/2025\/12\/shocked-134.gif\" alt=\":eek:\" title=\"shocked-134\"><img decoding=\"async\" src=\"https:\/\/analyse.optim.biz\/wp-content\/uploads\/2025\/12\/cool-129.gif\" alt=\"8)\" title=\"cool-129\"><img decoding=\"async\" src=\"https:\/\/analyse.optim.biz\/wp-content\/uploads\/2025\/12\/cool-129.gif\" alt=\"8)\" title=\"cool-129\"><img decoding=\"async\" src=\"https:\/\/analyse.optim.biz\/wp-content\/uploads\/2025\/12\/cool-129.gif\" alt=\"8)\" title=\"cool-129\"><img decoding=\"async\" src=\"https:\/\/analyse.optim.biz\/wp-content\/uploads\/2025\/12\/cool-129.gif\" alt=\"8)\" title=\"cool-129\"><\/div>\n<ul class=\"cf cactions\">\n<li><a class=\"comment-161830\" href rel=\"raspunde\" title=\"Raspunde\">Raspunde<\/a><\/li>\n<li>|<\/li>\n<li><a href class=\"comment-161830\" rel=\"raspunde-citeaza\" title=\"Raspunde cu citat\">Raspunde cu citat<\/a><\/li>\n<li>|<\/li>\n<li><a href class=\"comment-161830\" title=\"Citat\" rel=\"citeaza\">Citat<\/a><\/li>\n<\/ul>\n<\/div>\n<div class=\"sub-comment\" id=\"comentariu-161849\">\n<div class=\"commentBody\">\n<div class=\"commentDate\">\n<p class=\"comment-details cf\"><span class=\"comment-id\"><br \/>\n\t\t\t\t\t\t\t\t#<br \/>\n\t\t\t\t\t\t\t\t<strong>obiectiva<\/strong><img decoding=\"async\" src=\"https:\/\/analyse.optim.biz\/wp-content\/uploads\/2025\/12\/calendar-112.png\" alt=\"date\" title=\"calendar-112\"><br \/>\n\t\t\t\t\t\t\t\t30 March 2015 21:36<br \/>\n\t\t\t\t\t\t\t<\/span><span class=\"comment-quality cf\"><span class=\"green\">+5<\/span><\/span><\/p>\n<\/div>\n<div class=\"commentContent\">@turnatorul de serviciu, ai dreptate ! mare dreptate ! \u00a0<img decoding=\"async\" src=\"https:\/\/analyse.optim.biz\/wp-content\/uploads\/2025\/12\/tongue-132.gif\" alt=\":P\" title=\"tongue-132\"><\/div>\n<ul class=\"cf cactions\">\n<li><a class=\"comment-161849\" href rel=\"raspunde\" title=\"Raspunde\">Raspunde<\/a><\/li>\n<li>|<\/li>\n<li><a href class=\"comment-161849\" rel=\"raspunde-citeaza\" title=\"Raspunde cu citat\">Raspunde cu citat<\/a><\/li>\n<li>|<\/li>\n<li><a href class=\"comment-161849\" title=\"Citat\" rel=\"citeaza\">Citat<\/a><\/li>\n<\/ul>\n<\/div>\n<\/div>\n<\/div>\n<\/div>\n<div class=\"comment\" id=\"comentariu-161850\">\n<div class=\"commentBody\">\n<div class=\"commentDate\">\n<p class=\"comment-details cf\"><span class=\"comment-id\"><br \/>\n\t\t\t\t\t\t\t\t#<br \/>\n\t\t\t\t\t\t\t\t<strong>shrek<\/strong><img decoding=\"async\" src=\"https:\/\/analyse.optim.biz\/wp-content\/uploads\/2025\/12\/calendar-112.png\" alt=\"date\" title=\"calendar-112\"><br \/>\n\t\t\t\t\t\t\t\t30 March 2015 21:58<br \/>\n\t\t\t\t\t\t\t<\/span><span class=\"comment-quality cf\"><span class=\"green\">+17<\/span><\/span><\/p>\n<\/div>\n<div class=\"commentContent\">oau ce frumoasa este domnisoara. parca seamana cu mine!!!\u00a0 <img decoding=\"async\" src=\"https:\/\/analyse.optim.biz\/wp-content\/uploads\/2025\/12\/laugh-135.gif\" alt=\":D\" title=\"laugh-135\"><img decoding=\"async\" src=\"https:\/\/analyse.optim.biz\/wp-content\/uploads\/2025\/12\/laugh-135.gif\" alt=\":D\" title=\"laugh-135\"><img decoding=\"async\" src=\"https:\/\/analyse.optim.biz\/wp-content\/uploads\/2025\/12\/laugh-135.gif\" alt=\":D\" title=\"laugh-135\"><img decoding=\"async\" src=\"https:\/\/analyse.optim.biz\/wp-content\/uploads\/2025\/12\/laugh-135.gif\" alt=\":D\" title=\"laugh-135\"><\/div>\n<ul class=\"cf cactions\">\n<li><a class=\"comment-161850\" href rel=\"raspunde\" title=\"Raspunde\">Raspunde<\/a><\/li>\n<li>|<\/li>\n<li><a href class=\"comment-161850\" rel=\"raspunde-citeaza\" title=\"Raspunde cu citat\">Raspunde cu citat<\/a><\/li>\n<li>|<\/li>\n<li><a href class=\"comment-161850\" title=\"Citat\" rel=\"citeaza\">Citat<\/a><\/li>\n<\/ul>\n<\/div>\n<\/div>\n<div class=\"comment\" id=\"comentariu-161885\">\n<div class=\"commentBody\">\n<div class=\"commentDate\">\n<p class=\"comment-details cf\"><span class=\"comment-id\"><br \/>\n\t\t\t\t\t\t\t\t#<br \/>\n\t\t\t\t\t\t\t\t<strong>Salvamar<\/strong><img decoding=\"async\" src=\"https:\/\/analyse.optim.biz\/wp-content\/uploads\/2025\/12\/calendar-112.png\" alt=\"date\" title=\"calendar-112\"><br \/>\n\t\t\t\t\t\t\t\t31 March 2015 08:45<br \/>\n\t\t\t\t\t\t\t<\/span><span class=\"comment-quality cf\"><span class=\"green\">+11<\/span><\/span><\/p>\n<\/div>\n<div class=\"commentContent\">Serios? Secret pentru ca e vorba de Luluta?  Dar date despre existenta dosarelor premierului nu sunt secrete? Alea sunt la LIBER? Scurgerea de informatii din dosare, vezi spectacolul cu banii si tablourile lui Valcov, nu sunt secrete in faza asta?  Nesimtitilor, va pbateti joc de drepturile omului si de ceea ce ar trebui sa fie un stat democrat de drept.<\/div>\n<ul class=\"cf cactions\">\n<li><a class=\"comment-161885\" href rel=\"raspunde\" title=\"Raspunde\">Raspunde<\/a><\/li>\n<li>|<\/li>\n<li><a href class=\"comment-161885\" rel=\"raspunde-citeaza\" title=\"Raspunde cu citat\">Raspunde cu citat<\/a><\/li>\n<li>|<\/li>\n<li><a href class=\"comment-161885\" title=\"Citat\" rel=\"citeaza\">Citat<\/a><\/li>\n<\/ul>\n<\/div>\n<\/div>\n<div class=\"comment\" id=\"comentariu-161894\">\n<div class=\"commentBody\">\n<div class=\"commentDate\">\n<p class=\"comment-details cf\"><span class=\"comment-id\"><br \/>\n\t\t\t\t\t\t\t\t#<br \/>\n\t\t\t\t\t\t\t\t<strong>sam<\/strong><img decoding=\"async\" src=\"https:\/\/analyse.optim.biz\/wp-content\/uploads\/2025\/12\/calendar-112.png\" alt=\"date\" title=\"calendar-112\"><br \/>\n\t\t\t\t\t\t\t\t31 March 2015 11:08<br \/>\n\t\t\t\t\t\t\t<\/span><span class=\"comment-quality cf\"><span class=\"green\">+8<\/span><\/span><\/p>\n<\/div>\n<div class=\"commentContent\">nu se dezminte&#8230;.crede ca legea actioneaza pana la ea!&#8230;asa a crezut si Alina Bica!&#8230;<\/div>\n<ul class=\"cf cactions\">\n<li><a class=\"comment-161894\" href rel=\"raspunde\" title=\"Raspunde\">Raspunde<\/a><\/li>\n<li>|<\/li>\n<li><a href class=\"comment-161894\" rel=\"raspunde-citeaza\" title=\"Raspunde cu citat\">Raspunde cu citat<\/a><\/li>\n<li>|<\/li>\n<li><a href class=\"comment-161894\" title=\"Citat\" rel=\"citeaza\">Citat<\/a><\/li>\n<\/ul>\n<\/div>\n<div class=\"sub-comment\" id=\"comentariu-161900\">\n<div class=\"commentBody\">\n<div class=\"commentDate\">\n<p class=\"comment-details cf\"><span class=\"comment-id\"><br \/>\n\t\t\t\t\t\t\t\t#<br \/>\n\t\t\t\t\t\t\t\t<strong>profesionalism<\/strong><img decoding=\"async\" src=\"https:\/\/analyse.optim.biz\/wp-content\/uploads\/2025\/12\/calendar-112.png\" alt=\"date\" title=\"calendar-112\"><br \/>\n\t\t\t\t\t\t\t\t31 March 2015 12:22<br \/>\n\t\t\t\t\t\t\t<\/span><span class=\"comment-quality cf\"><span class=\"green\">+5<\/span><\/span><\/p>\n<\/div>\n<div class=\"commentContent\"> Citeza pe sam<\/p>\n<div class=\"cite\">nu se dezminte&#8230;.crede ca legea actioneaza pana la ea!&#8230;asa a crezut si Alina Bica!&#8230;<\/div>\n<p>Bica ia Berbeceanu, Kovesi ia Bica, pe Kovesi cine o ia?<\/p><\/div>\n<ul class=\"cf cactions\">\n<li><a class=\"comment-161900\" href rel=\"raspunde\" title=\"Raspunde\">Raspunde<\/a><\/li>\n<li>|<\/li>\n<li><a href class=\"comment-161900\" rel=\"raspunde-citeaza\" title=\"Raspunde cu citat\">Raspunde cu citat<\/a><\/li>\n<li>|<\/li>\n<li><a href class=\"comment-161900\" title=\"Citat\" rel=\"citeaza\">Citat<\/a><\/li>\n<\/ul>\n<\/div>\n<div class=\"sub-comment\" id=\"comentariu-162008\">\n<div class=\"commentBody\">\n<div class=\"commentDate\">\n<p class=\"comment-details cf\"><span class=\"comment-id\"><br \/>\n\t\t\t\t\t\t\t\t#<br \/>\n\t\t\t\t\t\t\t\t<strong>Sisistem<\/strong><img decoding=\"async\" src=\"https:\/\/analyse.optim.biz\/wp-content\/uploads\/2025\/12\/calendar-112.png\" alt=\"date\" title=\"calendar-112\"><br \/>\n\t\t\t\t\t\t\t\t 1 April 2015 05:33<br \/>\n\t\t\t\t\t\t\t<\/span><span class=\"comment-quality cf\"><span class=\"gray\">0<\/span><\/span><\/p>\n<\/div>\n<div class=\"commentContent\">Dumnezeu! <img decoding=\"async\" src=\"https:\/\/analyse.optim.biz\/wp-content\/uploads\/2025\/12\/unsure-122.gif\" alt=\":sigh:\" title=\"unsure-122\"><\/div>\n<ul class=\"cf cactions\">\n<li><a class=\"comment-162008\" href rel=\"raspunde\" title=\"Raspunde\">Raspunde<\/a><\/li>\n<li>|<\/li>\n<li><a href class=\"comment-162008\" rel=\"raspunde-citeaza\" title=\"Raspunde cu citat\">Raspunde cu citat<\/a><\/li>\n<li>|<\/li>\n<li><a href class=\"comment-162008\" title=\"Citat\" rel=\"citeaza\">Citat<\/a><\/li>\n<\/ul>\n<\/div>\n<div class=\"sub-comment\" id=\"comentariu-162021\">\n<div class=\"commentBody\">\n<div class=\"commentDate\">\n<p class=\"comment-details cf\"><span class=\"comment-id\"><br \/>\n\t\t\t\t\t\t\t\t#<br \/>\n\t\t\t\t\t\t\t\t<strong>mulder, agentul mulder<\/strong><img decoding=\"async\" src=\"https:\/\/analyse.optim.biz\/wp-content\/uploads\/2025\/12\/calendar-112.png\" alt=\"date\" title=\"calendar-112\"><br \/>\n\t\t\t\t\t\t\t\t 1 April 2015 09:10<br \/>\n\t\t\t\t\t\t\t<\/span><span class=\"comment-quality cf\"><span class=\"green\">+2<\/span><\/span><\/p>\n<\/div>\n<div class=\"commentContent\">gresit sa invoci numele Domnului! Fiindca e o doamna, edrept mai afurisita, o ia&#8230;&#8230; Sata&#8230;na sa faca ordine la &#8220;tubulatura cu cazane&#8221; <img decoding=\"async\" src=\"https:\/\/analyse.optim.biz\/wp-content\/uploads\/2025\/12\/whistling-134.gif\" alt=\":-*\" title=\"whistling-134\"><\/div>\n<ul class=\"cf cactions\">\n<li><a class=\"comment-162021\" href rel=\"raspunde\" title=\"Raspunde\">Raspunde<\/a><\/li>\n<li>|<\/li>\n<li><a href class=\"comment-162021\" rel=\"raspunde-citeaza\" title=\"Raspunde cu citat\">Raspunde cu citat<\/a><\/li>\n<li>|<\/li>\n<li><a href class=\"comment-162021\" title=\"Citat\" rel=\"citeaza\">Citat<\/a><\/li>\n<\/ul>\n<\/div>\n<\/div>\n<\/div>\n<\/div>\n<\/div>\n<div class=\"comment\" id=\"comentariu-162009\">\n<div class=\"commentBody\">\n<div class=\"commentDate\">\n<p class=\"comment-details cf\"><span class=\"comment-id\"><br \/>\n\t\t\t\t\t\t\t\t#<br \/>\n\t\t\t\t\t\t\t\t<strong>Sisistematic<\/strong><img decoding=\"async\" src=\"https:\/\/analyse.optim.biz\/wp-content\/uploads\/2025\/12\/calendar-112.png\" alt=\"date\" title=\"calendar-112\"><br \/>\n\t\t\t\t\t\t\t\t 1 April 2015 05:41<br \/>\n\t\t\t\t\t\t\t<\/span><span class=\"comment-quality cf\"><span class=\"green\">+2<\/span><\/span><\/p>\n<\/div>\n<div class=\"commentContent\">Atentie la neatentie! :)))Oricum, parca pana-n &#8217;89 si oleaca dupa nu era asa haos in justitie, nu ca nu ar fi fost corupti, banditi etc, dar parca nu se auzea in fiecare zi de reprezentantii legii ca  pleaca cu coada intre picioare si-o talanga agatata-n coada, basca bratari de fier  la incheietura mainii&#8230; Vai de urechile voastre  , voi astia din sistem, nu mai crede omu&#8217; o iota din ce scoateti pe gura sau pe pix&#8230; Tot inainte, sinuciderea profesionala in masa e garantata!  <img decoding=\"async\" src=\"https:\/\/analyse.optim.biz\/wp-content\/uploads\/2025\/12\/tongue-132.gif\" alt=\":P\" title=\"tongue-132\"><img decoding=\"async\" src=\"https:\/\/analyse.optim.biz\/wp-content\/uploads\/2025\/12\/sleeping-127.gif\" alt=\":zzz\" title=\"sleeping-127\"><img decoding=\"async\" src=\"https:\/\/analyse.optim.biz\/wp-content\/uploads\/2025\/12\/laugh-135.gif\" alt=\":D\" title=\"laugh-135\"><\/div>\n<ul class=\"cf cactions\">\n<li><a class=\"comment-162009\" href rel=\"raspunde\" title=\"Raspunde\">Raspunde<\/a><\/li>\n<li>|<\/li>\n<li><a href class=\"comment-162009\" rel=\"raspunde-citeaza\" title=\"Raspunde cu citat\">Raspunde cu citat<\/a><\/li>\n<li>|<\/li>\n<li><a href class=\"comment-162009\" title=\"Citat\" rel=\"citeaza\">Citat<\/a><\/li>\n<\/ul>\n<\/div>\n<\/div>\n<div class=\"comment\" id=\"comentariu-190320\">\n<div class=\"commentBody\">\n<div class=\"commentDate\">\n<p class=\"comment-details cf\"><span class=\"comment-id\"><br \/>\n\t\t\t\t\t\t\t\t#<br \/>\n\t\t\t\t\t\t\t\t<strong>biet roman saracu<\/strong><img decoding=\"async\" src=\"https:\/\/analyse.optim.biz\/wp-content\/uploads\/2025\/12\/calendar-112.png\" alt=\"date\" title=\"calendar-112\"><br \/>\n\t\t\t\t\t\t\t\t16 March 2016 22:58<br \/>\n\t\t\t\t\t\t\t<\/span><span class=\"comment-quality cf\"><span class=\"gray\">0<\/span><\/span><\/p>\n<\/div>\n<div class=\"commentContent\">buna fotografie&#8230;cat de diferita fata de &#8220;look&#8221;-ul de la TVR<\/div>\n<ul class=\"cf cactions\">\n<li><a class=\"comment-190320\" href rel=\"raspunde\" title=\"Raspunde\">Raspunde<\/a><\/li>\n<li>|<\/li>\n<li><a href class=\"comment-190320\" rel=\"raspunde-citeaza\" title=\"Raspunde cu citat\">Raspunde cu citat<\/a><\/li>\n<li>|<\/li>\n<li><a href class=\"comment-190320\" title=\"Citat\" rel=\"citeaza\">Citat<\/a><\/li>\n<\/ul>\n<\/div>\n<\/div>\n<\/section>\n<section id=\"comments\">\n<div class=\"heading\">\n<h2>Adauga comentariu<\/h2>\n<\/div>\n<div>\n<div id=\"emoticons-container\">\n<div id=\"comments-form-smilespanel\"><img decoding=\"async\" src=\"https:\/\/analyse.optim.biz\/wp-content\/uploads\/2025\/12\/laugh-136.gif\" alt=\":D\" class=\"smile\" title=\"laugh-136\"><img decoding=\"async\" src=\"https:\/\/analyse.optim.biz\/wp-content\/uploads\/2025\/12\/lol-137.gif\" alt=\":lol:\" class=\"smile\" title=\"lol-137\"><img decoding=\"async\" src=\"https:\/\/analyse.optim.biz\/wp-content\/uploads\/2025\/12\/smile-130.gif\" alt=\":-)\" class=\"smile\" title=\"smile-130\"><img decoding=\"async\" src=\"https:\/\/analyse.optim.biz\/wp-content\/uploads\/2025\/12\/wink-124.gif\" alt=\";-)\" class=\"smile\" title=\"wink-124\"><img decoding=\"async\" src=\"https:\/\/analyse.optim.biz\/wp-content\/uploads\/2025\/12\/cool-130.gif\" alt=\"8)\" class=\"smile\" title=\"cool-130\"><img decoding=\"async\" src=\"https:\/\/analyse.optim.biz\/wp-content\/uploads\/2025\/12\/normal-122.gif\" alt=\":-|\" class=\"smile\" title=\"normal-122\"><img decoding=\"async\" src=\"https:\/\/analyse.optim.biz\/wp-content\/uploads\/2025\/12\/whistling-135.gif\" alt=\":-*\" class=\"smile\" title=\"whistling-135\"><img decoding=\"async\" src=\"https:\/\/analyse.optim.biz\/wp-content\/uploads\/2025\/12\/redface-124.gif\" alt=\":oops:\" class=\"smile\" title=\"redface-124\"><img decoding=\"async\" src=\"https:\/\/analyse.optim.biz\/wp-content\/uploads\/2025\/12\/sad-127.gif\" alt=\":sad:\" class=\"smile\" title=\"sad-127\"><img decoding=\"async\" src=\"https:\/\/analyse.optim.biz\/wp-content\/uploads\/2025\/12\/cry-130.gif\" alt=\":cry:\" class=\"smile\" title=\"cry-130\"><img decoding=\"async\" src=\"https:\/\/analyse.optim.biz\/wp-content\/uploads\/2025\/12\/surprised-129.gif\" alt=\":o\" class=\"smile\" title=\"surprised-129\"><img decoding=\"async\" src=\"https:\/\/analyse.optim.biz\/wp-content\/uploads\/2025\/12\/confused-124.gif\" alt=\":-?\" class=\"smile\" title=\"confused-124\"><img decoding=\"async\" src=\"https:\/\/analyse.optim.biz\/wp-content\/uploads\/2025\/12\/sick-137.gif\" alt=\":-x\" class=\"smile\" title=\"sick-137\"><img decoding=\"async\" src=\"https:\/\/analyse.optim.biz\/wp-content\/uploads\/2025\/12\/shocked-135.gif\" alt=\":eek:\" class=\"smile\" title=\"shocked-135\"><img decoding=\"async\" src=\"https:\/\/analyse.optim.biz\/wp-content\/uploads\/2025\/12\/sleeping-128.gif\" alt=\":zzz\" class=\"smile\" title=\"sleeping-128\"><img decoding=\"async\" src=\"https:\/\/analyse.optim.biz\/wp-content\/uploads\/2025\/12\/tongue-133.gif\" alt=\":P\" class=\"smile\" title=\"tongue-133\"><img decoding=\"async\" src=\"https:\/\/analyse.optim.biz\/wp-content\/uploads\/2025\/12\/rolleyes-127.gif\" alt=\":roll:\" class=\"smile\" title=\"rolleyes-127\"><img decoding=\"async\" src=\"https:\/\/analyse.optim.biz\/wp-content\/uploads\/2025\/12\/unsure-123.gif\" alt=\":sigh:\" class=\"smile\" title=\"unsure-123\"><\/div>\n<\/div>\n<\/div>\n<div class=\"text-center\">\n<p>DISCLAIMER<\/p>\n<p>Atentie! Postati pe propria raspundere!<br \/> Inainte de a posta, cititi aici regulamentul: <a href=\"https:\/\/www.luju.ro\/termeni-legali-si-conditii\" title=\"Termeni legali si conditii\">Termeni legali si Conditii<\/a><\/p>\n<\/div>\n<\/section>\n<\/article>\n<p> Source URL: https:\/\/www.luju.ro\/mosia-lulutzei-dna-refuza-sa-spuna-daca-laura-kovesi-si-tatal-ei-ioan-lascu-au-fost-cercetati-penal-in-2010-in-legatura-cu-promovarea-unui-recurs-in-interesul-legii-in-favoarea-afaceristului-penal-ilie-carabulea-culmea-ex-prim-procurorul-pj-sibiu-florin-a<\/p>\n","protected":false},"excerpt":{"rendered":"<p>MOSIA LULUTZEI \u2013 DNA refuza sa spuna daca Laura Kovesi si tatal ei Ioan Lascu au fost cercetati penal in 2010 in legatura cu promovarea unui recurs in interesul legii in favoarea afaceristului penal Ilie Carabulea. Culmea, ex-prim-procurorul PJ Sibiu Florin Apostu si Ilie Carabulea au fost condamnati la 5 ani inchisoare pentru trafic de [&hellip;]<\/p>\n","protected":false},"author":1,"featured_media":789359,"comment_status":"open","ping_status":"","sticky":false,"template":"","format":"standard","meta":{"footnotes":""},"categories":[89],"tags":[114],"class_list":["post-789358","post","type-post","status-publish","format-standard","has-post-thumbnail","hentry","category-romania","tag-luju-ro"],"_links":{"self":[{"href":"https:\/\/analyse.optim.biz\/index.php?rest_route=\/wp\/v2\/posts\/789358","targetHints":{"allow":["GET"]}}],"collection":[{"href":"https:\/\/analyse.optim.biz\/index.php?rest_route=\/wp\/v2\/posts"}],"about":[{"href":"https:\/\/analyse.optim.biz\/index.php?rest_route=\/wp\/v2\/types\/post"}],"author":[{"embeddable":true,"href":"https:\/\/analyse.optim.biz\/index.php?rest_route=\/wp\/v2\/users\/1"}],"replies":[{"embeddable":true,"href":"https:\/\/analyse.optim.biz\/index.php?rest_route=%2Fwp%2Fv2%2Fcomments&post=789358"}],"version-history":[{"count":0,"href":"https:\/\/analyse.optim.biz\/index.php?rest_route=\/wp\/v2\/posts\/789358\/revisions"}],"wp:featuredmedia":[{"embeddable":true,"href":"https:\/\/analyse.optim.biz\/index.php?rest_route=\/wp\/v2\/media\/789359"}],"wp:attachment":[{"href":"https:\/\/analyse.optim.biz\/index.php?rest_route=%2Fwp%2Fv2%2Fmedia&parent=789358"}],"wp:term":[{"taxonomy":"category","embeddable":true,"href":"https:\/\/analyse.optim.biz\/index.php?rest_route=%2Fwp%2Fv2%2Fcategories&post=789358"},{"taxonomy":"post_tag","embeddable":true,"href":"https:\/\/analyse.optim.biz\/index.php?rest_route=%2Fwp%2Fv2%2Ftags&post=789358"}],"curies":[{"name":"wp","href":"https:\/\/api.w.org\/{rel}","templated":true}]}}