{"id":786674,"date":"2025-10-20T15:57:00","date_gmt":"2025-10-20T12:57:00","guid":{"rendered":"https:\/\/analyse.optim.biz\/?p=786674"},"modified":"2025-10-20T15:57:00","modified_gmt":"2025-10-20T12:57:00","slug":"reactia-iccj-dupa-decizia-ccr-pozitia-inaltei-curti-dupa-ce-ccr-a-admis-sesizarea-pe-legea-pensiilor-de-serviciu-ale-magistratilor-decizia-ccr-arata-ca-independenta-justitiei-raman","status":"publish","type":"post","link":"https:\/\/analyse.optim.biz\/?p=786674","title":{"rendered":"REACTIA ICCJ DUPA DECIZIA CCR \u2013 Pozitia Inaltei Curti dupa ce CCR a admis sesizarea pe legea pensiilor de serviciu ale magistratilor: \u201cDecizia CCR arata ca independenta justitiei ramane protejata la cel mai inalt nivel, ca garantie pentru cetateni si pentru functionarea democratica a statului\u201d"},"content":{"rendered":"<article id=\"article-content\">\n<h1>REACTIA ICCJ DUPA DECIZIA CCR \u2013 Pozitia Inaltei Curti dupa ce CCR a admis sesizarea pe legea pensiilor de serviciu ale magistratilor: \u201cDecizia CCR arata ca independenta justitiei ramane protejata la cel mai inalt nivel, ca garantie pentru cetateni si pentru functionarea democratica a statului\u201d<\/h1>\n<section id=\"article-info\">\n<p class=\"author\">Scris de: George TARATA | <a href=\"https:\/\/www.luju.ro\/reactia-iccj-dupa-decizia-ccr-pozitia-inaltei-curti-dupa-ce-ccr-a-admis-sesizarea-pe-legea-pensiilor-de-serviciu-ale-magistratilor-decizia-ccr-arata-ca-independenta-justitiei-ramane-protejata-la-cel-mai-inalt-nivel-ca-garantie-pentru-cetateni-si-pentru-fu?pdf\" title=\"PDF\"><img decoding=\"async\" src=\"https:\/\/analyse.optim.biz\/wp-content\/uploads\/2025\/12\/pdf-74.png\" alt=\"pdf\" title=\"pdf-74\"><\/a> | <a href=\"https:\/\/www.luju.ro\/reactia-iccj-dupa-decizia-ccr-pozitia-inaltei-curti-dupa-ce-ccr-a-admis-sesizarea-pe-legea-pensiilor-de-serviciu-ale-magistratilor-decizia-ccr-arata-ca-independenta-justitiei-ramane-protejata-la-cel-mai-inalt-nivel-ca-garantie-pentru-cetateni-si-pentru-fu?print=1\" class=\"external\" title=\"Imprimare\"><img decoding=\"async\" src=\"https:\/\/analyse.optim.biz\/wp-content\/uploads\/2025\/12\/print-74.png\" alt=\"print\" title=\"print-74\"><\/a><\/p>\n<div class=\"info flex-container\">\n<div class=\"date\">20 October 2025 15:57<\/div>\n<div>Vizualizari: 7075<\/div>\n<\/div>\n<\/section>\n<section id=\"article-body\">\n<section id=\"page\" class=\"cf\">\n<div>\n<p align=\"JUSTIFY\"><span><span><img loading=\"lazy\" decoding=\"async\" height=\"225\" width=\"400\" src=\"https:\/\/analyse.optim.biz\/wp-content\/uploads\/2025\/12\/lia_savonea_judecatoare_inalta_curte-3.jpg\" title=\"lia_savonea_judecatoare_inalta_curte-3\">Inalta Curte de Casatie si Justitie \u2013 condusa de <b>judecatoarea Lia Savonea <span>(foto)<\/span><\/b> \u2013 a oferit luni, 20 octombrie 2025, o reactie dupa <b>decizia Curtii Constitutionale a Romaniei, care admis sesizarea ICCJ impotriva proiectului de lege privind modificarile la pensiile de serviciu ale magistratilor<\/b><b><span><a target=\"_blank\" href=\"https:\/\/www.luju.ro\/bolovan-in-capul-guvernului-plin-de-derapaje-de-la-lege-si-constitutie-proiectul-de-lege-privind-pensiile-de-serviciu-ale-magistratilor-a-picat-ccr-a-admis-sesizarea-inaltei-curti-in-urma-cu-cateva-saptamani-premierul-ilie-bolojan-sustinea-ca-o-decizie-ne\">(click aici pentru a citi)<\/a><\/span><\/b>. <\/span><\/span><\/p>\n<hr>\n<p><span><span><br \/><\/span><\/span><\/p>\n<p align=\"JUSTIFY\"><span><span>Astfel, Inalta Curte transmite ca solutia CCR reprezinta o noua confirmare ca independenta Justitiei ramane protejata la cel mai inalt nivel, ca garantie pentru cetateni si pentru functionarea democratica a statului. <\/span><\/span><\/p>\n<p align=\"JUSTIFY\"><span><span><br \/><\/span><\/span><\/p>\n<p align=\"JUSTIFY\"><span><span><b>Iata pozitia ICCJ:<\/b><\/span><\/span><\/p>\n<p align=\"JUSTIFY\"><span><span><br \/><\/span><\/span><\/p>\n<p align=\"JUSTIFY\"><span><b><i><span>\u201cCCR sprijina, prin decizia sa, garantarea independentei justitiei, a fiecarui magistrat<\/span><\/i><\/b><\/span><\/p>\n<p align=\"JUSTIFY\"><span><b><i><span>Admiterea exceptiei de catre Curtea Constitutionala reafirma rolul sau esential de garant al suprematiei Constitutiei si de aparator al statului de drept. Intr-un context marcat de presiuni si dispute politice, decizia CCR arata ca independenta justitiei ramane protejata la cel mai inalt nivel, ca garantie pentru cetateni si pentru functionarea democratica a statului.<\/span><\/i><\/b><\/span><\/p>\n<p align=\"JUSTIFY\"><span><b><i><span>Inalta Curte saluta aceasta reafirmare a principiilor constitutionale si subliniaza ca ele constituie temelia pe care se sprijina intreaga ordine juridica\u201d.<\/span><\/i><\/b><\/span><\/p>\n<\/div>\n<\/section>\n<\/section>\n<section id=\"comments-boxes\">\n<div class=\"heading\">\n<h2>Comentarii<\/h2>\n<\/div>\n<div class=\"comment\" id=\"comentariu-382909\">\n<div class=\"commentBody\">\n<div class=\"commentDate\">\n<p class=\"comment-details cf\"><span class=\"comment-id\"><br \/>\n\t\t\t\t\t\t\t\t#<br \/>\n\t\t\t\t\t\t\t\t<strong>Adi<\/strong><img decoding=\"async\" src=\"https:\/\/analyse.optim.biz\/wp-content\/uploads\/2025\/12\/calendar-64.png\" alt=\"date\" title=\"calendar-64\"><br \/>\n\t\t\t\t\t\t\t\t20 October 2025 16:52<br \/>\n\t\t\t\t\t\t\t<\/span><span class=\"comment-quality cf\"><span class=\"red\">-104<\/span><\/span><\/p>\n<\/div>\n<div class=\"commentContent\">Acum probabil ca urmeaxa alte mariri dd taxe si impozite, sa ne mareasca varsta de pensionare pt noi astia fraierii la 67 ani ca sa va pensionati voi la 48 si sa scapati toti coruptii. Felicitari<\/div>\n<ul class=\"cf cactions\">\n<li><a class=\"comment-382909\" href rel=\"raspunde\" title=\"Raspunde\">Raspunde<\/a><\/li>\n<li>|<\/li>\n<li><a href class=\"comment-382909\" rel=\"raspunde-citeaza\" title=\"Raspunde cu citat\">Raspunde cu citat<\/a><\/li>\n<li>|<\/li>\n<li><a href class=\"comment-382909\" title=\"Citat\" rel=\"citeaza\">Citat<\/a><\/li>\n<\/ul>\n<\/div>\n<\/div>\n<div class=\"comment\" id=\"comentariu-382911\">\n<div class=\"commentBody\">\n<div class=\"commentDate\">\n<p class=\"comment-details cf\"><span class=\"comment-id\"><br \/>\n\t\t\t\t\t\t\t\t#<br \/>\n\t\t\t\t\t\t\t\t<strong>obiectiva<\/strong><img decoding=\"async\" src=\"https:\/\/analyse.optim.biz\/wp-content\/uploads\/2025\/12\/calendar-64.png\" alt=\"date\" title=\"calendar-64\"><br \/>\n\t\t\t\t\t\t\t\t20 October 2025 17:04<br \/>\n\t\t\t\t\t\t\t<\/span><span class=\"comment-quality cf\"><span class=\"red\">-102<\/span><\/span><\/p>\n<\/div>\n<div class=\"commentContent\"><img decoding=\"async\" src=\"https:\/\/analyse.optim.biz\/wp-content\/uploads\/2025\/12\/tongue-76.gif\" alt=\":P\" title=\"tongue-76\"><img decoding=\"async\" src=\"https:\/\/analyse.optim.biz\/wp-content\/uploads\/2025\/12\/lol-86.gif\" alt=\":lol:\" title=\"lol-86\"><img decoding=\"async\" src=\"https:\/\/analyse.optim.biz\/wp-content\/uploads\/2025\/12\/laugh-81.gif\" alt=\":D\" title=\"laugh-81\"> mdaaaaa&#8230;<br \/>\ndaca eram si eu judecator, imi admitea si mie CICIRI sesizarea.<br \/>\nV-ATI PUS TOT POPORUL IN CAP, de unii SINGURI.<br \/>\nacum sa va vad daca veti INDRAZNI sa le mai respingeti actiunile pe pensii.<br \/>\nsi daca ati fost inclusi in PNRR si pierde ROMANIA 200 MILIOANE DE EURO, CE MAI FACETI ?<br \/>\n ha  <img decoding=\"async\" src=\"https:\/\/analyse.optim.biz\/wp-content\/uploads\/2025\/12\/tongue-76.gif\" alt=\":P\" title=\"tongue-76\"> ha <img decoding=\"async\" src=\"https:\/\/analyse.optim.biz\/wp-content\/uploads\/2025\/12\/tongue-76.gif\" alt=\":P\" title=\"tongue-76\"><br \/>\nPARCA TOT ICCJ  <img decoding=\"async\" src=\"https:\/\/analyse.optim.biz\/wp-content\/uploads\/2025\/12\/laugh-81.gif\" alt=\":D\" title=\"laugh-81\"> A SPUS CA LEGISLATIA EUROPEANA PREVALEAZA LEGII NATIONALE SI CONSTITUTIEI ROMANIEI.  <img decoding=\"async\" src=\"https:\/\/analyse.optim.biz\/wp-content\/uploads\/2025\/12\/lol-86.gif\" alt=\":lol:\" title=\"lol-86\"><\/div>\n<ul class=\"cf cactions\">\n<li><a class=\"comment-382911\" href rel=\"raspunde\" title=\"Raspunde\">Raspunde<\/a><\/li>\n<li>|<\/li>\n<li><a href class=\"comment-382911\" rel=\"raspunde-citeaza\" title=\"Raspunde cu citat\">Raspunde cu citat<\/a><\/li>\n<li>|<\/li>\n<li><a href class=\"comment-382911\" title=\"Citat\" rel=\"citeaza\">Citat<\/a><\/li>\n<\/ul>\n<\/div>\n<\/div>\n<div class=\"comment\" id=\"comentariu-382914\">\n<div class=\"commentBody\">\n<div class=\"commentDate\">\n<p class=\"comment-details cf\"><span class=\"comment-id\"><br \/>\n\t\t\t\t\t\t\t\t#<br \/>\n\t\t\t\t\t\t\t\t<strong>torque<\/strong><img decoding=\"async\" src=\"https:\/\/analyse.optim.biz\/wp-content\/uploads\/2025\/12\/calendar-64.png\" alt=\"date\" title=\"calendar-64\"><br \/>\n\t\t\t\t\t\t\t\t20 October 2025 17:38<br \/>\n\t\t\t\t\t\t\t<\/span><span class=\"comment-quality cf\"><span class=\"green\">+116<\/span><\/span><\/p>\n<\/div>\n<div class=\"commentContent\">CCR a admis, dar \u00eenc\u0103 nu \u0219tim ce a decis.  Parc\u0103 \u00eei indispune foarte tare pe unii \u0219efi din magistratur\u0103 faptul c\u0103 judec\u0103torii protesteaz\u0103. Cum r\u0103m\u00e2ne cu faptul c\u0103 magistra\u021bii din Rom\u00e2nia muncesc mai mult dec\u00e2t cei din vest? R\u0103m\u00e2ne a\u0219a? Nu ar trebui crescute salariile? C\u0103 infla\u021bia tot se acumuleaz\u0103.<\/div>\n<ul class=\"cf cactions\">\n<li><a class=\"comment-382914\" href rel=\"raspunde\" title=\"Raspunde\">Raspunde<\/a><\/li>\n<li>|<\/li>\n<li><a href class=\"comment-382914\" rel=\"raspunde-citeaza\" title=\"Raspunde cu citat\">Raspunde cu citat<\/a><\/li>\n<li>|<\/li>\n<li><a href class=\"comment-382914\" title=\"Citat\" rel=\"citeaza\">Citat<\/a><\/li>\n<\/ul>\n<\/div>\n<\/div>\n<div class=\"comment\" id=\"comentariu-382920\">\n<div class=\"commentBody\">\n<div class=\"commentDate\">\n<p class=\"comment-details cf\"><span class=\"comment-id\"><br \/>\n\t\t\t\t\t\t\t\t#<br \/>\n\t\t\t\t\t\t\t\t<strong>Radu<\/strong><img decoding=\"async\" src=\"https:\/\/analyse.optim.biz\/wp-content\/uploads\/2025\/12\/calendar-64.png\" alt=\"date\" title=\"calendar-64\"><br \/>\n\t\t\t\t\t\t\t\t20 October 2025 19:28<br \/>\n\t\t\t\t\t\t\t<\/span><span class=\"comment-quality cf\"><span class=\"gray\">0<\/span><\/span><\/p>\n<\/div>\n<div class=\"commentContent\">In momentul in care legi independenta justitiei de privilegiile voastre este o chestiune extrem de grava. Cu alte cuvinte daca ne luati din bani noi vindem sentinte, nu ca acum nu ar face-o. <\/div>\n<ul class=\"cf cactions\">\n<li><a class=\"comment-382920\" href rel=\"raspunde\" title=\"Raspunde\">Raspunde<\/a><\/li>\n<li>|<\/li>\n<li><a href class=\"comment-382920\" rel=\"raspunde-citeaza\" title=\"Raspunde cu citat\">Raspunde cu citat<\/a><\/li>\n<li>|<\/li>\n<li><a href class=\"comment-382920\" title=\"Citat\" rel=\"citeaza\">Citat<\/a><\/li>\n<\/ul>\n<\/div>\n<\/div>\n<div class=\"comment\" id=\"comentariu-382924\">\n<div class=\"commentBody\">\n<div class=\"commentDate\">\n<p class=\"comment-details cf\"><span class=\"comment-id\"><br \/>\n\t\t\t\t\t\t\t\t#<br \/>\n\t\t\t\t\t\t\t\t<strong>Obiectivo <\/strong><img decoding=\"async\" src=\"https:\/\/analyse.optim.biz\/wp-content\/uploads\/2025\/12\/calendar-64.png\" alt=\"date\" title=\"calendar-64\"><br \/>\n\t\t\t\t\t\t\t\t20 October 2025 19:59<br \/>\n\t\t\t\t\t\t\t<\/span><span class=\"comment-quality cf\"><span class=\"green\">+4<\/span><\/span><\/p>\n<\/div>\n<div class=\"commentContent\">Vezi c\u0103 cheliosu&#8217; a r\u0103mas de fraier. Po\u021bi s\u0103-l prime\u0219ti la tine \u0219i s\u0103-l obloje\u0219ti. Doar tu erai coapt\u0103 dup\u0103 prostan.<\/div>\n<ul class=\"cf cactions\">\n<li><a class=\"comment-382924\" href rel=\"raspunde\" title=\"Raspunde\">Raspunde<\/a><\/li>\n<li>|<\/li>\n<li><a href class=\"comment-382924\" rel=\"raspunde-citeaza\" title=\"Raspunde cu citat\">Raspunde cu citat<\/a><\/li>\n<li>|<\/li>\n<li><a href class=\"comment-382924\" title=\"Citat\" rel=\"citeaza\">Citat<\/a><\/li>\n<\/ul>\n<\/div>\n<\/div>\n<div class=\"comment\" id=\"comentariu-382925\">\n<div class=\"commentBody\">\n<div class=\"commentDate\">\n<p class=\"comment-details cf\"><span class=\"comment-id\"><br \/>\n\t\t\t\t\t\t\t\t#<br \/>\n\t\t\t\t\t\t\t\t<strong>obiectivo <\/strong><img decoding=\"async\" src=\"https:\/\/analyse.optim.biz\/wp-content\/uploads\/2025\/12\/calendar-64.png\" alt=\"date\" title=\"calendar-64\"><br \/>\n\t\t\t\t\t\t\t\t20 October 2025 20:01<br \/>\n\t\t\t\t\t\t\t<\/span><span class=\"comment-quality cf\"><span class=\"gray\">0<\/span><\/span><\/p>\n<\/div>\n<div class=\"commentContent\">Ce m\u0103 r\u00e2z! Sexosu Bolo \u0219i-a luat reforma-n frez\u0103. Hopa! Nici de aia nu are. <\/div>\n<ul class=\"cf cactions\">\n<li><a class=\"comment-382925\" href rel=\"raspunde\" title=\"Raspunde\">Raspunde<\/a><\/li>\n<li>|<\/li>\n<li><a href class=\"comment-382925\" rel=\"raspunde-citeaza\" title=\"Raspunde cu citat\">Raspunde cu citat<\/a><\/li>\n<li>|<\/li>\n<li><a href class=\"comment-382925\" title=\"Citat\" rel=\"citeaza\">Citat<\/a><\/li>\n<\/ul>\n<\/div>\n<\/div>\n<div class=\"comment\" id=\"comentariu-382930\">\n<div class=\"commentBody\">\n<div class=\"commentDate\">\n<p class=\"comment-details cf\"><span class=\"comment-id\"><br \/>\n\t\t\t\t\t\t\t\t#<br \/>\n\t\t\t\t\t\t\t\t<strong>Pt. Adi<\/strong><img decoding=\"async\" src=\"https:\/\/analyse.optim.biz\/wp-content\/uploads\/2025\/12\/calendar-64.png\" alt=\"date\" title=\"calendar-64\"><br \/>\n\t\t\t\t\t\t\t\t20 October 2025 21:58<br \/>\n\t\t\t\t\t\t\t<\/span><span class=\"comment-quality cf\"><span class=\"green\">+1<\/span><\/span><\/p>\n<\/div>\n<div class=\"commentContent\">De data asta ai \u0219tiut c\u0103 numele t\u0103u nu e substantiv comun. Ai scris bine cu majuscul\u0103. Uite un \u00eenceput \u0219i ca s\u0103 nu te chinui p\u00e2n\u0103 la 67 de ani, intr\u0103 \u00een magistratur\u0103. Cine te opre\u0219te?<\/div>\n<ul class=\"cf cactions\">\n<li><a class=\"comment-382930\" href rel=\"raspunde\" title=\"Raspunde\">Raspunde<\/a><\/li>\n<li>|<\/li>\n<li><a href class=\"comment-382930\" rel=\"raspunde-citeaza\" title=\"Raspunde cu citat\">Raspunde cu citat<\/a><\/li>\n<li>|<\/li>\n<li><a href class=\"comment-382930\" title=\"Citat\" rel=\"citeaza\">Citat<\/a><\/li>\n<\/ul>\n<\/div>\n<\/div>\n<div class=\"comment\" id=\"comentariu-382932\">\n<div class=\"commentBody\">\n<div class=\"commentDate\">\n<p class=\"comment-details cf\"><span class=\"comment-id\"><br \/>\n\t\t\t\t\t\t\t\t#<br \/>\n\t\t\t\t\t\t\t\t<strong>C\u00e2rcota\u0219 <\/strong><img decoding=\"async\" src=\"https:\/\/analyse.optim.biz\/wp-content\/uploads\/2025\/12\/calendar-64.png\" alt=\"date\" title=\"calendar-64\"><br \/>\n\t\t\t\t\t\t\t\t20 October 2025 22:20<br \/>\n\t\t\t\t\t\t\t<\/span><span class=\"comment-quality cf\"><span class=\"green\">+20<\/span><\/span><\/p>\n<\/div>\n<div class=\"commentContent\">Nu e cazul ca \u00cenalta sa se exprime at\u00e2t de categoric, nici triumfala. Solu\u021bia e firav\u0103, data pe procedur\u0103, cu 5 la 4. Pe deasupra, preferatul trotinetistilor din Dealul Cotrocenilor s-a exprimat iute ca are o problema cu pensiile magistra\u021bilor. Nedreptatea vine dup\u0103 ce se umbl\u0103 la condi\u021biile actuale, ajung\u00e2ndu-se la vreo trei categorii de magistra\u021bilor pensionari: \u0103ia de dinaintea schimb\u0103rii referentialului, de la venitul net la brut, care luau pana inb17.000 lei, \u0103ia care iau azi cam 22.000 de lei \u00een medie \u0219i ultimii veni\u021bi care vor lua cca 12.000 lei. Cu discriminarea ce se va crea, cum r\u0103m\u00e2ne?<\/div>\n<ul class=\"cf cactions\">\n<li><a class=\"comment-382932\" href rel=\"raspunde\" title=\"Raspunde\">Raspunde<\/a><\/li>\n<li>|<\/li>\n<li><a href class=\"comment-382932\" rel=\"raspunde-citeaza\" title=\"Raspunde cu citat\">Raspunde cu citat<\/a><\/li>\n<li>|<\/li>\n<li><a href class=\"comment-382932\" title=\"Citat\" rel=\"citeaza\">Citat<\/a><\/li>\n<\/ul>\n<\/div>\n<\/div>\n<div class=\"comment\" id=\"comentariu-382938\">\n<div class=\"commentBody\">\n<div class=\"commentDate\">\n<p class=\"comment-details cf\"><span class=\"comment-id\"><br \/>\n\t\t\t\t\t\t\t\t#<br \/>\n\t\t\t\t\t\t\t\t<strong>om de bine<\/strong><img decoding=\"async\" src=\"https:\/\/analyse.optim.biz\/wp-content\/uploads\/2025\/12\/calendar-64.png\" alt=\"date\" title=\"calendar-64\"><br \/>\n\t\t\t\t\t\t\t\t21 October 2025 07:05<br \/>\n\t\t\t\t\t\t\t<\/span><span class=\"comment-quality cf\"><span class=\"green\">+21<\/span><\/span><\/p>\n<\/div>\n<div class=\"commentContent\">Inca o lectie pe care ati predat-o cu brio acestui guvern de incompetenti si amatori.<br \/>\nMai bine s-ar uita la adevaratele gauri de la buget care au generat acest deficit bugerar.<br \/>\nBazandu-se pe populism, guvernul crede ca noi vom mai inghiti mizeriile lor. Se inseala amarnic.<br \/>\nJos labele de pe justitie amatorilor!<\/div>\n<ul class=\"cf cactions\">\n<li><a class=\"comment-382938\" href rel=\"raspunde\" title=\"Raspunde\">Raspunde<\/a><\/li>\n<li>|<\/li>\n<li><a href class=\"comment-382938\" rel=\"raspunde-citeaza\" title=\"Raspunde cu citat\">Raspunde cu citat<\/a><\/li>\n<li>|<\/li>\n<li><a href class=\"comment-382938\" title=\"Citat\" rel=\"citeaza\">Citat<\/a><\/li>\n<\/ul>\n<\/div>\n<\/div>\n<div class=\"comment\" id=\"comentariu-382944\">\n<div class=\"commentBody\">\n<div class=\"commentDate\">\n<p class=\"comment-details cf\"><span class=\"comment-id\"><br \/>\n\t\t\t\t\t\t\t\t#<br \/>\n\t\t\t\t\t\t\t\t<strong>de acord cu C\u00e2rcota\u0219<\/strong><img decoding=\"async\" src=\"https:\/\/analyse.optim.biz\/wp-content\/uploads\/2025\/12\/calendar-64.png\" alt=\"date\" title=\"calendar-64\"><br \/>\n\t\t\t\t\t\t\t\t21 October 2025 09:01<br \/>\n\t\t\t\t\t\t\t<\/span><span class=\"comment-quality cf\"><span class=\"green\">+2<\/span><\/span><\/p>\n<\/div>\n<div class=\"commentContent\">Practic CCR a am\u00e2nat problema. Nu a mai putut am\u00e2na pronun\u021barea, dar a am\u00e2nat rezolvarea. NU a dat c\u00e2\u0219tig de cauz\u0103 magistra\u021bilor pe problemele din con\u021binutul legii. M\u00e2ine poate veni o alt\u0103 lege ca asta din nou, pentru c\u0103 USR, pre\u0219edintele \u0219i Bolojan deja au luat-o ca pe o am\u00e2nare, agenda lor nu s-a schimbat. Deci este o \u00eenfr\u00e2ngere a magistra\u021bilor, nu o victorie. P\u00e2n\u0103 nu va exista un pact pe justi\u021bie semnat de toate partidele, puterea judec\u0103toreasc\u0103 r\u0103m\u00e2ne sub asediul politicienilor populi\u0219ti.  <\/div>\n<ul class=\"cf cactions\">\n<li><a class=\"comment-382944\" href rel=\"raspunde\" title=\"Raspunde\">Raspunde<\/a><\/li>\n<li>|<\/li>\n<li><a href class=\"comment-382944\" rel=\"raspunde-citeaza\" title=\"Raspunde cu citat\">Raspunde cu citat<\/a><\/li>\n<li>|<\/li>\n<li><a href class=\"comment-382944\" title=\"Citat\" rel=\"citeaza\">Citat<\/a><\/li>\n<\/ul>\n<\/div>\n<\/div>\n<\/section>\n<section id=\"comments\">\n<div class=\"heading\">\n<h2>Adauga comentariu<\/h2>\n<\/div>\n<div>\n<div id=\"emoticons-container\">\n<div id=\"comments-form-smilespanel\"><img decoding=\"async\" src=\"https:\/\/analyse.optim.biz\/wp-content\/uploads\/2025\/12\/laugh-82.gif\" alt=\":D\" class=\"smile\" title=\"laugh-82\"><img decoding=\"async\" src=\"https:\/\/analyse.optim.biz\/wp-content\/uploads\/2025\/12\/lol-87.gif\" alt=\":lol:\" class=\"smile\" title=\"lol-87\"><img decoding=\"async\" src=\"https:\/\/analyse.optim.biz\/wp-content\/uploads\/2025\/12\/smile-77.gif\" alt=\":-)\" class=\"smile\" title=\"smile-77\"><img decoding=\"async\" src=\"https:\/\/analyse.optim.biz\/wp-content\/uploads\/2025\/12\/wink-75.gif\" alt=\";-)\" class=\"smile\" title=\"wink-75\"><img decoding=\"async\" src=\"https:\/\/analyse.optim.biz\/wp-content\/uploads\/2025\/12\/cool-79.gif\" alt=\"8)\" class=\"smile\" title=\"cool-79\"><img decoding=\"async\" src=\"https:\/\/analyse.optim.biz\/wp-content\/uploads\/2025\/12\/normal-74.gif\" alt=\":-|\" class=\"smile\" title=\"normal-74\"><img decoding=\"async\" src=\"https:\/\/analyse.optim.biz\/wp-content\/uploads\/2025\/12\/whistling-77.gif\" alt=\":-*\" class=\"smile\" title=\"whistling-77\"><img decoding=\"async\" src=\"https:\/\/analyse.optim.biz\/wp-content\/uploads\/2025\/12\/redface-75.gif\" alt=\":oops:\" class=\"smile\" title=\"redface-75\"><img decoding=\"async\" src=\"https:\/\/analyse.optim.biz\/wp-content\/uploads\/2025\/12\/sad-74.gif\" alt=\":sad:\" class=\"smile\" title=\"sad-74\"><img decoding=\"async\" src=\"https:\/\/analyse.optim.biz\/wp-content\/uploads\/2025\/12\/cry-78.gif\" alt=\":cry:\" class=\"smile\" title=\"cry-78\"><img decoding=\"async\" src=\"https:\/\/analyse.optim.biz\/wp-content\/uploads\/2025\/12\/surprised-78.gif\" alt=\":o\" class=\"smile\" title=\"surprised-78\"><img decoding=\"async\" src=\"https:\/\/analyse.optim.biz\/wp-content\/uploads\/2025\/12\/confused-74.gif\" alt=\":-?\" class=\"smile\" title=\"confused-74\"><img decoding=\"async\" src=\"https:\/\/analyse.optim.biz\/wp-content\/uploads\/2025\/12\/sick-83.gif\" alt=\":-x\" class=\"smile\" title=\"sick-83\"><img decoding=\"async\" src=\"https:\/\/analyse.optim.biz\/wp-content\/uploads\/2025\/12\/shocked-79.gif\" alt=\":eek:\" class=\"smile\" title=\"shocked-79\"><img decoding=\"async\" src=\"https:\/\/analyse.optim.biz\/wp-content\/uploads\/2025\/12\/sleeping-77.gif\" alt=\":zzz\" class=\"smile\" title=\"sleeping-77\"><img decoding=\"async\" src=\"https:\/\/analyse.optim.biz\/wp-content\/uploads\/2025\/12\/tongue-77.gif\" alt=\":P\" class=\"smile\" title=\"tongue-77\"><img decoding=\"async\" src=\"https:\/\/analyse.optim.biz\/wp-content\/uploads\/2025\/12\/rolleyes-75.gif\" alt=\":roll:\" class=\"smile\" title=\"rolleyes-75\"><img decoding=\"async\" src=\"https:\/\/analyse.optim.biz\/wp-content\/uploads\/2025\/12\/unsure-74.gif\" alt=\":sigh:\" class=\"smile\" title=\"unsure-74\"><\/div>\n<\/div>\n<\/div>\n<div class=\"text-center\">\n<p>DISCLAIMER<\/p>\n<p>Atentie! Postati pe propria raspundere!<br \/> Inainte de a posta, cititi aici regulamentul: <a href=\"https:\/\/www.luju.ro\/termeni-legali-si-conditii\" title=\"Termeni legali si conditii\">Termeni legali si Conditii<\/a><\/p>\n<\/div>\n<\/section>\n<\/article>\n<p> Source URL: https:\/\/www.luju.ro\/reactia-iccj-dupa-decizia-ccr-pozitia-inaltei-curti-dupa-ce-ccr-a-admis-sesizarea-pe-legea-pensiilor-de-serviciu-ale-magistratilor-decizia-ccr-arata-ca-independenta-justitiei-ramane-protejata-la-cel-mai-inalt-nivel-ca-garantie-pentru-cetateni-si-pentru-fu<\/p>\n","protected":false},"excerpt":{"rendered":"<p>REACTIA ICCJ DUPA DECIZIA CCR \u2013 Pozitia Inaltei Curti dupa ce CCR a admis sesizarea pe legea pensiilor de serviciu ale magistratilor: \u201cDecizia CCR arata ca independenta justitiei ramane protejata la cel mai inalt nivel, ca garantie pentru cetateni si pentru functionarea democratica a statului\u201d Scris de: George TARATA | | 20 October 2025 15:57 [&hellip;]<\/p>\n","protected":false},"author":1,"featured_media":786675,"comment_status":"open","ping_status":"","sticky":false,"template":"","format":"standard","meta":{"footnotes":""},"categories":[89],"tags":[114],"class_list":["post-786674","post","type-post","status-publish","format-standard","has-post-thumbnail","hentry","category-romania","tag-luju-ro"],"_links":{"self":[{"href":"https:\/\/analyse.optim.biz\/index.php?rest_route=\/wp\/v2\/posts\/786674","targetHints":{"allow":["GET"]}}],"collection":[{"href":"https:\/\/analyse.optim.biz\/index.php?rest_route=\/wp\/v2\/posts"}],"about":[{"href":"https:\/\/analyse.optim.biz\/index.php?rest_route=\/wp\/v2\/types\/post"}],"author":[{"embeddable":true,"href":"https:\/\/analyse.optim.biz\/index.php?rest_route=\/wp\/v2\/users\/1"}],"replies":[{"embeddable":true,"href":"https:\/\/analyse.optim.biz\/index.php?rest_route=%2Fwp%2Fv2%2Fcomments&post=786674"}],"version-history":[{"count":0,"href":"https:\/\/analyse.optim.biz\/index.php?rest_route=\/wp\/v2\/posts\/786674\/revisions"}],"wp:featuredmedia":[{"embeddable":true,"href":"https:\/\/analyse.optim.biz\/index.php?rest_route=\/wp\/v2\/media\/786675"}],"wp:attachment":[{"href":"https:\/\/analyse.optim.biz\/index.php?rest_route=%2Fwp%2Fv2%2Fmedia&parent=786674"}],"wp:term":[{"taxonomy":"category","embeddable":true,"href":"https:\/\/analyse.optim.biz\/index.php?rest_route=%2Fwp%2Fv2%2Fcategories&post=786674"},{"taxonomy":"post_tag","embeddable":true,"href":"https:\/\/analyse.optim.biz\/index.php?rest_route=%2Fwp%2Fv2%2Ftags&post=786674"}],"curies":[{"name":"wp","href":"https:\/\/api.w.org\/{rel}","templated":true}]}}