{"id":786526,"date":"2025-10-20T19:10:00","date_gmt":"2025-10-20T16:10:00","guid":{"rendered":"https:\/\/analyse.optim.biz\/?p=786526"},"modified":"2025-10-20T19:10:00","modified_gmt":"2025-10-20T16:10:00","slug":"ccr-nici-n-a-mai-intrat-pe-fond-ccr-explica-de-ce-a-admis-sesizarea-de-neconstitutionalitate-a-iccj-privind-proiectul-de-lege-referitor-la-pensiile-magistratilor-curtea-nu-a-mai-analizat-fo","status":"publish","type":"post","link":"https:\/\/analyse.optim.biz\/?p=786526","title":{"rendered":"CCR NICI N-A MAI INTRAT PE FOND \u2013 CCR explica de ce a admis sesizarea de neconstitutionalitate a ICCJ privind proiectul de lege referitor la pensiile magistratilor. Curtea nu a mai analizat fondul legii, dupa ce a constatat ca: \u201cLipsa avizului CSM coroborat cu neasteptarea curgerii de catre Guvern a intregului termen de 30 de zile necesar obtinerii acestuia incalca art.1 alin.(3) si (5) raportat la art.133 alin.(1) si art.134 alin.(4) din Constitutie\u201d"},"content":{"rendered":"<article id=\"article-content\">\n<h1>CCR NICI N-A MAI INTRAT PE FOND \u2013 CCR explica de ce a admis sesizarea de neconstitutionalitate a ICCJ privind proiectul de lege referitor la pensiile magistratilor. Curtea nu a mai analizat fondul legii, dupa ce a constatat ca: \u201cLipsa avizului CSM coroborat cu neasteptarea curgerii de catre Guvern a intregului termen de 30 de zile necesar obtinerii acestuia incalca art.1 alin.(3) si (5) raportat la art.133 alin.(1) si art.134 alin.(4) din Constitutie\u201d<\/h1>\n<section id=\"article-info\">\n<p class=\"author\">Scris de: George TARATA | <a href=\"https:\/\/www.luju.ro\/ccr-nici-n-a-mai-intrat-pe-fond-ccr-explica-de-ce-a-admis-sesizarea-de-neconstitutionalitate-a-iccj-privind-proiectul-de-lege-referitor-la-pensiile-magistratilor-curtea-nu-a-mai-analizat-fondul-legii-dupa-ce-a-constatat-ca-lipsa-avizului-csm-coroborat-cu?pdf\" title=\"PDF\"><img decoding=\"async\" src=\"https:\/\/analyse.optim.biz\/wp-content\/uploads\/2025\/12\/pdf-73.png\" alt=\"pdf\" title=\"pdf-73\"><\/a> | <a href=\"https:\/\/www.luju.ro\/ccr-nici-n-a-mai-intrat-pe-fond-ccr-explica-de-ce-a-admis-sesizarea-de-neconstitutionalitate-a-iccj-privind-proiectul-de-lege-referitor-la-pensiile-magistratilor-curtea-nu-a-mai-analizat-fondul-legii-dupa-ce-a-constatat-ca-lipsa-avizului-csm-coroborat-cu?print=1\" class=\"external\" title=\"Imprimare\"><img decoding=\"async\" src=\"https:\/\/analyse.optim.biz\/wp-content\/uploads\/2025\/12\/print-73.png\" alt=\"print\" title=\"print-73\"><\/a><\/p>\n<div class=\"info flex-container\">\n<div class=\"date\">20 October 2025 19:10<\/div>\n<div>Vizualizari: 4495<\/div>\n<\/div>\n<\/section>\n<section id=\"article-body\">\n<section id=\"page\" class=\"cf\">\n<div>\n<p align=\"JUSTIFY\"><span><span><img loading=\"lazy\" decoding=\"async\" src=\"https:\/\/analyse.optim.biz\/wp-content\/uploads\/2025\/12\/bolojan-1.jpg\" width=\"400\" height=\"225\" title=\"bolojan-1\">Curtea Constitutionala a Romaniei a dezvaluit luni, 20 octombrie 2025, motivul pentru care a admis <b>sesizarea de neconstitutionalitate a Inaltei Curti de Casatie si Justitie referitoare la proiectul de lege privind pensiile de serviciu ale judecatorilor si procurorilor <a href=\"https:\/\/www.luju.ro\/bolovan-in-capul-guvernului-plin-de-derapaje-de-la-lege-si-constitutie-proiectul-de-lege-privind-pensiile-de-serviciu-ale-magistratilor-a-picat-ccr-a-admis-sesizarea-inaltei-curti-in-urma-cu-cateva-saptamani-premierul-ilie-bolojan-sustinea-ca-o-decizie-ne\" target=\"_blank\"><span>(click aici pentru a citi)<\/span><\/a><\/b>.<\/span><\/span><\/p>\n<hr>\n<p>\u00a0<\/p>\n<p align=\"JUSTIFY\"><span><span><b>CCR nici nu a mai analizat pe fond proiectul de lege, ci a stabilit neconstitutionalitatea pe motive extrinseci. Mai exact, CCR a constatat ca Guvernul Bolojan a incalcat legea atunci cand a adoptat proiectul fara a avea avizul CSM. <\/b><\/span><\/span><\/p>\n<p align=\"JUSTIFY\"><span><span>Potrivit comunicatului de presa al CCR, <b>sesizarea de neconstitutionalitate formulata de ICCJ a fost admisa<span> dupa ce s-a stabilit ca Guvernul nu a respectat termenul de 30 de zile pentru emiterea avizului de catre CSM, prevazut de Legea nr.305\/2022. <\/span><\/b><\/span><\/span><\/p>\n<p align=\"JUSTIFY\"><span><span><br \/><\/span><\/span><\/p>\n<p align=\"JUSTIFY\"><span><span>In ceea ce priveste fondul proiectului de lege, asupra caruia CCR nu s-a propnuntat, trebuie spus ca si acesta contine nenumarate probleme de neconstitutionalitate, dupa cum Inalta Curte si Consiliul Legislativ au explicat. Practic, daca Guvernul va cere avizul CSM si va adopta din nou proiectul de lege sub aceeasi forma, nu exista vreo sansa sa obtina o decizie favorabila din partea CCR, care va declara neconstitutional proiectul inclusiv pe fond. <\/span><\/span><\/p>\n<p align=\"JUSTIFY\"><span><span><br \/><\/span><\/span><\/p>\n<p align=\"JUSTIFY\"><span><span><b>Redam comunicatul CCR:<\/b><\/span><\/span><\/p>\n<p align=\"JUSTIFY\"><span><span><br \/><\/span><\/span><\/p>\n<p align=\"JUSTIFY\"><i><span><span>\u201cCurtea Constitutionala a admis obiectia de neconstitutionalitate formulata de Inalta Curte de Casatie si Justitie \u2013 Sectiile Unite si a constatat ca <b>Legea pentru modificarea si completarea unor acte normative din domeniul pensiilor de serviciu in ansamblu este neconstitutionala<\/b>.<\/span><\/span><\/i><\/p>\n<p align=\"JUSTIFY\"><i><span><span><br \/><\/span><\/span><\/i><\/p>\n<p align=\"JUSTIFY\"><i><span><span>Rezumat<\/span><\/span><\/i><\/p>\n<p align=\"JUSTIFY\"><i><span><span><br \/><\/span><\/span><\/i><\/p>\n<p align=\"JUSTIFY\"><i><span><span>Curtea Constitutionala a stabilit ca, in cauza de fata, Guvernul si-a angajat raspunderea asupra Legii pentru modificarea si completarea unor acte normative din domeniul pensiilor de serviciu cu respectarea art.114 din Constitutie, intrucat a reglementat un domeniu omogen de relatii sociale si a justificat atat urgenta, cat si necesitatea adoptarii legii.<\/span><\/span><\/i><\/p>\n<p align=\"JUSTIFY\"><i><span><span>De asemenea, a constatat ca este de competenta legiuitorului sa aprecieze asupra frecventei modificarilor realizate in domeniul pensiilor de serviciu si, prin urmare, legea criticata nu incalca art.1 alin.(3) si (5) raportat la art.16 si art.124 alin.(3) din Constitutie.<\/span><\/span><\/i><\/p>\n<p align=\"JUSTIFY\"><i><span><span><b>Lipsa avizului CSM coroborat cu neasteptarea curgerii de catre Guvern a intregului termen de 30 de zile necesar obtinerii acestuia incalca art.1 alin.(3) si (5) raportat la art.133 alin.(1) si art.134 alin.(4) din Constitutie<\/b>.<\/span><\/span><\/i><\/p>\n<p align=\"JUSTIFY\"><i><span><span><br \/><\/span><\/span><\/i><\/p>\n<p align=\"JUSTIFY\"><i><span><span>Argumente<\/span><\/span><\/i><\/p>\n<p align=\"JUSTIFY\"><i><span><span><br \/><\/span><\/span><\/i><\/p>\n<p align=\"JUSTIFY\"><i><span><span>Cu privire la criticile de neconstitutionalitate extrinseci, Curtea a constatat ca:<\/span><\/span><\/i><\/p>\n<p align=\"JUSTIFY\"><i><span><span>-angajarea raspunderii Guvernului in fata Camerei Deputatilor si Senatului, in sedinta comuna, asupra unui proiect de lege este un aspect de natura constitutionala al raporturilor dintre Guvern si Parlament, realizandu-se, astfel, atat controlul parlamentar, cat si actul de legiferare in sine. Reglementarile adoptate fac obiectul unui singur proiect de lege, au un obiect si scop unitar, respectiv masuri referitoare la reforma pensiilor de serviciu din sistemul justitiei. Urgenta si necesitatea adoptarii legii au avut in vedere evitarea accentuarii dezechilibrului bugetar si a obligatiilor asumate prin cadrul normativ pentru implementarea Planului National de Redresare \u015fi Rezilienta;<\/span><\/span><\/i><\/p>\n<p align=\"JUSTIFY\"><i><span><span>-caracterul succesiv al unor reforme sau evolutii legislative nu este in sine contrar securitatii juridice atat timp cat Parlamentul urmareste in mod coerent atingerea unei finalitati rationale, care sa integreze in mod organic solutiile legislative promovate in dreptul pozitiv. Securitatea juridica nu respinge evolutiile legislative, chiar daca acestea sunt rezultatul unor modificari succesive a legilor, din contra, le permite cu conditia ca acestea sa nu aiba o succesiune rapida in timp si sa nu vadeasca un element arbitrar sau sa puna in pericol drepturile sau libertatile fundamentale ori standarde, principii, valori constitutionale. Mai mult, nicio prevedere constitutionala nu stabileste o interdictie temporala in privinta Parlamentului de a legifera succesiv intr-un anumit domeniu;<\/span><\/span><\/i><\/p>\n<p align=\"JUSTIFY\"><i><span><span><b>-de vreme ce Legea nr.305\/2022 stabileste un termen de 30 de zile pentru emiterea avizului de catre CSM, Guvernul, in calitate de initiator al actului normativ criticat, are obligatia de a il respecta. <\/b><\/span><\/span><\/i><\/p>\n<p align=\"JUSTIFY\"><i><span><span>Decizia este definitiva si general obligatorie.<\/span><\/span><\/i><\/p>\n<p align=\"JUSTIFY\"><i><span><span>Argumentele retinute in motivarea solutiei pronuntate de Curtea Constitutionala vor fi prezentate in cuprinsul deciziei, care se va publica in Monitorul Oficial al Romaniei, Partea I.<\/span><\/span><\/i><\/p>\n<p align=\"JUSTIFY\"><i><span><span>Document neoficial, destinat mass-media, care nu angajeaza raspunderea Curtii Constitutionale\u201d.<\/span><\/span><\/i><\/p>\n<\/div>\n<\/section>\n<\/section>\n<section id=\"comments-boxes\">\n<div class=\"heading\">\n<h2>Comentarii<\/h2>\n<\/div>\n<div class=\"comment\" id=\"comentariu-382922\">\n<div class=\"commentBody\">\n<div class=\"commentDate\">\n<p class=\"comment-details cf\"><span class=\"comment-id\"><br \/>\n\t\t\t\t\t\t\t\t#<br \/>\n\t\t\t\t\t\t\t\t<strong>obiectiva<\/strong><img decoding=\"async\" src=\"https:\/\/analyse.optim.biz\/wp-content\/uploads\/2025\/12\/calendar-63.png\" alt=\"date\" title=\"calendar-63\"><br \/>\n\t\t\t\t\t\t\t\t20 October 2025 19:48<br \/>\n\t\t\t\t\t\t\t<\/span><span class=\"comment-quality cf\"><span class=\"red\">-100<\/span><\/span><\/p>\n<\/div>\n<div class=\"commentContent\">CCR,  <img decoding=\"async\" src=\"https:\/\/analyse.optim.biz\/wp-content\/uploads\/2025\/12\/sick-81.gif\" alt=\":-x\" title=\"sick-81\"> de rasul curcilor , ca tot sunt eu si Unul din lumea cea mare din OSTROVUL CURCILOR.  <img decoding=\"async\" src=\"https:\/\/analyse.optim.biz\/wp-content\/uploads\/2025\/12\/lol-84.gif\" alt=\":lol:\" title=\"lol-84\"><img decoding=\"async\" src=\"https:\/\/analyse.optim.biz\/wp-content\/uploads\/2025\/12\/laugh-79.gif\" alt=\":D\" title=\"laugh-79\"> asa ne zise un &#8220;prieten&#8220; de pe Luju. DECI, dupa ce ati respins sesizarea fiica -mii la CCR <img decoding=\"async\" src=\"https:\/\/analyse.optim.biz\/wp-content\/uploads\/2025\/12\/sick-81.gif\" alt=\":-x\" title=\"sick-81\"> , sa vedeti cand va vede si va tot vede si aude despre voi la TV, mai ales din 5 octombrie 2024 cand ati respins candidatura Sosoacai, preferata ei, apoi dupa ANULAREA ALEGEGERILOR TURUL 2&#8230; acum va vede iar la TV.,..deci va injura de mama de 1 an si jumatate numai de mama&#8230;cu atata pasiune si obida, ca nu va vad bine. JUSTITIA si CCR sunt pentru unii MUMA, pentru cei mai multi , CIUMA ! scarba mi-e de voi !  <\/div>\n<ul class=\"cf cactions\">\n<li><a class=\"comment-382922\" href rel=\"raspunde\" title=\"Raspunde\">Raspunde<\/a><\/li>\n<li>|<\/li>\n<li><a href class=\"comment-382922\" rel=\"raspunde-citeaza\" title=\"Raspunde cu citat\">Raspunde cu citat<\/a><\/li>\n<li>|<\/li>\n<li><a href class=\"comment-382922\" title=\"Citat\" rel=\"citeaza\">Citat<\/a><\/li>\n<\/ul>\n<\/div>\n<\/div>\n<div class=\"comment\" id=\"comentariu-382923\">\n<div class=\"commentBody\">\n<div class=\"commentDate\">\n<p class=\"comment-details cf\"><span class=\"comment-id\"><br \/>\n\t\t\t\t\t\t\t\t#<br \/>\n\t\t\t\t\t\t\t\t<strong>Chelu\u021bu <\/strong><img decoding=\"async\" src=\"https:\/\/analyse.optim.biz\/wp-content\/uploads\/2025\/12\/calendar-63.png\" alt=\"date\" title=\"calendar-63\"><br \/>\n\t\t\t\t\t\t\t\t20 October 2025 19:56<br \/>\n\t\t\t\t\t\t\t<\/span><span class=\"comment-quality cf\"><span class=\"green\">+24<\/span><\/span><\/p>\n<\/div>\n<div class=\"commentContent\">S\u0103-i explice cineva la Cheluba, c\u0103 Guvernul Rom\u00e2niei nu e camionul condus de d\u00e2nsul, pe vremea c\u00e2nd nu era nevoit s\u0103 a\u0219tepte dec\u00e2t culoarea verde la semafor. Prea mult amatorism la un guvern care ar trebui s\u0103 ne pun\u0103 pe roate. Cheliosul e tot \u00een pan\u0103, ba de idei, ba de termene. <\/div>\n<ul class=\"cf cactions\">\n<li><a class=\"comment-382923\" href rel=\"raspunde\" title=\"Raspunde\">Raspunde<\/a><\/li>\n<li>|<\/li>\n<li><a href class=\"comment-382923\" rel=\"raspunde-citeaza\" title=\"Raspunde cu citat\">Raspunde cu citat<\/a><\/li>\n<li>|<\/li>\n<li><a href class=\"comment-382923\" title=\"Citat\" rel=\"citeaza\">Citat<\/a><\/li>\n<\/ul>\n<\/div>\n<\/div>\n<div class=\"comment\" id=\"comentariu-382933\">\n<div class=\"commentBody\">\n<div class=\"commentDate\">\n<p class=\"comment-details cf\"><span class=\"comment-id\"><br \/>\n\t\t\t\t\t\t\t\t#<br \/>\n\t\t\t\t\t\t\t\t<strong>Retardanis<\/strong><img decoding=\"async\" src=\"https:\/\/analyse.optim.biz\/wp-content\/uploads\/2025\/12\/calendar-63.png\" alt=\"date\" title=\"calendar-63\"><br \/>\n\t\t\t\t\t\t\t\t20 October 2025 23:43<br \/>\n\t\t\t\t\t\t\t<\/span><span class=\"comment-quality cf\"><span class=\"green\">+1<\/span><\/span><\/p>\n<\/div>\n<div class=\"commentContent\">Lipsa avizului a fost cauza. O mica intrebare: guvernul a cerut acest aviz? Daca l-a cerut, CSM a raspuns probabil sau NU. Lipsa raspunsului nu poate fi sanctionata, probabil ca NU.<\/div>\n<ul class=\"cf cactions\">\n<li><a class=\"comment-382933\" href rel=\"raspunde\" title=\"Raspunde\">Raspunde<\/a><\/li>\n<li>|<\/li>\n<li><a href class=\"comment-382933\" rel=\"raspunde-citeaza\" title=\"Raspunde cu citat\">Raspunde cu citat<\/a><\/li>\n<li>|<\/li>\n<li><a href class=\"comment-382933\" title=\"Citat\" rel=\"citeaza\">Citat<\/a><\/li>\n<\/ul>\n<\/div>\n<\/div>\n<div class=\"comment\" id=\"comentariu-382935\">\n<div class=\"commentBody\">\n<div class=\"commentDate\">\n<p class=\"comment-details cf\"><span class=\"comment-id\"><br \/>\n\t\t\t\t\t\t\t\t#<br \/>\n\t\t\t\t\t\t\t\t<strong>Cece re<\/strong><img decoding=\"async\" src=\"https:\/\/analyse.optim.biz\/wp-content\/uploads\/2025\/12\/calendar-63.png\" alt=\"date\" title=\"calendar-63\"><br \/>\n\t\t\t\t\t\t\t\t21 October 2025 05:50<br \/>\n\t\t\t\t\t\t\t<\/span><span class=\"comment-quality cf\"><span class=\"green\">+49<\/span><\/span><\/p>\n<\/div>\n<div class=\"commentContent\">Mai bine nu se invoca treaba asta \u0219i se intra pe fond..Ce  am ob\u021binut ? Nimic.Doar o amanare \u0219i mai scap\u0103 cei care fac vechimea pana la final de an probabil.\u00cen rest ,CCR d\u0103 und\u0103 liber\u0103 Guvernului s\u0103 modifice ce vrea ,cum vrea  \u0219i c\u00e2nd\/de c\u00e2te ori vrea statutul magistra\u021bilor. Mai bine terminau acum ce aveau de spus,  Am ob\u021binut doar stres \u0219i incertitudine. Ce o s\u0103 facem ? Oprim protestul \u0219i relu\u0103m peste 1 lun\u0103? Poate ar trebui ca CSM s\u0103 \u00eenceap\u0103 s\u0103 se implice \u00een discu\u021bii serioase cu Guvernul pentru modific\u0103ri urgente necesare degrevarii instan\u021belor de toate prostiile \u0219i \u00eembun\u0103t\u0103\u021birea condi\u021biilor de lucru..Pensionarea va fi la 65 de ani, iar asta nu o mai pot schimba <\/div>\n<ul class=\"cf cactions\">\n<li><a class=\"comment-382935\" href rel=\"raspunde\" title=\"Raspunde\">Raspunde<\/a><\/li>\n<li>|<\/li>\n<li><a href class=\"comment-382935\" rel=\"raspunde-citeaza\" title=\"Raspunde cu citat\">Raspunde cu citat<\/a><\/li>\n<li>|<\/li>\n<li><a href class=\"comment-382935\" title=\"Citat\" rel=\"citeaza\">Citat<\/a><\/li>\n<\/ul>\n<\/div>\n<\/div>\n<div class=\"comment\" id=\"comentariu-382936\">\n<div class=\"commentBody\">\n<div class=\"commentDate\">\n<p class=\"comment-details cf\"><span class=\"comment-id\"><br \/>\n\t\t\t\t\t\t\t\t#<br \/>\n\t\t\t\t\t\t\t\t<strong>santinela<\/strong><img decoding=\"async\" src=\"https:\/\/analyse.optim.biz\/wp-content\/uploads\/2025\/12\/calendar-63.png\" alt=\"date\" title=\"calendar-63\"><br \/>\n\t\t\t\t\t\t\t\t21 October 2025 06:49<br \/>\n\t\t\t\t\t\t\t<\/span><span class=\"comment-quality cf\"><span class=\"green\">+9<\/span><\/span><\/p>\n<\/div>\n<div class=\"commentContent\">Cata &#8220;inteligenta si profesionalism&#8221; pe ciumpalacii ceceristi sa descopere ei acest viciu de forma abia dupa o gramada de amanari .Ce sa faci, &#8220;viciul&#8221; a fost ascuns al naibii de bine,greu de gasit pentru unul cu un neuron, astfel ca venind astia cu doi neuroni il gasira mintenas. Asa o greata te cuprinde privind la imbuibatii astia din justitie incat noroc ca exista Emetiral !<\/div>\n<ul class=\"cf cactions\">\n<li><a class=\"comment-382936\" href rel=\"raspunde\" title=\"Raspunde\">Raspunde<\/a><\/li>\n<li>|<\/li>\n<li><a href class=\"comment-382936\" rel=\"raspunde-citeaza\" title=\"Raspunde cu citat\">Raspunde cu citat<\/a><\/li>\n<li>|<\/li>\n<li><a href class=\"comment-382936\" title=\"Citat\" rel=\"citeaza\">Citat<\/a><\/li>\n<\/ul>\n<\/div>\n<\/div>\n<div class=\"comment\" id=\"comentariu-382937\">\n<div class=\"commentBody\">\n<div class=\"commentDate\">\n<p class=\"comment-details cf\"><span class=\"comment-id\"><br \/>\n\t\t\t\t\t\t\t\t#<br \/>\n\t\t\t\t\t\t\t\t<strong>om de bine<\/strong><img decoding=\"async\" src=\"https:\/\/analyse.optim.biz\/wp-content\/uploads\/2025\/12\/calendar-63.png\" alt=\"date\" title=\"calendar-63\"><br \/>\n\t\t\t\t\t\t\t\t21 October 2025 06:59<br \/>\n\t\t\t\t\t\t\t<\/span><span class=\"comment-quality cf\"><span class=\"green\">+86<\/span><\/span><\/p>\n<\/div>\n<div class=\"commentContent\">Guvernul, o adunatura de incompetenti si amatori. Cea mai buna lectie pe care a primit-o de la CCR si daca va continua cu mizeriile isi va primi si alte lectii.<br \/>\nCum si-a imaginat vreodata ca punand presiune pe judecatorii CCR, pe tot sistemul de justitie prin denigrarea profesiei de magistrat, va reusi?<br \/>\nA fost buna CCR cand a anulat alegerile?<br \/>\nVa plac numai partile bune ale deciziilor CCR?<br \/>\nDaca nu era CCR acest guvern in frunte cu actualul presedinte nu existau, Georgescu defila cu arma la picior. <\/div>\n<ul class=\"cf cactions\">\n<li><a class=\"comment-382937\" href rel=\"raspunde\" title=\"Raspunde\">Raspunde<\/a><\/li>\n<li>|<\/li>\n<li><a href class=\"comment-382937\" rel=\"raspunde-citeaza\" title=\"Raspunde cu citat\">Raspunde cu citat<\/a><\/li>\n<li>|<\/li>\n<li><a href class=\"comment-382937\" title=\"Citat\" rel=\"citeaza\">Citat<\/a><\/li>\n<\/ul>\n<\/div>\n<\/div>\n<div class=\"comment\" id=\"comentariu-382941\">\n<div class=\"commentBody\">\n<div class=\"commentDate\">\n<p class=\"comment-details cf\"><span class=\"comment-id\"><br \/>\n\t\t\t\t\t\t\t\t#<br \/>\n\t\t\t\t\t\t\t\t<strong>CCCR<\/strong><img decoding=\"async\" src=\"https:\/\/analyse.optim.biz\/wp-content\/uploads\/2025\/12\/calendar-63.png\" alt=\"date\" title=\"calendar-63\"><br \/>\n\t\t\t\t\t\t\t\t21 October 2025 07:21<br \/>\n\t\t\t\t\t\t\t<\/span><span class=\"comment-quality cf\"><span class=\"green\">+5<\/span><\/span><\/p>\n<\/div>\n<div class=\"commentContent\">CCR a avut nevoie de mai multe termene pentru a da o solutie &#8220;pe exceptie&#8221;: lipseste avizul si guvernul nu l-a asteptat. Desi avea posibilitatea sa decida pe fond si sa le serveasca magistratilor ceva bun, pe care ei sa-l puna in trompeta, a ales o cale facila si mai lungeste boala. E ironic cum le-a servit ceva ce de multe ori am intalnit in hotararile instantelor: superficialitate si nepasare de consecinte. Teatru prost, platit pe banii grei ai prostimii.<\/div>\n<ul class=\"cf cactions\">\n<li><a class=\"comment-382941\" href rel=\"raspunde\" title=\"Raspunde\">Raspunde<\/a><\/li>\n<li>|<\/li>\n<li><a href class=\"comment-382941\" rel=\"raspunde-citeaza\" title=\"Raspunde cu citat\">Raspunde cu citat<\/a><\/li>\n<li>|<\/li>\n<li><a href class=\"comment-382941\" title=\"Citat\" rel=\"citeaza\">Citat<\/a><\/li>\n<\/ul>\n<\/div>\n<\/div>\n<div class=\"comment\" id=\"comentariu-383019\">\n<div class=\"commentBody\">\n<div class=\"commentDate\">\n<p class=\"comment-details cf\"><span class=\"comment-id\"><br \/>\n\t\t\t\t\t\t\t\t#<br \/>\n\t\t\t\t\t\t\t\t<strong>Ioan<\/strong><img decoding=\"async\" src=\"https:\/\/analyse.optim.biz\/wp-content\/uploads\/2025\/12\/calendar-63.png\" alt=\"date\" title=\"calendar-63\"><br \/>\n\t\t\t\t\t\t\t\t23 October 2025 08:45<br \/>\n\t\t\t\t\t\t\t<\/span><span class=\"comment-quality cf\"><span class=\"gray\">0<\/span><\/span><\/p>\n<\/div>\n<div class=\"commentContent\">Celor de la CCR le-a trebuit o luna de zile ca sa constate lipsa avizului CSM. Echipa desteapta, sa traga cat mai mult din timp.<\/div>\n<ul class=\"cf cactions\">\n<li><a class=\"comment-383019\" href rel=\"raspunde\" title=\"Raspunde\">Raspunde<\/a><\/li>\n<li>|<\/li>\n<li><a href class=\"comment-383019\" rel=\"raspunde-citeaza\" title=\"Raspunde cu citat\">Raspunde cu citat<\/a><\/li>\n<li>|<\/li>\n<li><a href class=\"comment-383019\" title=\"Citat\" rel=\"citeaza\">Citat<\/a><\/li>\n<\/ul>\n<\/div>\n<\/div>\n<div class=\"comment\" id=\"comentariu-383131\">\n<div class=\"commentBody\">\n<div class=\"commentDate\">\n<p class=\"comment-details cf\"><span class=\"comment-id\"><br \/>\n\t\t\t\t\t\t\t\t#<br \/>\n\t\t\t\t\t\t\t\t<strong>simion<\/strong><img decoding=\"async\" src=\"https:\/\/analyse.optim.biz\/wp-content\/uploads\/2025\/12\/calendar-63.png\" alt=\"date\" title=\"calendar-63\"><br \/>\n\t\t\t\t\t\t\t\t25 October 2025 00:15<br \/>\n\t\t\t\t\t\t\t<\/span><span class=\"comment-quality cf\"><span class=\"gray\">0<\/span><\/span><\/p>\n<\/div>\n<div class=\"commentContent\">de-aceea a amanat de doua ori?<br \/>\nsunteti penibili si voi si CCR&#8230;<br \/>\nV-ati pierdut si bruma de rusine ,pe care ati mai avut-o&#8230;<\/div>\n<ul class=\"cf cactions\">\n<li><a class=\"comment-383131\" href rel=\"raspunde\" title=\"Raspunde\">Raspunde<\/a><\/li>\n<li>|<\/li>\n<li><a href class=\"comment-383131\" rel=\"raspunde-citeaza\" title=\"Raspunde cu citat\">Raspunde cu citat<\/a><\/li>\n<li>|<\/li>\n<li><a href class=\"comment-383131\" title=\"Citat\" rel=\"citeaza\">Citat<\/a><\/li>\n<\/ul>\n<\/div>\n<\/div>\n<\/section>\n<section id=\"comments\">\n<div class=\"heading\">\n<h2>Adauga comentariu<\/h2>\n<\/div>\n<div>\n<div id=\"emoticons-container\">\n<div id=\"comments-form-smilespanel\"><img decoding=\"async\" src=\"https:\/\/analyse.optim.biz\/wp-content\/uploads\/2025\/12\/laugh-80.gif\" alt=\":D\" class=\"smile\" title=\"laugh-80\"><img decoding=\"async\" src=\"https:\/\/analyse.optim.biz\/wp-content\/uploads\/2025\/12\/lol-85.gif\" alt=\":lol:\" class=\"smile\" title=\"lol-85\"><img decoding=\"async\" src=\"https:\/\/analyse.optim.biz\/wp-content\/uploads\/2025\/12\/smile-76.gif\" alt=\":-)\" class=\"smile\" title=\"smile-76\"><img decoding=\"async\" src=\"https:\/\/analyse.optim.biz\/wp-content\/uploads\/2025\/12\/wink-74.gif\" alt=\";-)\" class=\"smile\" title=\"wink-74\"><img decoding=\"async\" src=\"https:\/\/analyse.optim.biz\/wp-content\/uploads\/2025\/12\/cool-78.gif\" alt=\"8)\" class=\"smile\" title=\"cool-78\"><img decoding=\"async\" src=\"https:\/\/analyse.optim.biz\/wp-content\/uploads\/2025\/12\/normal-73.gif\" alt=\":-|\" class=\"smile\" title=\"normal-73\"><img decoding=\"async\" src=\"https:\/\/analyse.optim.biz\/wp-content\/uploads\/2025\/12\/whistling-76.gif\" alt=\":-*\" class=\"smile\" title=\"whistling-76\"><img decoding=\"async\" src=\"https:\/\/analyse.optim.biz\/wp-content\/uploads\/2025\/12\/redface-74.gif\" alt=\":oops:\" class=\"smile\" title=\"redface-74\"><img decoding=\"async\" src=\"https:\/\/analyse.optim.biz\/wp-content\/uploads\/2025\/12\/sad-73.gif\" alt=\":sad:\" class=\"smile\" title=\"sad-73\"><img decoding=\"async\" src=\"https:\/\/analyse.optim.biz\/wp-content\/uploads\/2025\/12\/cry-77.gif\" alt=\":cry:\" class=\"smile\" title=\"cry-77\"><img decoding=\"async\" src=\"https:\/\/analyse.optim.biz\/wp-content\/uploads\/2025\/12\/surprised-77.gif\" alt=\":o\" class=\"smile\" title=\"surprised-77\"><img decoding=\"async\" src=\"https:\/\/analyse.optim.biz\/wp-content\/uploads\/2025\/12\/confused-73.gif\" alt=\":-?\" class=\"smile\" title=\"confused-73\"><img decoding=\"async\" src=\"https:\/\/analyse.optim.biz\/wp-content\/uploads\/2025\/12\/sick-82.gif\" alt=\":-x\" class=\"smile\" title=\"sick-82\"><img decoding=\"async\" src=\"https:\/\/analyse.optim.biz\/wp-content\/uploads\/2025\/12\/shocked-78.gif\" alt=\":eek:\" class=\"smile\" title=\"shocked-78\"><img decoding=\"async\" src=\"https:\/\/analyse.optim.biz\/wp-content\/uploads\/2025\/12\/sleeping-76.gif\" alt=\":zzz\" class=\"smile\" title=\"sleeping-76\"><img decoding=\"async\" src=\"https:\/\/analyse.optim.biz\/wp-content\/uploads\/2025\/12\/tongue-75.gif\" alt=\":P\" class=\"smile\" title=\"tongue-75\"><img decoding=\"async\" src=\"https:\/\/analyse.optim.biz\/wp-content\/uploads\/2025\/12\/rolleyes-74.gif\" alt=\":roll:\" class=\"smile\" title=\"rolleyes-74\"><img decoding=\"async\" src=\"https:\/\/analyse.optim.biz\/wp-content\/uploads\/2025\/12\/unsure-73.gif\" alt=\":sigh:\" class=\"smile\" title=\"unsure-73\"><\/div>\n<\/div>\n<\/div>\n<div class=\"text-center\">\n<p>DISCLAIMER<\/p>\n<p>Atentie! Postati pe propria raspundere!<br \/> Inainte de a posta, cititi aici regulamentul: <a href=\"https:\/\/www.luju.ro\/termeni-legali-si-conditii\" title=\"Termeni legali si conditii\">Termeni legali si Conditii<\/a><\/p>\n<\/div>\n<\/section>\n<\/article>\n<p> Source URL: https:\/\/www.luju.ro\/ccr-nici-n-a-mai-intrat-pe-fond-ccr-explica-de-ce-a-admis-sesizarea-de-neconstitutionalitate-a-iccj-privind-proiectul-de-lege-referitor-la-pensiile-magistratilor-curtea-nu-a-mai-analizat-fondul-legii-dupa-ce-a-constatat-ca-lipsa-avizului-csm-coroborat-cu<\/p>\n","protected":false},"excerpt":{"rendered":"<p>CCR NICI N-A MAI INTRAT PE FOND \u2013 CCR explica de ce a admis sesizarea de neconstitutionalitate a ICCJ privind proiectul de lege referitor la pensiile magistratilor. Curtea nu a mai analizat fondul legii, dupa ce a constatat ca: \u201cLipsa avizului CSM coroborat cu neasteptarea curgerii de catre Guvern a intregului termen de 30 de [&hellip;]<\/p>\n","protected":false},"author":1,"featured_media":786527,"comment_status":"open","ping_status":"","sticky":false,"template":"","format":"standard","meta":{"footnotes":""},"categories":[89],"tags":[114],"class_list":["post-786526","post","type-post","status-publish","format-standard","has-post-thumbnail","hentry","category-romania","tag-luju-ro"],"_links":{"self":[{"href":"https:\/\/analyse.optim.biz\/index.php?rest_route=\/wp\/v2\/posts\/786526","targetHints":{"allow":["GET"]}}],"collection":[{"href":"https:\/\/analyse.optim.biz\/index.php?rest_route=\/wp\/v2\/posts"}],"about":[{"href":"https:\/\/analyse.optim.biz\/index.php?rest_route=\/wp\/v2\/types\/post"}],"author":[{"embeddable":true,"href":"https:\/\/analyse.optim.biz\/index.php?rest_route=\/wp\/v2\/users\/1"}],"replies":[{"embeddable":true,"href":"https:\/\/analyse.optim.biz\/index.php?rest_route=%2Fwp%2Fv2%2Fcomments&post=786526"}],"version-history":[{"count":0,"href":"https:\/\/analyse.optim.biz\/index.php?rest_route=\/wp\/v2\/posts\/786526\/revisions"}],"wp:featuredmedia":[{"embeddable":true,"href":"https:\/\/analyse.optim.biz\/index.php?rest_route=\/wp\/v2\/media\/786527"}],"wp:attachment":[{"href":"https:\/\/analyse.optim.biz\/index.php?rest_route=%2Fwp%2Fv2%2Fmedia&parent=786526"}],"wp:term":[{"taxonomy":"category","embeddable":true,"href":"https:\/\/analyse.optim.biz\/index.php?rest_route=%2Fwp%2Fv2%2Fcategories&post=786526"},{"taxonomy":"post_tag","embeddable":true,"href":"https:\/\/analyse.optim.biz\/index.php?rest_route=%2Fwp%2Fv2%2Ftags&post=786526"}],"curies":[{"name":"wp","href":"https:\/\/api.w.org\/{rel}","templated":true}]}}