{"id":786500,"date":"2025-10-24T12:47:00","date_gmt":"2025-10-24T09:47:00","guid":{"rendered":"https:\/\/analyse.optim.biz\/?p=786500"},"modified":"2025-10-24T12:47:00","modified_gmt":"2025-10-24T09:47:00","slug":"grup-de-lucru-pentru-pensiile-magistratilor-presedinta-csm-elena-costache-sefa-iccj-lia-savonea-si-procurorul-general-alex-florenta-au-discutat-cu-presedintele-camerei-deputatilor-sorin-gri","status":"publish","type":"post","link":"https:\/\/analyse.optim.biz\/?p=786500","title":{"rendered":"GRUP DE LUCRU PENTRU PENSIILE MAGISTRATILOR \u2013 Presedinta CSM Elena Costache, sefa ICCJ Lia Savonea si Procurorul General Alex Florenta au discutat cu presedintele Camerei Deputatilor Sorin Grindeanu, ministrul Justitiei Radu Marinescu, ministrul Muncii Florin Manole si vicepremierul Marian Neacsu. Grindeanu: \u201cFormarea unui grup de lucru cu specialisti, sub coordonarea Parlamentului, care sa identifice cu celeritate solutia legislativa constitutionala\u201d"},"content":{"rendered":"<article id=\"article-content\">\n<h1>GRUP DE LUCRU PENTRU PENSIILE MAGISTRATILOR \u2013 Presedinta CSM Elena Costache, sefa ICCJ Lia Savonea si Procurorul General Alex Florenta au discutat cu presedintele Camerei Deputatilor Sorin Grindeanu, ministrul Justitiei Radu Marinescu, ministrul Muncii Florin Manole si vicepremierul Marian Neacsu. Grindeanu: \u201cFormarea unui grup de lucru cu specialisti, sub coordonarea Parlamentului, care sa identifice cu celeritate solutia legislativa constitutionala\u201d<\/h1>\n<section id=\"article-info\">\n<p class=\"author\">Scris de: G.T. | <a href=\"https:\/\/www.luju.ro\/grup-de-lucru-pentru-pensiile-magistratilor-presedinta-csm-elena-costache-sefa-iccj-lia-savonea-si-procurorul-general-alex-florenta-au-discutat-cu-presedintele-camerei-deputatilor-sorin-grindeanu-ministrul-justitiei-radu-marinescu-ministrul-muncii-florin?pdf\" title=\"PDF\"><img decoding=\"async\" src=\"https:\/\/analyse.optim.biz\/wp-content\/uploads\/2025\/12\/pdf-72.png\" alt=\"pdf\" title=\"pdf-72\"><\/a> | <a href=\"https:\/\/www.luju.ro\/grup-de-lucru-pentru-pensiile-magistratilor-presedinta-csm-elena-costache-sefa-iccj-lia-savonea-si-procurorul-general-alex-florenta-au-discutat-cu-presedintele-camerei-deputatilor-sorin-grindeanu-ministrul-justitiei-radu-marinescu-ministrul-muncii-florin?print=1\" class=\"external\" title=\"Imprimare\"><img decoding=\"async\" src=\"https:\/\/analyse.optim.biz\/wp-content\/uploads\/2025\/12\/print-72.png\" alt=\"print\" title=\"print-72\"><\/a><\/p>\n<div class=\"info flex-container\">\n<div class=\"date\">24 October 2025 12:47<\/div>\n<div>Vizualizari: 3675<\/div>\n<\/div>\n<\/section>\n<section id=\"article-body\">\n<section id=\"page\" class=\"cf\">\n<div>\n<p align=\"JUSTIFY\"><span><span><img loading=\"lazy\" decoding=\"async\" height=\"225\" width=\"400\" src=\"https:\/\/analyse.optim.biz\/wp-content\/uploads\/2025\/12\/sorin_grindeanu-1.jpg\" title=\"sorin_grindeanu-1\">Sefii Justitiei s-au intalnit vineri, 24 octombrie 2025, cu <b>presedintele Camerei Deputatilor Sorin Grindeanu <span>(foto)<\/span><\/b>. Este vorba despre <b>presedinta Consiliului Superior al Magistraturii Elena Costache, sefa ICCJ Lia Savonea si Procurorul General al Romaniei Alex Florenta<\/b>. La discutii au mai luat parte <b>ministrul Justitiei Radu Marinescu, ministrul Muncii Florin Manole si vicepremierul Marian Neacsu<\/b>.<\/span><\/span><\/p>\n<hr>\n<p><span><span><br \/><\/span><\/span><\/p>\n<p align=\"JUSTIFY\"><span><span>Intalnirea a avut ca tema noul proiect de lege privind pensiile de serviciu ale magistratilor. Intr-o postare pe pagina sa de <b><span><a target=\"_blank\" href=\"https:\/\/www.facebook.com\/grindeanusorin\/posts\/pfbid0XPRz7J1yrS5DS7My7ydMFoLVDQVvSEWP3Y9qr9kaHKDoVQgjnnrHRbgCGhhMJVV8l?__cft__%5B0%5D=AZXqLqJOdVaiTeMMt69ayyUw5uLx0AVTVmKwFmcgwGQW2dMkB36LAuCNOIi0zoAUnXLzeAZNVDuJve6UtSajV8yGt-CJBwmYa95NnH1m3FTrdEixjGad4OWc5ViN8gD0Xhq1d9Sg60pTCa13WCxwVfuZ9MkPIFwQqwMrMwN3iWmm9EZdMde9U5RTj_BM8AJClDw&amp;__tn__=%2CO%2CP-R\">Facebook<\/a><\/span><\/b>, Sorin Grindeanu a precizat ca a propus formarea unui grup de lucru cu specialisti, sub coordonarea Parlamentului, care sa identifice cu celeritate solutia legislativa constitutionala.<\/span><\/span><\/p>\n<p align=\"JUSTIFY\"><span><span><br \/><\/span><\/span><\/p>\n<p align=\"JUSTIFY\"><span><span><b>Iata postarea presedintelui Camerei Deputatilor Sorin Grindeanu:<\/b><\/span><\/span><\/p>\n<p align=\"JUSTIFY\"><span><span><br \/><\/span><\/span><\/p>\n<p align=\"JUSTIFY\"><i><span><span>\u201cDialog constructiv astazi, la Parlament, cu toti actorii relevanti din justitie.<\/span><\/span><\/i><\/p>\n<p align=\"JUSTIFY\"><i><span><span><b>Asa cum am anuntat public, am initiat o consultare in vederea elaborarii rapide a unui proiect de lege privind pensiile magistratilor care sa raspunda cu adevarat asteptarilor romanilor si sa deblocheze transa de 231 de milioane de euro din PNRR pana la data de 28 noiembrie.<\/b><\/span><\/span><\/i><\/p>\n<p align=\"JUSTIFY\"><span><i><span><b>Demersul meu vizeaza doua obiective clare: deblocarea situatiei din justitie si formarea unui grup de lucru cu specialisti, sub coordonarea Parlamentului, care sa identifice cu celeritate solutia legislativa constitutionala. <\/b><\/span><\/i><\/span><\/p>\n<p align=\"JUSTIFY\"><i><span><span><b>Le multumesc pentru deschidere presedintei Consiliului Superior al Magistraturii (CSM), Elena Costache, presedintei Inaltei Curti de Casatie si de Justitie (ICCJ), Lia Savonea si procurorului General, Alex Florenta. De asemenea, apreciez implicarea ministrului Justitiei, Radu Marinescu, a ministrului Muncii, Florin Manole si a vicepremierului Marian Neacsu. <\/b><\/span><\/span><\/i><\/p>\n<p align=\"JUSTIFY\"><i><span><span>Eu cred ca in politica dialogul este singura cale prin care poti obtine rezultate pe termen lung. Sunt un om politic care respinge obtuzitatea si incapatanarea, pentru ca acestea nu duc niciodata la rezultate viabile. <\/span><\/span><\/i><\/p>\n<p align=\"JUSTIFY\"><i><span><span>Acest demers trebuie dus pana la capat, alaturi de toti cei interesati si de buna-credinta, de aceea lansez si celorlalti lideri ai coalitiei invitatia de a fi parte activa din solutie. <\/span><\/span><\/i><\/p>\n<p align=\"JUSTIFY\"><i><span><span>Trebuie sa folosim toate mijloacele parlamentare pentru a avea o solutie reala si constitutionala la o problema serioasa\u201d.<\/span><\/span><\/i><\/p>\n<\/div>\n<\/section>\n<\/section>\n<section id=\"comments-boxes\">\n<div class=\"heading\">\n<h2>Comentarii<\/h2>\n<\/div>\n<div class=\"comment\" id=\"comentariu-383098\">\n<div class=\"commentBody\">\n<div class=\"commentDate\">\n<p class=\"comment-details cf\"><span class=\"comment-id\"><br \/>\n\t\t\t\t\t\t\t\t#<br \/>\n\t\t\t\t\t\t\t\t<strong>Sorin Pr\u0103bu\u0219eanu, Radu Catastrofa<\/strong><img decoding=\"async\" src=\"https:\/\/analyse.optim.biz\/wp-content\/uploads\/2025\/12\/calendar-62.png\" alt=\"date\" title=\"calendar-62\"><br \/>\n\t\t\t\t\t\t\t\t24 October 2025 13:30<br \/>\n\t\t\t\t\t\t\t<\/span><span class=\"comment-quality cf\"><span class=\"green\">+25<\/span><\/span><\/p>\n<\/div>\n<div class=\"commentContent\">Marinic\u0103f\u0103r\u0103frica \u0219i Manole Ministru Mucii. Vai,steaua lor! E jmeker Boli. Se rupe c\u0103ru\u021ba,catastrofele astea 4 vor fi de vina. Cronic\u0103 unui e\u0219ec dinainte anun\u021bat.<\/div>\n<ul class=\"cf cactions\">\n<li><a class=\"comment-383098\" href rel=\"raspunde\" title=\"Raspunde\">Raspunde<\/a><\/li>\n<li>|<\/li>\n<li><a href class=\"comment-383098\" rel=\"raspunde-citeaza\" title=\"Raspunde cu citat\">Raspunde cu citat<\/a><\/li>\n<li>|<\/li>\n<li><a href class=\"comment-383098\" title=\"Citat\" rel=\"citeaza\">Citat<\/a><\/li>\n<\/ul>\n<\/div>\n<\/div>\n<div class=\"comment\" id=\"comentariu-383103\">\n<div class=\"commentBody\">\n<div class=\"commentDate\">\n<p class=\"comment-details cf\"><span class=\"comment-id\"><br \/>\n\t\t\t\t\t\t\t\t#<br \/>\n\t\t\t\t\t\t\t\t<strong>Petre<\/strong><img decoding=\"async\" src=\"https:\/\/analyse.optim.biz\/wp-content\/uploads\/2025\/12\/calendar-62.png\" alt=\"date\" title=\"calendar-62\"><br \/>\n\t\t\t\t\t\t\t\t24 October 2025 15:10<br \/>\n\t\t\t\t\t\t\t<\/span><span class=\"comment-quality cf\"><span class=\"green\">+12<\/span><\/span><\/p>\n<\/div>\n<div class=\"commentContent\">canta imnuri despre binele comun, dar vocile lor ascund ecoul pungilor umplute in umbra<\/div>\n<ul class=\"cf cactions\">\n<li><a class=\"comment-383103\" href rel=\"raspunde\" title=\"Raspunde\">Raspunde<\/a><\/li>\n<li>|<\/li>\n<li><a href class=\"comment-383103\" rel=\"raspunde-citeaza\" title=\"Raspunde cu citat\">Raspunde cu citat<\/a><\/li>\n<li>|<\/li>\n<li><a href class=\"comment-383103\" title=\"Citat\" rel=\"citeaza\">Citat<\/a><\/li>\n<\/ul>\n<\/div>\n<\/div>\n<div class=\"comment\" id=\"comentariu-383105\">\n<div class=\"commentBody\">\n<div class=\"commentDate\">\n<p class=\"comment-details cf\"><span class=\"comment-id\"><br \/>\n\t\t\t\t\t\t\t\t#<br \/>\n\t\t\t\t\t\t\t\t<strong>Noe<\/strong><img decoding=\"async\" src=\"https:\/\/analyse.optim.biz\/wp-content\/uploads\/2025\/12\/calendar-62.png\" alt=\"date\" title=\"calendar-62\"><br \/>\n\t\t\t\t\t\t\t\t24 October 2025 15:17<br \/>\n\t\t\t\t\t\t\t<\/span><span class=\"comment-quality cf\"><span class=\"green\">+14<\/span><\/span><\/p>\n<\/div>\n<div class=\"commentContent\">C\u00e2nd \u00eei v\u0103d pe aceast\u0103 nulitate cum face pe de\u0219teptul, cum \u00eencearc\u0103 s\u0103 suresciteze MORTUL PSD, cu texte de campanie personal\u0103 \u0219i vr\u0103jeli de adormit prostimea dus\u0103 de nas de baronii feudelor pesede de prin sate adunat\u0103&#8230; m\u0103 love\u0219te  <img decoding=\"async\" src=\"https:\/\/analyse.optim.biz\/wp-content\/uploads\/2025\/12\/sick-79.gif\" alt=\":-x\" title=\"sick-79\"><br \/>\nAdic\u0103 tu caracati\u021b\u0103 de zeci de ani nu ai avut interes s\u0103 sco\u021bi \u021bara din rahatul bol\u0219evic capitalist oligarhic sekuristic de cumetrie, s\u0103 faci dreptate, echitate social\u0103 \u0219i c\u00e2te \u0219i mai c\u00e2te, \u0219i apari acum la spartu t\u00e2rgului \u201eal\u0103turi de to\u021bi cei interesati \u0219i de buna-credin\u021b\u0103\u201d cioar\u0103 vopsit\u0103 c\u00e2nt\u00e2nd \u201euna paloma blanca\u201d.. \u021ai s-a \u00eencordat iar maxilarul \u201e\u00een raport cu o m\u0103sur\u0103 complex\u0103\u201d precum vestita \u0219i neg\u0103sita ta integral\u0103 Lebesgue-Radon! <img decoding=\"async\" src=\"https:\/\/analyse.optim.biz\/wp-content\/uploads\/2025\/12\/laugh-77.gif\" alt=\":D\" title=\"laugh-77\"><br \/>\nBorfa\u0219ilor!. Da\u021bi B\u0102 \u021bara \u0219i BANII FURA\u021aI \u00eenapoi!. Oric\u00e2t vre\u021bi voi s\u0103 p\u0103re\u021bi PRO-EUROPENI, nu ve\u021bi fi niciodat\u0103!. C\u0103ci EUROPENII adev\u0103ra\u021bi v-au folosit \u0219i v-au pl\u0103tit ca s\u0103 transforma\u021bi Ro \u00een COLONIA lor Lua\u021bi-v\u0103 \u201ebalamalele\u201d liberale, hauriste, useriste, sekuriste, udememeriste&amp;comp! \u0219i disp\u0103re\u021bi din peisaj! <img decoding=\"async\" src=\"https:\/\/analyse.optim.biz\/wp-content\/uploads\/2025\/12\/sick-79.gif\" alt=\":-x\" title=\"sick-79\"><\/div>\n<ul class=\"cf cactions\">\n<li><a class=\"comment-383105\" href rel=\"raspunde\" title=\"Raspunde\">Raspunde<\/a><\/li>\n<li>|<\/li>\n<li><a href class=\"comment-383105\" rel=\"raspunde-citeaza\" title=\"Raspunde cu citat\">Raspunde cu citat<\/a><\/li>\n<li>|<\/li>\n<li><a href class=\"comment-383105\" title=\"Citat\" rel=\"citeaza\">Citat<\/a><\/li>\n<\/ul>\n<\/div>\n<\/div>\n<\/section>\n<section id=\"comments\">\n<div class=\"heading\">\n<h2>Adauga comentariu<\/h2>\n<\/div>\n<div>\n<div id=\"emoticons-container\">\n<div id=\"comments-form-smilespanel\"><img decoding=\"async\" src=\"https:\/\/analyse.optim.biz\/wp-content\/uploads\/2025\/12\/laugh-78.gif\" alt=\":D\" class=\"smile\" title=\"laugh-78\"><img decoding=\"async\" src=\"https:\/\/analyse.optim.biz\/wp-content\/uploads\/2025\/12\/lol-83.gif\" alt=\":lol:\" class=\"smile\" title=\"lol-83\"><img decoding=\"async\" src=\"https:\/\/analyse.optim.biz\/wp-content\/uploads\/2025\/12\/smile-75.gif\" alt=\":-)\" class=\"smile\" title=\"smile-75\"><img decoding=\"async\" src=\"https:\/\/analyse.optim.biz\/wp-content\/uploads\/2025\/12\/wink-73.gif\" alt=\";-)\" class=\"smile\" title=\"wink-73\"><img decoding=\"async\" src=\"https:\/\/analyse.optim.biz\/wp-content\/uploads\/2025\/12\/cool-77.gif\" alt=\"8)\" class=\"smile\" title=\"cool-77\"><img decoding=\"async\" src=\"https:\/\/analyse.optim.biz\/wp-content\/uploads\/2025\/12\/normal-72.gif\" alt=\":-|\" class=\"smile\" title=\"normal-72\"><img decoding=\"async\" src=\"https:\/\/analyse.optim.biz\/wp-content\/uploads\/2025\/12\/whistling-75.gif\" alt=\":-*\" class=\"smile\" title=\"whistling-75\"><img decoding=\"async\" src=\"https:\/\/analyse.optim.biz\/wp-content\/uploads\/2025\/12\/redface-73.gif\" alt=\":oops:\" class=\"smile\" title=\"redface-73\"><img decoding=\"async\" src=\"https:\/\/analyse.optim.biz\/wp-content\/uploads\/2025\/12\/sad-72.gif\" alt=\":sad:\" class=\"smile\" title=\"sad-72\"><img decoding=\"async\" src=\"https:\/\/analyse.optim.biz\/wp-content\/uploads\/2025\/12\/cry-76.gif\" alt=\":cry:\" class=\"smile\" title=\"cry-76\"><img decoding=\"async\" src=\"https:\/\/analyse.optim.biz\/wp-content\/uploads\/2025\/12\/surprised-76.gif\" alt=\":o\" class=\"smile\" title=\"surprised-76\"><img decoding=\"async\" src=\"https:\/\/analyse.optim.biz\/wp-content\/uploads\/2025\/12\/confused-72.gif\" alt=\":-?\" class=\"smile\" title=\"confused-72\"><img decoding=\"async\" src=\"https:\/\/analyse.optim.biz\/wp-content\/uploads\/2025\/12\/sick-80.gif\" alt=\":-x\" class=\"smile\" title=\"sick-80\"><img decoding=\"async\" src=\"https:\/\/analyse.optim.biz\/wp-content\/uploads\/2025\/12\/shocked-77.gif\" alt=\":eek:\" class=\"smile\" title=\"shocked-77\"><img decoding=\"async\" src=\"https:\/\/analyse.optim.biz\/wp-content\/uploads\/2025\/12\/sleeping-75.gif\" alt=\":zzz\" class=\"smile\" title=\"sleeping-75\"><img decoding=\"async\" src=\"https:\/\/analyse.optim.biz\/wp-content\/uploads\/2025\/12\/tongue-74.gif\" alt=\":P\" class=\"smile\" title=\"tongue-74\"><img decoding=\"async\" src=\"https:\/\/analyse.optim.biz\/wp-content\/uploads\/2025\/12\/rolleyes-73.gif\" alt=\":roll:\" class=\"smile\" title=\"rolleyes-73\"><img decoding=\"async\" src=\"https:\/\/analyse.optim.biz\/wp-content\/uploads\/2025\/12\/unsure-72.gif\" alt=\":sigh:\" class=\"smile\" title=\"unsure-72\"><\/div>\n<\/div>\n<\/div>\n<div class=\"text-center\">\n<p>DISCLAIMER<\/p>\n<p>Atentie! Postati pe propria raspundere!<br \/> Inainte de a posta, cititi aici regulamentul: <a href=\"https:\/\/www.luju.ro\/termeni-legali-si-conditii\" title=\"Termeni legali si conditii\">Termeni legali si Conditii<\/a><\/p>\n<\/div>\n<\/section>\n<\/article>\n<p> Source URL: https:\/\/www.luju.ro\/grup-de-lucru-pentru-pensiile-magistratilor-presedinta-csm-elena-costache-sefa-iccj-lia-savonea-si-procurorul-general-alex-florenta-au-discutat-cu-presedintele-camerei-deputatilor-sorin-grindeanu-ministrul-justitiei-radu-marinescu-ministrul-muncii-florin<\/p>\n","protected":false},"excerpt":{"rendered":"<p>GRUP DE LUCRU PENTRU PENSIILE MAGISTRATILOR \u2013 Presedinta CSM Elena Costache, sefa ICCJ Lia Savonea si Procurorul General Alex Florenta au discutat cu presedintele Camerei Deputatilor Sorin Grindeanu, ministrul Justitiei Radu Marinescu, ministrul Muncii Florin Manole si vicepremierul Marian Neacsu. Grindeanu: \u201cFormarea unui grup de lucru cu specialisti, sub coordonarea Parlamentului, care sa identifice cu [&hellip;]<\/p>\n","protected":false},"author":1,"featured_media":786501,"comment_status":"open","ping_status":"","sticky":false,"template":"","format":"standard","meta":{"footnotes":""},"categories":[89],"tags":[114],"class_list":["post-786500","post","type-post","status-publish","format-standard","has-post-thumbnail","hentry","category-romania","tag-luju-ro"],"_links":{"self":[{"href":"https:\/\/analyse.optim.biz\/index.php?rest_route=\/wp\/v2\/posts\/786500","targetHints":{"allow":["GET"]}}],"collection":[{"href":"https:\/\/analyse.optim.biz\/index.php?rest_route=\/wp\/v2\/posts"}],"about":[{"href":"https:\/\/analyse.optim.biz\/index.php?rest_route=\/wp\/v2\/types\/post"}],"author":[{"embeddable":true,"href":"https:\/\/analyse.optim.biz\/index.php?rest_route=\/wp\/v2\/users\/1"}],"replies":[{"embeddable":true,"href":"https:\/\/analyse.optim.biz\/index.php?rest_route=%2Fwp%2Fv2%2Fcomments&post=786500"}],"version-history":[{"count":0,"href":"https:\/\/analyse.optim.biz\/index.php?rest_route=\/wp\/v2\/posts\/786500\/revisions"}],"wp:featuredmedia":[{"embeddable":true,"href":"https:\/\/analyse.optim.biz\/index.php?rest_route=\/wp\/v2\/media\/786501"}],"wp:attachment":[{"href":"https:\/\/analyse.optim.biz\/index.php?rest_route=%2Fwp%2Fv2%2Fmedia&parent=786500"}],"wp:term":[{"taxonomy":"category","embeddable":true,"href":"https:\/\/analyse.optim.biz\/index.php?rest_route=%2Fwp%2Fv2%2Fcategories&post=786500"},{"taxonomy":"post_tag","embeddable":true,"href":"https:\/\/analyse.optim.biz\/index.php?rest_route=%2Fwp%2Fv2%2Ftags&post=786500"}],"curies":[{"name":"wp","href":"https:\/\/api.w.org\/{rel}","templated":true}]}}