{"id":786289,"date":"2025-10-28T12:47:00","date_gmt":"2025-10-28T09:47:00","guid":{"rendered":"https:\/\/analyse.optim.biz\/?p=786289"},"modified":"2025-10-28T12:47:00","modified_gmt":"2025-10-28T09:47:00","slug":"de-ce-doar-pensiile-magistratilor-inca-un-indiciu-ca-obsesia-guvernului-de-a-taia-pensiile-magistratilor-nu-este-decat-o-forma-de-presiune-pentru-impunerea-controlului-asupra-justitiei-dep","status":"publish","type":"post","link":"https:\/\/analyse.optim.biz\/?p=786289","title":{"rendered":"DE CE DOAR PENSIILE MAGISTRATILOR? \u2013 Inca un indiciu ca obsesia Guvernului de a taia pensiile magistratilor nu este decat o forma de presiune pentru impunerea controlului asupra Justitiei. Deputatul USR Claudiu Nasui dezvaluie ca pensiile judecatorilor si procurorilor reprezinta doar 8,35% din totalul pensiilor de serviciu, cu mult sub pensiile militarilor, politistilor si jandarmilor, si putin peste pensiile lucratorilor din servicii"},"content":{"rendered":"<article id=\"article-content\">\n<h1>DE CE DOAR PENSIILE MAGISTRATILOR? \u2013 Inca un indiciu ca obsesia Guvernului de a taia pensiile magistratilor nu este decat o forma de presiune pentru impunerea controlului asupra Justitiei. Deputatul USR Claudiu Nasui dezvaluie ca pensiile judecatorilor si procurorilor reprezinta doar 8,35% din totalul pensiilor de serviciu, cu mult sub pensiile militarilor, politistilor si jandarmilor, si putin peste pensiile lucratorilor din servicii<\/h1>\n<section id=\"article-info\">\n<p class=\"author\">Scris de: George TARATA | <a href=\"https:\/\/www.luju.ro\/de-ce-doar-pensiile-magistratilor-inca-un-indiciu-ca-obsesia-guvernului-de-a-taia-pensiile-magistratilor-nu-este-decat-o-forma-de-presiune-pentru-impunerea-controlului-asupra-justitiei-deputatul-usr-claudiu-nasui-dezvaluie-ca-pensiile-judecatorilor-si-pro?pdf\" title=\"PDF\"><img decoding=\"async\" src=\"https:\/\/analyse.optim.biz\/wp-content\/uploads\/2025\/12\/pdf-68.png\" alt=\"pdf\" title=\"pdf-68\"><\/a> | <a href=\"https:\/\/www.luju.ro\/de-ce-doar-pensiile-magistratilor-inca-un-indiciu-ca-obsesia-guvernului-de-a-taia-pensiile-magistratilor-nu-este-decat-o-forma-de-presiune-pentru-impunerea-controlului-asupra-justitiei-deputatul-usr-claudiu-nasui-dezvaluie-ca-pensiile-judecatorilor-si-pro?print=1\" class=\"external\" title=\"Imprimare\"><img decoding=\"async\" src=\"https:\/\/analyse.optim.biz\/wp-content\/uploads\/2025\/12\/print-68.png\" alt=\"print\" title=\"print-68\"><\/a><\/p>\n<div class=\"info flex-container\">\n<div class=\"date\">28 October 2025 12:47<\/div>\n<div>Vizualizari: 6361<\/div>\n<\/div>\n<\/section>\n<section id=\"article-body\">\n<section id=\"page\" class=\"cf\">\n<div>\n<p align=\"JUSTIFY\"><span><span><img loading=\"lazy\" decoding=\"async\" src=\"https:\/\/analyse.optim.biz\/wp-content\/uploads\/2025\/12\/deputat_claudiu_nasui-1.png\" width=\"400\" height=\"225\" title=\"deputat_claudiu_nasui-1\">Iata inca un element care confirma ca intreaga obsesie a Guvernului Bolojan de a taia pensiile magistratilor si de a schimba conditiile de pensionare nu este decat o forma de presiune prin care politicul urmareste punerea sub control a Justitiei. Executivul si-a facut o tinta din pensiile judecatorilor si procurorilor, desi acestea reprezinta doar putin peste 8% din totalul pensiilor de serviciu. <\/span><\/span><\/p>\n<hr>\n<p>\u00a0<\/p>\n<p align=\"JUSTIFY\"><span><span><b>Deputatul USR Claudiu Nasui <span>(foto)<\/span> a publicat marti, 28 octombrie 2025, cifre care demonteaza intreaga campanie dusa pana in prezent in legatura cu pensiile magistratilor, in sensul ca acestea sunt principala problema, atat din punct de vedere al costurilor, cat si din punct de vedere al numarului de beneficiari. <\/b><\/span><\/span><\/p>\n<p align=\"JUSTIFY\"><span><span><b>Asa cum se poate vedea si din statistica aflata la finalul articolului, pensiile judecatorilor si procurorilor reprezinta doar 8,35% din totalul pensiilor de serviciu. <\/b><\/span><\/span><\/p>\n<p align=\"JUSTIFY\"><span><span><b>In schimb, pensiile politistilor si jandarmilor sunt de 49,80% din totalul pensiilor de serviciu, iar pensiile militarilor reprezinta 32,85% din totalul pensiilor de serviciu. <\/b><\/span><\/span><\/p>\n<p align=\"JUSTIFY\"><span><span><b>Foarte aproape de pensiile magistratilor ca procent se situeaza pensiile ofiterilor si lucratorilor din serviciile secrete (SRI, STS, SIE, SPP), si anume 6,82%. <\/b><\/span><\/span><\/p>\n<p align=\"JUSTIFY\"><span><span><b>In ceea ce priveste suma achitata in luna septembrie pentru pensiile judecatorilor si procurorilor, aceasta a fost de circa 127 milioane lei, in timp ce pensiile politistilor si jandarmilor au fost de 758 milioane lei, iar pensiile militarilor de 500 milioane lei. Pentru fostii ofiteri si lucratori din servicii, statul a achitat in septembrie pensii in cuantum de 103 milioane lei, deci deloc departe de pensiile magistratilor.<\/b><\/span><\/span><\/p>\n<p align=\"JUSTIFY\"><span><span><br \/><\/span><\/span><\/p>\n<p align=\"JUSTIFY\"><span><span>Asadar, intrebarea care se pune este: de ce Guvernul este preocupat doar de pensiile magistratilor, desi acestea nu sunt nici cele mai multe, nici cele mai costisitoare?<\/span><\/span><\/p>\n<p align=\"JUSTIFY\"><span><span><br \/><\/span><\/span><\/p>\n<p align=\"JUSTIFY\"><span><span><b>Readam postarea de pe <a href=\"https:\/\/www.facebook.com\/ClaudiuNasui\/posts\/pfbid0cnks7gunhkAAGa2WNK5S3dqsd89uuKdoVgPsauobigDvd1nskTbeKnPRBZxcBKnHl?__cft__%5B0%5D=AZXd9iCPoIvvSbmXggIv00YD4yhT0m5icgmYLz7muRJqD_k2slSIRuOvvpTPHGv7FI6ez90KG9KSeIN0APHqkIgIvc86eIldc28VV5PJNOHzIYwcMjt-kITDBtCYtMzj8IGr1BT2--2jAnrGoaYziKkSyz8oxHOUtR0mGZhyswZHVv75efVS8eSPkcPphulRtps&amp;__tn__=%2CO*F\" target=\"_blank\">Facebook<\/a> a deputatului USR Claudiu Nasui:<\/b><\/span><\/span><\/p>\n<p align=\"JUSTIFY\"><span><span><br \/><\/span><\/span><\/p>\n<p align=\"JUSTIFY\"><i><span><span>\u201cAm depus proiectul de desfiintare a pensiilor speciale ale primarilor.<\/span><\/span><\/i><\/p>\n<p align=\"JUSTIFY\"><i><span><span>Daca guvernul tot a crescut taxele si a generat cresteri in lant de preturi, atunci ar trebui sa taie si de la politicieni. Nu de alta, dar deocamdata de la ei nu a taiat nimic.<\/span><\/span><\/i><\/p>\n<p align=\"JUSTIFY\"><i><span><span><b>Luna trecuta statul a dat 1.5 miliarde de lei pe pensii speciale.<\/b><\/span><\/span><\/i><\/p>\n<p align=\"JUSTIFY\"><span><i><span><b>Din aceasta suma, pensiile speciale ale magistratilor reprezinta doar 8%. Da, toata lupta din guvern\/coalitie si de la CCR a fost pentru doar 8% din problema.<\/b><\/span><\/i><\/span><\/p>\n<p align=\"JUSTIFY\"><i><span><span>Pe acestea nu a reusit nici macar guvernul Boc sa le taie, care pana acum e singurul guvern care chiar a taiat pensii speciale.<\/span><\/span><\/i><\/p>\n<p align=\"JUSTIFY\"><i><span><span><b>Restul pensiilor speciale, insa, pot fi taiate. Dar de ele guvernul nu se atinge.<\/b><\/span><\/span><\/i><\/p>\n<p align=\"JUSTIFY\"><i><span><span>Pensiile speciale ale primarilor n-au intrat in vigoare pana acum pentru ca fiecare guvern a tot amanat aplicarea lor.<\/span><\/span><\/i><\/p>\n<p align=\"JUSTIFY\"><i><span><span>Dar de ce fac asta si nu abroga direct legea? Pentru ca vor sa para ca nu sunt de acord cu pensiile speciale, dar si le doresc. Asa ca vor sa intre in vigoare cu mana CCR.<\/span><\/span><\/i><\/p>\n<p align=\"JUSTIFY\"><i><span><span>Motivul va fi ca nu poti amana la nesfarsit aplicarea unei legi. Un lucru corect. si un lucru pe care CCR l-a mai spus.<\/span><\/span><\/i><\/p>\n<p align=\"JUSTIFY\"><i><span><span>Dupa care guvernul va da din umeri si va spune &#8216;N-avem ce face. Ne obliga CCR sa dam pensii speciale si la primari. Noi n-am vrut, dar ne obliga ei.&#8217;<\/span><\/span><\/i><\/p>\n<p align=\"JUSTIFY\"><i><span><span>Eu va propun sa nu ajungem acolo. De aceea am depus un proiect de desfiintare a pensiilor speciale ale primarilor de pe acum.<\/span><\/span><\/i><\/p>\n<p align=\"JUSTIFY\"><i><span><span>Tocmai ca sa eliminam riscul ca vor intra in vigoare prin CCR. Va voi tine la curent daca guvernul Bolojan il sustine sau nu. Si, evident, cu votul in parlament al fiecarui partid\u201d.<\/span><\/span><\/i><\/p>\n<p align=\"JUSTIFY\">\u00a0<\/p>\n<p align=\"JUSTIFY\"><i><span><span><img loading=\"lazy\" decoding=\"async\" src=\"https:\/\/analyse.optim.biz\/wp-content\/uploads\/2025\/12\/pensii_magistrati_nasui.jpg\" width=\"700\" height=\"875\" title=\"pensii_magistrati_nasui\"><\/span><\/span><\/i><\/p>\n<\/div>\n<\/section>\n<\/section>\n<section id=\"comments-boxes\">\n<div class=\"heading\">\n<h2>Comentarii<\/h2>\n<\/div>\n<div class=\"comment\" id=\"comentariu-383212\">\n<div class=\"commentBody\">\n<div class=\"commentDate\">\n<p class=\"comment-details cf\"><span class=\"comment-id\"><br \/>\n\t\t\t\t\t\t\t\t#<br \/>\n\t\t\t\t\t\t\t\t<strong>Anton<\/strong><img decoding=\"async\" src=\"https:\/\/analyse.optim.biz\/wp-content\/uploads\/2025\/12\/calendar-59.png\" alt=\"date\" title=\"calendar-59\"><br \/>\n\t\t\t\t\t\t\t\t28 October 2025 14:19<br \/>\n\t\t\t\t\t\t\t<\/span><span class=\"comment-quality cf\"><span class=\"green\">+12<\/span><\/span><\/p>\n<\/div>\n<div class=\"commentContent\">militari si politisti sunt caa 100.0000 ,iar magistrati cam 5733&#8230;.. de 20 de ori mai putin !!!!! IA VERIFICA ACUM SUMELE SI VEI VEDEA DE CE &#8230;..<\/div>\n<ul class=\"cf cactions\">\n<li><a class=\"comment-383212\" href rel=\"raspunde\" title=\"Raspunde\">Raspunde<\/a><\/li>\n<li>|<\/li>\n<li><a href class=\"comment-383212\" rel=\"raspunde-citeaza\" title=\"Raspunde cu citat\">Raspunde cu citat<\/a><\/li>\n<li>|<\/li>\n<li><a href class=\"comment-383212\" title=\"Citat\" rel=\"citeaza\">Citat<\/a><\/li>\n<\/ul>\n<\/div>\n<\/div>\n<div class=\"comment\" id=\"comentariu-383213\">\n<div class=\"commentBody\">\n<div class=\"commentDate\">\n<p class=\"comment-details cf\"><span class=\"comment-id\"><br \/>\n\t\t\t\t\t\t\t\t#<br \/>\n\t\t\t\t\t\t\t\t<strong>echitabil<\/strong><img decoding=\"async\" src=\"https:\/\/analyse.optim.biz\/wp-content\/uploads\/2025\/12\/calendar-59.png\" alt=\"date\" title=\"calendar-59\"><br \/>\n\t\t\t\t\t\t\t\t28 October 2025 14:28<br \/>\n\t\t\t\t\t\t\t<\/span><span class=\"comment-quality cf\"><span class=\"green\">+8<\/span><\/span><\/p>\n<\/div>\n<div class=\"commentContent\">lege care sa abroge toate legile speciale date cu dedicatie si care sa duca pensiile tuturor categoriilor de salariati in zona contributiva<\/div>\n<ul class=\"cf cactions\">\n<li><a class=\"comment-383213\" href rel=\"raspunde\" title=\"Raspunde\">Raspunde<\/a><\/li>\n<li>|<\/li>\n<li><a href class=\"comment-383213\" rel=\"raspunde-citeaza\" title=\"Raspunde cu citat\">Raspunde cu citat<\/a><\/li>\n<li>|<\/li>\n<li><a href class=\"comment-383213\" title=\"Citat\" rel=\"citeaza\">Citat<\/a><\/li>\n<\/ul>\n<\/div>\n<\/div>\n<div class=\"comment\" id=\"comentariu-383214\">\n<div class=\"commentBody\">\n<div class=\"commentDate\">\n<p class=\"comment-details cf\"><span class=\"comment-id\"><br \/>\n\t\t\t\t\t\t\t\t#<br \/>\n\t\t\t\t\t\t\t\t<strong>Bolojanu<\/strong><img decoding=\"async\" src=\"https:\/\/analyse.optim.biz\/wp-content\/uploads\/2025\/12\/calendar-59.png\" alt=\"date\" title=\"calendar-59\"><br \/>\n\t\t\t\t\t\t\t\t28 October 2025 15:00<br \/>\n\t\t\t\t\t\t\t<\/span><span class=\"comment-quality cf\"><span class=\"green\">+7<\/span><\/span><\/p>\n<\/div>\n<div class=\"commentContent\">Din motive de echitate social\u0103, care o fi aia eu zic s\u0103 \u00eentreb\u0103m butucu&#8217;, pentru c\u0103 sunt la fel de loaz\u0103 ca baba din Twin Peaks.<\/div>\n<ul class=\"cf cactions\">\n<li><a class=\"comment-383214\" href rel=\"raspunde\" title=\"Raspunde\">Raspunde<\/a><\/li>\n<li>|<\/li>\n<li><a href class=\"comment-383214\" rel=\"raspunde-citeaza\" title=\"Raspunde cu citat\">Raspunde cu citat<\/a><\/li>\n<li>|<\/li>\n<li><a href class=\"comment-383214\" title=\"Citat\" rel=\"citeaza\">Citat<\/a><\/li>\n<\/ul>\n<\/div>\n<\/div>\n<div class=\"comment\" id=\"comentariu-383215\">\n<div class=\"commentBody\">\n<div class=\"commentDate\">\n<p class=\"comment-details cf\"><span class=\"comment-id\"><br \/>\n\t\t\t\t\t\t\t\t#<br \/>\n\t\t\t\t\t\t\t\t<strong>&#8220;Uite, d&#8217;aia ! C\u0103 sa se mire pro\u0219tii&#8221;<\/strong><img decoding=\"async\" src=\"https:\/\/analyse.optim.biz\/wp-content\/uploads\/2025\/12\/calendar-59.png\" alt=\"date\" title=\"calendar-59\"><br \/>\n\t\t\t\t\t\t\t\t28 October 2025 15:12<br \/>\n\t\t\t\t\t\t\t<\/span><span class=\"comment-quality cf\"><span class=\"red\">-9<\/span><\/span><\/p>\n<\/div>\n<div class=\"commentContent\">Citat din Mironetii. Fiindc\u0103 se incepe cu cei mai putini \u0219i cea mai mica pondere. Cu \u0219i-a se incepe totdeauna. \u0218i nu e totul. Trebuie t\u0103iate salariile \u0219i persoanele ce beneficiaz\u0103 de adig medic &#8230; cate ori fi. Altfel,cum e c\u00e2nd \u00eencepi munca dup\u0103 4 luni de odihna? Nasol,nu ? Off c\u0103 mai e pu\u021bin p\u00e2n\u0103 de 1 dec,iar dup\u0103 aia Crraaciiuuunuiuul  !<\/div>\n<ul class=\"cf cactions\">\n<li><a class=\"comment-383215\" href rel=\"raspunde\" title=\"Raspunde\">Raspunde<\/a><\/li>\n<li>|<\/li>\n<li><a href class=\"comment-383215\" rel=\"raspunde-citeaza\" title=\"Raspunde cu citat\">Raspunde cu citat<\/a><\/li>\n<li>|<\/li>\n<li><a href class=\"comment-383215\" title=\"Citat\" rel=\"citeaza\">Citat<\/a><\/li>\n<\/ul>\n<\/div>\n<\/div>\n<div class=\"comment\" id=\"comentariu-383216\">\n<div class=\"commentBody\">\n<div class=\"commentDate\">\n<p class=\"comment-details cf\"><span class=\"comment-id\"><br \/>\n\t\t\t\t\t\t\t\t#<br \/>\n\t\t\t\t\t\t\t\t<strong>Ce-o avea executivul <\/strong><img decoding=\"async\" src=\"https:\/\/analyse.optim.biz\/wp-content\/uploads\/2025\/12\/calendar-59.png\" alt=\"date\" title=\"calendar-59\"><br \/>\n\t\t\t\t\t\t\t\t28 October 2025 15:15<br \/>\n\t\t\t\t\t\t\t<\/span><span class=\"comment-quality cf\"><span class=\"green\">+22<\/span><\/span><\/p>\n<\/div>\n<div class=\"commentContent\">Care vrea sc\u0103derea deficitului cu fiecare sutime de procent ,cu dependenta Justi\u021bie,de Guvern,judeca\u021bi \u0219i voi cititori. Psi,oricum sunt independen\u021bi \u0219i dac ce vor ei,fie c\u0103 trece legea,fie c\u0103 nu. P\u0103i,ie vreo pl\u00e2ngere penal\u0103 de atac la independen\u021ba justi\u021biei? A reclamat vreun jude presiuni? Ei ashh!<\/div>\n<ul class=\"cf cactions\">\n<li><a class=\"comment-383216\" href rel=\"raspunde\" title=\"Raspunde\">Raspunde<\/a><\/li>\n<li>|<\/li>\n<li><a href class=\"comment-383216\" rel=\"raspunde-citeaza\" title=\"Raspunde cu citat\">Raspunde cu citat<\/a><\/li>\n<li>|<\/li>\n<li><a href class=\"comment-383216\" title=\"Citat\" rel=\"citeaza\">Citat<\/a><\/li>\n<\/ul>\n<\/div>\n<\/div>\n<div class=\"comment\" id=\"comentariu-383219\">\n<div class=\"commentBody\">\n<div class=\"commentDate\">\n<p class=\"comment-details cf\"><span class=\"comment-id\"><br \/>\n\t\t\t\t\t\t\t\t#<br \/>\n\t\t\t\t\t\t\t\t<strong>USSR<\/strong><img decoding=\"async\" src=\"https:\/\/analyse.optim.biz\/wp-content\/uploads\/2025\/12\/calendar-59.png\" alt=\"date\" title=\"calendar-59\"><br \/>\n\t\t\t\t\t\t\t\t28 October 2025 15:36<br \/>\n\t\t\t\t\t\t\t<\/span><span class=\"comment-quality cf\"><span class=\"red\">-6<\/span><\/span><\/p>\n<\/div>\n<div class=\"commentContent\">\u00cen sf\u00e2r\u0219it un US(S)R ist care spune lucrurilor pe nume \u0219i recunoa\u0219te c\u0103 Guvernul duce doar o lupt\u0103 contra magistra\u021bilor..O fi m\u00e2ncat ceva stricat, s\u0103racul ..Sau o fi fumat iarb\u0103 d-aia bun\u0103 <\/div>\n<ul class=\"cf cactions\">\n<li><a class=\"comment-383219\" href rel=\"raspunde\" title=\"Raspunde\">Raspunde<\/a><\/li>\n<li>|<\/li>\n<li><a href class=\"comment-383219\" rel=\"raspunde-citeaza\" title=\"Raspunde cu citat\">Raspunde cu citat<\/a><\/li>\n<li>|<\/li>\n<li><a href class=\"comment-383219\" title=\"Citat\" rel=\"citeaza\">Citat<\/a><\/li>\n<\/ul>\n<\/div>\n<\/div>\n<div class=\"comment\" id=\"comentariu-383220\">\n<div class=\"commentBody\">\n<div class=\"commentDate\">\n<p class=\"comment-details cf\"><span class=\"comment-id\"><br \/>\n\t\t\t\t\t\t\t\t#<br \/>\n\t\t\t\t\t\t\t\t<strong>Cetateanul<\/strong><img decoding=\"async\" src=\"https:\/\/analyse.optim.biz\/wp-content\/uploads\/2025\/12\/calendar-59.png\" alt=\"date\" title=\"calendar-59\"><br \/>\n\t\t\t\t\t\t\t\t28 October 2025 15:55<br \/>\n\t\t\t\t\t\t\t<\/span><span class=\"comment-quality cf\"><span class=\"red\">-3<\/span><\/span><\/p>\n<\/div>\n<div class=\"commentContent\">Acu ceva vreme piticul petrovului o incercat cu gradele \u0219i o desfiin\u021bat pedeleprele. Acum fix aceea\u0219i de atunci \u00eencearc\u0103 jupuirea lui themis. \u00ces tare curios ce se mai desfiin\u021beaz\u0103 de data asta.  <img decoding=\"async\" src=\"https:\/\/analyse.optim.biz\/wp-content\/uploads\/2025\/12\/lol-78.gif\" alt=\":lol:\" title=\"lol-78\"><img decoding=\"async\" src=\"https:\/\/analyse.optim.biz\/wp-content\/uploads\/2025\/12\/lol-78.gif\" alt=\":lol:\" title=\"lol-78\"><img decoding=\"async\" src=\"https:\/\/analyse.optim.biz\/wp-content\/uploads\/2025\/12\/lol-78.gif\" alt=\":lol:\" title=\"lol-78\"><\/div>\n<ul class=\"cf cactions\">\n<li><a class=\"comment-383220\" href rel=\"raspunde\" title=\"Raspunde\">Raspunde<\/a><\/li>\n<li>|<\/li>\n<li><a href class=\"comment-383220\" rel=\"raspunde-citeaza\" title=\"Raspunde cu citat\">Raspunde cu citat<\/a><\/li>\n<li>|<\/li>\n<li><a href class=\"comment-383220\" title=\"Citat\" rel=\"citeaza\">Citat<\/a><\/li>\n<\/ul>\n<\/div>\n<\/div>\n<div class=\"comment\" id=\"comentariu-383222\">\n<div class=\"commentBody\">\n<div class=\"commentDate\">\n<p class=\"comment-details cf\"><span class=\"comment-id\"><br \/>\n\t\t\t\t\t\t\t\t#<br \/>\n\t\t\t\t\t\t\t\t<strong>om de bine<\/strong><img decoding=\"async\" src=\"https:\/\/analyse.optim.biz\/wp-content\/uploads\/2025\/12\/calendar-59.png\" alt=\"date\" title=\"calendar-59\"><br \/>\n\t\t\t\t\t\t\t\t28 October 2025 16:33<br \/>\n\t\t\t\t\t\t\t<\/span><span class=\"comment-quality cf\"><span class=\"red\">-5<\/span><\/span><\/p>\n<\/div>\n<div class=\"commentContent\">De ce domnule Nasui? Pentru ca da bine la impotenta guverunului. Simplu, nu? <\/div>\n<ul class=\"cf cactions\">\n<li><a class=\"comment-383222\" href rel=\"raspunde\" title=\"Raspunde\">Raspunde<\/a><\/li>\n<li>|<\/li>\n<li><a href class=\"comment-383222\" rel=\"raspunde-citeaza\" title=\"Raspunde cu citat\">Raspunde cu citat<\/a><\/li>\n<li>|<\/li>\n<li><a href class=\"comment-383222\" title=\"Citat\" rel=\"citeaza\">Citat<\/a><\/li>\n<\/ul>\n<\/div>\n<\/div>\n<div class=\"comment\" id=\"comentariu-383249\">\n<div class=\"commentBody\">\n<div class=\"commentDate\">\n<p class=\"comment-details cf\"><span class=\"comment-id\"><br \/>\n\t\t\t\t\t\t\t\t#<br \/>\n\t\t\t\t\t\t\t\t<strong>Nasoliile Nasuilor<\/strong><img decoding=\"async\" src=\"https:\/\/analyse.optim.biz\/wp-content\/uploads\/2025\/12\/calendar-59.png\" alt=\"date\" title=\"calendar-59\"><br \/>\n\t\t\t\t\t\t\t\t28 October 2025 23:08<br \/>\n\t\t\t\t\t\t\t<\/span><span class=\"comment-quality cf\"><span class=\"green\">+36<\/span><\/span><\/p>\n<\/div>\n<div class=\"commentContent\">www.catavencii.ro\/dinastiile-trentenarului-claudiu-nasui\/ &#8220;Claudiu N\u0103sui a f\u0103cut Liceul Francez \u201eAnna de Noailles\u201d din Bucure\u0219ti, unde taxele anuale sunt de 6.823 de euro. Dar banii nu sunt o problem\u0103 pentru familia N\u0103sui. Dup\u0103 liceu, promi\u021b\u0103torul domn N\u0103sui \u0219i-a luat licen\u021ba \u00een economie la Universitatea Paris-Dauphine \u0219i, apoi, a f\u0103cut un master la Universitatea \u201eLuigi Bocconi\u201d. Cu studii \u00eenalte, \u0219i cu stagiaturile f\u0103cute la BT Securities \u0219i la Banca Na\u021bional\u0103, Claudiu N\u0103sui a \u00eenceput s\u0103 lucreze \u00een mediul privat. Nu mai mult de un an \u00een fiecare loc de munc\u0103: PricewaterhouseCoopers, BCR, Five Advisory Group. Perioada cea mai lung\u0103 a carierei a petrecut-o, \u00eens\u0103, la firma familiei, Muntenia Global Invest. Pachetul majoritar al Muntenia Global Invest este de\u021binut de c\u0103tre unchiul, m\u0103tu\u0219a \u0219i v\u0103rul domnului N\u0103sui, iar deputatul de\u021bine, el \u00eensu\u0219i, 9% din ac\u021biuni. \u00cen urma unui control al ASF, la Muntenia Global Invest au fost gasite nereguli finaciare ce frizau sp\u0103larea de bani&#8221;<\/div>\n<ul class=\"cf cactions\">\n<li><a class=\"comment-383249\" href rel=\"raspunde\" title=\"Raspunde\">Raspunde<\/a><\/li>\n<li>|<\/li>\n<li><a href class=\"comment-383249\" rel=\"raspunde-citeaza\" title=\"Raspunde cu citat\">Raspunde cu citat<\/a><\/li>\n<li>|<\/li>\n<li><a href class=\"comment-383249\" title=\"Citat\" rel=\"citeaza\">Citat<\/a><\/li>\n<\/ul>\n<\/div>\n<\/div>\n<div class=\"comment\" id=\"comentariu-383266\">\n<div class=\"commentBody\">\n<div class=\"commentDate\">\n<p class=\"comment-details cf\"><span class=\"comment-id\"><br \/>\n\t\t\t\t\t\t\t\t#<br \/>\n\t\t\t\t\t\t\t\t<strong>Ioan<\/strong><img decoding=\"async\" src=\"https:\/\/analyse.optim.biz\/wp-content\/uploads\/2025\/12\/calendar-59.png\" alt=\"date\" title=\"calendar-59\"><br \/>\n\t\t\t\t\t\t\t\t29 October 2025 12:42<br \/>\n\t\t\t\t\t\t\t<\/span><span class=\"comment-quality cf\"><span class=\"red\">-7<\/span><\/span><\/p>\n<\/div>\n<div class=\"commentContent\">Daca ati fi curiosi si daca ati vrea, ati constata ca magistratii din Romnania &#8211; daca ii scadem pe cei peste 1.000 de politisti pe care i-a facut Basescu magistrati ca sa- apere mafia- au absolvit o facultate particulara in procent de 3% din numarul lor. La restul cu pensii de serviciu, apv-isti, militieni, dga-isti, sereisti, doisiunsfertisti, sepepisti,etc, procentul sare de 50%. Qed<\/div>\n<ul class=\"cf cactions\">\n<li><a class=\"comment-383266\" href rel=\"raspunde\" title=\"Raspunde\">Raspunde<\/a><\/li>\n<li>|<\/li>\n<li><a href class=\"comment-383266\" rel=\"raspunde-citeaza\" title=\"Raspunde cu citat\">Raspunde cu citat<\/a><\/li>\n<li>|<\/li>\n<li><a href class=\"comment-383266\" title=\"Citat\" rel=\"citeaza\">Citat<\/a><\/li>\n<\/ul>\n<\/div>\n<\/div>\n<div class=\"comment\" id=\"comentariu-383315\">\n<div class=\"commentBody\">\n<div class=\"commentDate\">\n<p class=\"comment-details cf\"><span class=\"comment-id\"><br \/>\n\t\t\t\t\t\t\t\t#<br \/>\n\t\t\t\t\t\t\t\t<strong>Pdv<\/strong><img decoding=\"async\" src=\"https:\/\/analyse.optim.biz\/wp-content\/uploads\/2025\/12\/calendar-59.png\" alt=\"date\" title=\"calendar-59\"><br \/>\n\t\t\t\t\t\t\t\t31 October 2025 10:28<br \/>\n\t\t\t\t\t\t\t<\/span><span class=\"comment-quality cf\"><span class=\"green\">+36<\/span><\/span><\/p>\n<\/div>\n<div class=\"commentContent\">Pensiile militare sunt integral contributive (a se vedea art. 31 din Legea nr.223\/2015).<br \/>\nEle  nu au nicio component\u0103 necontributiv\u0103 (supliment din partea statului), a\u0219a cum prev\u0103d legile \u00een cazul celorlalte categorii de pensii de serviciu (inclusiv pensiile magistra\u021bilor).<br \/>\nDin acest motiv, nu exist\u0103 termeni de compara\u021bie \u00eentre pensiile militare \u0219i celelalte pensii de serviciu.\n<\/div>\n<ul class=\"cf cactions\">\n<li><a class=\"comment-383315\" href rel=\"raspunde\" title=\"Raspunde\">Raspunde<\/a><\/li>\n<li>|<\/li>\n<li><a href class=\"comment-383315\" rel=\"raspunde-citeaza\" title=\"Raspunde cu citat\">Raspunde cu citat<\/a><\/li>\n<li>|<\/li>\n<li><a href class=\"comment-383315\" title=\"Citat\" rel=\"citeaza\">Citat<\/a><\/li>\n<\/ul>\n<\/div>\n<\/div>\n<\/section>\n<section id=\"comments\">\n<div class=\"heading\">\n<h2>Adauga comentariu<\/h2>\n<\/div>\n<div>\n<div id=\"emoticons-container\">\n<div id=\"comments-form-smilespanel\"><img decoding=\"async\" src=\"https:\/\/analyse.optim.biz\/wp-content\/uploads\/2025\/12\/laugh-72.gif\" alt=\":D\" class=\"smile\" title=\"laugh-72\"><img decoding=\"async\" src=\"https:\/\/analyse.optim.biz\/wp-content\/uploads\/2025\/12\/lol-79.gif\" alt=\":lol:\" class=\"smile\" title=\"lol-79\"><img decoding=\"async\" src=\"https:\/\/analyse.optim.biz\/wp-content\/uploads\/2025\/12\/smile-71.gif\" alt=\":-)\" class=\"smile\" title=\"smile-71\"><img decoding=\"async\" src=\"https:\/\/analyse.optim.biz\/wp-content\/uploads\/2025\/12\/wink-69.gif\" alt=\";-)\" class=\"smile\" title=\"wink-69\"><img decoding=\"async\" src=\"https:\/\/analyse.optim.biz\/wp-content\/uploads\/2025\/12\/cool-73.gif\" alt=\"8)\" class=\"smile\" title=\"cool-73\"><img decoding=\"async\" src=\"https:\/\/analyse.optim.biz\/wp-content\/uploads\/2025\/12\/normal-68.gif\" alt=\":-|\" class=\"smile\" title=\"normal-68\"><img decoding=\"async\" src=\"https:\/\/analyse.optim.biz\/wp-content\/uploads\/2025\/12\/whistling-71.gif\" alt=\":-*\" class=\"smile\" title=\"whistling-71\"><img decoding=\"async\" src=\"https:\/\/analyse.optim.biz\/wp-content\/uploads\/2025\/12\/redface-69.gif\" alt=\":oops:\" class=\"smile\" title=\"redface-69\"><img decoding=\"async\" src=\"https:\/\/analyse.optim.biz\/wp-content\/uploads\/2025\/12\/sad-68.gif\" alt=\":sad:\" class=\"smile\" title=\"sad-68\"><img decoding=\"async\" src=\"https:\/\/analyse.optim.biz\/wp-content\/uploads\/2025\/12\/cry-71.gif\" alt=\":cry:\" class=\"smile\" title=\"cry-71\"><img decoding=\"async\" src=\"https:\/\/analyse.optim.biz\/wp-content\/uploads\/2025\/12\/surprised-71.gif\" alt=\":o\" class=\"smile\" title=\"surprised-71\"><img decoding=\"async\" src=\"https:\/\/analyse.optim.biz\/wp-content\/uploads\/2025\/12\/confused-68.gif\" alt=\":-?\" class=\"smile\" title=\"confused-68\"><img decoding=\"async\" src=\"https:\/\/analyse.optim.biz\/wp-content\/uploads\/2025\/12\/sick-73.gif\" alt=\":-x\" class=\"smile\" title=\"sick-73\"><img decoding=\"async\" src=\"https:\/\/analyse.optim.biz\/wp-content\/uploads\/2025\/12\/shocked-73.gif\" alt=\":eek:\" class=\"smile\" title=\"shocked-73\"><img decoding=\"async\" src=\"https:\/\/analyse.optim.biz\/wp-content\/uploads\/2025\/12\/sleeping-71.gif\" alt=\":zzz\" class=\"smile\" title=\"sleeping-71\"><img decoding=\"async\" src=\"https:\/\/analyse.optim.biz\/wp-content\/uploads\/2025\/12\/tongue-70.gif\" alt=\":P\" class=\"smile\" title=\"tongue-70\"><img decoding=\"async\" src=\"https:\/\/analyse.optim.biz\/wp-content\/uploads\/2025\/12\/rolleyes-69.gif\" alt=\":roll:\" class=\"smile\" title=\"rolleyes-69\"><img decoding=\"async\" src=\"https:\/\/analyse.optim.biz\/wp-content\/uploads\/2025\/12\/unsure-68.gif\" alt=\":sigh:\" class=\"smile\" title=\"unsure-68\"><\/div>\n<\/div>\n<\/div>\n<div class=\"text-center\">\n<p>DISCLAIMER<\/p>\n<p>Atentie! Postati pe propria raspundere!<br \/> Inainte de a posta, cititi aici regulamentul: <a href=\"https:\/\/www.luju.ro\/termeni-legali-si-conditii\" title=\"Termeni legali si conditii\">Termeni legali si Conditii<\/a><\/p>\n<\/div>\n<\/section>\n<\/article>\n<p> Source URL: https:\/\/www.luju.ro\/de-ce-doar-pensiile-magistratilor-inca-un-indiciu-ca-obsesia-guvernului-de-a-taia-pensiile-magistratilor-nu-este-decat-o-forma-de-presiune-pentru-impunerea-controlului-asupra-justitiei-deputatul-usr-claudiu-nasui-dezvaluie-ca-pensiile-judecatorilor-si-pro<\/p>\n","protected":false},"excerpt":{"rendered":"<p>DE CE DOAR PENSIILE MAGISTRATILOR? \u2013 Inca un indiciu ca obsesia Guvernului de a taia pensiile magistratilor nu este decat o forma de presiune pentru impunerea controlului asupra Justitiei. Deputatul USR Claudiu Nasui dezvaluie ca pensiile judecatorilor si procurorilor reprezinta doar 8,35% din totalul pensiilor de serviciu, cu mult sub pensiile militarilor, politistilor si jandarmilor, [&hellip;]<\/p>\n","protected":false},"author":1,"featured_media":786290,"comment_status":"open","ping_status":"","sticky":false,"template":"","format":"standard","meta":{"footnotes":""},"categories":[89],"tags":[114],"class_list":["post-786289","post","type-post","status-publish","format-standard","has-post-thumbnail","hentry","category-romania","tag-luju-ro"],"_links":{"self":[{"href":"https:\/\/analyse.optim.biz\/index.php?rest_route=\/wp\/v2\/posts\/786289","targetHints":{"allow":["GET"]}}],"collection":[{"href":"https:\/\/analyse.optim.biz\/index.php?rest_route=\/wp\/v2\/posts"}],"about":[{"href":"https:\/\/analyse.optim.biz\/index.php?rest_route=\/wp\/v2\/types\/post"}],"author":[{"embeddable":true,"href":"https:\/\/analyse.optim.biz\/index.php?rest_route=\/wp\/v2\/users\/1"}],"replies":[{"embeddable":true,"href":"https:\/\/analyse.optim.biz\/index.php?rest_route=%2Fwp%2Fv2%2Fcomments&post=786289"}],"version-history":[{"count":0,"href":"https:\/\/analyse.optim.biz\/index.php?rest_route=\/wp\/v2\/posts\/786289\/revisions"}],"wp:featuredmedia":[{"embeddable":true,"href":"https:\/\/analyse.optim.biz\/index.php?rest_route=\/wp\/v2\/media\/786290"}],"wp:attachment":[{"href":"https:\/\/analyse.optim.biz\/index.php?rest_route=%2Fwp%2Fv2%2Fmedia&parent=786289"}],"wp:term":[{"taxonomy":"category","embeddable":true,"href":"https:\/\/analyse.optim.biz\/index.php?rest_route=%2Fwp%2Fv2%2Fcategories&post=786289"},{"taxonomy":"post_tag","embeddable":true,"href":"https:\/\/analyse.optim.biz\/index.php?rest_route=%2Fwp%2Fv2%2Ftags&post=786289"}],"curies":[{"name":"wp","href":"https:\/\/api.w.org\/{rel}","templated":true}]}}