{"id":78623,"date":"2019-07-16T13:43:49","date_gmt":"2019-07-16T10:43:49","guid":{"rendered":"https:\/\/analyse.optim.biz\/?p=78623"},"modified":"2019-07-16T13:43:49","modified_gmt":"2019-07-16T10:43:49","slug":"viorica-dancila-si-carmen-dan-au-fost-prietene-si-vecine-de-bloc-reactia-oamenilor-din-videle-la-conflictul-dintre-ele","status":"publish","type":"post","link":"https:\/\/analyse.optim.biz\/?p=78623","title":{"rendered":"Viorica D\u0103ncil\u0103 \u0219i Carmen Dan au fost prietene \u0219i vecine de bloc. Reac\u021bia oamenilor din Videle la conflictul dintre ele"},"content":{"rendered":"<div class=\"entry data-app-meta data-app-meta-article\" data-embed-base-url-canonical=\"https:\/\/www.digi24.ro\/embed\/stiri\/actualitate\/politica\/viorica-dancila-si-carmen-dan-au-fost-prietene-si-vecine-de-bloc-reactia-oamenilor-din-videle-la-conflictul-dintre-ele-1160492\">\n<p data-index=\"1\"><strong><span lang=\"ro-RO\">Carmen Dan \u0219i Viorica D\u0103ncil\u0103 <a href=\"https:\/\/www.digi24.ro\/stiri\/actualitate\/politica\/carmen-dan-nu-viorica-dancila-mi-a-cerut-demisia-eu-mi-am-depus-mandatul-1160415\" target=\"_blank\" rel=\"noopener\" data-skip-linkfix=\"1\">au \u00eencheiat contondent colaborarea \u00een Guvern<\/a>. Pu\u021bini \u0219tiu \u00eens\u0103 c\u0103 pe cele dou\u0103 le-a legat o prietenie str\u00e2ns\u0103, pe vremea c\u00e2nd locuiau \u00een Videle. Au fost chiar \u0219i vecine de bloc. Ce \u00ee\u0219i amintesc localnicii despre acea perioad\u0103? Afla\u021bi din materialul video ata\u0219at.<\/span><\/strong><\/p>\n<p data-index=\"2\"><span lang=\"ro-RO\">\u00cenainte de a ajunge la dispute politice, ministrul demisionar \u0219i premierul au fost foarte apropiate. Jurnali\u0219tii Digi24 au mers la blocul \u00een care D\u0103ncil\u0103 a cump\u0103rat un apartament \u00een 1999. La distan\u021b\u0103 de o scar\u0103 de bloc a locuit \u0219i Carmen Dan, din 2008. Rela\u021bia dintre cele dou\u0103 este \u00eens\u0103 chiar mai veche.<\/span><\/p>\n<p data-index=\"3\"><span lang=\"ro-RO\">Deciziile de la Bucure\u0219ti nu au r\u0103mas f\u0103r\u0103 ecou \u00een Videle. Jurnali\u0219tii Digi24 au vorbit cu fo\u0219ti colegi de \u0219coal\u0103, fo\u0219ti \u0219efi \u0219i prieteni de familie.<\/span><\/p>\n<p data-index=\"4\"><span lang=\"ro-RO\">Taberele sunt \u00eemp\u0103r\u021bite: unii cred c\u0103 Viorica D\u0103ncil\u0103 a f\u0103cut ce trebuia \u0219i c\u0103 nu a avut de ales. Al\u021bii spun \u00eens\u0103 c\u0103 premierul nu trebuia s\u0103 decid\u0103 remanierea lui Carmen Dan, pentru c\u0103 \u201eoamenii din Videle trebuie s\u0103 r\u0103m\u00e2n\u0103 uni\u021bi\u201d.<\/span><\/p>\n<p data-index=\"5\"><em><span lang=\"ro-RO\">Florica Baron, localnic\u0103: Au pornit de jos am\u00e2ndou\u0103, s-au ridicat treptat-treptat.<\/span><\/em><\/p>\n<p data-index=\"6\"><em>Reporter: Rela\u0163ia \u00eentre cele dou\u0103 pare destul de tensionat\u0103.<\/em><\/p>\n<p data-index=\"7\"><em>Florica Baron. Nu v\u0103 lua\u0163i dup\u0103 lume. Doamna D\u0103ncil\u0103 nu e o persoan\u0103 care s\u0103 creeze probleme. Cealalt\u0103 e o persoan\u0103 foarte lini\u015ftit\u0103 \u015fi inteligent\u0103. Nu scoate o vorb\u0103 p\u00e2n\u0103 nu o judec\u0103 \u015fi asta conteaz\u0103 enorm.<\/em><\/p>\n<p data-index=\"8\"><em>Reporter: Nu crede\u021bi c\u0103 ar fi tensiuni \u00eentre cele dou\u0103?<\/em><\/p>\n<p data-index=\"9\"><em>Florica Baron: Nici vorb\u0103, nici g\u00e2nd. E o chestiune politic\u0103 care e dirijat\u0103, comandat\u0103. Se supune c\u0103 nu are \u00eencotro. Ar fi bine \u015fi una, \u015fi alta s\u0103 se implice mai mult pentru acest or\u0103\u015fel, c\u0103 e p\u0103cat de el.\u00a0<\/em><em>S\u0103 \u00eengrijeasc\u0103 spitalul, c\u0103 nu avem doctori la spital, nu avem anestezist, chirurg e unul singur. Cardiolog nu avem. S\u0103 aud\u0103! S\u0103 auzi\u0163i, doamnelor!<\/em><\/p>\n<\/div>\n<p> Source URL: https:\/\/www.digi24.ro\/stiri\/actualitate\/politica\/viorica-dancila-si-carmen-dan-au-fost-prietene-si-vecine-de-bloc-reactia-oamenilor-din-videle-la-conflictul-dintre-ele-1160492<\/p>\n","protected":false},"excerpt":{"rendered":"<p>Carmen Dan \u0219i Viorica D\u0103ncil\u0103 au \u00eencheiat contondent colaborarea \u00een Guvern. Pu\u021bini \u0219tiu \u00eens\u0103 c\u0103 pe cele dou\u0103 le-a legat o prietenie str\u00e2ns\u0103, pe vremea c\u00e2nd locuiau \u00een Videle. Au fost chiar \u0219i vecine de bloc. Ce \u00ee\u0219i amintesc localnicii despre acea perioad\u0103? Afla\u021bi din materialul video ata\u0219at. \u00cenainte de a ajunge la dispute politice, [&hellip;]<\/p>\n","protected":false},"author":1,"featured_media":78624,"comment_status":"open","ping_status":"","sticky":false,"template":"","format":"standard","meta":{"footnotes":""},"categories":[2],"tags":[11],"class_list":["post-78623","post","type-post","status-publish","format-standard","has-post-thumbnail","hentry","category-politics","tag-digi24"],"_links":{"self":[{"href":"https:\/\/analyse.optim.biz\/index.php?rest_route=\/wp\/v2\/posts\/78623","targetHints":{"allow":["GET"]}}],"collection":[{"href":"https:\/\/analyse.optim.biz\/index.php?rest_route=\/wp\/v2\/posts"}],"about":[{"href":"https:\/\/analyse.optim.biz\/index.php?rest_route=\/wp\/v2\/types\/post"}],"author":[{"embeddable":true,"href":"https:\/\/analyse.optim.biz\/index.php?rest_route=\/wp\/v2\/users\/1"}],"replies":[{"embeddable":true,"href":"https:\/\/analyse.optim.biz\/index.php?rest_route=%2Fwp%2Fv2%2Fcomments&post=78623"}],"version-history":[{"count":0,"href":"https:\/\/analyse.optim.biz\/index.php?rest_route=\/wp\/v2\/posts\/78623\/revisions"}],"wp:featuredmedia":[{"embeddable":true,"href":"https:\/\/analyse.optim.biz\/index.php?rest_route=\/wp\/v2\/media\/78624"}],"wp:attachment":[{"href":"https:\/\/analyse.optim.biz\/index.php?rest_route=%2Fwp%2Fv2%2Fmedia&parent=78623"}],"wp:term":[{"taxonomy":"category","embeddable":true,"href":"https:\/\/analyse.optim.biz\/index.php?rest_route=%2Fwp%2Fv2%2Fcategories&post=78623"},{"taxonomy":"post_tag","embeddable":true,"href":"https:\/\/analyse.optim.biz\/index.php?rest_route=%2Fwp%2Fv2%2Ftags&post=78623"}],"curies":[{"name":"wp","href":"https:\/\/api.w.org\/{rel}","templated":true}]}}