{"id":786053,"date":"2025-10-31T15:59:00","date_gmt":"2025-10-31T12:59:00","guid":{"rendered":"https:\/\/analyse.optim.biz\/?p=786053"},"modified":"2025-10-31T15:59:00","modified_gmt":"2025-10-31T12:59:00","slug":"decrete-pentru-udroiu-si-rus-presedintele-nicusor-dan-a-semnat-decretele-de-eliberare-din-functie-prin-pensionare-a-judecatorilor-mihail-udroiu-si-alexandra-rus-de-la-inalta-curte-13-judeca","status":"publish","type":"post","link":"https:\/\/analyse.optim.biz\/?p=786053","title":{"rendered":"DECRETE PENTRU UDROIU SI RUS \u2013 Presedintele Nicusor Dan a semnat decretele de eliberare din functie prin pensionare a judecatorilor Mihail Udroiu si Alexandra Rus de la Inalta Curte. 13 judecatori si 9 procurori au primit decretele de pensionare (Lista)"},"content":{"rendered":"<article id=\"article-content\">\n<h1>DECRETE PENTRU UDROIU SI RUS \u2013 Presedintele Nicusor Dan a semnat decretele de eliberare din functie prin pensionare a judecatorilor Mihail Udroiu si Alexandra Rus de la Inalta Curte. 13 judecatori si 9 procurori au primit decretele de pensionare (Lista)<\/h1>\n<section id=\"article-info\">\n<p class=\"author\">Scris de: G.T. | <a href=\"https:\/\/www.luju.ro\/decrete-pentru-udroiu-si-rus-presedintele-nicusor-dan-a-semnat-decretele-de-eliberare-din-functie-prin-pensionare-a-judecatorilor-mihail-udroiu-si-alexandra-rus-de-la-inalta-curte-13-judecatori-si-9-procurori-au-primit-decretele-de-pensionare-lista?pdf\" title=\"PDF\"><img decoding=\"async\" src=\"https:\/\/analyse.optim.biz\/wp-content\/uploads\/2025\/12\/pdf-64.png\" alt=\"pdf\" title=\"pdf-64\"><\/a> | <a href=\"https:\/\/www.luju.ro\/decrete-pentru-udroiu-si-rus-presedintele-nicusor-dan-a-semnat-decretele-de-eliberare-din-functie-prin-pensionare-a-judecatorilor-mihail-udroiu-si-alexandra-rus-de-la-inalta-curte-13-judecatori-si-9-procurori-au-primit-decretele-de-pensionare-lista?print=1\" class=\"external\" title=\"Imprimare\"><img decoding=\"async\" src=\"https:\/\/analyse.optim.biz\/wp-content\/uploads\/2025\/12\/print-64.png\" alt=\"print\" title=\"print-64\"><\/a><\/p>\n<div class=\"info flex-container\">\n<div class=\"date\">31 October 2025 15:59<\/div>\n<div>Vizualizari: 3913<\/div>\n<\/div>\n<\/section>\n<section id=\"article-body\">\n<section id=\"page\" class=\"cf\">\n<div>\n<p align=\"JUSTIFY\"><span><span><span><img loading=\"lazy\" decoding=\"async\" src=\"https:\/\/analyse.optim.biz\/wp-content\/uploads\/2025\/12\/mihail_udroiu-1.jpg\" width=\"400\" height=\"225\" title=\"mihail_udroiu-1\">Presedintele Romaniei Nicusor Dan a semnat vineri, 31 octombrie 2025, decretul de eliberare din functie prin pensionare a<\/span><b> judecatorului Mihail Udroiu <span>(foto 1)<\/span> de la Inalta Curte de Casatie si Justitie. <\/b><\/span><\/span><\/p>\n<hr>\n<p>\u00a0<\/p>\n<p align=\"JUSTIFY\"><span><span>In aceeasi zi, <span>Nicusor Dan a semnat decretul de pensionare pentru inca un magistrat de la instanta suprema, si anume<\/span><b> judecatoarea Alexandra Rus <span>(foto 2)<\/span><\/b>. <\/span><\/span><\/p>\n<p align=\"JUSTIFY\"><span><span>In total, <b>au fost semnate decretele de eliberare din functie prin pensionare a 22 de magistrati. Este vorba despre 13 judecatori si 9 procurori<\/b>. <\/span><\/span><\/p>\n<p align=\"JUSTIFY\"><span><span><br \/><\/span><\/span><\/p>\n<p align=\"JUSTIFY\"><span><span><b><img loading=\"lazy\" decoding=\"async\" src=\"https:\/\/analyse.optim.biz\/wp-content\/uploads\/2025\/12\/jud_alexandra_iuliana_rus.jpg\" width=\"400\" height=\"225\" title=\"jud_alexandra_iuliana_rus\">Iata decretele de pensionare semnate de presedintele Nicusor Dan:<\/b><\/span><\/span><\/p>\n<p align=\"JUSTIFY\"><span><span><br \/><\/span><\/span><\/p>\n<p align=\"JUSTIFY\"><span><span>Decret privind <b>eliberarea din functia de judecator a doamnei <span>Anchidin Adriana<\/span>, judecator cu grad profesional de curte de apel la Tribunalul Sibiu<\/b> \u2013 pensionare, la data de 1 noiembrie 2025;<\/span><\/span><\/p>\n<p align=\"JUSTIFY\"><span><span>Decret privind <b>eliberarea din functia de judecator a domnului <span>Sparios Demis-Marius<\/span> la Curtea de Apel Brasov<\/b> \u2013 pensionare, la data de 1 noiembrie 2025;<\/span><\/span><\/p>\n<p align=\"JUSTIFY\"><span><span>Decret privind <b>eliberarea din functia de judecator a doamnei<span> Manole Anitta-Maria<\/span>, judecator cu grad profesional de curte de apel la Tribunalul Botosani<\/b> \u2013 pensionare, la data de 1 noiembrie 2025;<\/span><\/span><\/p>\n<p align=\"JUSTIFY\"><span><span>Decret privind <b>eliberarea din functia de judecator a domnului <span>Udroiu Mihail<\/span> la Inalta Curte de Casatie si Justitie<\/b> \u2013 pensionare, la data de 1 noiembrie 2025;<\/span><\/span><\/p>\n<p align=\"JUSTIFY\"><span><span>Decret privind <b>eliberarea din functia de judecator a doamnei <span>Ancuta Ileana-Mihaela<\/span> la Curtea de Apel Bucuresti, in prezent detasata la Consiliul Superior al Magistraturii, respectiv delegata in functia de sef al Serviciului sinteze si pregatirea lucrarilor sedintelor Consiliului Superior al Magistraturii<\/b> \u2013 pensionare, la data de 1 noiembrie 2025;<\/span><\/span><\/p>\n<p align=\"JUSTIFY\"><span><span>Decret privind <b>eliberarea din functia de judecator a doamnei <span>Cuzman Cristina-Andra<\/span> la Curtea de Apel Timisoara<\/b> \u2013 pensionare, la data de 1 noiembrie 2025;<\/span><\/span><\/p>\n<p align=\"JUSTIFY\"><span><span>Decret privind <b>eliberarea din functia de judecator a doamnei <span>Frujina Ofelia-Raluca<\/span>, judecator cu grad profesional de curte de apel la Tribunalul Arges<\/b> \u2013 pensionare, la data de 1 noiembrie 2025;<\/span><\/span><\/p>\n<p align=\"JUSTIFY\"><span><span>Decret privind <b>eliberarea din functia de judecator a doamnei <span>Dumitrescu Cristina-Sorana<\/span>, judecator cu grad profesional de curte de apel la Judecatoria Sectorului 5 Bucuresti<\/b> \u2013 pensionare, la data de 1 noiembrie 2025;<\/span><\/span><\/p>\n<p align=\"JUSTIFY\"><span><span>Decret privind <b>eliberarea din functia de judecator a doamnei<span> Zaharia Irina<\/span>, judecator cu grad profesional de curte de apel la Tribunalul Iasi<\/b> \u2013 pensionare, la data de 3 noiembrie 2025;<\/span><\/span><\/p>\n<p align=\"JUSTIFY\"><span><span>Decret privind <b>eliberarea din functia de judecator a doamnei <span>Marcu Felicia<\/span> la Tribunalul Constanta<\/b> \u2013 pensionare, la data de 15 noiembrie 2025;<\/span><\/span><\/p>\n<p align=\"JUSTIFY\"><span><span>Decret privind <b>eliberarea din functia de judecator a domnului <span>Roman Mihai Radu<\/span> la Judecatoria Buftea<\/b> \u2013 pensionare, la data de 1 decembrie 2025;<\/span><\/span><\/p>\n<p align=\"JUSTIFY\"><span><span>Decret privind <b>eliberarea din functia de judecator a doamnei <span>Rus Alexandra Iuliana<\/span> la Inalta Curte de Casatie si Justitie<\/b> &#8211; pensionare, la data de 1 decembrie 2025;<\/span><\/span><\/p>\n<p align=\"JUSTIFY\"><span><span>Decret privind <b>eliberarea din functia de judecator a doamnei <span>Dimitriu Virginia-Mariana<\/span> la Curtea de Apel Galati, delegata in functia de presedinte al Sectiei de contencios administrativ si fiscal<\/b> &#8211; pensionare, la data de 1 decembrie 2025;<\/span><\/span><\/p>\n<p align=\"JUSTIFY\"><span><span>Decret privind <b>eliberarea din functia de procuror a domnului <span>Dimitriu Denis<\/span> in cadrul Parchetului de pe langa Judecatoria Medias<\/b> &#8211; pensionare, la data de 1 noiembrie 2025;<\/span><\/span><\/p>\n<p align=\"JUSTIFY\"><span><span>Decret privind <b>eliberarea din functia de procuror a domnului<span> Chirila Costel-Daniel<\/span> in cadrul Directiei de Investigare a Infractiunilor de Criminalitate Organizata si Terorism &#8211; Serviciul teritorial Alba Iulia<\/b> &#8211; pensionare, la data de 1 noiembrie 2025;<\/span><\/span><\/p>\n<p align=\"JUSTIFY\"><span><span>Decret privind <b>eliberarea din functia de procuror a doamnei <span>Baloi Daniela<\/span> in cadrul Parchetului de pe langa Inalta Curte de Casatie si Justitie<\/b> &#8211; pensionare, la data de 1 noiembrie 2025;<\/span><\/span><\/p>\n<p align=\"JUSTIFY\"><span><span>Decret privind <b>eliberarea din functia de procuror a domnului <span>Mihaila Paul<\/span> in cadrul Directiei de Investigare a Infractiunilor de Criminalitate Organizata si Terorism \u2013 Biroul teritorial Braila<\/b> &#8211; pensionare, la data de 1 noiembrie 2025;<\/span><\/span><\/p>\n<p align=\"JUSTIFY\"><span><span>Decret privind <b>eliberarea din functia de procuror a doamnei <span>Tent Elena-Olga-Gia<\/span> in cadrul Directiei de Investigare a Infractiunilor de Criminalitate Organizata si Terorism \u2013 Serviciul teritorial Timisoara<\/b> &#8211; pensionare, la data de 1 noiembrie 2025;<\/span><\/span><\/p>\n<p align=\"JUSTIFY\"><span><span>Decret privind <b>eliberarea din functia de procuror a doamnei <span>Dragan Adriana-Ligia<\/span>, prim-procuror in cadrul Parchetului de pe langa Tribunalul Ialomita, avand gradul profesional corespunzator Parchetului de pe langa Inalta Curte de Casatie si Justitie<\/b> &#8211; pensionare, la data de 1 noiembrie 2025;<\/span><\/span><\/p>\n<p align=\"JUSTIFY\"><span><span>Decret privind <b>eliberarea din functia de procuror a doamnei <span>Popescu Adriana-Mihaela<\/span>, prim-procuror adjunct la Parchetul de pe langa Tribunalul Valcea<\/b> &#8211; pensionare, la data de 1 noiembrie 2025;<\/span><\/span><\/p>\n<p align=\"JUSTIFY\"><span><span>Decret privind <b>eliberarea din functia de procuror a doamnei <span>Andrei Elena<\/span>, procuror general adjunct la Parchetul de pe langa Curtea de Apel Ploiesti<\/b> &#8211; pensionare, la data de 1 noiembrie 2025;<\/span><\/span><\/p>\n<p align=\"JUSTIFY\"><span><span>Decret privind <b>eliberarea din functia de procuror a domnului colonel magistrat <span>Prelipcean Gheorghe<\/span>, procuror militar sef al Serviciului de urmarire penala din cadrul Sectiei Parchetelor Militare a Parchetului de pe langa Inalta Curte de Casatie si Justitie<\/b> &#8211; pensionare, la data de 16 noiembrie 2025.<\/span><\/span><\/p>\n<\/div>\n<\/section>\n<\/section>\n<section id=\"comments-boxes\">\n<div class=\"heading\">\n<h2>Comentarii<\/h2>\n<\/div>\n<div class=\"comment\" id=\"comentariu-383347\">\n<div class=\"commentBody\">\n<div class=\"commentDate\">\n<p class=\"comment-details cf\"><span class=\"comment-id\"><br \/>\n\t\t\t\t\t\t\t\t#<br \/>\n\t\t\t\t\t\t\t\t<strong>Dolojan<\/strong><img decoding=\"async\" src=\"https:\/\/analyse.optim.biz\/wp-content\/uploads\/2025\/12\/calendar-56.png\" alt=\"date\" title=\"calendar-56\"><br \/>\n\t\t\t\t\t\t\t\t31 October 2025 21:31<br \/>\n\t\t\t\t\t\t\t<\/span><span class=\"comment-quality cf\"><span class=\"gray\">0<\/span><\/span><\/p>\n<\/div>\n<div class=\"commentContent\">Dac\u0103 a semnat decretul doamnei Rus, \u00eenseamn\u0103 c\u0103 Nicu\u0219or e proRus. Demisia! Urgent, nu a\u0219a.<\/div>\n<ul class=\"cf cactions\">\n<li><a class=\"comment-383347\" href rel=\"raspunde\" title=\"Raspunde\">Raspunde<\/a><\/li>\n<li>|<\/li>\n<li><a href class=\"comment-383347\" rel=\"raspunde-citeaza\" title=\"Raspunde cu citat\">Raspunde cu citat<\/a><\/li>\n<li>|<\/li>\n<li><a href class=\"comment-383347\" title=\"Citat\" rel=\"citeaza\">Citat<\/a><\/li>\n<\/ul>\n<\/div>\n<\/div>\n<div class=\"comment\" id=\"comentariu-383367\">\n<div class=\"commentBody\">\n<div class=\"commentDate\">\n<p class=\"comment-details cf\"><span class=\"comment-id\"><br \/>\n\t\t\t\t\t\t\t\t#<br \/>\n\t\t\t\t\t\t\t\t<strong>camelia<\/strong><img decoding=\"async\" src=\"https:\/\/analyse.optim.biz\/wp-content\/uploads\/2025\/12\/calendar-56.png\" alt=\"date\" title=\"calendar-56\"><br \/>\n\t\t\t\t\t\t\t\t 2 November 2025 00:08<br \/>\n\t\t\t\t\t\t\t<\/span><span class=\"comment-quality cf\"><span class=\"green\">+1<\/span><\/span><\/p>\n<\/div>\n<div class=\"commentContent\">\u0102\u0219tia doi din poze nu sunt prea tineri pentru pensionare?<\/div>\n<ul class=\"cf cactions\">\n<li><a class=\"comment-383367\" href rel=\"raspunde\" title=\"Raspunde\">Raspunde<\/a><\/li>\n<li>|<\/li>\n<li><a href class=\"comment-383367\" rel=\"raspunde-citeaza\" title=\"Raspunde cu citat\">Raspunde cu citat<\/a><\/li>\n<li>|<\/li>\n<li><a href class=\"comment-383367\" title=\"Citat\" rel=\"citeaza\">Citat<\/a><\/li>\n<\/ul>\n<\/div>\n<\/div>\n<\/section>\n<section id=\"comments\">\n<div class=\"heading\">\n<h2>Adauga comentariu<\/h2>\n<\/div>\n<div>\n<div id=\"emoticons-container\">\n<div id=\"comments-form-smilespanel\"><img decoding=\"async\" src=\"https:\/\/analyse.optim.biz\/wp-content\/uploads\/2025\/12\/laugh-68.gif\" alt=\":D\" class=\"smile\" title=\"laugh-68\"><img decoding=\"async\" src=\"https:\/\/analyse.optim.biz\/wp-content\/uploads\/2025\/12\/lol-74.gif\" alt=\":lol:\" class=\"smile\" title=\"lol-74\"><img decoding=\"async\" src=\"https:\/\/analyse.optim.biz\/wp-content\/uploads\/2025\/12\/smile-67.gif\" alt=\":-)\" class=\"smile\" title=\"smile-67\"><img decoding=\"async\" src=\"https:\/\/analyse.optim.biz\/wp-content\/uploads\/2025\/12\/wink-65.gif\" alt=\";-)\" class=\"smile\" title=\"wink-65\"><img decoding=\"async\" src=\"https:\/\/analyse.optim.biz\/wp-content\/uploads\/2025\/12\/cool-69.gif\" alt=\"8)\" class=\"smile\" title=\"cool-69\"><img decoding=\"async\" src=\"https:\/\/analyse.optim.biz\/wp-content\/uploads\/2025\/12\/normal-64.gif\" alt=\":-|\" class=\"smile\" title=\"normal-64\"><img decoding=\"async\" src=\"https:\/\/analyse.optim.biz\/wp-content\/uploads\/2025\/12\/whistling-67.gif\" alt=\":-*\" class=\"smile\" title=\"whistling-67\"><img decoding=\"async\" src=\"https:\/\/analyse.optim.biz\/wp-content\/uploads\/2025\/12\/redface-65.gif\" alt=\":oops:\" class=\"smile\" title=\"redface-65\"><img decoding=\"async\" src=\"https:\/\/analyse.optim.biz\/wp-content\/uploads\/2025\/12\/sad-64.gif\" alt=\":sad:\" class=\"smile\" title=\"sad-64\"><img decoding=\"async\" src=\"https:\/\/analyse.optim.biz\/wp-content\/uploads\/2025\/12\/cry-67.gif\" alt=\":cry:\" class=\"smile\" title=\"cry-67\"><img decoding=\"async\" src=\"https:\/\/analyse.optim.biz\/wp-content\/uploads\/2025\/12\/surprised-67.gif\" alt=\":o\" class=\"smile\" title=\"surprised-67\"><img decoding=\"async\" src=\"https:\/\/analyse.optim.biz\/wp-content\/uploads\/2025\/12\/confused-64.gif\" alt=\":-?\" class=\"smile\" title=\"confused-64\"><img decoding=\"async\" src=\"https:\/\/analyse.optim.biz\/wp-content\/uploads\/2025\/12\/sick-69.gif\" alt=\":-x\" class=\"smile\" title=\"sick-69\"><img decoding=\"async\" src=\"https:\/\/analyse.optim.biz\/wp-content\/uploads\/2025\/12\/shocked-69.gif\" alt=\":eek:\" class=\"smile\" title=\"shocked-69\"><img decoding=\"async\" src=\"https:\/\/analyse.optim.biz\/wp-content\/uploads\/2025\/12\/sleeping-67.gif\" alt=\":zzz\" class=\"smile\" title=\"sleeping-67\"><img decoding=\"async\" src=\"https:\/\/analyse.optim.biz\/wp-content\/uploads\/2025\/12\/tongue-66.gif\" alt=\":P\" class=\"smile\" title=\"tongue-66\"><img decoding=\"async\" src=\"https:\/\/analyse.optim.biz\/wp-content\/uploads\/2025\/12\/rolleyes-65.gif\" alt=\":roll:\" class=\"smile\" title=\"rolleyes-65\"><img decoding=\"async\" src=\"https:\/\/analyse.optim.biz\/wp-content\/uploads\/2025\/12\/unsure-64.gif\" alt=\":sigh:\" class=\"smile\" title=\"unsure-64\"><\/div>\n<\/div>\n<\/div>\n<div class=\"text-center\">\n<p>DISCLAIMER<\/p>\n<p>Atentie! Postati pe propria raspundere!<br \/> Inainte de a posta, cititi aici regulamentul: <a href=\"https:\/\/www.luju.ro\/termeni-legali-si-conditii\" title=\"Termeni legali si conditii\">Termeni legali si Conditii<\/a><\/p>\n<\/div>\n<\/section>\n<\/article>\n<p> Source URL: https:\/\/www.luju.ro\/decrete-pentru-udroiu-si-rus-presedintele-nicusor-dan-a-semnat-decretele-de-eliberare-din-functie-prin-pensionare-a-judecatorilor-mihail-udroiu-si-alexandra-rus-de-la-inalta-curte-13-judecatori-si-9-procurori-au-primit-decretele-de-pensionare-lista<\/p>\n","protected":false},"excerpt":{"rendered":"<p>DECRETE PENTRU UDROIU SI RUS \u2013 Presedintele Nicusor Dan a semnat decretele de eliberare din functie prin pensionare a judecatorilor Mihail Udroiu si Alexandra Rus de la Inalta Curte. 13 judecatori si 9 procurori au primit decretele de pensionare (Lista) Scris de: G.T. | | 31 October 2025 15:59 Vizualizari: 3913 Presedintele Romaniei Nicusor Dan [&hellip;]<\/p>\n","protected":false},"author":1,"featured_media":786054,"comment_status":"open","ping_status":"","sticky":false,"template":"","format":"standard","meta":{"footnotes":""},"categories":[89],"tags":[114],"class_list":["post-786053","post","type-post","status-publish","format-standard","has-post-thumbnail","hentry","category-romania","tag-luju-ro"],"_links":{"self":[{"href":"https:\/\/analyse.optim.biz\/index.php?rest_route=\/wp\/v2\/posts\/786053","targetHints":{"allow":["GET"]}}],"collection":[{"href":"https:\/\/analyse.optim.biz\/index.php?rest_route=\/wp\/v2\/posts"}],"about":[{"href":"https:\/\/analyse.optim.biz\/index.php?rest_route=\/wp\/v2\/types\/post"}],"author":[{"embeddable":true,"href":"https:\/\/analyse.optim.biz\/index.php?rest_route=\/wp\/v2\/users\/1"}],"replies":[{"embeddable":true,"href":"https:\/\/analyse.optim.biz\/index.php?rest_route=%2Fwp%2Fv2%2Fcomments&post=786053"}],"version-history":[{"count":0,"href":"https:\/\/analyse.optim.biz\/index.php?rest_route=\/wp\/v2\/posts\/786053\/revisions"}],"wp:featuredmedia":[{"embeddable":true,"href":"https:\/\/analyse.optim.biz\/index.php?rest_route=\/wp\/v2\/media\/786054"}],"wp:attachment":[{"href":"https:\/\/analyse.optim.biz\/index.php?rest_route=%2Fwp%2Fv2%2Fmedia&parent=786053"}],"wp:term":[{"taxonomy":"category","embeddable":true,"href":"https:\/\/analyse.optim.biz\/index.php?rest_route=%2Fwp%2Fv2%2Fcategories&post=786053"},{"taxonomy":"post_tag","embeddable":true,"href":"https:\/\/analyse.optim.biz\/index.php?rest_route=%2Fwp%2Fv2%2Ftags&post=786053"}],"curies":[{"name":"wp","href":"https:\/\/api.w.org\/{rel}","templated":true}]}}