{"id":785752,"date":"2025-11-05T13:11:00","date_gmt":"2025-11-05T10:11:00","guid":{"rendered":"https:\/\/analyse.optim.biz\/?p=785752"},"modified":"2025-11-05T13:11:00","modified_gmt":"2025-11-05T10:11:00","slug":"noua-inalta-curte-avocatul-adrian-toni-neacsu-explica-decizia-iccj-de-incetare-a-procesului-penal-si-de-eliberare-a-lui-sebastian-vladescu-si-ionut-costea-noua-instanta-suprema-i","status":"publish","type":"post","link":"https:\/\/analyse.optim.biz\/?p=785752","title":{"rendered":"NOUA INALTA CURTE \u2013 Avocatul Adrian Toni Neacsu explica decizia ICCJ de incetare a procesului penal si de eliberare a lui Sebastian Vladescu si Ionut Costea: \u201c(Noua) instanta suprema inlatura in mod programatic si coerent erorile de judecata datorate abuzurilor politice din anii de teroare judiciara&#8230; ICCJ a constatat ca alti judecatori, in vremurile in care justitia era profund politizata si resentimentara, au refuzat sa faca justitie in mod egal pentru toata lumea\u201d"},"content":{"rendered":"<article id=\"article-content\">\n<h1>NOUA INALTA CURTE \u2013 Avocatul Adrian Toni Neacsu explica decizia ICCJ de incetare a procesului penal si de eliberare a lui Sebastian Vladescu si Ionut Costea: \u201c(Noua) instanta suprema inlatura in mod programatic si coerent erorile de judecata datorate abuzurilor politice din anii de teroare judiciara&#8230; ICCJ a constatat ca alti judecatori, in vremurile in care justitia era profund politizata si resentimentara, au refuzat sa faca justitie in mod egal pentru toata lumea\u201d<\/h1>\n<section id=\"article-info\">\n<p class=\"author\">Scris de: George TARATA | <a href=\"https:\/\/www.luju.ro\/noua-inalta-curte-avocatul-adrian-toni-neacsu-explica-decizia-iccj-de-incetare-a-procesului-penal-si-de-eliberare-a-lui-sebastian-vladescu-si-ionut-costea-noua-instanta-suprema-inlatura-in-mod-programatic-si-coerent-erorile-de-judecata-datorate-abuzurilor?pdf\" title=\"PDF\"><img decoding=\"async\" src=\"https:\/\/analyse.optim.biz\/wp-content\/uploads\/2025\/12\/pdf-58.png\" alt=\"pdf\" title=\"pdf-58\"><\/a> | <a href=\"https:\/\/www.luju.ro\/noua-inalta-curte-avocatul-adrian-toni-neacsu-explica-decizia-iccj-de-incetare-a-procesului-penal-si-de-eliberare-a-lui-sebastian-vladescu-si-ionut-costea-noua-instanta-suprema-inlatura-in-mod-programatic-si-coerent-erorile-de-judecata-datorate-abuzurilor?print=1\" class=\"external\" title=\"Imprimare\"><img decoding=\"async\" src=\"https:\/\/analyse.optim.biz\/wp-content\/uploads\/2025\/12\/print-58.png\" alt=\"print\" title=\"print-58\"><\/a><\/p>\n<div class=\"info flex-container\">\n<div class=\"date\"> 5 November 2025 13:11<\/div>\n<div>Vizualizari: 3254<\/div>\n<\/div>\n<\/section>\n<section id=\"article-body\">\n<section id=\"page\" class=\"cf\">\n<div>\n<p align=\"JUSTIFY\"><span><span><b><img loading=\"lazy\" decoding=\"async\" src=\"https:\/\/analyse.optim.biz\/wp-content\/uploads\/2025\/12\/adrian_toni_neacsu-1.jpg\" width=\"400\" height=\"225\" title=\"adrian_toni_neacsu-1\">Avocatul Adrian Toni Neacsu <span>(foto)<\/span><\/b> saluta schimbarea de optica si de practica de la nivelul Inaltei Curti de Casatie si Justitie. O \u201cnoua instanta suprema\u201d, asa cum o denumeste Neacsu, instanta suprema care inlatura programatic si coerent erorile judiciare comise in trecut, in anii de abuzuri politice si teroare judiciara.<\/span><\/span><\/p>\n<hr>\n<p>\u00a0<\/p>\n<p align=\"JUSTIFY\"><span><span>Adrian Toni Neacsu explica decizia ICCJ de marti, 4 noiembrie 2025, prin care <b>Inalta Curte a admis recursul in casatie formulat de fostul ministru al Finantelor Sebastian Vladescu si de fostul presedinte Eximbank Ionut Costea (condamnati in 2023 la 7 ani si 4 luni inchisoare, respectiv 6 ani inchisoare) si a dispus eliberarea celor doi din penitenciar<\/b><span><b><a href=\"https:\/\/www.luju.ro\/vladescu-si-cumnatul-lui-geoana-condamnati-pe-fapte-prescrise-inalta-curte-a-admis-recursul-in-casatie-formulat-de-fostul-ministru-al-finantelor-sebastian-vladescu-si-fostul-presedinte-eximbank-ionut-costea-completul-de-5-iccj-a-desfiintat-condamnarea-de\" target=\"_blank\">(click aici pentru a citi)<\/a><\/b><\/span>. O solutie care a isterizat aparatul de propaganda al fostului Binom DNA-SRI, desi ea este insa cat se poate de corecta si legala. <\/span><\/span><\/p>\n<p align=\"JUSTIFY\"><span><span>In acest sens, intr-o postare pe pagina sa de <b><span><a href=\"https:\/\/www.facebook.com\/atneacsu\/posts\/pfbid021xbJKRpSj94FduGhwbrAKyPvyV2sKkhnbJcoXuBuVayVUDkZoXZLd5EvFb8Xc9DNl?__cft__%5B0%5D=AZUcOmtjtruXozuX8jDjYQ5qmMD5PXiLw3TBmAlU6EQviej_83HWzKGNyVbixaqEyDtVZ0cqDzs-ij9PM2MJfRKsm2lr3sfzh34ax4WxBs9xswLsBNePk6GdAHJ1UzLptxIUBMlh3vKIlEeca6qCt35Wkd4AGcagjIdgpny_FKtbIWfmrn8Mp7N2LvFezqNYbn8&amp;__tn__=%2CO%2CP-R\" target=\"_blank\">Facebook<\/a><\/span><\/b>, de marti seara, 4 noiembrie 2025, avocatul Neacsu subliniaza ca cei care se revolta acum ar trebui sa fie constienti ca Vladescu si Costea au fost condamnati pentru niste fapte care erau prescrise, judecatorii ICCJ care au pronuntat respectiva condamnare refuzand sa aplice legea in numele opiniei publice si a imperativului politic ce presupunea ca persoanele cu notorietate sa fie aspru pedepsite. Asta desi judecatorii nu sunt justitiari, si nu ar trebui sa solutioneze cauzele doar pentru a da satisfactie presiunii publice sau politice, ci ar trebui doar sa aplice lege. Iar prin decizia de m<span>arti, 4 noiembrie 2025, Inalta Curte nu a facut decat sa constate ca anumiti judecatori, in vremurile in care justitia era profund politizata si resentimentara, au refuzat sa faca justitie in mod egal pentru toata lumea.<\/span><\/span><\/span><\/p>\n<p align=\"JUSTIFY\"><span><span>De asemenea, Adrian Toni Neacsu tine sa precizeze ca ICCJ a mentinut obligatiile civile in cazul lui Sebastian Vladescu si Ionut Costea, in sensul achitarii unor prejudicii de milioane de euro. <\/span><\/span><\/p>\n<p align=\"JUSTIFY\"><span><span>Pe de alta parte, avocatul Adrian Toni Neacsu atrage atentia ca inca mai exista oameni care stau in inchisoare in urma unor erori si abuzuri jude<span>catoresti similare celui din cazul Vladescu-Costea, iar la Inalta Curte inca activeaza magistrati care au executat servil comandamente dincolo de lege.<\/span><\/span><\/span><\/p>\n<p align=\"JUSTIFY\"><span><span><br \/><\/span><\/span><\/p>\n<p align=\"JUSTIFY\"><span><span><b>Iata analiza avocatului Adrian Toni Neacsu:<\/b><\/span><\/span><\/p>\n<p align=\"JUSTIFY\"><span><span><br \/><\/span><\/span><\/p>\n<p align=\"JUSTIFY\"><i><span><span>\u201c<span><b>E din ce in ce mai clar ca (noua) instanta suprema inlatura in mod programatic si coerent erorile de judecata datorate abuzurilor politice din anii de teroare judiciara.<\/b><\/span><\/span><\/span><\/i><\/p>\n<p align=\"JUSTIFY\"><span><i><span><b>Pentru cine se revolta, trebuie sa stie ca o judecata corecta la timpul ei trebuia sa constate ca faptele lui Sebastian Vladescu si Ionut Costea erau prescrise la momentul judecarii lor. Ne place sau nu, asa era legea. In loc de asta, s-au gasit judecatori care sa refuze sa aplice legea in vigoare si, in numele opiniei publice si a imperativului politic ca persoanele notorii sa fie aspru pedepsite, au hotarat sa-i condamne la ani grei de puscarie. Exact in acelasi timp sute de persoane aflate exact in aceeasi situatie juridica, nimerind pe un alt culoar decat cel politic sau numai ideologic, unul pur legal, au primit solutia corecta legal, prescrierea faptelor.<\/b><\/span><\/i><\/span><\/p>\n<p align=\"JUSTIFY\"><span><i><span><b>Judecatorii nu sunt justitiari si nu trebuie sa judece doar pentru a da satisfactie presiunii publice sau politice, nu trebuie sa judece cu dintii inclestati de ura, ei trebuie doar sa aplice legea, exact asa cum e, indiferent ca le place sau nu.<\/b><\/span><\/i><\/span><\/p>\n<p align=\"JUSTIFY\"><i><span><span><b>Pentru cine tot se mai revolta, ca asa a fost invatat de profesionistii urii publice, mai spun ca scutirea de pedeapsa pentru prescriptie nu inseamna absolut deloc ca nu se va recupera prejudiciul, pentru ca acestia raman in continuare obligati pe latura civila.<\/b><\/span><\/span><\/i><\/p>\n<p align=\"JUSTIFY\"><i><span><span><b>Sebastian Vladescu trebuie sa plateasca 3,9 milioane lei si i s-au confiscat deja 2,1 milioane euro, in timp ce Mircea Costea are de platit 3,1 milioane lei si 1,9 milioane euro.<\/b><\/span><\/span><\/i><\/p>\n<p align=\"JUSTIFY\"><span><i><span><b>Hotararea ICCJ nu a schimbat cu nimic obligatiile civile, deci nimeni nu a fost scapat, ci doar a constatat ca alti judecatori, in vremurile in care justitia era profund politizata si resentimentara, au refuzat sa faca justitie in mod egal pentru toata lumea. Ca asa au vrut ei si au putut.<\/b><\/span><\/i><\/span><\/p>\n<p align=\"JUSTIFY\"><i><span><span><span><b>Inca exista sute de erori si abuzuri judecatoresti similare, oameni care stau in inchisoare desi nu ar trebui, asa ca ICCJ are un drum lung in fata, mai ales ca si in interiorul ei au ramas destui dintre cei care au executat servil comandamente dincolo de lege<\/b><\/span>\u201d.<\/span><\/span><\/i><\/p>\n<\/div>\n<\/section>\n<\/section>\n<section id=\"comments-boxes\">\n<div class=\"heading\">\n<h2>Comentarii<\/h2>\n<\/div>\n<div class=\"comment\" id=\"comentariu-383457\">\n<div class=\"commentBody\">\n<div class=\"commentDate\">\n<p class=\"comment-details cf\"><span class=\"comment-id\"><br \/>\n\t\t\t\t\t\t\t\t#<br \/>\n\t\t\t\t\t\t\t\t<strong>santinela<\/strong><img decoding=\"async\" src=\"https:\/\/analyse.optim.biz\/wp-content\/uploads\/2025\/12\/calendar-52.png\" alt=\"date\" title=\"calendar-52\"><br \/>\n\t\t\t\t\t\t\t\t 5 November 2025 13:31<br \/>\n\t\t\t\t\t\t\t<\/span><span class=\"comment-quality cf\"><span class=\"green\">+58<\/span><\/span><\/p>\n<\/div>\n<div class=\"commentContent\">Da domnule Toni,este corect ce spuneti si se vede ca la ICCJ se misca totusi ceva. Dar ce spuneti despre TUTA care &#8220;mot&#8221; are o parere total opusa celorlalte patru judecatoare din complet in acest caz ? Sa nu spuneti ca &#8220;este dreptul ei&#8221; fiindca are obligatia minima de a fi pregatita cat de cat ori aici se vede de la o posta ca are o gandire dreaptaaaa ca fulgerul sau raspunde la o comanda primita. (adica h- rezist si nu mai scapam de astia ). Sunt curios cum motiveaza TUTA decizia ei.Vom avea o &#8220;noua capodopera&#8221; juridica gen Livia Stanciu rusinea justitiei romanesti !<\/div>\n<ul class=\"cf cactions\">\n<li><a class=\"comment-383457\" href rel=\"raspunde\" title=\"Raspunde\">Raspunde<\/a><\/li>\n<li>|<\/li>\n<li><a href class=\"comment-383457\" rel=\"raspunde-citeaza\" title=\"Raspunde cu citat\">Raspunde cu citat<\/a><\/li>\n<li>|<\/li>\n<li><a href class=\"comment-383457\" title=\"Citat\" rel=\"citeaza\">Citat<\/a><\/li>\n<\/ul>\n<\/div>\n<\/div>\n<div class=\"comment\" id=\"comentariu-383458\">\n<div class=\"commentBody\">\n<div class=\"commentDate\">\n<p class=\"comment-details cf\"><span class=\"comment-id\"><br \/>\n\t\t\t\t\t\t\t\t#<br \/>\n\t\t\t\t\t\t\t\t<strong>Csaba D <\/strong><img decoding=\"async\" src=\"https:\/\/analyse.optim.biz\/wp-content\/uploads\/2025\/12\/calendar-52.png\" alt=\"date\" title=\"calendar-52\"><br \/>\n\t\t\t\t\t\t\t\t 5 November 2025 13:50<br \/>\n\t\t\t\t\t\t\t<\/span><span class=\"comment-quality cf\"><span class=\"gray\">0<\/span><\/span><\/p>\n<\/div>\n<div class=\"commentContent\">Protocoalele sunt moarte! Tr\u0103iasc\u0103 protocoalele! Alea pe care mul\u021bi juzi se fac c\u0103 nu \u0219tiau de ele \u0219i nu le-au pus \u00een practic\u0103 <\/div>\n<ul class=\"cf cactions\">\n<li><a class=\"comment-383458\" href rel=\"raspunde\" title=\"Raspunde\">Raspunde<\/a><\/li>\n<li>|<\/li>\n<li><a href class=\"comment-383458\" rel=\"raspunde-citeaza\" title=\"Raspunde cu citat\">Raspunde cu citat<\/a><\/li>\n<li>|<\/li>\n<li><a href class=\"comment-383458\" title=\"Citat\" rel=\"citeaza\">Citat<\/a><\/li>\n<\/ul>\n<\/div>\n<\/div>\n<div class=\"comment\" id=\"comentariu-383461\">\n<div class=\"commentBody\">\n<div class=\"commentDate\">\n<p class=\"comment-details cf\"><span class=\"comment-id\"><br \/>\n\t\t\t\t\t\t\t\t#<br \/>\n\t\t\t\t\t\t\t\t<strong>ciocanel cu smoala<\/strong><img decoding=\"async\" src=\"https:\/\/analyse.optim.biz\/wp-content\/uploads\/2025\/12\/calendar-52.png\" alt=\"date\" title=\"calendar-52\"><br \/>\n\t\t\t\t\t\t\t\t 5 November 2025 16:19<br \/>\n\t\t\t\t\t\t\t<\/span><span class=\"comment-quality cf\"><span class=\"green\">+3<\/span><\/span><\/p>\n<\/div>\n<div class=\"commentContent\">astept cu nerabdare sa vad cum se aplica aceea raspundere propovaduita de postacii care isi flutura robele prin comentarii fiindca am senzatia ca absolut toti care au faptuit vor fi recompensati cu o pensie babana. trebuie sa fii cu adevarat special sa calci pe grumazul unui om si in acelasi timp sa devii mogul imobiliar. toti unicii au dat petrecere cand wecere a dat decizia cu privire la declaratiile de avere, chiar daca unii mai naivi au impresia ca au fost tristi pentru ca independenta justitiei. nerabdator sa fim dojeniti de mos ene cu noi cugetari in legatura cu incapacitatea cetatenilor de a vedea lumina<\/div>\n<ul class=\"cf cactions\">\n<li><a class=\"comment-383461\" href rel=\"raspunde\" title=\"Raspunde\">Raspunde<\/a><\/li>\n<li>|<\/li>\n<li><a href class=\"comment-383461\" rel=\"raspunde-citeaza\" title=\"Raspunde cu citat\">Raspunde cu citat<\/a><\/li>\n<li>|<\/li>\n<li><a href class=\"comment-383461\" title=\"Citat\" rel=\"citeaza\">Citat<\/a><\/li>\n<\/ul>\n<\/div>\n<\/div>\n<div class=\"comment\" id=\"comentariu-383470\">\n<div class=\"commentBody\">\n<div class=\"commentDate\">\n<p class=\"comment-details cf\"><span class=\"comment-id\"><br \/>\n\t\t\t\t\t\t\t\t#<br \/>\n\t\t\t\t\t\t\t\t<strong>Ion<\/strong><img decoding=\"async\" src=\"https:\/\/analyse.optim.biz\/wp-content\/uploads\/2025\/12\/calendar-52.png\" alt=\"date\" title=\"calendar-52\"><br \/>\n\t\t\t\t\t\t\t\t 5 November 2025 18:42<br \/>\n\t\t\t\t\t\t\t<\/span><span class=\"comment-quality cf\"><span class=\"green\">+1<\/span><\/span><\/p>\n<\/div>\n<div class=\"commentContent\">O Justitie impotenta,care a l\u0103sat \u00een nelucrare zeci de dosare cu rechini pt a se prescrie ! Au fost cazuri c\u00e2nd au am\u00e2nat pronun\u021barea, p\u00e2n\u0103 s a \u00eemplinit termenul<\/div>\n<ul class=\"cf cactions\">\n<li><a class=\"comment-383470\" href rel=\"raspunde\" title=\"Raspunde\">Raspunde<\/a><\/li>\n<li>|<\/li>\n<li><a href class=\"comment-383470\" rel=\"raspunde-citeaza\" title=\"Raspunde cu citat\">Raspunde cu citat<\/a><\/li>\n<li>|<\/li>\n<li><a href class=\"comment-383470\" title=\"Citat\" rel=\"citeaza\">Citat<\/a><\/li>\n<\/ul>\n<\/div>\n<\/div>\n<div class=\"comment\" id=\"comentariu-383472\">\n<div class=\"commentBody\">\n<div class=\"commentDate\">\n<p class=\"comment-details cf\"><span class=\"comment-id\"><br \/>\n\t\t\t\t\t\t\t\t#<br \/>\n\t\t\t\t\t\t\t\t<strong>Jiji<\/strong><img decoding=\"async\" src=\"https:\/\/analyse.optim.biz\/wp-content\/uploads\/2025\/12\/calendar-52.png\" alt=\"date\" title=\"calendar-52\"><br \/>\n\t\t\t\t\t\t\t\t 5 November 2025 18:52<br \/>\n\t\t\t\t\t\t\t<\/span><span class=\"comment-quality cf\"><span class=\"green\">+10<\/span><\/span><\/p>\n<\/div>\n<div class=\"commentContent\">Daaa!Pe latura civila o sa le ia praful de pe toba!Mai ales lui Ionut Costea!Adica o sa recupereze Statul banii &#8230;.la Sf Asteapta!<\/div>\n<ul class=\"cf cactions\">\n<li><a class=\"comment-383472\" href rel=\"raspunde\" title=\"Raspunde\">Raspunde<\/a><\/li>\n<li>|<\/li>\n<li><a href class=\"comment-383472\" rel=\"raspunde-citeaza\" title=\"Raspunde cu citat\">Raspunde cu citat<\/a><\/li>\n<li>|<\/li>\n<li><a href class=\"comment-383472\" title=\"Citat\" rel=\"citeaza\">Citat<\/a><\/li>\n<\/ul>\n<\/div>\n<\/div>\n<div class=\"comment\" id=\"comentariu-383473\">\n<div class=\"commentBody\">\n<div class=\"commentDate\">\n<p class=\"comment-details cf\"><span class=\"comment-id\"><br \/>\n\t\t\t\t\t\t\t\t#<br \/>\n\t\t\t\t\t\t\t\t<strong>Nicu<\/strong><img decoding=\"async\" src=\"https:\/\/analyse.optim.biz\/wp-content\/uploads\/2025\/12\/calendar-52.png\" alt=\"date\" title=\"calendar-52\"><br \/>\n\t\t\t\t\t\t\t\t 5 November 2025 18:56<br \/>\n\t\t\t\t\t\t\t<\/span><span class=\"comment-quality cf\"><span class=\"green\">+11<\/span><\/span><\/p>\n<\/div>\n<div class=\"commentContent\">Adica ce sa intelegem ,Maestre?Ca Noua Iccj este la fel de politizata  ca Vechea Iccj?Numai ca aia vechi erau de stinga iar astia noi sunt de dreapta!Aia vechi ne au luat pielea de pe noi ,iar astia noi ne dau pielea inapoi!<\/div>\n<ul class=\"cf cactions\">\n<li><a class=\"comment-383473\" href rel=\"raspunde\" title=\"Raspunde\">Raspunde<\/a><\/li>\n<li>|<\/li>\n<li><a href class=\"comment-383473\" rel=\"raspunde-citeaza\" title=\"Raspunde cu citat\">Raspunde cu citat<\/a><\/li>\n<li>|<\/li>\n<li><a href class=\"comment-383473\" title=\"Citat\" rel=\"citeaza\">Citat<\/a><\/li>\n<\/ul>\n<\/div>\n<\/div>\n<div class=\"comment\" id=\"comentariu-383482\">\n<div class=\"commentBody\">\n<div class=\"commentDate\">\n<p class=\"comment-details cf\"><span class=\"comment-id\"><br \/>\n\t\t\t\t\t\t\t\t#<br \/>\n\t\t\t\t\t\t\t\t<strong>visu <\/strong><img decoding=\"async\" src=\"https:\/\/analyse.optim.biz\/wp-content\/uploads\/2025\/12\/calendar-52.png\" alt=\"date\" title=\"calendar-52\"><br \/>\n\t\t\t\t\t\t\t\t 5 November 2025 22:55<br \/>\n\t\t\t\t\t\t\t<\/span><span class=\"comment-quality cf\"><span class=\"green\">+1<\/span><\/span><\/p>\n<\/div>\n<div class=\"commentContent\">Haide\u021bi \u0219i c-o revizuire a hot\u0103r\u00e2rilor supreme de subordonare fa\u021b\u0103 de actele administrative ale ccr! <\/div>\n<ul class=\"cf cactions\">\n<li><a class=\"comment-383482\" href rel=\"raspunde\" title=\"Raspunde\">Raspunde<\/a><\/li>\n<li>|<\/li>\n<li><a href class=\"comment-383482\" rel=\"raspunde-citeaza\" title=\"Raspunde cu citat\">Raspunde cu citat<\/a><\/li>\n<li>|<\/li>\n<li><a href class=\"comment-383482\" title=\"Citat\" rel=\"citeaza\">Citat<\/a><\/li>\n<\/ul>\n<\/div>\n<\/div>\n<div class=\"comment\" id=\"comentariu-383486\">\n<div class=\"commentBody\">\n<div class=\"commentDate\">\n<p class=\"comment-details cf\"><span class=\"comment-id\"><br \/>\n\t\t\t\t\t\t\t\t#<br \/>\n\t\t\t\t\t\t\t\t<strong>Ion<\/strong><img decoding=\"async\" src=\"https:\/\/analyse.optim.biz\/wp-content\/uploads\/2025\/12\/calendar-52.png\" alt=\"date\" title=\"calendar-52\"><br \/>\n\t\t\t\t\t\t\t\t 6 November 2025 11:29<br \/>\n\t\t\t\t\t\t\t<\/span><span class=\"comment-quality cf\"><span class=\"green\">+15<\/span><\/span><\/p>\n<\/div>\n<div class=\"commentContent\">Cat de prosti ne cred astia?De ce am cheltuit bani si timp ca sa l prindem pe Ionut Costea si sa l aducem in tara ,daca fapta era prescrisa?De ce Sebastian Vladescu a executat de bunavoie vreo 2 ani de puscarie ,daca fapta era prescrisa?<\/div>\n<ul class=\"cf cactions\">\n<li><a class=\"comment-383486\" href rel=\"raspunde\" title=\"Raspunde\">Raspunde<\/a><\/li>\n<li>|<\/li>\n<li><a href class=\"comment-383486\" rel=\"raspunde-citeaza\" title=\"Raspunde cu citat\">Raspunde cu citat<\/a><\/li>\n<li>|<\/li>\n<li><a href class=\"comment-383486\" title=\"Citat\" rel=\"citeaza\">Citat<\/a><\/li>\n<\/ul>\n<\/div>\n<\/div>\n<\/section>\n<section id=\"comments\">\n<div class=\"heading\">\n<h2>Adauga comentariu<\/h2>\n<\/div>\n<div>\n<div id=\"emoticons-container\">\n<div id=\"comments-form-smilespanel\"><img decoding=\"async\" src=\"https:\/\/analyse.optim.biz\/wp-content\/uploads\/2025\/12\/laugh-62.gif\" alt=\":D\" class=\"smile\" title=\"laugh-62\"><img decoding=\"async\" src=\"https:\/\/analyse.optim.biz\/wp-content\/uploads\/2025\/12\/lol-68.gif\" alt=\":lol:\" class=\"smile\" title=\"lol-68\"><img decoding=\"async\" src=\"https:\/\/analyse.optim.biz\/wp-content\/uploads\/2025\/12\/smile-61.gif\" alt=\":-)\" class=\"smile\" title=\"smile-61\"><img decoding=\"async\" src=\"https:\/\/analyse.optim.biz\/wp-content\/uploads\/2025\/12\/wink-59.gif\" alt=\";-)\" class=\"smile\" title=\"wink-59\"><img decoding=\"async\" src=\"https:\/\/analyse.optim.biz\/wp-content\/uploads\/2025\/12\/cool-63.gif\" alt=\"8)\" class=\"smile\" title=\"cool-63\"><img decoding=\"async\" src=\"https:\/\/analyse.optim.biz\/wp-content\/uploads\/2025\/12\/normal-58.gif\" alt=\":-|\" class=\"smile\" title=\"normal-58\"><img decoding=\"async\" src=\"https:\/\/analyse.optim.biz\/wp-content\/uploads\/2025\/12\/whistling-61.gif\" alt=\":-*\" class=\"smile\" title=\"whistling-61\"><img decoding=\"async\" src=\"https:\/\/analyse.optim.biz\/wp-content\/uploads\/2025\/12\/redface-59.gif\" alt=\":oops:\" class=\"smile\" title=\"redface-59\"><img decoding=\"async\" src=\"https:\/\/analyse.optim.biz\/wp-content\/uploads\/2025\/12\/sad-58.gif\" alt=\":sad:\" class=\"smile\" title=\"sad-58\"><img decoding=\"async\" src=\"https:\/\/analyse.optim.biz\/wp-content\/uploads\/2025\/12\/cry-61.gif\" alt=\":cry:\" class=\"smile\" title=\"cry-61\"><img decoding=\"async\" src=\"https:\/\/analyse.optim.biz\/wp-content\/uploads\/2025\/12\/surprised-61.gif\" alt=\":o\" class=\"smile\" title=\"surprised-61\"><img decoding=\"async\" src=\"https:\/\/analyse.optim.biz\/wp-content\/uploads\/2025\/12\/confused-58.gif\" alt=\":-?\" class=\"smile\" title=\"confused-58\"><img decoding=\"async\" src=\"https:\/\/analyse.optim.biz\/wp-content\/uploads\/2025\/12\/sick-63.gif\" alt=\":-x\" class=\"smile\" title=\"sick-63\"><img decoding=\"async\" src=\"https:\/\/analyse.optim.biz\/wp-content\/uploads\/2025\/12\/shocked-63.gif\" alt=\":eek:\" class=\"smile\" title=\"shocked-63\"><img decoding=\"async\" src=\"https:\/\/analyse.optim.biz\/wp-content\/uploads\/2025\/12\/sleeping-61.gif\" alt=\":zzz\" class=\"smile\" title=\"sleeping-61\"><img decoding=\"async\" src=\"https:\/\/analyse.optim.biz\/wp-content\/uploads\/2025\/12\/tongue-60.gif\" alt=\":P\" class=\"smile\" title=\"tongue-60\"><img decoding=\"async\" src=\"https:\/\/analyse.optim.biz\/wp-content\/uploads\/2025\/12\/rolleyes-59.gif\" alt=\":roll:\" class=\"smile\" title=\"rolleyes-59\"><img decoding=\"async\" src=\"https:\/\/analyse.optim.biz\/wp-content\/uploads\/2025\/12\/unsure-58.gif\" alt=\":sigh:\" class=\"smile\" title=\"unsure-58\"><\/div>\n<\/div>\n<\/div>\n<div class=\"text-center\">\n<p>DISCLAIMER<\/p>\n<p>Atentie! Postati pe propria raspundere!<br \/> Inainte de a posta, cititi aici regulamentul: <a href=\"https:\/\/www.luju.ro\/termeni-legali-si-conditii\" title=\"Termeni legali si conditii\">Termeni legali si Conditii<\/a><\/p>\n<\/div>\n<\/section>\n<\/article>\n<p> Source URL: https:\/\/www.luju.ro\/noua-inalta-curte-avocatul-adrian-toni-neacsu-explica-decizia-iccj-de-incetare-a-procesului-penal-si-de-eliberare-a-lui-sebastian-vladescu-si-ionut-costea-noua-instanta-suprema-inlatura-in-mod-programatic-si-coerent-erorile-de-judecata-datorate-abuzurilor<\/p>\n","protected":false},"excerpt":{"rendered":"<p>NOUA INALTA CURTE \u2013 Avocatul Adrian Toni Neacsu explica decizia ICCJ de incetare a procesului penal si de eliberare a lui Sebastian Vladescu si Ionut Costea: \u201c(Noua) instanta suprema inlatura in mod programatic si coerent erorile de judecata datorate abuzurilor politice din anii de teroare judiciara&#8230; ICCJ a constatat ca alti judecatori, in vremurile in [&hellip;]<\/p>\n","protected":false},"author":1,"featured_media":785753,"comment_status":"open","ping_status":"","sticky":false,"template":"","format":"standard","meta":{"footnotes":""},"categories":[89],"tags":[114],"class_list":["post-785752","post","type-post","status-publish","format-standard","has-post-thumbnail","hentry","category-romania","tag-luju-ro"],"_links":{"self":[{"href":"https:\/\/analyse.optim.biz\/index.php?rest_route=\/wp\/v2\/posts\/785752","targetHints":{"allow":["GET"]}}],"collection":[{"href":"https:\/\/analyse.optim.biz\/index.php?rest_route=\/wp\/v2\/posts"}],"about":[{"href":"https:\/\/analyse.optim.biz\/index.php?rest_route=\/wp\/v2\/types\/post"}],"author":[{"embeddable":true,"href":"https:\/\/analyse.optim.biz\/index.php?rest_route=\/wp\/v2\/users\/1"}],"replies":[{"embeddable":true,"href":"https:\/\/analyse.optim.biz\/index.php?rest_route=%2Fwp%2Fv2%2Fcomments&post=785752"}],"version-history":[{"count":0,"href":"https:\/\/analyse.optim.biz\/index.php?rest_route=\/wp\/v2\/posts\/785752\/revisions"}],"wp:featuredmedia":[{"embeddable":true,"href":"https:\/\/analyse.optim.biz\/index.php?rest_route=\/wp\/v2\/media\/785753"}],"wp:attachment":[{"href":"https:\/\/analyse.optim.biz\/index.php?rest_route=%2Fwp%2Fv2%2Fmedia&parent=785752"}],"wp:term":[{"taxonomy":"category","embeddable":true,"href":"https:\/\/analyse.optim.biz\/index.php?rest_route=%2Fwp%2Fv2%2Fcategories&post=785752"},{"taxonomy":"post_tag","embeddable":true,"href":"https:\/\/analyse.optim.biz\/index.php?rest_route=%2Fwp%2Fv2%2Ftags&post=785752"}],"curies":[{"name":"wp","href":"https:\/\/api.w.org\/{rel}","templated":true}]}}